{"id":1221,"date":"2023-08-14T12:47:00","date_gmt":"2023-08-14T15:47:00","guid":{"rendered":"https:\/\/portal.pi.gov.br\/detran\/?p=1221"},"modified":"2023-09-11T13:09:27","modified_gmt":"2023-09-11T16:09:27","slug":"alerta-caminhoes-basculantes-sem-certificado-de-seguranca-podem-ser-apreendidos","status":"publish","type":"post","link":"https:\/\/portal.pi.gov.br\/detran\/alerta-caminhoes-basculantes-sem-certificado-de-seguranca-podem-ser-apreendidos\/","title":{"rendered":"Alerta: Caminh\u00f5es basculantes sem certificado de seguran\u00e7a podem ser apreendidos"},"content":{"rendered":"\n<p>A Resolu\u00e7\u00e3o N\u00ba 859 do C\u00f3digo Nacional de Tr\u00e2nsito (Contran) exige que caminh\u00e3o com carroceria do tipo basculante (ca\u00e7amba) e caminh\u00e3o-trator destinados a movimenta\u00e7\u00e3o e opera\u00e7\u00e3o de ve\u00edculos rebocados com placa de n\u00famero final \u00edmpar apresentem o Certificado de Seguran\u00e7a Veicular (CSV) para realizar o licenciamento 2023. Em 2024, a regra tamb\u00e9m ser\u00e1 aplicada aos ve\u00edculos que possuem placa com d\u00edgito final par.<\/p>\n\n\n<div class=\"wp-block-image\">\n<figure class=\"aligncenter size-large\"><img decoding=\"async\" loading=\"lazy\" width=\"1024\" height=\"768\" src=\"https:\/\/portal.pi.gov.br\/detran\/wp-content\/uploads\/sites\/62\/2023\/09\/9b945b5a93c72211931871df6ab8be28-1024x768.jpg\" alt=\"\" class=\"wp-image-1222\" srcset=\"https:\/\/portal.pi.gov.br\/detran\/wp-content\/uploads\/sites\/62\/2023\/09\/9b945b5a93c72211931871df6ab8be28-1024x768.jpg 1024w, https:\/\/portal.pi.gov.br\/detran\/wp-content\/uploads\/sites\/62\/2023\/09\/9b945b5a93c72211931871df6ab8be28-300x225.jpg 300w, https:\/\/portal.pi.gov.br\/detran\/wp-content\/uploads\/sites\/62\/2023\/09\/9b945b5a93c72211931871df6ab8be28-768x576.jpg 768w, https:\/\/portal.pi.gov.br\/detran\/wp-content\/uploads\/sites\/62\/2023\/09\/9b945b5a93c72211931871df6ab8be28-420x315.jpg 420w, https:\/\/portal.pi.gov.br\/detran\/wp-content\/uploads\/sites\/62\/2023\/09\/9b945b5a93c72211931871df6ab8be28-540x405.jpg 540w, https:\/\/portal.pi.gov.br\/detran\/wp-content\/uploads\/sites\/62\/2023\/09\/9b945b5a93c72211931871df6ab8be28-780x585.jpg 780w, https:\/\/portal.pi.gov.br\/detran\/wp-content\/uploads\/sites\/62\/2023\/09\/9b945b5a93c72211931871df6ab8be28-947x710.jpg 947w, https:\/\/portal.pi.gov.br\/detran\/wp-content\/uploads\/sites\/62\/2023\/09\/9b945b5a93c72211931871df6ab8be28-624x468.jpg 624w, https:\/\/portal.pi.gov.br\/detran\/wp-content\/uploads\/sites\/62\/2023\/09\/9b945b5a93c72211931871df6ab8be28.jpg 1200w\" sizes=\"(max-width: 1024px) 100vw, 1024px\" \/><\/figure><\/div>\n\n\n<p>O Departamento Estadual de Tr\u00e2nsito do Piau\u00ed (Detran-PI) destaca que os ve\u00edculos enquadrados na Resolu\u00e7\u00e3o que fogem \u00e0 regulamenta\u00e7\u00e3o est\u00e3o sujeitos a apreens\u00e3o pelos \u00f3rg\u00e3os respons\u00e1veis pela fiscaliza\u00e7\u00e3o. Em vigor desde maio deste ano, a medida tem o objetivo de garantir que o tipo de transporte esteja devidamente habilitado como basculante com o Certificado de Registro e Licenciamento do Ve\u00edculo (CRLV) e com dispositivo de seguran\u00e7a sonoro e visual.<\/p>\n\n\n\n<p>\u201cA habilita\u00e7\u00e3o do sinal sonoro, para eleva\u00e7\u00e3o da carroceria de ca\u00e7ambas, por exemplo, \u00e9 uma medida de seguran\u00e7a que visa a prote\u00e7\u00e3o do condutor, pedestre e demais ve\u00edculos. Portanto, a regulariza\u00e7\u00e3o desse tipo de ve\u00edculo, com a devida vistoria, garante ao cidad\u00e3o a permiss\u00e3o para trafegar\u201d, destaca a Diretora-geral do Detran-PI, Luana Barradas.<\/p>\n\n\n\n<p><strong>Para tanto, a Coordena\u00e7\u00e3o de RENAVAM do Detran Piau\u00ed destaca o passo a passo para a emiss\u00e3o do documento. Confira abaixo:<\/strong><\/p>\n\n\n\n<p>O propriet\u00e1rio ter\u00e1 que requerer ao DETRAN a pr\u00e9via autoriza\u00e7\u00e3o para Inclus\u00e3o do Dispositivo de Seguran\u00e7a, conforme Artigo 98-CTB. Anexar ao requerimento: C\u00f3pia do CRV\/CRLVe e documento pessoal (RG ou CNH).<\/p>\n\n\n\n<p>Este procedimento \u00e9 realizado na sede do DETRAN, mas os propriet\u00e1rios podem fazer o requerimento nas Ciretrans ou Postos de atendimento do \u00f3rg\u00e3o.<\/p>\n\n\n\n<p>O servi\u00e7o \u00e9 autorizado em no m\u00e1ximo 48 horas. Com a autoriza\u00e7\u00e3o, o propriet\u00e1rio tem o prazo de 60 dias para levar o ve\u00edculo ao Instituto T\u00e9cnico de Licenciamento (ITL), onde receber\u00e1 o CSV &#8211; Certificado de Seguran\u00e7a Veicular.<\/p>\n\n\n\n<p><strong>Obs: S\u00f3 ser\u00e1 efetuada pelo DETRAN-PI a pr\u00e9via autoriza\u00e7\u00e3o de ve\u00edculos cuja Unidade Federal (UF) \u00e9 PI.<\/strong><\/p>\n\n\n\n<p>Ap\u00f3s a emiss\u00e3o do CSV, o propriet\u00e1rio do ve\u00edculo ter\u00e1 que retornar ao DETRAN para dar entrada no processo e receber o Certificado de Registro e Licenciamento, com as informa\u00e7\u00f5es \u201cSISTEMA DE BASCULAMENTO\u201d acompanhado do n\u00famero do CSV.<\/p>\n","protected":false},"excerpt":{"rendered":"<p>A Resolu\u00e7\u00e3o N\u00ba 859 do C\u00f3digo Nacional de Tr\u00e2nsito (Contran) exige que caminh\u00e3o com carroceria do tipo basculante (ca\u00e7amba) e caminh\u00e3o-trator destinados a movimenta\u00e7\u00e3o e opera\u00e7\u00e3o de ve\u00edculos rebocados com [&hellip;]<\/p>\n","protected":false},"author":1732,"featured_media":1222,"comment_status":"closed","ping_status":"closed","sticky":false,"template":"","format":"standard","meta":[],"categories":[41],"tags":[],"featured_image_urls":{"full":["https:\/\/portal.pi.gov.br\/detran\/wp-content\/uploads\/sites\/62\/2023\/09\/9b945b5a93c72211931871df6ab8be28.jpg",1200,900,false],"thumbnail":["https:\/\/portal.pi.gov.br\/detran\/wp-content\/uploads\/sites\/62\/2023\/09\/9b945b5a93c72211931871df6ab8be28-150x150.jpg",150,150,true],"medium":["https:\/\/portal.pi.gov.br\/detran\/wp-content\/uploads\/sites\/62\/2023\/09\/9b945b5a93c72211931871df6ab8be28-300x225.jpg",300,225,true],"medium_large":["https:\/\/portal.pi.gov.br\/detran\/wp-content\/uploads\/sites\/62\/2023\/09\/9b945b5a93c72211931871df6ab8be28-768x576.jpg",768,576,true],"large":["https:\/\/portal.pi.gov.br\/detran\/wp-content\/uploads\/sites\/62\/2023\/09\/9b945b5a93c72211931871df6ab8be28-1024x768.jpg",887,665,true],"sgg-420":["https:\/\/portal.pi.gov.br\/detran\/wp-content\/uploads\/sites\/62\/2023\/09\/9b945b5a93c72211931871df6ab8be28-420x315.jpg",420,315,true],"sgg-540":["https:\/\/portal.pi.gov.br\/detran\/wp-content\/uploads\/sites\/62\/2023\/09\/9b945b5a93c72211931871df6ab8be28-540x405.jpg",540,405,true],"sgg-780":["https:\/\/portal.pi.gov.br\/detran\/wp-content\/uploads\/sites\/62\/2023\/09\/9b945b5a93c72211931871df6ab8be28-780x585.jpg",780,585,true],"1536x1536":["https:\/\/portal.pi.gov.br\/detran\/wp-content\/uploads\/sites\/62\/2023\/09\/9b945b5a93c72211931871df6ab8be28.jpg",1200,900,false],"2048x2048":["https:\/\/portal.pi.gov.br\/detran\/wp-content\/uploads\/sites\/62\/2023\/09\/9b945b5a93c72211931871df6ab8be28.jpg",1200,900,false],"homepage-slider":["https:\/\/portal.pi.gov.br\/detran\/wp-content\/uploads\/sites\/62\/2023\/09\/9b945b5a93c72211931871df6ab8be28-1200x500.jpg",1200,500,true],"homepage-slider-small":["https:\/\/portal.pi.gov.br\/detran\/wp-content\/uploads\/sites\/62\/2023\/09\/9b945b5a93c72211931871df6ab8be28-947x500.jpg",947,500,true],"page-top":["https:\/\/portal.pi.gov.br\/detran\/wp-content\/uploads\/sites\/62\/2023\/09\/9b945b5a93c72211931871df6ab8be28-947x710.jpg",947,710,true],"page-small":["https:\/\/portal.pi.gov.br\/detran\/wp-content\/uploads\/sites\/62\/2023\/09\/9b945b5a93c72211931871df6ab8be28-624x468.jpg",624,468,true],"loop-main":["https:\/\/portal.pi.gov.br\/detran\/wp-content\/uploads\/sites\/62\/2023\/09\/9b945b5a93c72211931871df6ab8be28-365x240.jpg",365,240,true],"thumb-gallery-widget":["https:\/\/portal.pi.gov.br\/detran\/wp-content\/uploads\/sites\/62\/2023\/09\/9b945b5a93c72211931871df6ab8be28-84x56.jpg",84,56,true]},"post_excerpt_stackable":"<p>A Resolu\u00e7\u00e3o N\u00ba 859 do C\u00f3digo Nacional de Tr\u00e2nsito (Contran) exige que caminh\u00e3o com carroceria do tipo basculante (ca\u00e7amba) e caminh\u00e3o-trator destinados a movimenta\u00e7\u00e3o e opera\u00e7\u00e3o de ve\u00edculos rebocados com placa de n\u00famero final \u00edmpar apresentem o Certificado de Seguran\u00e7a Veicular (CSV) para realizar o licenciamento 2023. Em 2024, a regra tamb\u00e9m ser\u00e1 aplicada aos ve\u00edculos que possuem placa com d\u00edgito final par. O Departamento Estadual de Tr\u00e2nsito do Piau\u00ed (Detran-PI) destaca que os ve\u00edculos enquadrados na Resolu\u00e7\u00e3o que fogem \u00e0 regulamenta\u00e7\u00e3o est\u00e3o sujeitos a apreens\u00e3o pelos \u00f3rg\u00e3os respons\u00e1veis pela fiscaliza\u00e7\u00e3o. Em vigor desde maio deste ano, a medida tem&hellip;<\/p>\n","category_list":"<a href=\"https:\/\/portal.pi.gov.br\/detran\/category\/noticias\/\" rel=\"category tag\">Not\u00edcias<\/a>","author_info":{"name":"matheussouza","url":"https:\/\/portal.pi.gov.br\/detran\/author\/matheussouza\/"},"comments_num":"0 coment\u00e1rio","featured_image_urls_v2":{"full":["https:\/\/portal.pi.gov.br\/detran\/wp-content\/uploads\/sites\/62\/2023\/09\/9b945b5a93c72211931871df6ab8be28.jpg",1200,900,false],"thumbnail":["https:\/\/portal.pi.gov.br\/detran\/wp-content\/uploads\/sites\/62\/2023\/09\/9b945b5a93c72211931871df6ab8be28-150x150.jpg",150,150,true],"medium":["https:\/\/portal.pi.gov.br\/detran\/wp-content\/uploads\/sites\/62\/2023\/09\/9b945b5a93c72211931871df6ab8be28-300x225.jpg",300,225,true],"medium_large":["https:\/\/portal.pi.gov.br\/detran\/wp-content\/uploads\/sites\/62\/2023\/09\/9b945b5a93c72211931871df6ab8be28-768x576.jpg",768,576,true],"large":["https:\/\/portal.pi.gov.br\/detran\/wp-content\/uploads\/sites\/62\/2023\/09\/9b945b5a93c72211931871df6ab8be28-1024x768.jpg",887,665,true],"sgg-420":["https:\/\/portal.pi.gov.br\/detran\/wp-content\/uploads\/sites\/62\/2023\/09\/9b945b5a93c72211931871df6ab8be28-420x315.jpg",420,315,true],"sgg-540":["https:\/\/portal.pi.gov.br\/detran\/wp-content\/uploads\/sites\/62\/2023\/09\/9b945b5a93c72211931871df6ab8be28-540x405.jpg",540,405,true],"sgg-780":["https:\/\/portal.pi.gov.br\/detran\/wp-content\/uploads\/sites\/62\/2023\/09\/9b945b5a93c72211931871df6ab8be28-780x585.jpg",780,585,true],"1536x1536":["https:\/\/portal.pi.gov.br\/detran\/wp-content\/uploads\/sites\/62\/2023\/09\/9b945b5a93c72211931871df6ab8be28.jpg",1200,900,false],"2048x2048":["https:\/\/portal.pi.gov.br\/detran\/wp-content\/uploads\/sites\/62\/2023\/09\/9b945b5a93c72211931871df6ab8be28.jpg",1200,900,false],"homepage-slider":["https:\/\/portal.pi.gov.br\/detran\/wp-content\/uploads\/sites\/62\/2023\/09\/9b945b5a93c72211931871df6ab8be28-1200x500.jpg",1200,500,true],"homepage-slider-small":["https:\/\/portal.pi.gov.br\/detran\/wp-content\/uploads\/sites\/62\/2023\/09\/9b945b5a93c72211931871df6ab8be28-947x500.jpg",947,500,true],"page-top":["https:\/\/portal.pi.gov.br\/detran\/wp-content\/uploads\/sites\/62\/2023\/09\/9b945b5a93c72211931871df6ab8be28-947x710.jpg",947,710,true],"page-small":["https:\/\/portal.pi.gov.br\/detran\/wp-content\/uploads\/sites\/62\/2023\/09\/9b945b5a93c72211931871df6ab8be28-624x468.jpg",624,468,true],"loop-main":["https:\/\/portal.pi.gov.br\/detran\/wp-content\/uploads\/sites\/62\/2023\/09\/9b945b5a93c72211931871df6ab8be28-365x240.jpg",365,240,true],"thumb-gallery-widget":["https:\/\/portal.pi.gov.br\/detran\/wp-content\/uploads\/sites\/62\/2023\/09\/9b945b5a93c72211931871df6ab8be28-84x56.jpg",84,56,true]},"post_excerpt_stackable_v2":"<p>A Resolu\u00e7\u00e3o N\u00ba 859 do C\u00f3digo Nacional de Tr\u00e2nsito (Contran) exige que caminh\u00e3o com carroceria do tipo basculante (ca\u00e7amba) e caminh\u00e3o-trator destinados a movimenta\u00e7\u00e3o e opera\u00e7\u00e3o de ve\u00edculos rebocados com placa de n\u00famero final \u00edmpar apresentem o Certificado de Seguran\u00e7a Veicular (CSV) para realizar o licenciamento 2023. Em 2024, a regra tamb\u00e9m ser\u00e1 aplicada aos ve\u00edculos que possuem placa com d\u00edgito final par. O Departamento Estadual de Tr\u00e2nsito do Piau\u00ed (Detran-PI) destaca que os ve\u00edculos enquadrados na Resolu\u00e7\u00e3o que fogem \u00e0 regulamenta\u00e7\u00e3o est\u00e3o sujeitos a apreens\u00e3o pelos \u00f3rg\u00e3os respons\u00e1veis pela fiscaliza\u00e7\u00e3o. Em vigor desde maio deste ano, a medida tem&hellip;<\/p>\n","category_list_v2":"<a href=\"https:\/\/portal.pi.gov.br\/detran\/category\/noticias\/\" rel=\"category tag\">Not\u00edcias<\/a>","author_info_v2":{"name":"matheussouza","url":"https:\/\/portal.pi.gov.br\/detran\/author\/matheussouza\/"},"comments_num_v2":"0 coment\u00e1rio","jetpack_featured_media_url":"https:\/\/portal.pi.gov.br\/detran\/wp-content\/uploads\/sites\/62\/2023\/09\/9b945b5a93c72211931871df6ab8be28.jpg","_links":{"self":[{"href":"https:\/\/portal.pi.gov.br\/detran\/wp-json\/wp\/v2\/posts\/1221"}],"collection":[{"href":"https:\/\/portal.pi.gov.br\/detran\/wp-json\/wp\/v2\/posts"}],"about":[{"href":"https:\/\/portal.pi.gov.br\/detran\/wp-json\/wp\/v2\/types\/post"}],"author":[{"embeddable":true,"href":"https:\/\/portal.pi.gov.br\/detran\/wp-json\/wp\/v2\/users\/1732"}],"replies":[{"embeddable":true,"href":"https:\/\/portal.pi.gov.br\/detran\/wp-json\/wp\/v2\/comments?post=1221"}],"version-history":[{"count":3,"href":"https:\/\/portal.pi.gov.br\/detran\/wp-json\/wp\/v2\/posts\/1221\/revisions"}],"predecessor-version":[{"id":1225,"href":"https:\/\/portal.pi.gov.br\/detran\/wp-json\/wp\/v2\/posts\/1221\/revisions\/1225"}],"wp:featuredmedia":[{"embeddable":true,"href":"https:\/\/portal.pi.gov.br\/detran\/wp-json\/wp\/v2\/media\/1222"}],"wp:attachment":[{"href":"https:\/\/portal.pi.gov.br\/detran\/wp-json\/wp\/v2\/media?parent=1221"}],"wp:term":[{"taxonomy":"category","embeddable":true,"href":"https:\/\/portal.pi.gov.br\/detran\/wp-json\/wp\/v2\/categories?post=1221"},{"taxonomy":"post_tag","embeddable":true,"href":"https:\/\/portal.pi.gov.br\/detran\/wp-json\/wp\/v2\/tags?post=1221"}],"curies":[{"name":"wp","href":"https:\/\/api.w.org\/{rel}","templated":true}]}}