{"id":1232,"date":"2023-09-18T11:26:31","date_gmt":"2023-09-18T14:26:31","guid":{"rendered":"https:\/\/portal.pi.gov.br\/detran\/?p=1232"},"modified":"2023-09-18T11:26:32","modified_gmt":"2023-09-18T14:26:32","slug":"programacao-da-semana-do-transito-do-piaui-promove-educacao-e-consciencia","status":"publish","type":"post","link":"https:\/\/portal.pi.gov.br\/detran\/programacao-da-semana-do-transito-do-piaui-promove-educacao-e-consciencia\/","title":{"rendered":"Programa\u00e7\u00e3o da Semana do Tr\u00e2nsito do Piau\u00ed promove educa\u00e7\u00e3o e consci\u00eancia"},"content":{"rendered":"\n<p><\/p>\n\n\n\n<p>A I Semana de Tr\u00e2nsito do Piau\u00ed \u00e9 um marco na conscientiza\u00e7\u00e3o sobre a seguran\u00e7a no tr\u00e2nsito. O evento, que ocorre de 19 a 24 de setembro, \u00e9 patrocinado pelo Departamento Estadual de Tr\u00e2nsito, Detran-PI, com o apoio do Governo do Estado, e trar\u00e1 uma programa\u00e7\u00e3o repleta de atividades para p\u00fablicos de todas as idades. Destacando a import\u00e2ncia da educa\u00e7\u00e3o no tr\u00e2nsito, a programa\u00e7\u00e3o inclui palestras direcionadas a motoristas, entregadores, motociclistas e pedestres, visando promover a responsabilidade e seguran\u00e7a ao trafegar.<\/p>\n\n\n<div class=\"wp-block-image\">\n<figure class=\"aligncenter size-large\"><img decoding=\"async\" loading=\"lazy\" width=\"1024\" height=\"683\" src=\"https:\/\/portal.pi.gov.br\/detran\/wp-content\/uploads\/sites\/62\/2023\/09\/programacao-semana-nacional-de-transito-2023-1024x683.jpg\" alt=\"\" class=\"wp-image-1233\" srcset=\"https:\/\/portal.pi.gov.br\/detran\/wp-content\/uploads\/sites\/62\/2023\/09\/programacao-semana-nacional-de-transito-2023-1024x683.jpg 1024w, https:\/\/portal.pi.gov.br\/detran\/wp-content\/uploads\/sites\/62\/2023\/09\/programacao-semana-nacional-de-transito-2023-300x200.jpg 300w, https:\/\/portal.pi.gov.br\/detran\/wp-content\/uploads\/sites\/62\/2023\/09\/programacao-semana-nacional-de-transito-2023-768x512.jpg 768w, https:\/\/portal.pi.gov.br\/detran\/wp-content\/uploads\/sites\/62\/2023\/09\/programacao-semana-nacional-de-transito-2023-420x280.jpg 420w, https:\/\/portal.pi.gov.br\/detran\/wp-content\/uploads\/sites\/62\/2023\/09\/programacao-semana-nacional-de-transito-2023-540x360.jpg 540w, https:\/\/portal.pi.gov.br\/detran\/wp-content\/uploads\/sites\/62\/2023\/09\/programacao-semana-nacional-de-transito-2023-780x520.jpg 780w, https:\/\/portal.pi.gov.br\/detran\/wp-content\/uploads\/sites\/62\/2023\/09\/programacao-semana-nacional-de-transito-2023-1536x1024.jpg 1536w, https:\/\/portal.pi.gov.br\/detran\/wp-content\/uploads\/sites\/62\/2023\/09\/programacao-semana-nacional-de-transito-2023-947x631.jpg 947w, https:\/\/portal.pi.gov.br\/detran\/wp-content\/uploads\/sites\/62\/2023\/09\/programacao-semana-nacional-de-transito-2023-624x416.jpg 624w, https:\/\/portal.pi.gov.br\/detran\/wp-content\/uploads\/sites\/62\/2023\/09\/programacao-semana-nacional-de-transito-2023-84x56.jpg 84w, https:\/\/portal.pi.gov.br\/detran\/wp-content\/uploads\/sites\/62\/2023\/09\/programacao-semana-nacional-de-transito-2023.jpg 2048w\" sizes=\"(max-width: 1024px) 100vw, 1024px\" \/><\/figure><\/div>\n\n\n<p>Al\u00e9m disso, haver\u00e1 atividades envolvendo escolas p\u00fablicas, jogos e din\u00e2micas para crian\u00e7as, consolidando a conscientiza\u00e7\u00e3o desde cedo. Um passeio cicl\u00edstico na Avenida Raul Lopes promete ser o ponto alto do evento. Com esta programa\u00e7\u00e3o diversificada, a Semana de Tr\u00e2nsito do Piau\u00ed busca promover uma cultura de respeito \u00e0s normas e \u00e0 vida no tr\u00e2nsito, contribuindo para um ambiente mais seguro para todos os cidad\u00e3os.<\/p>\n\n\n\n<p>TER\u00c7A-FEIRA (19\/09) \u2013 \u00e0s 08h<\/p>\n\n\n\n<p><strong>Abertura oficial<\/strong><\/p>\n\n\n\n<p><strong>Local<\/strong>: Audit\u00f3rio da Escola Piauiense de Tr\u00e2nsito \u2013 Detran\/PI<\/p>\n\n\n\n<p><strong>PALESTRA: DIRE\u00c7\u00c3O DEFENSIVA<\/strong><\/p>\n\n\n\n<p>Com Oneide Santos \u2013 T\u00e9cnica em psicologia do trabalho. Especialista em Educa\u00e7\u00e3o de Tr\u00e2nsito.<\/p>\n\n\n\n<p><strong>PALESTRA: EDUCA\u00c7\u00c3O E CIDADANIA NO TR\u00c2NSITO<\/strong><\/p>\n\n\n\n<p>Com Creso Reis Nunes Filho \u2013 Educador de tr\u00e2nsito. Especialista em Fisioterapia traumatol\u00f3gica.<\/p>\n\n\n\n<p><strong>PALESTRA: MORTALIDADE NO TR\u00c2NSITO NO PIAU\u00cd<\/strong><\/p>\n\n\n\n<p>Com Prof. Dr. M\u00e1rcio Mascarenhas \u2013 Docente do Departamento de Medicina Comunit\u00e1ria (UFPI), Pesquisador do CIATEN.<\/p>\n\n\n\n<p><strong>PALESTRA: MORTALIDADE NO TR\u00c2NSITO NO PIAU\u00cd<\/strong><\/p>\n\n\n\n<p>Com Profa. Dra. Malvina Tha\u00eds Pacheco \u2013 Enfermeira, professora titular do CTT\/UFPI. Pesquisadora do Ciaten.<\/p>\n\n\n\n<p>TER\u00c7A-FEIRA (19\/09) A DOMINGO (24\/09) \u2013 das 10h \u00e0s 21h<\/p>\n\n\n\n<p><strong>Arena infantil educativa de tr\u00e2nsito<\/strong><\/p>\n\n\n\n<p><strong>Local<\/strong>: Pra\u00e7a de Alimenta\u00e7\u00e3o no Shopping Rio Poty.<\/p>\n\n\n\n<p>QUARTA-FEIRA (20\/09) \u2013 \u00e0s 08h<\/p>\n\n\n\n<p><strong>Escolinha de tr\u00e2nsito<\/strong><\/p>\n\n\n\n<p><strong>Local<\/strong>: Escola CMEI Valqu\u00edria Ferraz Sousa (Zona Sul).<\/p>\n\n\n\n<p>QUINTA-FEIRA (21\/09) \u2013 \u00e0s 08h<\/p>\n\n\n\n<p><strong>Escolinha de tr\u00e2nsito<\/strong><\/p>\n\n\n\n<p><strong>Local<\/strong>: Escola CMEI Francisco De Assis (Zona Norte).<\/p>\n\n\n\n<p>SEXTA-FEIRA (22\/09) \u2013 \u00e0s 08h<\/p>\n\n\n\n<p><strong>A\u00e7\u00e3o educativa e entrega de Kits Higi\u00eanicos<\/strong><\/p>\n\n\n\n<p><strong>Para caminhoneiros em Picos\/PI<\/strong>.<\/p>\n\n\n\n<p>DOMINGO (24\/09) \u2013 \u00e0s 06h<\/p>\n\n\n\n<p><strong>Passeio cicl\u00edstico<\/strong>&nbsp;\u2013 \u00e0s 06h<\/p>\n\n\n\n<p><strong>Local<\/strong>: Largada no Parque Potycabana.<\/p>\n\n\n\n<p><strong>Exposi\u00e7\u00e3o com Artes Visuais<\/strong>&nbsp;\u2013 07h \u00e0s 10h<\/p>\n\n\n\n<p><strong>T\u00edtulo<\/strong>: \u201cDoce Mem\u00f3ria Perdida\u201d Por F\u00e1bio Solon<\/p>\n\n\n\n<p><strong>Local<\/strong>: Parque Potycabana.<\/p>\n\n\n\n<p><strong>INSCRI\u00c7\u00d5ES PALESTRAS DA I SEMANA DE TR\u00c2NSITO<\/strong><\/p>\n\n\n\n<p>As palestras da I Semana de Tr\u00e2nsito do Piau\u00ed ocorrem nesta ter\u00e7a-feira, 19, a partir das 8h, na Escola de Tr\u00e2nsito Piauiense, ao lado do Detran-PI. Para se inscrever e ganhar certificado de participa\u00e7\u00e3o, acesse o site abaixo. A participa\u00e7\u00e3o \u00e9 gratuita.<\/p>\n\n\n\n<figure class=\"wp-block-embed\"><div class=\"wp-block-embed__wrapper\">\nhttps:\/\/www.sympla.com.br\/semana-do-transito\u2014no-transito-escolha-a-vida__2155679\n<\/div><\/figure>\n\n\n\n<p><strong>INSCRI\u00c7\u00d5ES PASSEIO CICL\u00cdSTICO DA I SEMANA DE TR\u00c2NSITO<\/strong><\/p>\n\n\n\n<p>A I Semana de Tr\u00e2nsito do Piau\u00ed contar\u00e1 com um super passeio cicl\u00edstico. O evento ocorre no domingo, 24, \u00e0s 6h, com largada no Parque Potycabana. As inscri\u00e7\u00f5es j\u00e1 est\u00e3o abertas no site abaixo e podem ser realizadas gratuitamente. N\u00e3o perca a chance de concorrer a uma bicicleta e outros pr\u00eamios.<\/p>\n\n\n\n<figure class=\"wp-block-embed\"><div class=\"wp-block-embed__wrapper\">\nhttps:\/\/www.sympla.com.br\/ciclismo-pela-vida\u2014semana-do-transito-em-teresina__2155718\n<\/div><\/figure>\n","protected":false},"excerpt":{"rendered":"<p>A I Semana de Tr\u00e2nsito do Piau\u00ed \u00e9 um marco na conscientiza\u00e7\u00e3o sobre a seguran\u00e7a no tr\u00e2nsito. O evento, que ocorre de 19 a 24 de setembro, \u00e9 patrocinado pelo [&hellip;]<\/p>\n","protected":false},"author":1732,"featured_media":1233,"comment_status":"closed","ping_status":"closed","sticky":false,"template":"","format":"standard","meta":[],"categories":[41],"tags":[],"featured_image_urls":{"full":["https:\/\/portal.pi.gov.br\/detran\/wp-content\/uploads\/sites\/62\/2023\/09\/programacao-semana-nacional-de-transito-2023.jpg",2048,1365,false],"thumbnail":["https:\/\/portal.pi.gov.br\/detran\/wp-content\/uploads\/sites\/62\/2023\/09\/programacao-semana-nacional-de-transito-2023-150x150.jpg",150,150,true],"medium":["https:\/\/portal.pi.gov.br\/detran\/wp-content\/uploads\/sites\/62\/2023\/09\/programacao-semana-nacional-de-transito-2023-300x200.jpg",300,200,true],"medium_large":["https:\/\/portal.pi.gov.br\/detran\/wp-content\/uploads\/sites\/62\/2023\/09\/programacao-semana-nacional-de-transito-2023-768x512.jpg",768,512,true],"large":["https:\/\/portal.pi.gov.br\/detran\/wp-content\/uploads\/sites\/62\/2023\/09\/programacao-semana-nacional-de-transito-2023-1024x683.jpg",887,592,true],"sgg-420":["https:\/\/portal.pi.gov.br\/detran\/wp-content\/uploads\/sites\/62\/2023\/09\/programacao-semana-nacional-de-transito-2023-420x280.jpg",420,280,true],"sgg-540":["https:\/\/portal.pi.gov.br\/detran\/wp-content\/uploads\/sites\/62\/2023\/09\/programacao-semana-nacional-de-transito-2023-540x360.jpg",540,360,true],"sgg-780":["https:\/\/portal.pi.gov.br\/detran\/wp-content\/uploads\/sites\/62\/2023\/09\/programacao-semana-nacional-de-transito-2023-780x520.jpg",780,520,true],"1536x1536":["https:\/\/portal.pi.gov.br\/detran\/wp-content\/uploads\/sites\/62\/2023\/09\/programacao-semana-nacional-de-transito-2023-1536x1024.jpg",1536,1024,true],"2048x2048":["https:\/\/portal.pi.gov.br\/detran\/wp-content\/uploads\/sites\/62\/2023\/09\/programacao-semana-nacional-de-transito-2023.jpg",2048,1365,false],"homepage-slider":["https:\/\/portal.pi.gov.br\/detran\/wp-content\/uploads\/sites\/62\/2023\/09\/programacao-semana-nacional-de-transito-2023-1270x500.jpg",1270,500,true],"homepage-slider-small":["https:\/\/portal.pi.gov.br\/detran\/wp-content\/uploads\/sites\/62\/2023\/09\/programacao-semana-nacional-de-transito-2023-947x500.jpg",947,500,true],"page-top":["https:\/\/portal.pi.gov.br\/detran\/wp-content\/uploads\/sites\/62\/2023\/09\/programacao-semana-nacional-de-transito-2023-947x631.jpg",947,631,true],"page-small":["https:\/\/portal.pi.gov.br\/detran\/wp-content\/uploads\/sites\/62\/2023\/09\/programacao-semana-nacional-de-transito-2023-624x416.jpg",624,416,true],"loop-main":["https:\/\/portal.pi.gov.br\/detran\/wp-content\/uploads\/sites\/62\/2023\/09\/programacao-semana-nacional-de-transito-2023-365x240.jpg",365,240,true],"thumb-gallery-widget":["https:\/\/portal.pi.gov.br\/detran\/wp-content\/uploads\/sites\/62\/2023\/09\/programacao-semana-nacional-de-transito-2023-84x56.jpg",84,56,true]},"post_excerpt_stackable":"<p>A I Semana de Tr\u00e2nsito do Piau\u00ed \u00e9 um marco na conscientiza\u00e7\u00e3o sobre a seguran\u00e7a no tr\u00e2nsito. O evento, que ocorre de 19 a 24 de setembro, \u00e9 patrocinado pelo Departamento Estadual de Tr\u00e2nsito, Detran-PI, com o apoio do Governo do Estado, e trar\u00e1 uma programa\u00e7\u00e3o repleta de atividades para p\u00fablicos de todas as idades. Destacando a import\u00e2ncia da educa\u00e7\u00e3o no tr\u00e2nsito, a programa\u00e7\u00e3o inclui palestras direcionadas a motoristas, entregadores, motociclistas e pedestres, visando promover a responsabilidade e seguran\u00e7a ao trafegar. Al\u00e9m disso, haver\u00e1 atividades envolvendo escolas p\u00fablicas, jogos e din\u00e2micas para crian\u00e7as, consolidando a conscientiza\u00e7\u00e3o desde cedo. Um passeio&hellip;<\/p>\n","category_list":"<a href=\"https:\/\/portal.pi.gov.br\/detran\/category\/noticias\/\" rel=\"category tag\">Not\u00edcias<\/a>","author_info":{"name":"matheussouza","url":"https:\/\/portal.pi.gov.br\/detran\/author\/matheussouza\/"},"comments_num":"0 coment\u00e1rio","featured_image_urls_v2":{"full":["https:\/\/portal.pi.gov.br\/detran\/wp-content\/uploads\/sites\/62\/2023\/09\/programacao-semana-nacional-de-transito-2023.jpg",2048,1365,false],"thumbnail":["https:\/\/portal.pi.gov.br\/detran\/wp-content\/uploads\/sites\/62\/2023\/09\/programacao-semana-nacional-de-transito-2023-150x150.jpg",150,150,true],"medium":["https:\/\/portal.pi.gov.br\/detran\/wp-content\/uploads\/sites\/62\/2023\/09\/programacao-semana-nacional-de-transito-2023-300x200.jpg",300,200,true],"medium_large":["https:\/\/portal.pi.gov.br\/detran\/wp-content\/uploads\/sites\/62\/2023\/09\/programacao-semana-nacional-de-transito-2023-768x512.jpg",768,512,true],"large":["https:\/\/portal.pi.gov.br\/detran\/wp-content\/uploads\/sites\/62\/2023\/09\/programacao-semana-nacional-de-transito-2023-1024x683.jpg",887,592,true],"sgg-420":["https:\/\/portal.pi.gov.br\/detran\/wp-content\/uploads\/sites\/62\/2023\/09\/programacao-semana-nacional-de-transito-2023-420x280.jpg",420,280,true],"sgg-540":["https:\/\/portal.pi.gov.br\/detran\/wp-content\/uploads\/sites\/62\/2023\/09\/programacao-semana-nacional-de-transito-2023-540x360.jpg",540,360,true],"sgg-780":["https:\/\/portal.pi.gov.br\/detran\/wp-content\/uploads\/sites\/62\/2023\/09\/programacao-semana-nacional-de-transito-2023-780x520.jpg",780,520,true],"1536x1536":["https:\/\/portal.pi.gov.br\/detran\/wp-content\/uploads\/sites\/62\/2023\/09\/programacao-semana-nacional-de-transito-2023-1536x1024.jpg",1536,1024,true],"2048x2048":["https:\/\/portal.pi.gov.br\/detran\/wp-content\/uploads\/sites\/62\/2023\/09\/programacao-semana-nacional-de-transito-2023.jpg",2048,1365,false],"homepage-slider":["https:\/\/portal.pi.gov.br\/detran\/wp-content\/uploads\/sites\/62\/2023\/09\/programacao-semana-nacional-de-transito-2023-1270x500.jpg",1270,500,true],"homepage-slider-small":["https:\/\/portal.pi.gov.br\/detran\/wp-content\/uploads\/sites\/62\/2023\/09\/programacao-semana-nacional-de-transito-2023-947x500.jpg",947,500,true],"page-top":["https:\/\/portal.pi.gov.br\/detran\/wp-content\/uploads\/sites\/62\/2023\/09\/programacao-semana-nacional-de-transito-2023-947x631.jpg",947,631,true],"page-small":["https:\/\/portal.pi.gov.br\/detran\/wp-content\/uploads\/sites\/62\/2023\/09\/programacao-semana-nacional-de-transito-2023-624x416.jpg",624,416,true],"loop-main":["https:\/\/portal.pi.gov.br\/detran\/wp-content\/uploads\/sites\/62\/2023\/09\/programacao-semana-nacional-de-transito-2023-365x240.jpg",365,240,true],"thumb-gallery-widget":["https:\/\/portal.pi.gov.br\/detran\/wp-content\/uploads\/sites\/62\/2023\/09\/programacao-semana-nacional-de-transito-2023-84x56.jpg",84,56,true]},"post_excerpt_stackable_v2":"<p>A I Semana de Tr\u00e2nsito do Piau\u00ed \u00e9 um marco na conscientiza\u00e7\u00e3o sobre a seguran\u00e7a no tr\u00e2nsito. O evento, que ocorre de 19 a 24 de setembro, \u00e9 patrocinado pelo Departamento Estadual de Tr\u00e2nsito, Detran-PI, com o apoio do Governo do Estado, e trar\u00e1 uma programa\u00e7\u00e3o repleta de atividades para p\u00fablicos de todas as idades. Destacando a import\u00e2ncia da educa\u00e7\u00e3o no tr\u00e2nsito, a programa\u00e7\u00e3o inclui palestras direcionadas a motoristas, entregadores, motociclistas e pedestres, visando promover a responsabilidade e seguran\u00e7a ao trafegar. Al\u00e9m disso, haver\u00e1 atividades envolvendo escolas p\u00fablicas, jogos e din\u00e2micas para crian\u00e7as, consolidando a conscientiza\u00e7\u00e3o desde cedo. Um passeio&hellip;<\/p>\n","category_list_v2":"<a href=\"https:\/\/portal.pi.gov.br\/detran\/category\/noticias\/\" rel=\"category tag\">Not\u00edcias<\/a>","author_info_v2":{"name":"matheussouza","url":"https:\/\/portal.pi.gov.br\/detran\/author\/matheussouza\/"},"comments_num_v2":"0 coment\u00e1rio","jetpack_featured_media_url":"https:\/\/portal.pi.gov.br\/detran\/wp-content\/uploads\/sites\/62\/2023\/09\/programacao-semana-nacional-de-transito-2023.jpg","_links":{"self":[{"href":"https:\/\/portal.pi.gov.br\/detran\/wp-json\/wp\/v2\/posts\/1232"}],"collection":[{"href":"https:\/\/portal.pi.gov.br\/detran\/wp-json\/wp\/v2\/posts"}],"about":[{"href":"https:\/\/portal.pi.gov.br\/detran\/wp-json\/wp\/v2\/types\/post"}],"author":[{"embeddable":true,"href":"https:\/\/portal.pi.gov.br\/detran\/wp-json\/wp\/v2\/users\/1732"}],"replies":[{"embeddable":true,"href":"https:\/\/portal.pi.gov.br\/detran\/wp-json\/wp\/v2\/comments?post=1232"}],"version-history":[{"count":1,"href":"https:\/\/portal.pi.gov.br\/detran\/wp-json\/wp\/v2\/posts\/1232\/revisions"}],"predecessor-version":[{"id":1234,"href":"https:\/\/portal.pi.gov.br\/detran\/wp-json\/wp\/v2\/posts\/1232\/revisions\/1234"}],"wp:featuredmedia":[{"embeddable":true,"href":"https:\/\/portal.pi.gov.br\/detran\/wp-json\/wp\/v2\/media\/1233"}],"wp:attachment":[{"href":"https:\/\/portal.pi.gov.br\/detran\/wp-json\/wp\/v2\/media?parent=1232"}],"wp:term":[{"taxonomy":"category","embeddable":true,"href":"https:\/\/portal.pi.gov.br\/detran\/wp-json\/wp\/v2\/categories?post=1232"},{"taxonomy":"post_tag","embeddable":true,"href":"https:\/\/portal.pi.gov.br\/detran\/wp-json\/wp\/v2\/tags?post=1232"}],"curies":[{"name":"wp","href":"https:\/\/api.w.org\/{rel}","templated":true}]}}