{"id":1236,"date":"2023-10-11T10:19:47","date_gmt":"2023-10-11T13:19:47","guid":{"rendered":"https:\/\/portal.pi.gov.br\/detran\/?p=1236"},"modified":"2023-10-11T10:19:48","modified_gmt":"2023-10-11T13:19:48","slug":"pacto-pela-reducao-de-mortes-no-transito-tera-acoes-estrategicas-do-detran-piaui","status":"publish","type":"post","link":"https:\/\/portal.pi.gov.br\/detran\/pacto-pela-reducao-de-mortes-no-transito-tera-acoes-estrategicas-do-detran-piaui\/","title":{"rendered":"Pacto pela redu\u00e7\u00e3o de mortes no tr\u00e2nsito ter\u00e1 a\u00e7\u00f5es estrat\u00e9gicas do Detran Piau\u00ed"},"content":{"rendered":"\n<p>O plano pactua o trabalho conjunto de diversas secretarias e \u00f3rg\u00e3os para fiscalizar e conscientizar a popula\u00e7\u00e3o.<\/p>\n\n\n\n<p>O governador Rafael Fonteles lan\u00e7ou nesta ter\u00e7a-feira (10), no sal\u00e3o azul do Pal\u00e1cio de Karnak, o Pacto pela Redu\u00e7\u00e3o de Acidentes no Tr\u00e2nsito, que consiste num trabalho em conjunto com diversas secretarias para atuar tanto na fiscaliza\u00e7\u00e3o como na preven\u00e7\u00e3o e conscientiza\u00e7\u00e3o das responsabilidades no tr\u00e2nsito.<\/p>\n\n\n\n<p>O Pacto Estadual est\u00e1 em conson\u00e2ncia com o Plano Nacional de Redu\u00e7\u00e3o de Mortes e Les\u00f5es no Tr\u00e2nsito (Pnatrans), que orienta os gestores de tr\u00e2nsito dos estados a implementarem a\u00e7\u00f5es que objetivam a redu\u00e7\u00e3o de mortes e les\u00f5es no tr\u00e2nsito, alinhados com a Nova D\u00e9cada de Seguran\u00e7a no Tr\u00e2nsito da ONU. No Piau\u00ed, o objetivo \u00e9 reduzir em at\u00e9 50% o n\u00famero de mortes no tr\u00e2nsito at\u00e9 2030.<\/p>\n\n\n<div class=\"wp-block-image\">\n<figure class=\"aligncenter size-large\"><img decoding=\"async\" loading=\"lazy\" width=\"1024\" height=\"694\" src=\"https:\/\/portal.pi.gov.br\/detran\/wp-content\/uploads\/sites\/62\/2023\/10\/WhatsApp-Image-2023-10-11-at-09.09.38-1024x694.jpeg\" alt=\"\" class=\"wp-image-1238\" srcset=\"https:\/\/portal.pi.gov.br\/detran\/wp-content\/uploads\/sites\/62\/2023\/10\/WhatsApp-Image-2023-10-11-at-09.09.38-1024x694.jpeg 1024w, https:\/\/portal.pi.gov.br\/detran\/wp-content\/uploads\/sites\/62\/2023\/10\/WhatsApp-Image-2023-10-11-at-09.09.38-300x203.jpeg 300w, https:\/\/portal.pi.gov.br\/detran\/wp-content\/uploads\/sites\/62\/2023\/10\/WhatsApp-Image-2023-10-11-at-09.09.38-768x521.jpeg 768w, https:\/\/portal.pi.gov.br\/detran\/wp-content\/uploads\/sites\/62\/2023\/10\/WhatsApp-Image-2023-10-11-at-09.09.38-420x285.jpeg 420w, https:\/\/portal.pi.gov.br\/detran\/wp-content\/uploads\/sites\/62\/2023\/10\/WhatsApp-Image-2023-10-11-at-09.09.38-540x366.jpeg 540w, https:\/\/portal.pi.gov.br\/detran\/wp-content\/uploads\/sites\/62\/2023\/10\/WhatsApp-Image-2023-10-11-at-09.09.38-780x529.jpeg 780w, https:\/\/portal.pi.gov.br\/detran\/wp-content\/uploads\/sites\/62\/2023\/10\/WhatsApp-Image-2023-10-11-at-09.09.38-947x642.jpeg 947w, https:\/\/portal.pi.gov.br\/detran\/wp-content\/uploads\/sites\/62\/2023\/10\/WhatsApp-Image-2023-10-11-at-09.09.38-624x423.jpeg 624w, https:\/\/portal.pi.gov.br\/detran\/wp-content\/uploads\/sites\/62\/2023\/10\/WhatsApp-Image-2023-10-11-at-09.09.38-84x56.jpeg 84w, https:\/\/portal.pi.gov.br\/detran\/wp-content\/uploads\/sites\/62\/2023\/10\/WhatsApp-Image-2023-10-11-at-09.09.38.jpeg 1440w\" sizes=\"(max-width: 1024px) 100vw, 1024px\" \/><\/figure><\/div>\n\n\n<p>O governador Rafael Fonteles apontou que o trabalho para a redu\u00e7\u00e3o da viol\u00eancia no tr\u00e2nsito deve ser feito em conson\u00e2ncia com diversos \u00f3rg\u00e3os e entidades para ter um efeito concreto. &nbsp;\u201cN\u00f3s perdemos mais vidas no ano passado para os acidentes de tr\u00e2nsito do que para os homic\u00eddios. \u00c9 claro que esse \u00e9 um tema que preocupa muito o poder p\u00fablico e n\u00e3o podemos ficar parados. \u00c9 uma pol\u00edtica p\u00fablica de baixo investimento, mas precisa da integra\u00e7\u00e3o de diversos \u00f3rg\u00e3os, por isso a ideia do pacto para envolver v\u00e1rias entidades, do governo ou n\u00e3o, para a gente reduzir at\u00e9 2030 a metade desses \u00edndices de morte por acidentes de tr\u00e2nsito\u201d, explicou Fonteles, que apresentou dados colocando os usu\u00e1rios de motocicletas como as principais v\u00edtimas de acidentes de tr\u00e2nsito.<\/p>\n\n\n\n<p>\u201cOs acidentes com motocicletas representam 70% dos indicadores. No ano passado, ao todo, foram 869 vidas perdidas, \u00e9 o terceiro maior \u00edndice do pa\u00eds e no caso da motocicleta \u00e9 o maior do pa\u00eds, quase o dobro da m\u00e9dia nacional. Ent\u00e3o \u00e9 algo muito grave, n\u00f3s precisamos virar essa p\u00e1gina, trabalhar forte na educa\u00e7\u00e3o, na sinaliza\u00e7\u00e3o das vias, na infraestrutura mas especialmente na fiscaliza\u00e7\u00e3o forte na capital e no interior do estado\u201d, defendeu Rafael.<\/p>\n\n\n<div class=\"wp-block-image\">\n<figure class=\"aligncenter size-large\"><img decoding=\"async\" loading=\"lazy\" width=\"1024\" height=\"693\" src=\"https:\/\/portal.pi.gov.br\/detran\/wp-content\/uploads\/sites\/62\/2023\/10\/WhatsApp-Image-2023-10-11-at-09.09.35-1024x693.jpeg\" alt=\"\" class=\"wp-image-1237\" srcset=\"https:\/\/portal.pi.gov.br\/detran\/wp-content\/uploads\/sites\/62\/2023\/10\/WhatsApp-Image-2023-10-11-at-09.09.35-1024x693.jpeg 1024w, https:\/\/portal.pi.gov.br\/detran\/wp-content\/uploads\/sites\/62\/2023\/10\/WhatsApp-Image-2023-10-11-at-09.09.35-300x203.jpeg 300w, https:\/\/portal.pi.gov.br\/detran\/wp-content\/uploads\/sites\/62\/2023\/10\/WhatsApp-Image-2023-10-11-at-09.09.35-768x520.jpeg 768w, https:\/\/portal.pi.gov.br\/detran\/wp-content\/uploads\/sites\/62\/2023\/10\/WhatsApp-Image-2023-10-11-at-09.09.35-420x284.jpeg 420w, https:\/\/portal.pi.gov.br\/detran\/wp-content\/uploads\/sites\/62\/2023\/10\/WhatsApp-Image-2023-10-11-at-09.09.35-540x366.jpeg 540w, https:\/\/portal.pi.gov.br\/detran\/wp-content\/uploads\/sites\/62\/2023\/10\/WhatsApp-Image-2023-10-11-at-09.09.35-780x528.jpeg 780w, https:\/\/portal.pi.gov.br\/detran\/wp-content\/uploads\/sites\/62\/2023\/10\/WhatsApp-Image-2023-10-11-at-09.09.35-947x641.jpeg 947w, https:\/\/portal.pi.gov.br\/detran\/wp-content\/uploads\/sites\/62\/2023\/10\/WhatsApp-Image-2023-10-11-at-09.09.35-624x423.jpeg 624w, https:\/\/portal.pi.gov.br\/detran\/wp-content\/uploads\/sites\/62\/2023\/10\/WhatsApp-Image-2023-10-11-at-09.09.35-84x56.jpeg 84w, https:\/\/portal.pi.gov.br\/detran\/wp-content\/uploads\/sites\/62\/2023\/10\/WhatsApp-Image-2023-10-11-at-09.09.35.jpeg 1440w\" sizes=\"(max-width: 1024px) 100vw, 1024px\" \/><\/figure><\/div>\n\n\n<p>O pacto se sustenta em tr\u00eas pilares: tornar o \u00edndice de \u00f3bitos por 100 mil habitantes menor que o \u00edndice brasileiro (14,98); aumentar a municipaliza\u00e7\u00e3o do tr\u00e2nsito (quando o munic\u00edpio assume todas as responsabilidades por seu tr\u00e2nsito urbano, como administrativo; engenharia, educa\u00e7\u00e3o, sinaliza\u00e7\u00e3o etc.); subindo de 12 munic\u00edpios para 64 at\u00e9 2030 e por fim, aumentar em 40% o n\u00famero de pessoas com CNH efetivas.<\/p>\n\n\n\n<p>A diretora-geral do Detran, Luana Barradas, conta que o \u00f3rg\u00e3o atuar\u00e1 fortemente na fiscaliza\u00e7\u00e3o e educa\u00e7\u00e3o dos condutores piauienses. \u201cO Detran participa dos 4 pilares do pacto e tem uma import\u00e2ncia gigantesca, principalmente, no que diz respeito a uma pol\u00edtica p\u00fablica, a gente vai reduzir principalmente na ponta, que \u00e9 a sa\u00fade, onde se tem um gasto absurdo. O \u00f3rg\u00e3o ter\u00e1 ainda uma atua\u00e7\u00e3o forte na fiscaliza\u00e7\u00e3o e tamb\u00e9m vai dar condi\u00e7\u00f5es para o nosso condutor, principalmente os mais carentes, possam andar habilitado\u201d, finalizou a gestora.<\/p>\n","protected":false},"excerpt":{"rendered":"<p>O plano pactua o trabalho conjunto de diversas secretarias e \u00f3rg\u00e3os para fiscalizar e conscientizar a popula\u00e7\u00e3o. O governador Rafael Fonteles lan\u00e7ou nesta ter\u00e7a-feira (10), no sal\u00e3o azul do Pal\u00e1cio [&hellip;]<\/p>\n","protected":false},"author":1732,"featured_media":1237,"comment_status":"closed","ping_status":"closed","sticky":false,"template":"","format":"standard","meta":[],"categories":[41],"tags":[],"featured_image_urls":{"full":["https:\/\/portal.pi.gov.br\/detran\/wp-content\/uploads\/sites\/62\/2023\/10\/WhatsApp-Image-2023-10-11-at-09.09.35.jpeg",1440,975,false],"thumbnail":["https:\/\/portal.pi.gov.br\/detran\/wp-content\/uploads\/sites\/62\/2023\/10\/WhatsApp-Image-2023-10-11-at-09.09.35-150x150.jpeg",150,150,true],"medium":["https:\/\/portal.pi.gov.br\/detran\/wp-content\/uploads\/sites\/62\/2023\/10\/WhatsApp-Image-2023-10-11-at-09.09.35-300x203.jpeg",300,203,true],"medium_large":["https:\/\/portal.pi.gov.br\/detran\/wp-content\/uploads\/sites\/62\/2023\/10\/WhatsApp-Image-2023-10-11-at-09.09.35-768x520.jpeg",768,520,true],"large":["https:\/\/portal.pi.gov.br\/detran\/wp-content\/uploads\/sites\/62\/2023\/10\/WhatsApp-Image-2023-10-11-at-09.09.35-1024x693.jpeg",887,600,true],"sgg-420":["https:\/\/portal.pi.gov.br\/detran\/wp-content\/uploads\/sites\/62\/2023\/10\/WhatsApp-Image-2023-10-11-at-09.09.35-420x284.jpeg",420,284,true],"sgg-540":["https:\/\/portal.pi.gov.br\/detran\/wp-content\/uploads\/sites\/62\/2023\/10\/WhatsApp-Image-2023-10-11-at-09.09.35-540x366.jpeg",540,366,true],"sgg-780":["https:\/\/portal.pi.gov.br\/detran\/wp-content\/uploads\/sites\/62\/2023\/10\/WhatsApp-Image-2023-10-11-at-09.09.35-780x528.jpeg",780,528,true],"1536x1536":["https:\/\/portal.pi.gov.br\/detran\/wp-content\/uploads\/sites\/62\/2023\/10\/WhatsApp-Image-2023-10-11-at-09.09.35.jpeg",1440,975,false],"2048x2048":["https:\/\/portal.pi.gov.br\/detran\/wp-content\/uploads\/sites\/62\/2023\/10\/WhatsApp-Image-2023-10-11-at-09.09.35.jpeg",1440,975,false],"homepage-slider":["https:\/\/portal.pi.gov.br\/detran\/wp-content\/uploads\/sites\/62\/2023\/10\/WhatsApp-Image-2023-10-11-at-09.09.35-1270x500.jpeg",1270,500,true],"homepage-slider-small":["https:\/\/portal.pi.gov.br\/detran\/wp-content\/uploads\/sites\/62\/2023\/10\/WhatsApp-Image-2023-10-11-at-09.09.35-947x500.jpeg",947,500,true],"page-top":["https:\/\/portal.pi.gov.br\/detran\/wp-content\/uploads\/sites\/62\/2023\/10\/WhatsApp-Image-2023-10-11-at-09.09.35-947x641.jpeg",947,641,true],"page-small":["https:\/\/portal.pi.gov.br\/detran\/wp-content\/uploads\/sites\/62\/2023\/10\/WhatsApp-Image-2023-10-11-at-09.09.35-624x423.jpeg",624,423,true],"loop-main":["https:\/\/portal.pi.gov.br\/detran\/wp-content\/uploads\/sites\/62\/2023\/10\/WhatsApp-Image-2023-10-11-at-09.09.35-365x240.jpeg",365,240,true],"thumb-gallery-widget":["https:\/\/portal.pi.gov.br\/detran\/wp-content\/uploads\/sites\/62\/2023\/10\/WhatsApp-Image-2023-10-11-at-09.09.35-84x56.jpeg",84,56,true]},"post_excerpt_stackable":"<p>O plano pactua o trabalho conjunto de diversas secretarias e \u00f3rg\u00e3os para fiscalizar e conscientizar a popula\u00e7\u00e3o. O governador Rafael Fonteles lan\u00e7ou nesta ter\u00e7a-feira (10), no sal\u00e3o azul do Pal\u00e1cio de Karnak, o Pacto pela Redu\u00e7\u00e3o de Acidentes no Tr\u00e2nsito, que consiste num trabalho em conjunto com diversas secretarias para atuar tanto na fiscaliza\u00e7\u00e3o como na preven\u00e7\u00e3o e conscientiza\u00e7\u00e3o das responsabilidades no tr\u00e2nsito. O Pacto Estadual est\u00e1 em conson\u00e2ncia com o Plano Nacional de Redu\u00e7\u00e3o de Mortes e Les\u00f5es no Tr\u00e2nsito (Pnatrans), que orienta os gestores de tr\u00e2nsito dos estados a implementarem a\u00e7\u00f5es que objetivam a redu\u00e7\u00e3o de mortes e&hellip;<\/p>\n","category_list":"<a href=\"https:\/\/portal.pi.gov.br\/detran\/category\/noticias\/\" rel=\"category tag\">Not\u00edcias<\/a>","author_info":{"name":"matheussouza","url":"https:\/\/portal.pi.gov.br\/detran\/author\/matheussouza\/"},"comments_num":"0 coment\u00e1rio","featured_image_urls_v2":{"full":["https:\/\/portal.pi.gov.br\/detran\/wp-content\/uploads\/sites\/62\/2023\/10\/WhatsApp-Image-2023-10-11-at-09.09.35.jpeg",1440,975,false],"thumbnail":["https:\/\/portal.pi.gov.br\/detran\/wp-content\/uploads\/sites\/62\/2023\/10\/WhatsApp-Image-2023-10-11-at-09.09.35-150x150.jpeg",150,150,true],"medium":["https:\/\/portal.pi.gov.br\/detran\/wp-content\/uploads\/sites\/62\/2023\/10\/WhatsApp-Image-2023-10-11-at-09.09.35-300x203.jpeg",300,203,true],"medium_large":["https:\/\/portal.pi.gov.br\/detran\/wp-content\/uploads\/sites\/62\/2023\/10\/WhatsApp-Image-2023-10-11-at-09.09.35-768x520.jpeg",768,520,true],"large":["https:\/\/portal.pi.gov.br\/detran\/wp-content\/uploads\/sites\/62\/2023\/10\/WhatsApp-Image-2023-10-11-at-09.09.35-1024x693.jpeg",887,600,true],"sgg-420":["https:\/\/portal.pi.gov.br\/detran\/wp-content\/uploads\/sites\/62\/2023\/10\/WhatsApp-Image-2023-10-11-at-09.09.35-420x284.jpeg",420,284,true],"sgg-540":["https:\/\/portal.pi.gov.br\/detran\/wp-content\/uploads\/sites\/62\/2023\/10\/WhatsApp-Image-2023-10-11-at-09.09.35-540x366.jpeg",540,366,true],"sgg-780":["https:\/\/portal.pi.gov.br\/detran\/wp-content\/uploads\/sites\/62\/2023\/10\/WhatsApp-Image-2023-10-11-at-09.09.35-780x528.jpeg",780,528,true],"1536x1536":["https:\/\/portal.pi.gov.br\/detran\/wp-content\/uploads\/sites\/62\/2023\/10\/WhatsApp-Image-2023-10-11-at-09.09.35.jpeg",1440,975,false],"2048x2048":["https:\/\/portal.pi.gov.br\/detran\/wp-content\/uploads\/sites\/62\/2023\/10\/WhatsApp-Image-2023-10-11-at-09.09.35.jpeg",1440,975,false],"homepage-slider":["https:\/\/portal.pi.gov.br\/detran\/wp-content\/uploads\/sites\/62\/2023\/10\/WhatsApp-Image-2023-10-11-at-09.09.35-1270x500.jpeg",1270,500,true],"homepage-slider-small":["https:\/\/portal.pi.gov.br\/detran\/wp-content\/uploads\/sites\/62\/2023\/10\/WhatsApp-Image-2023-10-11-at-09.09.35-947x500.jpeg",947,500,true],"page-top":["https:\/\/portal.pi.gov.br\/detran\/wp-content\/uploads\/sites\/62\/2023\/10\/WhatsApp-Image-2023-10-11-at-09.09.35-947x641.jpeg",947,641,true],"page-small":["https:\/\/portal.pi.gov.br\/detran\/wp-content\/uploads\/sites\/62\/2023\/10\/WhatsApp-Image-2023-10-11-at-09.09.35-624x423.jpeg",624,423,true],"loop-main":["https:\/\/portal.pi.gov.br\/detran\/wp-content\/uploads\/sites\/62\/2023\/10\/WhatsApp-Image-2023-10-11-at-09.09.35-365x240.jpeg",365,240,true],"thumb-gallery-widget":["https:\/\/portal.pi.gov.br\/detran\/wp-content\/uploads\/sites\/62\/2023\/10\/WhatsApp-Image-2023-10-11-at-09.09.35-84x56.jpeg",84,56,true]},"post_excerpt_stackable_v2":"<p>O plano pactua o trabalho conjunto de diversas secretarias e \u00f3rg\u00e3os para fiscalizar e conscientizar a popula\u00e7\u00e3o. O governador Rafael Fonteles lan\u00e7ou nesta ter\u00e7a-feira (10), no sal\u00e3o azul do Pal\u00e1cio de Karnak, o Pacto pela Redu\u00e7\u00e3o de Acidentes no Tr\u00e2nsito, que consiste num trabalho em conjunto com diversas secretarias para atuar tanto na fiscaliza\u00e7\u00e3o como na preven\u00e7\u00e3o e conscientiza\u00e7\u00e3o das responsabilidades no tr\u00e2nsito. O Pacto Estadual est\u00e1 em conson\u00e2ncia com o Plano Nacional de Redu\u00e7\u00e3o de Mortes e Les\u00f5es no Tr\u00e2nsito (Pnatrans), que orienta os gestores de tr\u00e2nsito dos estados a implementarem a\u00e7\u00f5es que objetivam a redu\u00e7\u00e3o de mortes e&hellip;<\/p>\n","category_list_v2":"<a href=\"https:\/\/portal.pi.gov.br\/detran\/category\/noticias\/\" rel=\"category tag\">Not\u00edcias<\/a>","author_info_v2":{"name":"matheussouza","url":"https:\/\/portal.pi.gov.br\/detran\/author\/matheussouza\/"},"comments_num_v2":"0 coment\u00e1rio","jetpack_featured_media_url":"https:\/\/portal.pi.gov.br\/detran\/wp-content\/uploads\/sites\/62\/2023\/10\/WhatsApp-Image-2023-10-11-at-09.09.35.jpeg","_links":{"self":[{"href":"https:\/\/portal.pi.gov.br\/detran\/wp-json\/wp\/v2\/posts\/1236"}],"collection":[{"href":"https:\/\/portal.pi.gov.br\/detran\/wp-json\/wp\/v2\/posts"}],"about":[{"href":"https:\/\/portal.pi.gov.br\/detran\/wp-json\/wp\/v2\/types\/post"}],"author":[{"embeddable":true,"href":"https:\/\/portal.pi.gov.br\/detran\/wp-json\/wp\/v2\/users\/1732"}],"replies":[{"embeddable":true,"href":"https:\/\/portal.pi.gov.br\/detran\/wp-json\/wp\/v2\/comments?post=1236"}],"version-history":[{"count":2,"href":"https:\/\/portal.pi.gov.br\/detran\/wp-json\/wp\/v2\/posts\/1236\/revisions"}],"predecessor-version":[{"id":1252,"href":"https:\/\/portal.pi.gov.br\/detran\/wp-json\/wp\/v2\/posts\/1236\/revisions\/1252"}],"wp:featuredmedia":[{"embeddable":true,"href":"https:\/\/portal.pi.gov.br\/detran\/wp-json\/wp\/v2\/media\/1237"}],"wp:attachment":[{"href":"https:\/\/portal.pi.gov.br\/detran\/wp-json\/wp\/v2\/media?parent=1236"}],"wp:term":[{"taxonomy":"category","embeddable":true,"href":"https:\/\/portal.pi.gov.br\/detran\/wp-json\/wp\/v2\/categories?post=1236"},{"taxonomy":"post_tag","embeddable":true,"href":"https:\/\/portal.pi.gov.br\/detran\/wp-json\/wp\/v2\/tags?post=1236"}],"curies":[{"name":"wp","href":"https:\/\/api.w.org\/{rel}","templated":true}]}}