{"id":3630,"date":"2025-08-01T15:48:53","date_gmt":"2025-08-01T18:48:53","guid":{"rendered":"https:\/\/portal.pi.gov.br\/detran\/?p=3630"},"modified":"2025-08-01T15:48:54","modified_gmt":"2025-08-01T18:48:54","slug":"detran-pi-confira-o-cronograma-de-exames-praticos-para-os-meses-de-agosto-e-setembro-de-2025","status":"publish","type":"post","link":"https:\/\/portal.pi.gov.br\/detran\/detran-pi-confira-o-cronograma-de-exames-praticos-para-os-meses-de-agosto-e-setembro-de-2025\/","title":{"rendered":"Detran-PI: Confira o cronograma de exames pr\u00e1ticos para os meses de agosto e setembro de 2025"},"content":{"rendered":"\n<p>O Departamento Estadual de Tr\u00e2nsito (Detran-PI) disponibiliza o cronograma de exames pr\u00e1ticos (balizas) para os meses de agosto e setembro de 2025. Neste per\u00edodo, a agenda \u00e9 dividida em blocos para cidades com diferentes disponibilidades de datas.<\/p>\n\n\n\n<p>O Detran-PI tem ampliado os centros de provas no interior do Estado, oferecendo um sistema moderno, com videomonitoramento, grava\u00e7\u00e3o de \u00e1udio e registro biom\u00e9trico, garantindo maior transpar\u00eancia e seguran\u00e7a no processo de forma\u00e7\u00e3o de novos condutores para o tr\u00e2nsito.<\/p>\n\n\n\n<p>Agora, com a baliza eletr\u00f4nica, o Detran realiza entre 2000 e 2500 exames por semana.<\/p>\n\n\n\n<p><strong>AGOSTO<\/strong><\/p>\n\n\n\n<p><br><strong>Bloco I<\/strong><\/p>\n\n\n\n<p><br>De 5 a 7 de agosto, ser\u00e1 contemplada a cidade de Floriano.<br>De 12 a 15 de agosto, Parna\u00edba recebe os servi\u00e7os de avalia\u00e7\u00e3o pr\u00e1tica.<br>De 19 a 22 de agosto, Piripiri recebe os servi\u00e7os.<br>De 26 a 29 de agosto, Picos ser\u00e1 contemplada.<\/p>\n\n\n\n<p><br><strong>Bloco II<\/strong><\/p>\n\n\n\n<p><br>Em 5 e 6 de agosto, ser\u00e1 contemplada a cidade de Esperantina.<br>Nos dias 12 e 13 de agosto, Uru\u00e7u\u00ed recebe o servi\u00e7o de avalia\u00e7\u00e3o.<br>Nos dias 19 e 20 de agosto, \u00e9 a vez da cidade de Paulistana.<br>Nos dias 26 e 27 de agosto, \u00e9 a vez de Oeiras.<\/p>\n\n\n\n<p><br><strong>Bloco III<\/strong><\/p>\n\n\n\n<p><br>Nos dias 7 e 8 de agosto, a cidade de Parna\u00edba recebe os servi\u00e7os de avalia\u00e7\u00e3o.<br>Nos dias 14 e 15 de agosto, \u00e9 a vez de Canto Buriti.<br>Nos dias 21 e 22 de agosto, o servi\u00e7o ser\u00e1 realizado na cidade de S\u00e3o Raimundo Nonato.<br>Nos dias 28 e 29 de agosto, o servi\u00e7o ser\u00e1 realizado nas cidades de Valen\u00e7a (Elesb\u00e3o Veloso\/Inhuma\/\u00c1gua Branca)<\/p>\n\n\n\n<p><strong>Setembro<\/strong><\/p>\n\n\n\n<p><br><strong>Bloco I<\/strong><\/p>\n\n\n\n<p><br><font style=\"vertical-align: inherit\"><font style=\"vertical-align: inherit\">De 2 a 5 de setembro, Parna\u00edba recebem servi\u00e7o de avalia\u00e7\u00e3o. <\/font><\/font><br><font style=\"vertical-align: inherit\"><font style=\"vertical-align: inherit\">De 9 a 12 de setembro, \u00e9 a vez de Bom Jesus. <\/font><\/font><br><font style=\"vertical-align: inherit\"><font style=\"vertical-align: inherit\">Entre os dias 16 e 19 de setembro, ser\u00e1 a vez da cidade de Floriano. <\/font><\/font><br><font style=\"vertical-align: inherit\"><font style=\"vertical-align: inherit\">De 23 a 26 de setembro, \u00e9 a vez de Picos. <\/font><\/font><br><font style=\"vertical-align: inherit\"><font style=\"vertical-align: inherit\">De 30 de setembro a 3 de outubro a cidade de Parna\u00edba recebe o servi\u00e7o.<\/font><\/font><\/p>\n\n\n\n<p><br><strong>Bloco II<\/strong><\/p>\n\n\n\n<p><strong><br><\/strong>Nos dias 2 a 3 de setembro, Barras.<br>Nos dias 9 e 10 de setembro, Simpl\u00edcio Mendes e S\u00e3o Jo\u00e3o do Piau\u00ed.<br>Nos dias 16 e 17 de setembro, Piripiri.<br>Nos dias 23 e 24 de setembro, Uni\u00e3o.<br>Nos dias 30 de setembro a 2 de outubro, Corrente.<\/p>\n\n\n\n<p><br><strong>Bloco III<\/strong><\/p>\n\n\n\n<p><strong><br><\/strong>Nos dias 4 e 5 de setembro, Campo Maior.<br>Nos dias 11 e 12 de setembro, Fronteiras.<br>Nos dias 18 e 19 de setembro, Piracuruca.<br>Nos dias 25 e 26 de setembro, Esperantina.<\/p>\n\n\n<div class=\"wp-block-image\">\n<figure class=\"alignleft size-large\"><img decoding=\"async\" loading=\"lazy\" width=\"819\" height=\"1024\" src=\"https:\/\/portal.pi.gov.br\/detran\/wp-content\/uploads\/sites\/62\/2025\/08\/WhatsApp-Image-2025-08-01-at-13.29.34-819x1024.jpeg\" alt=\"\" class=\"wp-image-3636\" srcset=\"https:\/\/portal.pi.gov.br\/detran\/wp-content\/uploads\/sites\/62\/2025\/08\/WhatsApp-Image-2025-08-01-at-13.29.34-819x1024.jpeg 819w, https:\/\/portal.pi.gov.br\/detran\/wp-content\/uploads\/sites\/62\/2025\/08\/WhatsApp-Image-2025-08-01-at-13.29.34-240x300.jpeg 240w, https:\/\/portal.pi.gov.br\/detran\/wp-content\/uploads\/sites\/62\/2025\/08\/WhatsApp-Image-2025-08-01-at-13.29.34-768x960.jpeg 768w, https:\/\/portal.pi.gov.br\/detran\/wp-content\/uploads\/sites\/62\/2025\/08\/WhatsApp-Image-2025-08-01-at-13.29.34-336x420.jpeg 336w, https:\/\/portal.pi.gov.br\/detran\/wp-content\/uploads\/sites\/62\/2025\/08\/WhatsApp-Image-2025-08-01-at-13.29.34-432x540.jpeg 432w, https:\/\/portal.pi.gov.br\/detran\/wp-content\/uploads\/sites\/62\/2025\/08\/WhatsApp-Image-2025-08-01-at-13.29.34-624x780.jpeg 624w, https:\/\/portal.pi.gov.br\/detran\/wp-content\/uploads\/sites\/62\/2025\/08\/WhatsApp-Image-2025-08-01-at-13.29.34-947x1184.jpeg 947w, https:\/\/portal.pi.gov.br\/detran\/wp-content\/uploads\/sites\/62\/2025\/08\/WhatsApp-Image-2025-08-01-at-13.29.34.jpeg 1080w\" sizes=\"(max-width: 819px) 100vw, 819px\" \/><\/figure><\/div>\n\n\n<figure class=\"wp-block-image size-large\"><img decoding=\"async\" loading=\"lazy\" width=\"820\" height=\"1024\" src=\"https:\/\/portal.pi.gov.br\/detran\/wp-content\/uploads\/sites\/62\/2025\/08\/WhatsApp-Image-2025-08-01-at-13.29.34-1-820x1024.jpeg\" alt=\"\" class=\"wp-image-3635\" srcset=\"https:\/\/portal.pi.gov.br\/detran\/wp-content\/uploads\/sites\/62\/2025\/08\/WhatsApp-Image-2025-08-01-at-13.29.34-1-820x1024.jpeg 820w, https:\/\/portal.pi.gov.br\/detran\/wp-content\/uploads\/sites\/62\/2025\/08\/WhatsApp-Image-2025-08-01-at-13.29.34-1-240x300.jpeg 240w, https:\/\/portal.pi.gov.br\/detran\/wp-content\/uploads\/sites\/62\/2025\/08\/WhatsApp-Image-2025-08-01-at-13.29.34-1-768x959.jpeg 768w, https:\/\/portal.pi.gov.br\/detran\/wp-content\/uploads\/sites\/62\/2025\/08\/WhatsApp-Image-2025-08-01-at-13.29.34-1-336x420.jpeg 336w, https:\/\/portal.pi.gov.br\/detran\/wp-content\/uploads\/sites\/62\/2025\/08\/WhatsApp-Image-2025-08-01-at-13.29.34-1-432x540.jpeg 432w, https:\/\/portal.pi.gov.br\/detran\/wp-content\/uploads\/sites\/62\/2025\/08\/WhatsApp-Image-2025-08-01-at-13.29.34-1-625x780.jpeg 625w, https:\/\/portal.pi.gov.br\/detran\/wp-content\/uploads\/sites\/62\/2025\/08\/WhatsApp-Image-2025-08-01-at-13.29.34-1-947x1183.jpeg 947w, https:\/\/portal.pi.gov.br\/detran\/wp-content\/uploads\/sites\/62\/2025\/08\/WhatsApp-Image-2025-08-01-at-13.29.34-1-624x779.jpeg 624w, https:\/\/portal.pi.gov.br\/detran\/wp-content\/uploads\/sites\/62\/2025\/08\/WhatsApp-Image-2025-08-01-at-13.29.34-1.jpeg 1081w\" sizes=\"(max-width: 820px) 100vw, 820px\" \/><\/figure>\n\n\n\n<figure class=\"wp-block-image size-large\"><img decoding=\"async\" loading=\"lazy\" width=\"820\" height=\"1024\" src=\"https:\/\/portal.pi.gov.br\/detran\/wp-content\/uploads\/sites\/62\/2025\/08\/WhatsApp-Image-2025-08-01-at-13.29.34-2-820x1024.jpeg\" alt=\"\" class=\"wp-image-3634\" srcset=\"https:\/\/portal.pi.gov.br\/detran\/wp-content\/uploads\/sites\/62\/2025\/08\/WhatsApp-Image-2025-08-01-at-13.29.34-2-820x1024.jpeg 820w, https:\/\/portal.pi.gov.br\/detran\/wp-content\/uploads\/sites\/62\/2025\/08\/WhatsApp-Image-2025-08-01-at-13.29.34-2-240x300.jpeg 240w, https:\/\/portal.pi.gov.br\/detran\/wp-content\/uploads\/sites\/62\/2025\/08\/WhatsApp-Image-2025-08-01-at-13.29.34-2-768x959.jpeg 768w, https:\/\/portal.pi.gov.br\/detran\/wp-content\/uploads\/sites\/62\/2025\/08\/WhatsApp-Image-2025-08-01-at-13.29.34-2-336x420.jpeg 336w, https:\/\/portal.pi.gov.br\/detran\/wp-content\/uploads\/sites\/62\/2025\/08\/WhatsApp-Image-2025-08-01-at-13.29.34-2-432x540.jpeg 432w, https:\/\/portal.pi.gov.br\/detran\/wp-content\/uploads\/sites\/62\/2025\/08\/WhatsApp-Image-2025-08-01-at-13.29.34-2-625x780.jpeg 625w, https:\/\/portal.pi.gov.br\/detran\/wp-content\/uploads\/sites\/62\/2025\/08\/WhatsApp-Image-2025-08-01-at-13.29.34-2-947x1183.jpeg 947w, https:\/\/portal.pi.gov.br\/detran\/wp-content\/uploads\/sites\/62\/2025\/08\/WhatsApp-Image-2025-08-01-at-13.29.34-2-624x779.jpeg 624w, https:\/\/portal.pi.gov.br\/detran\/wp-content\/uploads\/sites\/62\/2025\/08\/WhatsApp-Image-2025-08-01-at-13.29.34-2.jpeg 1081w\" sizes=\"(max-width: 820px) 100vw, 820px\" \/><\/figure>\n\n\n\n<figure class=\"wp-block-image size-large is-resized\"><img decoding=\"async\" loading=\"lazy\" src=\"https:\/\/portal.pi.gov.br\/detran\/wp-content\/uploads\/sites\/62\/2025\/08\/WhatsApp-Image-2025-08-01-at-13.29.35-819x1024.jpeg\" alt=\"\" class=\"wp-image-3633\" width=\"819\" height=\"1024\" srcset=\"https:\/\/portal.pi.gov.br\/detran\/wp-content\/uploads\/sites\/62\/2025\/08\/WhatsApp-Image-2025-08-01-at-13.29.35-819x1024.jpeg 819w, https:\/\/portal.pi.gov.br\/detran\/wp-content\/uploads\/sites\/62\/2025\/08\/WhatsApp-Image-2025-08-01-at-13.29.35-240x300.jpeg 240w, https:\/\/portal.pi.gov.br\/detran\/wp-content\/uploads\/sites\/62\/2025\/08\/WhatsApp-Image-2025-08-01-at-13.29.35-768x961.jpeg 768w, https:\/\/portal.pi.gov.br\/detran\/wp-content\/uploads\/sites\/62\/2025\/08\/WhatsApp-Image-2025-08-01-at-13.29.35-336x420.jpeg 336w, https:\/\/portal.pi.gov.br\/detran\/wp-content\/uploads\/sites\/62\/2025\/08\/WhatsApp-Image-2025-08-01-at-13.29.35-432x540.jpeg 432w, https:\/\/portal.pi.gov.br\/detran\/wp-content\/uploads\/sites\/62\/2025\/08\/WhatsApp-Image-2025-08-01-at-13.29.35-624x781.jpeg 624w, https:\/\/portal.pi.gov.br\/detran\/wp-content\/uploads\/sites\/62\/2025\/08\/WhatsApp-Image-2025-08-01-at-13.29.35-947x1185.jpeg 947w, https:\/\/portal.pi.gov.br\/detran\/wp-content\/uploads\/sites\/62\/2025\/08\/WhatsApp-Image-2025-08-01-at-13.29.35.jpeg 1080w\" sizes=\"(max-width: 819px) 100vw, 819px\" \/><\/figure>\n\n\n\n<figure class=\"wp-block-image size-large\"><img decoding=\"async\" loading=\"lazy\" width=\"819\" height=\"1024\" src=\"https:\/\/portal.pi.gov.br\/detran\/wp-content\/uploads\/sites\/62\/2025\/08\/WhatsApp-Image-2025-08-01-at-13.29.35-1-819x1024.jpeg\" alt=\"\" class=\"wp-image-3632\" srcset=\"https:\/\/portal.pi.gov.br\/detran\/wp-content\/uploads\/sites\/62\/2025\/08\/WhatsApp-Image-2025-08-01-at-13.29.35-1-819x1024.jpeg 819w, https:\/\/portal.pi.gov.br\/detran\/wp-content\/uploads\/sites\/62\/2025\/08\/WhatsApp-Image-2025-08-01-at-13.29.35-1-240x300.jpeg 240w, https:\/\/portal.pi.gov.br\/detran\/wp-content\/uploads\/sites\/62\/2025\/08\/WhatsApp-Image-2025-08-01-at-13.29.35-1-768x960.jpeg 768w, https:\/\/portal.pi.gov.br\/detran\/wp-content\/uploads\/sites\/62\/2025\/08\/WhatsApp-Image-2025-08-01-at-13.29.35-1-336x420.jpeg 336w, https:\/\/portal.pi.gov.br\/detran\/wp-content\/uploads\/sites\/62\/2025\/08\/WhatsApp-Image-2025-08-01-at-13.29.35-1-432x540.jpeg 432w, https:\/\/portal.pi.gov.br\/detran\/wp-content\/uploads\/sites\/62\/2025\/08\/WhatsApp-Image-2025-08-01-at-13.29.35-1-624x780.jpeg 624w, https:\/\/portal.pi.gov.br\/detran\/wp-content\/uploads\/sites\/62\/2025\/08\/WhatsApp-Image-2025-08-01-at-13.29.35-1-947x1184.jpeg 947w, https:\/\/portal.pi.gov.br\/detran\/wp-content\/uploads\/sites\/62\/2025\/08\/WhatsApp-Image-2025-08-01-at-13.29.35-1.jpeg 1081w\" sizes=\"(max-width: 819px) 100vw, 819px\" \/><\/figure>\n\n\n\n<figure class=\"wp-block-image size-large\"><img decoding=\"async\" loading=\"lazy\" width=\"819\" height=\"1024\" src=\"https:\/\/portal.pi.gov.br\/detran\/wp-content\/uploads\/sites\/62\/2025\/08\/WhatsApp-Image-2025-08-01-at-13.29.35-2-819x1024.jpeg\" alt=\"\" class=\"wp-image-3631\" srcset=\"https:\/\/portal.pi.gov.br\/detran\/wp-content\/uploads\/sites\/62\/2025\/08\/WhatsApp-Image-2025-08-01-at-13.29.35-2-819x1024.jpeg 819w, https:\/\/portal.pi.gov.br\/detran\/wp-content\/uploads\/sites\/62\/2025\/08\/WhatsApp-Image-2025-08-01-at-13.29.35-2-240x300.jpeg 240w, https:\/\/portal.pi.gov.br\/detran\/wp-content\/uploads\/sites\/62\/2025\/08\/WhatsApp-Image-2025-08-01-at-13.29.35-2-768x960.jpeg 768w, https:\/\/portal.pi.gov.br\/detran\/wp-content\/uploads\/sites\/62\/2025\/08\/WhatsApp-Image-2025-08-01-at-13.29.35-2-336x420.jpeg 336w, https:\/\/portal.pi.gov.br\/detran\/wp-content\/uploads\/sites\/62\/2025\/08\/WhatsApp-Image-2025-08-01-at-13.29.35-2-432x540.jpeg 432w, https:\/\/portal.pi.gov.br\/detran\/wp-content\/uploads\/sites\/62\/2025\/08\/WhatsApp-Image-2025-08-01-at-13.29.35-2-624x780.jpeg 624w, https:\/\/portal.pi.gov.br\/detran\/wp-content\/uploads\/sites\/62\/2025\/08\/WhatsApp-Image-2025-08-01-at-13.29.35-2-947x1184.jpeg 947w, https:\/\/portal.pi.gov.br\/detran\/wp-content\/uploads\/sites\/62\/2025\/08\/WhatsApp-Image-2025-08-01-at-13.29.35-2.jpeg 1081w\" sizes=\"(max-width: 819px) 100vw, 819px\" \/><\/figure>\n\n\n","protected":false},"excerpt":{"rendered":"<p>O Departamento Estadual de Tr\u00e2nsito (Detran-PI) disponibiliza o cronograma de exames pr\u00e1ticos (balizas) para os meses de agosto e setembro de 2025. Neste per\u00edodo, a agenda \u00e9 dividida em blocos [&hellip;]<\/p>\n","protected":false},"author":1849,"featured_media":0,"comment_status":"closed","ping_status":"closed","sticky":false,"template":"","format":"standard","meta":[],"categories":[1],"tags":[],"featured_image_urls":{"full":"","thumbnail":"","medium":"","medium_large":"","large":"","sgg-420":"","sgg-540":"","sgg-780":"","1536x1536":"","2048x2048":"","homepage-slider":"","homepage-slider-small":"","page-top":"","page-small":"","loop-main":"","thumb-gallery-widget":""},"post_excerpt_stackable":"<p>O Departamento Estadual de Tr\u00e2nsito (Detran-PI) disponibiliza o cronograma de exames pr\u00e1ticos (balizas) para os meses de agosto e setembro de 2025. Neste per\u00edodo, a agenda \u00e9 dividida em blocos para cidades com diferentes disponibilidades de datas. O Detran-PI tem ampliado os centros de provas no interior do Estado, oferecendo um sistema moderno, com videomonitoramento, grava\u00e7\u00e3o de \u00e1udio e registro biom\u00e9trico, garantindo maior transpar\u00eancia e seguran\u00e7a no processo de forma\u00e7\u00e3o de novos condutores para o tr\u00e2nsito. Agora, com a baliza eletr\u00f4nica, o Detran realiza entre 2000 e 2500 exames por semana. AGOSTO Bloco I De 5 a 7 de agosto,&hellip;<\/p>\n","category_list":"<a href=\"https:\/\/portal.pi.gov.br\/detran\/category\/sem-categoria\/\" rel=\"category tag\">Sem categoria<\/a>","author_info":{"name":"nathaliaamaral","url":"https:\/\/portal.pi.gov.br\/detran\/author\/nathaliaamaral\/"},"comments_num":"0 coment\u00e1rio","featured_image_urls_v2":{"full":"","thumbnail":"","medium":"","medium_large":"","large":"","sgg-420":"","sgg-540":"","sgg-780":"","1536x1536":"","2048x2048":"","homepage-slider":"","homepage-slider-small":"","page-top":"","page-small":"","loop-main":"","thumb-gallery-widget":""},"post_excerpt_stackable_v2":"<p>O Departamento Estadual de Tr\u00e2nsito (Detran-PI) disponibiliza o cronograma de exames pr\u00e1ticos (balizas) para os meses de agosto e setembro de 2025. Neste per\u00edodo, a agenda \u00e9 dividida em blocos para cidades com diferentes disponibilidades de datas. O Detran-PI tem ampliado os centros de provas no interior do Estado, oferecendo um sistema moderno, com videomonitoramento, grava\u00e7\u00e3o de \u00e1udio e registro biom\u00e9trico, garantindo maior transpar\u00eancia e seguran\u00e7a no processo de forma\u00e7\u00e3o de novos condutores para o tr\u00e2nsito. Agora, com a baliza eletr\u00f4nica, o Detran realiza entre 2000 e 2500 exames por semana. AGOSTO Bloco I De 5 a 7 de agosto,&hellip;<\/p>\n","category_list_v2":"<a href=\"https:\/\/portal.pi.gov.br\/detran\/category\/sem-categoria\/\" rel=\"category tag\">Sem categoria<\/a>","author_info_v2":{"name":"nathaliaamaral","url":"https:\/\/portal.pi.gov.br\/detran\/author\/nathaliaamaral\/"},"comments_num_v2":"0 coment\u00e1rio","jetpack_featured_media_url":"","_links":{"self":[{"href":"https:\/\/portal.pi.gov.br\/detran\/wp-json\/wp\/v2\/posts\/3630"}],"collection":[{"href":"https:\/\/portal.pi.gov.br\/detran\/wp-json\/wp\/v2\/posts"}],"about":[{"href":"https:\/\/portal.pi.gov.br\/detran\/wp-json\/wp\/v2\/types\/post"}],"author":[{"embeddable":true,"href":"https:\/\/portal.pi.gov.br\/detran\/wp-json\/wp\/v2\/users\/1849"}],"replies":[{"embeddable":true,"href":"https:\/\/portal.pi.gov.br\/detran\/wp-json\/wp\/v2\/comments?post=3630"}],"version-history":[{"count":1,"href":"https:\/\/portal.pi.gov.br\/detran\/wp-json\/wp\/v2\/posts\/3630\/revisions"}],"predecessor-version":[{"id":3637,"href":"https:\/\/portal.pi.gov.br\/detran\/wp-json\/wp\/v2\/posts\/3630\/revisions\/3637"}],"wp:attachment":[{"href":"https:\/\/portal.pi.gov.br\/detran\/wp-json\/wp\/v2\/media?parent=3630"}],"wp:term":[{"taxonomy":"category","embeddable":true,"href":"https:\/\/portal.pi.gov.br\/detran\/wp-json\/wp\/v2\/categories?post=3630"},{"taxonomy":"post_tag","embeddable":true,"href":"https:\/\/portal.pi.gov.br\/detran\/wp-json\/wp\/v2\/tags?post=3630"}],"curies":[{"name":"wp","href":"https:\/\/api.w.org\/{rel}","templated":true}]}}