{"id":4232,"date":"2026-04-29T16:24:41","date_gmt":"2026-04-29T19:24:41","guid":{"rendered":"https:\/\/portal.pi.gov.br\/detran\/?p=4232"},"modified":"2026-04-29T16:24:42","modified_gmt":"2026-04-29T19:24:42","slug":"quase-metade-dos-adolescentes-do-piaui-ja-conduziram-veiculo-sem-cnh-detran-faz-alerta","status":"publish","type":"post","link":"https:\/\/portal.pi.gov.br\/detran\/quase-metade-dos-adolescentes-do-piaui-ja-conduziram-veiculo-sem-cnh-detran-faz-alerta\/","title":{"rendered":"Quase metade dos adolescentes do Piau\u00ed j\u00e1 conduziram ve\u00edculo sem CNH; Detran faz alerta"},"content":{"rendered":"\n<p>Dados divulgados nesta quarta-feira (29) pelo Instituto Brasileiro de Geografia e Estat\u00edstica (IBGE) revelam uma realidade preocupante sobre a seguran\u00e7a no tr\u00e2nsito no Piau\u00ed. De acordo com o levantamento, 46,1% dos adolescentes com idades entre 13 e 17 anos afirmaram j\u00e1 ter conduzido ve\u00edculos sem Carteira Nacional de Habilita\u00e7\u00e3o (CNH), incluindo carros, motocicletas e at\u00e9 mesmo barcos. Os dados fazem parte da Pesquisa Nacional de Sa\u00fade do Escolar (PeNSE), referente ao ano de 2024.<\/p>\n\n\n\n<p>O Piau\u00ed possui a sexta maior propor\u00e7\u00e3o de escolares nessa faixa et\u00e1ria que j\u00e1 conduziram ve\u00edculos automotores nos 30 dias anteriores \u00e0 pesquisa. Em rela\u00e7\u00e3o \u00e0 edi\u00e7\u00e3o de 2019, o n\u00famero de jovens que j\u00e1 conduziram ve\u00edculos automotores teve um incremento de um ponto percentual, j\u00e1 que, naquele ano, o resultado foi de 45,1%.<\/p>\n\n\n\n<figure class=\"wp-block-image\" id=\"attachment_134814\"><img decoding=\"async\" src=\"https:\/\/www.pi.gov.br\/wp-content\/uploads\/2026\/04\/WhatsApp-Image-2026-04-29-at-16.19.16.jpeg\" alt=\"\" class=\"wp-image-134814\" \/><figcaption class=\"wp-element-caption\">Jos\u00e9 Cruz\/Ag\u00eancia Brasil<\/figcaption><\/figure>\n\n\n\n<p>O n\u00famero acende um alerta importante porque a aptid\u00e3o comprovada por meio da CNH n\u00e3o \u00e9 mera formalidade. O documento garante que os condutores est\u00e3o preparados para assegurar a pr\u00f3pria seguran\u00e7a e a de outras pessoas no tr\u00e2nsito. Isso inclui saber prevenir sinistros de tr\u00e2nsito, reconhecer a sinaliza\u00e7\u00e3o e utilizar os equipamentos de seguran\u00e7a obrigat\u00f3rios.<\/p>\n\n\n\n<p>\u201cEsse \u00e9 um assunto que o Detran-PI vem trabalhando exaustivamente nos \u00faltimos anos. Fazemos campanhas de conscientiza\u00e7\u00e3o, blitz educativas, al\u00e9m de contarmos com o apoio da Pol\u00edcia Militar na fiscaliza\u00e7\u00e3o. S\u00f3 \u00e9 poss\u00edvel tirar a CNH a partir dos 18 anos porque a legisla\u00e7\u00e3o brasileira entende que somente a partir dessa idade a pessoa \u00e9 capaz de compreender os riscos \u00e0 pr\u00f3pria vida e \u00e0 de terceiros, al\u00e9m de poder ter responsabilidade jur\u00eddica completa\u201d, afirma a diretora-geral do Detran-PI, Luana Barradas.<\/p>\n\n\n\n<figure class=\"wp-block-image\" id=\"attachment_134815\"><img decoding=\"async\" src=\"https:\/\/www.pi.gov.br\/wp-content\/uploads\/2026\/04\/WhatsApp-Image-2026-04-29-at-16.17.42.jpeg\" alt=\"\" class=\"wp-image-134815\" \/><figcaption class=\"wp-element-caption\">Divulga\u00e7\u00e3o\/Detran-PI<\/figcaption><\/figure>\n\n\n\n<p>A diretora-geral do Detran-PI enfatiza ainda que dirigir vai muito al\u00e9m de apenas saber controlar um carro; \u00e9 tamb\u00e9m ter preparo legal e emocional para tomar decis\u00f5es r\u00e1pidas e potencialmente graves.<\/p>\n\n\n\n<p>\u201cO que os \u00f3rg\u00e3os de fiscaliza\u00e7\u00e3o observam, inclusive o Detran-PI, \u00e9 que motoristas mais jovens tendem a estar mais expostos a comportamentos de risco. Al\u00e9m disso, temos estudos que indicam que esses jovens ainda est\u00e3o em fase de desenvolvimento de \u00e1reas ligadas ao controle de impulso, \u00e0 percep\u00e7\u00e3o de risco e \u00e0 tomada de decis\u00e3o, o que pode reduzir o tempo de resposta diante de uma situa\u00e7\u00e3o grave em que precisar\u00e3o evitar um sinistro de tr\u00e2nsito\u201d, alerta.<\/p>\n\n\n\n<p>Em Teresina, o percentual de jovens que admitiram ter conduzido ve\u00edculos foi de 33,9% em 2024, 12,2 pontos percentuais abaixo da m\u00e9dia do estado. No entanto, o percentual da capital foi o quarto maior entre as capitais brasileiras, inferior apenas a Boa Vista\/RR (38,1%), Cuiab\u00e1\/MT (37,5%) e Palmas\/TO (36,2%).<\/p>\n\n\n\n<p>Os menores percentuais de jovens que j\u00e1 conduziram ve\u00edculos motorizados entre as capitais foram registrados em Porto Alegre\/RS (20,5%), Curitiba\/PR (20,9%) e Florian\u00f3polis\/SC (21,1%).<\/p>\n\n\n\n<p>Quanto ao sexo, o percentual \u00e9 significativamente maior entre os meninos. Entre eles, 55% disseram ter conduzido ve\u00edculos motorizados no Piau\u00ed em 2024, enquanto entre as meninas o percentual foi de 37,5%.<\/p>\n\n\n\n<p>Em rela\u00e7\u00e3o ao tipo de escola, o percentual de estudantes que conduziram ve\u00edculos \u00e9 maior entre os alunos de escolas p\u00fablicas (48,1%) do que entre os de escolas privadas (31,8%).<\/p>\n","protected":false},"excerpt":{"rendered":"<p>Dados divulgados nesta quarta-feira (29) pelo Instituto Brasileiro de Geografia e Estat\u00edstica (IBGE) revelam uma realidade preocupante sobre a seguran\u00e7a no tr\u00e2nsito no Piau\u00ed. De acordo com o levantamento, 46,1% [&hellip;]<\/p>\n","protected":false},"author":1849,"featured_media":4233,"comment_status":"closed","ping_status":"closed","sticky":true,"template":"","format":"standard","meta":[],"categories":[41],"tags":[85,59,184],"featured_image_urls":{"full":["https:\/\/portal.pi.gov.br\/detran\/wp-content\/uploads\/sites\/62\/2026\/04\/WhatsApp-Image-2026-04-29-at-16.19.16.jpeg",1170,700,false],"thumbnail":["https:\/\/portal.pi.gov.br\/detran\/wp-content\/uploads\/sites\/62\/2026\/04\/WhatsApp-Image-2026-04-29-at-16.19.16-150x150.jpeg",150,150,true],"medium":["https:\/\/portal.pi.gov.br\/detran\/wp-content\/uploads\/sites\/62\/2026\/04\/WhatsApp-Image-2026-04-29-at-16.19.16-300x179.jpeg",300,179,true],"medium_large":["https:\/\/portal.pi.gov.br\/detran\/wp-content\/uploads\/sites\/62\/2026\/04\/WhatsApp-Image-2026-04-29-at-16.19.16-768x459.jpeg",768,459,true],"large":["https:\/\/portal.pi.gov.br\/detran\/wp-content\/uploads\/sites\/62\/2026\/04\/WhatsApp-Image-2026-04-29-at-16.19.16-1024x613.jpeg",887,531,true],"sgg-420":["https:\/\/portal.pi.gov.br\/detran\/wp-content\/uploads\/sites\/62\/2026\/04\/WhatsApp-Image-2026-04-29-at-16.19.16-420x251.jpeg",420,251,true],"sgg-540":["https:\/\/portal.pi.gov.br\/detran\/wp-content\/uploads\/sites\/62\/2026\/04\/WhatsApp-Image-2026-04-29-at-16.19.16-540x323.jpeg",540,323,true],"sgg-780":["https:\/\/portal.pi.gov.br\/detran\/wp-content\/uploads\/sites\/62\/2026\/04\/WhatsApp-Image-2026-04-29-at-16.19.16-780x467.jpeg",780,467,true],"1536x1536":["https:\/\/portal.pi.gov.br\/detran\/wp-content\/uploads\/sites\/62\/2026\/04\/WhatsApp-Image-2026-04-29-at-16.19.16.jpeg",1170,700,false],"2048x2048":["https:\/\/portal.pi.gov.br\/detran\/wp-content\/uploads\/sites\/62\/2026\/04\/WhatsApp-Image-2026-04-29-at-16.19.16.jpeg",1170,700,false],"homepage-slider":["https:\/\/portal.pi.gov.br\/detran\/wp-content\/uploads\/sites\/62\/2026\/04\/WhatsApp-Image-2026-04-29-at-16.19.16-1170x500.jpeg",1170,500,true],"homepage-slider-small":["https:\/\/portal.pi.gov.br\/detran\/wp-content\/uploads\/sites\/62\/2026\/04\/WhatsApp-Image-2026-04-29-at-16.19.16-947x500.jpeg",947,500,true],"page-top":["https:\/\/portal.pi.gov.br\/detran\/wp-content\/uploads\/sites\/62\/2026\/04\/WhatsApp-Image-2026-04-29-at-16.19.16-947x567.jpeg",947,567,true],"page-small":["https:\/\/portal.pi.gov.br\/detran\/wp-content\/uploads\/sites\/62\/2026\/04\/WhatsApp-Image-2026-04-29-at-16.19.16-624x373.jpeg",624,373,true],"loop-main":["https:\/\/portal.pi.gov.br\/detran\/wp-content\/uploads\/sites\/62\/2026\/04\/WhatsApp-Image-2026-04-29-at-16.19.16-365x240.jpeg",365,240,true],"thumb-gallery-widget":["https:\/\/portal.pi.gov.br\/detran\/wp-content\/uploads\/sites\/62\/2026\/04\/WhatsApp-Image-2026-04-29-at-16.19.16-84x56.jpeg",84,56,true]},"post_excerpt_stackable":"<p>Dados divulgados nesta quarta-feira (29) pelo Instituto Brasileiro de Geografia e Estat\u00edstica (IBGE) revelam uma realidade preocupante sobre a seguran\u00e7a no tr\u00e2nsito no Piau\u00ed. De acordo com o levantamento, 46,1% dos adolescentes com idades entre 13 e 17 anos afirmaram j\u00e1 ter conduzido ve\u00edculos sem Carteira Nacional de Habilita\u00e7\u00e3o (CNH), incluindo carros, motocicletas e at\u00e9 mesmo barcos. Os dados fazem parte da Pesquisa Nacional de Sa\u00fade do Escolar (PeNSE), referente ao ano de 2024. O Piau\u00ed possui a sexta maior propor\u00e7\u00e3o de escolares nessa faixa et\u00e1ria que j\u00e1 conduziram ve\u00edculos automotores nos 30 dias anteriores \u00e0 pesquisa. Em rela\u00e7\u00e3o \u00e0&hellip;<\/p>\n","category_list":"<a href=\"https:\/\/portal.pi.gov.br\/detran\/category\/noticias\/\" rel=\"category tag\">Not\u00edcias<\/a>","author_info":{"name":"nathaliaamaral","url":"https:\/\/portal.pi.gov.br\/detran\/author\/nathaliaamaral\/"},"comments_num":"0 coment\u00e1rio","featured_image_urls_v2":{"full":["https:\/\/portal.pi.gov.br\/detran\/wp-content\/uploads\/sites\/62\/2026\/04\/WhatsApp-Image-2026-04-29-at-16.19.16.jpeg",1170,700,false],"thumbnail":["https:\/\/portal.pi.gov.br\/detran\/wp-content\/uploads\/sites\/62\/2026\/04\/WhatsApp-Image-2026-04-29-at-16.19.16-150x150.jpeg",150,150,true],"medium":["https:\/\/portal.pi.gov.br\/detran\/wp-content\/uploads\/sites\/62\/2026\/04\/WhatsApp-Image-2026-04-29-at-16.19.16-300x179.jpeg",300,179,true],"medium_large":["https:\/\/portal.pi.gov.br\/detran\/wp-content\/uploads\/sites\/62\/2026\/04\/WhatsApp-Image-2026-04-29-at-16.19.16-768x459.jpeg",768,459,true],"large":["https:\/\/portal.pi.gov.br\/detran\/wp-content\/uploads\/sites\/62\/2026\/04\/WhatsApp-Image-2026-04-29-at-16.19.16-1024x613.jpeg",887,531,true],"sgg-420":["https:\/\/portal.pi.gov.br\/detran\/wp-content\/uploads\/sites\/62\/2026\/04\/WhatsApp-Image-2026-04-29-at-16.19.16-420x251.jpeg",420,251,true],"sgg-540":["https:\/\/portal.pi.gov.br\/detran\/wp-content\/uploads\/sites\/62\/2026\/04\/WhatsApp-Image-2026-04-29-at-16.19.16-540x323.jpeg",540,323,true],"sgg-780":["https:\/\/portal.pi.gov.br\/detran\/wp-content\/uploads\/sites\/62\/2026\/04\/WhatsApp-Image-2026-04-29-at-16.19.16-780x467.jpeg",780,467,true],"1536x1536":["https:\/\/portal.pi.gov.br\/detran\/wp-content\/uploads\/sites\/62\/2026\/04\/WhatsApp-Image-2026-04-29-at-16.19.16.jpeg",1170,700,false],"2048x2048":["https:\/\/portal.pi.gov.br\/detran\/wp-content\/uploads\/sites\/62\/2026\/04\/WhatsApp-Image-2026-04-29-at-16.19.16.jpeg",1170,700,false],"homepage-slider":["https:\/\/portal.pi.gov.br\/detran\/wp-content\/uploads\/sites\/62\/2026\/04\/WhatsApp-Image-2026-04-29-at-16.19.16-1170x500.jpeg",1170,500,true],"homepage-slider-small":["https:\/\/portal.pi.gov.br\/detran\/wp-content\/uploads\/sites\/62\/2026\/04\/WhatsApp-Image-2026-04-29-at-16.19.16-947x500.jpeg",947,500,true],"page-top":["https:\/\/portal.pi.gov.br\/detran\/wp-content\/uploads\/sites\/62\/2026\/04\/WhatsApp-Image-2026-04-29-at-16.19.16-947x567.jpeg",947,567,true],"page-small":["https:\/\/portal.pi.gov.br\/detran\/wp-content\/uploads\/sites\/62\/2026\/04\/WhatsApp-Image-2026-04-29-at-16.19.16-624x373.jpeg",624,373,true],"loop-main":["https:\/\/portal.pi.gov.br\/detran\/wp-content\/uploads\/sites\/62\/2026\/04\/WhatsApp-Image-2026-04-29-at-16.19.16-365x240.jpeg",365,240,true],"thumb-gallery-widget":["https:\/\/portal.pi.gov.br\/detran\/wp-content\/uploads\/sites\/62\/2026\/04\/WhatsApp-Image-2026-04-29-at-16.19.16-84x56.jpeg",84,56,true]},"post_excerpt_stackable_v2":"<p>Dados divulgados nesta quarta-feira (29) pelo Instituto Brasileiro de Geografia e Estat\u00edstica (IBGE) revelam uma realidade preocupante sobre a seguran\u00e7a no tr\u00e2nsito no Piau\u00ed. De acordo com o levantamento, 46,1% dos adolescentes com idades entre 13 e 17 anos afirmaram j\u00e1 ter conduzido ve\u00edculos sem Carteira Nacional de Habilita\u00e7\u00e3o (CNH), incluindo carros, motocicletas e at\u00e9 mesmo barcos. Os dados fazem parte da Pesquisa Nacional de Sa\u00fade do Escolar (PeNSE), referente ao ano de 2024. O Piau\u00ed possui a sexta maior propor\u00e7\u00e3o de escolares nessa faixa et\u00e1ria que j\u00e1 conduziram ve\u00edculos automotores nos 30 dias anteriores \u00e0 pesquisa. Em rela\u00e7\u00e3o \u00e0&hellip;<\/p>\n","category_list_v2":"<a href=\"https:\/\/portal.pi.gov.br\/detran\/category\/noticias\/\" rel=\"category tag\">Not\u00edcias<\/a>","author_info_v2":{"name":"nathaliaamaral","url":"https:\/\/portal.pi.gov.br\/detran\/author\/nathaliaamaral\/"},"comments_num_v2":"0 coment\u00e1rio","jetpack_featured_media_url":"https:\/\/portal.pi.gov.br\/detran\/wp-content\/uploads\/sites\/62\/2026\/04\/WhatsApp-Image-2026-04-29-at-16.19.16.jpeg","_links":{"self":[{"href":"https:\/\/portal.pi.gov.br\/detran\/wp-json\/wp\/v2\/posts\/4232"}],"collection":[{"href":"https:\/\/portal.pi.gov.br\/detran\/wp-json\/wp\/v2\/posts"}],"about":[{"href":"https:\/\/portal.pi.gov.br\/detran\/wp-json\/wp\/v2\/types\/post"}],"author":[{"embeddable":true,"href":"https:\/\/portal.pi.gov.br\/detran\/wp-json\/wp\/v2\/users\/1849"}],"replies":[{"embeddable":true,"href":"https:\/\/portal.pi.gov.br\/detran\/wp-json\/wp\/v2\/comments?post=4232"}],"version-history":[{"count":1,"href":"https:\/\/portal.pi.gov.br\/detran\/wp-json\/wp\/v2\/posts\/4232\/revisions"}],"predecessor-version":[{"id":4234,"href":"https:\/\/portal.pi.gov.br\/detran\/wp-json\/wp\/v2\/posts\/4232\/revisions\/4234"}],"wp:featuredmedia":[{"embeddable":true,"href":"https:\/\/portal.pi.gov.br\/detran\/wp-json\/wp\/v2\/media\/4233"}],"wp:attachment":[{"href":"https:\/\/portal.pi.gov.br\/detran\/wp-json\/wp\/v2\/media?parent=4232"}],"wp:term":[{"taxonomy":"category","embeddable":true,"href":"https:\/\/portal.pi.gov.br\/detran\/wp-json\/wp\/v2\/categories?post=4232"},{"taxonomy":"post_tag","embeddable":true,"href":"https:\/\/portal.pi.gov.br\/detran\/wp-json\/wp\/v2\/tags?post=4232"}],"curies":[{"name":"wp","href":"https:\/\/api.w.org\/{rel}","templated":true}]}}