{"id":3823,"date":"2026-04-22T13:14:25","date_gmt":"2026-04-22T16:14:25","guid":{"rendered":"https:\/\/portal.pi.gov.br\/emgerpi\/?p=3823"},"modified":"2026-04-23T10:32:28","modified_gmt":"2026-04-23T13:32:28","slug":"arquivo-geral-da-emgerpi-participa-da-1o-conferencia-estadual-de-arquivos","status":"publish","type":"post","link":"https:\/\/portal.pi.gov.br\/emgerpi\/2026\/04\/22\/arquivo-geral-da-emgerpi-participa-da-1o-conferencia-estadual-de-arquivos\/","title":{"rendered":"Arquivo Geral da Emgerpi participa da 1\u00ba Confer\u00eancia Estadual de Arquivos"},"content":{"rendered":"\n<p>O Arquivo Geral da Empresa de Gest\u00e3o de Recursos do Estado do Piau\u00ed (Emgerpi) marcou presen\u00e7a da 1\u00aa Confer\u00eancia Estadual de Arquivos, etapa preparat\u00f3ria para a 2\u00aa Confer\u00eancia Nacional de Arquivos (CNArq). A inciativa, realizada no \u00faltimo s\u00e1bado, (18), reuniu 16 delegados do Piau\u00ed, das 3 esferas, gestores e institui\u00e7\u00f5es atuantes na gest\u00e3o documental e na preserva\u00e7\u00e3o da mem\u00f3ria p\u00fablica, al\u00e9m de representantes da sociedade civil.<\/p>\n\n\n\n<p>O evento teve como objetivo debater diretrizes e propostas para o fortalecimento da Pol\u00edtica Nacional de Arquivos, destacando o papel estrat\u00e9gico dos arquivos p\u00fablicos na garantia da transpar\u00eancia, do acesso \u00e0 informa\u00e7\u00e3o e da democracia.<\/p>\n\n\n\n<figure class=\"wp-block-image size-large is-resized\"><img decoding=\"async\" loading=\"lazy\" src=\"https:\/\/portal.pi.gov.br\/emgerpi\/wp-content\/uploads\/sites\/90\/2026\/04\/WhatsApp-Image-2026-04-22-at-13.07.31-1024x768.jpeg\" alt=\"\" class=\"wp-image-3824\" width=\"548\" height=\"411\" srcset=\"https:\/\/portal.pi.gov.br\/emgerpi\/wp-content\/uploads\/sites\/90\/2026\/04\/WhatsApp-Image-2026-04-22-at-13.07.31-1024x768.jpeg 1024w, https:\/\/portal.pi.gov.br\/emgerpi\/wp-content\/uploads\/sites\/90\/2026\/04\/WhatsApp-Image-2026-04-22-at-13.07.31-300x225.jpeg 300w, https:\/\/portal.pi.gov.br\/emgerpi\/wp-content\/uploads\/sites\/90\/2026\/04\/WhatsApp-Image-2026-04-22-at-13.07.31-768x576.jpeg 768w, https:\/\/portal.pi.gov.br\/emgerpi\/wp-content\/uploads\/sites\/90\/2026\/04\/WhatsApp-Image-2026-04-22-at-13.07.31-420x315.jpeg 420w, https:\/\/portal.pi.gov.br\/emgerpi\/wp-content\/uploads\/sites\/90\/2026\/04\/WhatsApp-Image-2026-04-22-at-13.07.31-540x405.jpeg 540w, https:\/\/portal.pi.gov.br\/emgerpi\/wp-content\/uploads\/sites\/90\/2026\/04\/WhatsApp-Image-2026-04-22-at-13.07.31-780x585.jpeg 780w, https:\/\/portal.pi.gov.br\/emgerpi\/wp-content\/uploads\/sites\/90\/2026\/04\/WhatsApp-Image-2026-04-22-at-13.07.31-947x710.jpeg 947w, https:\/\/portal.pi.gov.br\/emgerpi\/wp-content\/uploads\/sites\/90\/2026\/04\/WhatsApp-Image-2026-04-22-at-13.07.31-624x468.jpeg 624w, https:\/\/portal.pi.gov.br\/emgerpi\/wp-content\/uploads\/sites\/90\/2026\/04\/WhatsApp-Image-2026-04-22-at-13.07.31.jpeg 1405w\" sizes=\"(max-width: 548px) 100vw, 548px\" \/><\/figure>\n\n\n\n<p>\u201cO encontro foi extremamente importante para a troca de experi\u00eancias e gerou oportunidades rec\u00edprocas de conhecimento da situa\u00e7\u00e3o dos arquivos do estado do Piau\u00ed. Tamb\u00e9m houve oportunidade de disponibiliza\u00e7\u00e3o de instrumentais desses arquivos pelos seus custodiadores al\u00e9m de quest\u00f5es como espa\u00e7o f\u00edsico permanente, modos de preserva\u00e7\u00e3o e digitaliza\u00e7\u00e3o dos acervos\u201d, acrescentou a coordenadora do Arquivo Geral da Emgerpi , Aldenires Lima.<\/p>\n\n\n\n<figure class=\"wp-block-image size-large is-resized\"><img decoding=\"async\" loading=\"lazy\" src=\"https:\/\/portal.pi.gov.br\/emgerpi\/wp-content\/uploads\/sites\/90\/2026\/04\/WhatsApp-Image-2026-04-22-at-13.07.31-1-1024x768.jpeg\" alt=\"\" class=\"wp-image-3825\" width=\"548\" height=\"411\" srcset=\"https:\/\/portal.pi.gov.br\/emgerpi\/wp-content\/uploads\/sites\/90\/2026\/04\/WhatsApp-Image-2026-04-22-at-13.07.31-1-1024x768.jpeg 1024w, https:\/\/portal.pi.gov.br\/emgerpi\/wp-content\/uploads\/sites\/90\/2026\/04\/WhatsApp-Image-2026-04-22-at-13.07.31-1-300x225.jpeg 300w, https:\/\/portal.pi.gov.br\/emgerpi\/wp-content\/uploads\/sites\/90\/2026\/04\/WhatsApp-Image-2026-04-22-at-13.07.31-1-768x576.jpeg 768w, https:\/\/portal.pi.gov.br\/emgerpi\/wp-content\/uploads\/sites\/90\/2026\/04\/WhatsApp-Image-2026-04-22-at-13.07.31-1-420x315.jpeg 420w, https:\/\/portal.pi.gov.br\/emgerpi\/wp-content\/uploads\/sites\/90\/2026\/04\/WhatsApp-Image-2026-04-22-at-13.07.31-1-540x405.jpeg 540w, https:\/\/portal.pi.gov.br\/emgerpi\/wp-content\/uploads\/sites\/90\/2026\/04\/WhatsApp-Image-2026-04-22-at-13.07.31-1-780x585.jpeg 780w, https:\/\/portal.pi.gov.br\/emgerpi\/wp-content\/uploads\/sites\/90\/2026\/04\/WhatsApp-Image-2026-04-22-at-13.07.31-1-1536x1152.jpeg 1536w, https:\/\/portal.pi.gov.br\/emgerpi\/wp-content\/uploads\/sites\/90\/2026\/04\/WhatsApp-Image-2026-04-22-at-13.07.31-1-947x710.jpeg 947w, https:\/\/portal.pi.gov.br\/emgerpi\/wp-content\/uploads\/sites\/90\/2026\/04\/WhatsApp-Image-2026-04-22-at-13.07.31-1-624x468.jpeg 624w, https:\/\/portal.pi.gov.br\/emgerpi\/wp-content\/uploads\/sites\/90\/2026\/04\/WhatsApp-Image-2026-04-22-at-13.07.31-1.jpeg 1556w\" sizes=\"(max-width: 548px) 100vw, 548px\" \/><\/figure>\n\n\n\n<p>Durante a Confer\u00eancia, foram eleitos dois representantes delegados dos arquivos da Secretaria de Educa\u00e7\u00e3o (Seduc) e a Emgerpi tamb\u00e9m passou a contar com representa\u00e7\u00e3o, tendo Aldenires Lima como suplente \u00e0 Confer\u00eancia Nacional de Arquivos, que ser\u00e1 realizada em Bras\u00edlia.<\/p>\n\n\n\n<figure class=\"wp-block-image size-large is-resized\"><img decoding=\"async\" src=\"https:\/\/portal.pi.gov.br\/emgerpi\/wp-content\/uploads\/sites\/90\/2026\/04\/WhatsApp-Image-2026-04-22-at-13.08.16-edited.jpeg\" alt=\"\" class=\"wp-image-3827\" width=\"411\" srcset=\"https:\/\/portal.pi.gov.br\/emgerpi\/wp-content\/uploads\/sites\/90\/2026\/04\/WhatsApp-Image-2026-04-22-at-13.08.16-edited.jpeg 1170w, https:\/\/portal.pi.gov.br\/emgerpi\/wp-content\/uploads\/sites\/90\/2026\/04\/WhatsApp-Image-2026-04-22-at-13.08.16-edited-300x300.jpeg 300w, https:\/\/portal.pi.gov.br\/emgerpi\/wp-content\/uploads\/sites\/90\/2026\/04\/WhatsApp-Image-2026-04-22-at-13.08.16-edited-1024x1024.jpeg 1024w, https:\/\/portal.pi.gov.br\/emgerpi\/wp-content\/uploads\/sites\/90\/2026\/04\/WhatsApp-Image-2026-04-22-at-13.08.16-edited-150x150.jpeg 150w, https:\/\/portal.pi.gov.br\/emgerpi\/wp-content\/uploads\/sites\/90\/2026\/04\/WhatsApp-Image-2026-04-22-at-13.08.16-edited-768x768.jpeg 768w, https:\/\/portal.pi.gov.br\/emgerpi\/wp-content\/uploads\/sites\/90\/2026\/04\/WhatsApp-Image-2026-04-22-at-13.08.16-edited-420x420.jpeg 420w, https:\/\/portal.pi.gov.br\/emgerpi\/wp-content\/uploads\/sites\/90\/2026\/04\/WhatsApp-Image-2026-04-22-at-13.08.16-edited-540x540.jpeg 540w, https:\/\/portal.pi.gov.br\/emgerpi\/wp-content\/uploads\/sites\/90\/2026\/04\/WhatsApp-Image-2026-04-22-at-13.08.16-edited-780x780.jpeg 780w, https:\/\/portal.pi.gov.br\/emgerpi\/wp-content\/uploads\/sites\/90\/2026\/04\/WhatsApp-Image-2026-04-22-at-13.08.16-edited-947x947.jpeg 947w, https:\/\/portal.pi.gov.br\/emgerpi\/wp-content\/uploads\/sites\/90\/2026\/04\/WhatsApp-Image-2026-04-22-at-13.08.16-edited-624x624.jpeg 624w\" sizes=\"(max-width: 1170px) 100vw, 1170px\" \/><\/figure>\n\n\n\n<p>Para a Emgerpi, a presen\u00e7a no evento evidencia o compromisso com a qualifica\u00e7\u00e3o da gest\u00e3o, a valoriza\u00e7\u00e3o dos acervos documentais e a ado\u00e7\u00e3o de pr\u00e1ticas inovadoras que ampliem o acesso e a transpar\u00eancia das informa\u00e7\u00f5es no Estado do Piau\u00ed. A 2\u00ba Confer\u00eancia Nacional de Arquivos (CNArq), dever\u00e1 ocorrer de 26 a 28 de abril em Bras\u00edlia.<\/p>\n","protected":false},"excerpt":{"rendered":"<p>O Arquivo Geral da Empresa de Gest\u00e3o de Recursos do Estado do Piau\u00ed (Emgerpi) marcou presen\u00e7a da 1\u00aa Confer\u00eancia Estadual de Arquivos, etapa preparat\u00f3ria para a 2\u00aa Confer\u00eancia Nacional de [&hellip;]<\/p>\n","protected":false},"author":1820,"featured_media":3824,"comment_status":"closed","ping_status":"closed","sticky":false,"template":"","format":"standard","meta":[],"categories":[30],"tags":[271,342,341],"featured_image_urls":{"full":["https:\/\/portal.pi.gov.br\/emgerpi\/wp-content\/uploads\/sites\/90\/2026\/04\/WhatsApp-Image-2026-04-22-at-13.07.31.jpeg",1405,1054,false],"thumbnail":["https:\/\/portal.pi.gov.br\/emgerpi\/wp-content\/uploads\/sites\/90\/2026\/04\/WhatsApp-Image-2026-04-22-at-13.07.31-150x150.jpeg",150,150,true],"medium":["https:\/\/portal.pi.gov.br\/emgerpi\/wp-content\/uploads\/sites\/90\/2026\/04\/WhatsApp-Image-2026-04-22-at-13.07.31-300x225.jpeg",300,225,true],"medium_large":["https:\/\/portal.pi.gov.br\/emgerpi\/wp-content\/uploads\/sites\/90\/2026\/04\/WhatsApp-Image-2026-04-22-at-13.07.31-768x576.jpeg",768,576,true],"large":["https:\/\/portal.pi.gov.br\/emgerpi\/wp-content\/uploads\/sites\/90\/2026\/04\/WhatsApp-Image-2026-04-22-at-13.07.31-1024x768.jpeg",887,665,true],"sgg-420":["https:\/\/portal.pi.gov.br\/emgerpi\/wp-content\/uploads\/sites\/90\/2026\/04\/WhatsApp-Image-2026-04-22-at-13.07.31-420x315.jpeg",420,315,true],"sgg-540":["https:\/\/portal.pi.gov.br\/emgerpi\/wp-content\/uploads\/sites\/90\/2026\/04\/WhatsApp-Image-2026-04-22-at-13.07.31-540x405.jpeg",540,405,true],"sgg-780":["https:\/\/portal.pi.gov.br\/emgerpi\/wp-content\/uploads\/sites\/90\/2026\/04\/WhatsApp-Image-2026-04-22-at-13.07.31-780x585.jpeg",780,585,true],"1536x1536":["https:\/\/portal.pi.gov.br\/emgerpi\/wp-content\/uploads\/sites\/90\/2026\/04\/WhatsApp-Image-2026-04-22-at-13.07.31.jpeg",1405,1054,false],"2048x2048":["https:\/\/portal.pi.gov.br\/emgerpi\/wp-content\/uploads\/sites\/90\/2026\/04\/WhatsApp-Image-2026-04-22-at-13.07.31.jpeg",1405,1054,false],"homepage-slider":["https:\/\/portal.pi.gov.br\/emgerpi\/wp-content\/uploads\/sites\/90\/2026\/04\/WhatsApp-Image-2026-04-22-at-13.07.31-1270x500.jpeg",1270,500,true],"homepage-slider-small":["https:\/\/portal.pi.gov.br\/emgerpi\/wp-content\/uploads\/sites\/90\/2026\/04\/WhatsApp-Image-2026-04-22-at-13.07.31-947x500.jpeg",947,500,true],"page-top":["https:\/\/portal.pi.gov.br\/emgerpi\/wp-content\/uploads\/sites\/90\/2026\/04\/WhatsApp-Image-2026-04-22-at-13.07.31-947x710.jpeg",947,710,true],"page-small":["https:\/\/portal.pi.gov.br\/emgerpi\/wp-content\/uploads\/sites\/90\/2026\/04\/WhatsApp-Image-2026-04-22-at-13.07.31-624x468.jpeg",624,468,true],"loop-main":["https:\/\/portal.pi.gov.br\/emgerpi\/wp-content\/uploads\/sites\/90\/2026\/04\/WhatsApp-Image-2026-04-22-at-13.07.31-365x240.jpeg",365,240,true],"thumb-gallery-widget":["https:\/\/portal.pi.gov.br\/emgerpi\/wp-content\/uploads\/sites\/90\/2026\/04\/WhatsApp-Image-2026-04-22-at-13.07.31-84x56.jpeg",84,56,true]},"post_excerpt_stackable":"<p>O Arquivo Geral da Empresa de Gest\u00e3o de Recursos do Estado do Piau\u00ed (Emgerpi) marcou presen\u00e7a da 1\u00aa Confer\u00eancia Estadual de Arquivos, etapa preparat\u00f3ria para a 2\u00aa Confer\u00eancia Nacional de Arquivos (CNArq). A inciativa, realizada no \u00faltimo s\u00e1bado, (18), reuniu 16 delegados do Piau\u00ed, das 3 esferas, gestores e institui\u00e7\u00f5es atuantes na gest\u00e3o documental e na preserva\u00e7\u00e3o da mem\u00f3ria p\u00fablica, al\u00e9m de representantes da sociedade civil. O evento teve como objetivo debater diretrizes e propostas para o fortalecimento da Pol\u00edtica Nacional de Arquivos, destacando o papel estrat\u00e9gico dos arquivos p\u00fablicos na garantia da transpar\u00eancia, do acesso \u00e0 informa\u00e7\u00e3o e da&hellip;<\/p>\n","category_list":"<a href=\"https:\/\/portal.pi.gov.br\/emgerpi\/category\/noticias\/\" rel=\"category tag\">Not\u00edcias<\/a>","author_info":{"name":"ranilzap","url":"https:\/\/portal.pi.gov.br\/emgerpi\/author\/ranilzap\/"},"comments_num":"0 coment\u00e1rio","featured_image_urls_v2":{"full":["https:\/\/portal.pi.gov.br\/emgerpi\/wp-content\/uploads\/sites\/90\/2026\/04\/WhatsApp-Image-2026-04-22-at-13.07.31.jpeg",1405,1054,false],"thumbnail":["https:\/\/portal.pi.gov.br\/emgerpi\/wp-content\/uploads\/sites\/90\/2026\/04\/WhatsApp-Image-2026-04-22-at-13.07.31-150x150.jpeg",150,150,true],"medium":["https:\/\/portal.pi.gov.br\/emgerpi\/wp-content\/uploads\/sites\/90\/2026\/04\/WhatsApp-Image-2026-04-22-at-13.07.31-300x225.jpeg",300,225,true],"medium_large":["https:\/\/portal.pi.gov.br\/emgerpi\/wp-content\/uploads\/sites\/90\/2026\/04\/WhatsApp-Image-2026-04-22-at-13.07.31-768x576.jpeg",768,576,true],"large":["https:\/\/portal.pi.gov.br\/emgerpi\/wp-content\/uploads\/sites\/90\/2026\/04\/WhatsApp-Image-2026-04-22-at-13.07.31-1024x768.jpeg",887,665,true],"sgg-420":["https:\/\/portal.pi.gov.br\/emgerpi\/wp-content\/uploads\/sites\/90\/2026\/04\/WhatsApp-Image-2026-04-22-at-13.07.31-420x315.jpeg",420,315,true],"sgg-540":["https:\/\/portal.pi.gov.br\/emgerpi\/wp-content\/uploads\/sites\/90\/2026\/04\/WhatsApp-Image-2026-04-22-at-13.07.31-540x405.jpeg",540,405,true],"sgg-780":["https:\/\/portal.pi.gov.br\/emgerpi\/wp-content\/uploads\/sites\/90\/2026\/04\/WhatsApp-Image-2026-04-22-at-13.07.31-780x585.jpeg",780,585,true],"1536x1536":["https:\/\/portal.pi.gov.br\/emgerpi\/wp-content\/uploads\/sites\/90\/2026\/04\/WhatsApp-Image-2026-04-22-at-13.07.31.jpeg",1405,1054,false],"2048x2048":["https:\/\/portal.pi.gov.br\/emgerpi\/wp-content\/uploads\/sites\/90\/2026\/04\/WhatsApp-Image-2026-04-22-at-13.07.31.jpeg",1405,1054,false],"homepage-slider":["https:\/\/portal.pi.gov.br\/emgerpi\/wp-content\/uploads\/sites\/90\/2026\/04\/WhatsApp-Image-2026-04-22-at-13.07.31-1270x500.jpeg",1270,500,true],"homepage-slider-small":["https:\/\/portal.pi.gov.br\/emgerpi\/wp-content\/uploads\/sites\/90\/2026\/04\/WhatsApp-Image-2026-04-22-at-13.07.31-947x500.jpeg",947,500,true],"page-top":["https:\/\/portal.pi.gov.br\/emgerpi\/wp-content\/uploads\/sites\/90\/2026\/04\/WhatsApp-Image-2026-04-22-at-13.07.31-947x710.jpeg",947,710,true],"page-small":["https:\/\/portal.pi.gov.br\/emgerpi\/wp-content\/uploads\/sites\/90\/2026\/04\/WhatsApp-Image-2026-04-22-at-13.07.31-624x468.jpeg",624,468,true],"loop-main":["https:\/\/portal.pi.gov.br\/emgerpi\/wp-content\/uploads\/sites\/90\/2026\/04\/WhatsApp-Image-2026-04-22-at-13.07.31-365x240.jpeg",365,240,true],"thumb-gallery-widget":["https:\/\/portal.pi.gov.br\/emgerpi\/wp-content\/uploads\/sites\/90\/2026\/04\/WhatsApp-Image-2026-04-22-at-13.07.31-84x56.jpeg",84,56,true]},"post_excerpt_stackable_v2":"<p>O Arquivo Geral da Empresa de Gest\u00e3o de Recursos do Estado do Piau\u00ed (Emgerpi) marcou presen\u00e7a da 1\u00aa Confer\u00eancia Estadual de Arquivos, etapa preparat\u00f3ria para a 2\u00aa Confer\u00eancia Nacional de Arquivos (CNArq). A inciativa, realizada no \u00faltimo s\u00e1bado, (18), reuniu 16 delegados do Piau\u00ed, das 3 esferas, gestores e institui\u00e7\u00f5es atuantes na gest\u00e3o documental e na preserva\u00e7\u00e3o da mem\u00f3ria p\u00fablica, al\u00e9m de representantes da sociedade civil. O evento teve como objetivo debater diretrizes e propostas para o fortalecimento da Pol\u00edtica Nacional de Arquivos, destacando o papel estrat\u00e9gico dos arquivos p\u00fablicos na garantia da transpar\u00eancia, do acesso \u00e0 informa\u00e7\u00e3o e da&hellip;<\/p>\n","category_list_v2":"<a href=\"https:\/\/portal.pi.gov.br\/emgerpi\/category\/noticias\/\" rel=\"category tag\">Not\u00edcias<\/a>","author_info_v2":{"name":"ranilzap","url":"https:\/\/portal.pi.gov.br\/emgerpi\/author\/ranilzap\/"},"comments_num_v2":"0 coment\u00e1rio","jetpack_featured_media_url":"https:\/\/portal.pi.gov.br\/emgerpi\/wp-content\/uploads\/sites\/90\/2026\/04\/WhatsApp-Image-2026-04-22-at-13.07.31.jpeg","_links":{"self":[{"href":"https:\/\/portal.pi.gov.br\/emgerpi\/wp-json\/wp\/v2\/posts\/3823"}],"collection":[{"href":"https:\/\/portal.pi.gov.br\/emgerpi\/wp-json\/wp\/v2\/posts"}],"about":[{"href":"https:\/\/portal.pi.gov.br\/emgerpi\/wp-json\/wp\/v2\/types\/post"}],"author":[{"embeddable":true,"href":"https:\/\/portal.pi.gov.br\/emgerpi\/wp-json\/wp\/v2\/users\/1820"}],"replies":[{"embeddable":true,"href":"https:\/\/portal.pi.gov.br\/emgerpi\/wp-json\/wp\/v2\/comments?post=3823"}],"version-history":[{"count":2,"href":"https:\/\/portal.pi.gov.br\/emgerpi\/wp-json\/wp\/v2\/posts\/3823\/revisions"}],"predecessor-version":[{"id":3833,"href":"https:\/\/portal.pi.gov.br\/emgerpi\/wp-json\/wp\/v2\/posts\/3823\/revisions\/3833"}],"wp:featuredmedia":[{"embeddable":true,"href":"https:\/\/portal.pi.gov.br\/emgerpi\/wp-json\/wp\/v2\/media\/3824"}],"wp:attachment":[{"href":"https:\/\/portal.pi.gov.br\/emgerpi\/wp-json\/wp\/v2\/media?parent=3823"}],"wp:term":[{"taxonomy":"category","embeddable":true,"href":"https:\/\/portal.pi.gov.br\/emgerpi\/wp-json\/wp\/v2\/categories?post=3823"},{"taxonomy":"post_tag","embeddable":true,"href":"https:\/\/portal.pi.gov.br\/emgerpi\/wp-json\/wp\/v2\/tags?post=3823"}],"curies":[{"name":"wp","href":"https:\/\/api.w.org\/{rel}","templated":true}]}}