{"id":3835,"date":"2026-04-23T13:44:08","date_gmt":"2026-04-23T16:44:08","guid":{"rendered":"https:\/\/portal.pi.gov.br\/emgerpi\/?p=3835"},"modified":"2026-04-23T13:44:09","modified_gmt":"2026-04-23T16:44:09","slug":"presidente-e-funcionarios-da-emgerpi-sao-premiados-na-edicao-premio-escola-de-governo","status":"publish","type":"post","link":"https:\/\/portal.pi.gov.br\/emgerpi\/2026\/04\/23\/presidente-e-funcionarios-da-emgerpi-sao-premiados-na-edicao-premio-escola-de-governo\/","title":{"rendered":"Presidente e funcion\u00e1rios da Emgerpi s\u00e3o premiados na Edi\u00e7\u00e3o Pr\u00eamio Escola de Governo"},"content":{"rendered":"\n<p><\/p>\n\n\n\n<p>A Empresa de Gest\u00e3o de Recursos do Piau\u00ed (Emgerpi) foi destaque, mais uma vez, em solenidade de importantes premia\u00e7\u00f5es estaduais. Na noite dessa quarta-feira (22), o diretor-presidente, Ant\u00f4nio Torres,  e funcion\u00e1rios destaques estiveram na &#8211; Edi\u00e7\u00e3o do Pr\u00eamio Escola de Governo para receber mais t\u00edtulos de reconhecimento do compromisso e trabalhos prestados pela empresa de economia mista.<\/p>\n\n\n<div class=\"wp-block-image\">\n<figure class=\"aligncenter size-large is-resized\"><img decoding=\"async\" loading=\"lazy\" src=\"https:\/\/portal.pi.gov.br\/emgerpi\/wp-content\/uploads\/sites\/90\/2026\/04\/IMG-20260423-WA0092-1024x683.jpg\" alt=\"\" class=\"wp-image-3836\" width=\"493\" height=\"328\" srcset=\"https:\/\/portal.pi.gov.br\/emgerpi\/wp-content\/uploads\/sites\/90\/2026\/04\/IMG-20260423-WA0092-1024x683.jpg 1024w, https:\/\/portal.pi.gov.br\/emgerpi\/wp-content\/uploads\/sites\/90\/2026\/04\/IMG-20260423-WA0092-300x200.jpg 300w, https:\/\/portal.pi.gov.br\/emgerpi\/wp-content\/uploads\/sites\/90\/2026\/04\/IMG-20260423-WA0092-768x512.jpg 768w, https:\/\/portal.pi.gov.br\/emgerpi\/wp-content\/uploads\/sites\/90\/2026\/04\/IMG-20260423-WA0092-420x280.jpg 420w, https:\/\/portal.pi.gov.br\/emgerpi\/wp-content\/uploads\/sites\/90\/2026\/04\/IMG-20260423-WA0092-540x360.jpg 540w, https:\/\/portal.pi.gov.br\/emgerpi\/wp-content\/uploads\/sites\/90\/2026\/04\/IMG-20260423-WA0092-780x520.jpg 780w, https:\/\/portal.pi.gov.br\/emgerpi\/wp-content\/uploads\/sites\/90\/2026\/04\/IMG-20260423-WA0092-947x631.jpg 947w, https:\/\/portal.pi.gov.br\/emgerpi\/wp-content\/uploads\/sites\/90\/2026\/04\/IMG-20260423-WA0092-624x416.jpg 624w, https:\/\/portal.pi.gov.br\/emgerpi\/wp-content\/uploads\/sites\/90\/2026\/04\/IMG-20260423-WA0092-84x56.jpg 84w, https:\/\/portal.pi.gov.br\/emgerpi\/wp-content\/uploads\/sites\/90\/2026\/04\/IMG-20260423-WA0092.jpg 1080w\" sizes=\"(max-width: 493px) 100vw, 493px\" \/><\/figure><\/div>\n\n\n<p>Ao receber os pr\u00eamios e certificados, Ant\u00f4nio Torres, falou da alegria de ver a Emgerpi sendo t\u00e3o bem premiada. &#8220;\u00c9 sempre uma honra estar em eventos que o nosso governo realiza para valorizar e incentivar n\u00f3s gestores e servidores a buscarem se capacitar de forma continuada. Esta premia\u00e7\u00e3o s\u00f3 mostra a nossa dedica\u00e7\u00e3o e o bom desempenho dos nossos colaboradores dentro e fora da Emgerpi. Meus parab\u00e9ns a cada um que fez parte deste importante evento para o futuro do Piau\u00ed&#8221;, disse Torres.<\/p>\n\n\n\n<p>Nos \u00faltimos anos, a Emgerpi vem celebrando conquistas importantes e pr\u00eamios estaduais, entre os mais recentes est\u00e1 o pr\u00eamio que o pr\u00f3prio diretor-presidente, Ant\u00f4nio Torres, recebeu por assumir o 3\u00ba lugar na categoria \u201cExcel\u00eancia em gest\u00e3o por resultados\u201d.<\/p>\n\n\n<div class=\"wp-block-image\">\n<figure class=\"aligncenter size-large is-resized\"><img decoding=\"async\" loading=\"lazy\" src=\"https:\/\/portal.pi.gov.br\/emgerpi\/wp-content\/uploads\/sites\/90\/2026\/04\/IMG-20260423-WA00931-1024x683.jpg\" alt=\"\" class=\"wp-image-3838\" width=\"552\" height=\"367\" srcset=\"https:\/\/portal.pi.gov.br\/emgerpi\/wp-content\/uploads\/sites\/90\/2026\/04\/IMG-20260423-WA00931-1024x683.jpg 1024w, https:\/\/portal.pi.gov.br\/emgerpi\/wp-content\/uploads\/sites\/90\/2026\/04\/IMG-20260423-WA00931-300x200.jpg 300w, https:\/\/portal.pi.gov.br\/emgerpi\/wp-content\/uploads\/sites\/90\/2026\/04\/IMG-20260423-WA00931-768x512.jpg 768w, https:\/\/portal.pi.gov.br\/emgerpi\/wp-content\/uploads\/sites\/90\/2026\/04\/IMG-20260423-WA00931-420x280.jpg 420w, https:\/\/portal.pi.gov.br\/emgerpi\/wp-content\/uploads\/sites\/90\/2026\/04\/IMG-20260423-WA00931-540x360.jpg 540w, https:\/\/portal.pi.gov.br\/emgerpi\/wp-content\/uploads\/sites\/90\/2026\/04\/IMG-20260423-WA00931-780x520.jpg 780w, https:\/\/portal.pi.gov.br\/emgerpi\/wp-content\/uploads\/sites\/90\/2026\/04\/IMG-20260423-WA00931-947x631.jpg 947w, https:\/\/portal.pi.gov.br\/emgerpi\/wp-content\/uploads\/sites\/90\/2026\/04\/IMG-20260423-WA00931-624x416.jpg 624w, https:\/\/portal.pi.gov.br\/emgerpi\/wp-content\/uploads\/sites\/90\/2026\/04\/IMG-20260423-WA00931-84x56.jpg 84w, https:\/\/portal.pi.gov.br\/emgerpi\/wp-content\/uploads\/sites\/90\/2026\/04\/IMG-20260423-WA00931.jpg 1080w\" sizes=\"(max-width: 552px) 100vw, 552px\" \/><\/figure><\/div>\n\n\n<p><\/p>\n\n\n\n<p>Em seguida, temos a conquista do colaborador Geraldo da Costa e Sousa Filho, que ficou em 2\u00ba lugar na categoria \u201cServidor que mais se capacitou\u201d.<\/p>\n\n\n\n<p>Nossos parab\u00e9ns aos empregados -Destaques individuais<br>em forma\u00e7\u00e3o 2025. Ficando no 1\u00ba lugar Sueli Quidute, no 2\u00ba lugar (empate): L\u00edgia Merces e Juliana Lopes, al\u00e9m dos setores destaque tamb\u00e9m premiados em forma\u00e7\u00e3o: equipe do setor de Cadastro e Lota\u00e7\u00e3o e a Diretoria de Gest\u00e3o e Pessoas (DGP)<\/p>\n\n\n\n<p>Na vis\u00e3o de muitos funcion\u00e1rios da Emgerpi, estas e outras premia\u00e7\u00f5es que a empresa vem recebendo s\u00e3o frutos da mudan\u00e7a de vis\u00e3o que muitos funcion\u00e1rios est\u00e3o tendo quando o assunto \u00e9 &#8211; qualifica\u00e7\u00e3o e boas pr\u00e1ticas no servi\u00e7o p\u00fablico para uma administra\u00e7\u00e3o p\u00fablica de qualidade, eficiente e apta para atender as demandas do futuro.<\/p>\n","protected":false},"excerpt":{"rendered":"<p>Emgerpi \u00e9 premiada, mais uma vez, com importantes pr\u00eamios na Edi\u00e7\u00e3o do Pr\u00eamio Escola de Governo.<\/p>\n","protected":false},"author":1758,"featured_media":3836,"comment_status":"closed","ping_status":"closed","sticky":false,"template":"","format":"standard","meta":[],"categories":[30],"tags":[40,344,345,240,343],"featured_image_urls":{"full":["https:\/\/portal.pi.gov.br\/emgerpi\/wp-content\/uploads\/sites\/90\/2026\/04\/IMG-20260423-WA0092.jpg",1080,720,false],"thumbnail":["https:\/\/portal.pi.gov.br\/emgerpi\/wp-content\/uploads\/sites\/90\/2026\/04\/IMG-20260423-WA0092-150x150.jpg",150,150,true],"medium":["https:\/\/portal.pi.gov.br\/emgerpi\/wp-content\/uploads\/sites\/90\/2026\/04\/IMG-20260423-WA0092-300x200.jpg",300,200,true],"medium_large":["https:\/\/portal.pi.gov.br\/emgerpi\/wp-content\/uploads\/sites\/90\/2026\/04\/IMG-20260423-WA0092-768x512.jpg",768,512,true],"large":["https:\/\/portal.pi.gov.br\/emgerpi\/wp-content\/uploads\/sites\/90\/2026\/04\/IMG-20260423-WA0092-1024x683.jpg",887,592,true],"sgg-420":["https:\/\/portal.pi.gov.br\/emgerpi\/wp-content\/uploads\/sites\/90\/2026\/04\/IMG-20260423-WA0092-420x280.jpg",420,280,true],"sgg-540":["https:\/\/portal.pi.gov.br\/emgerpi\/wp-content\/uploads\/sites\/90\/2026\/04\/IMG-20260423-WA0092-540x360.jpg",540,360,true],"sgg-780":["https:\/\/portal.pi.gov.br\/emgerpi\/wp-content\/uploads\/sites\/90\/2026\/04\/IMG-20260423-WA0092-780x520.jpg",780,520,true],"1536x1536":["https:\/\/portal.pi.gov.br\/emgerpi\/wp-content\/uploads\/sites\/90\/2026\/04\/IMG-20260423-WA0092.jpg",1080,720,false],"2048x2048":["https:\/\/portal.pi.gov.br\/emgerpi\/wp-content\/uploads\/sites\/90\/2026\/04\/IMG-20260423-WA0092.jpg",1080,720,false],"homepage-slider":["https:\/\/portal.pi.gov.br\/emgerpi\/wp-content\/uploads\/sites\/90\/2026\/04\/IMG-20260423-WA0092-1080x500.jpg",1080,500,true],"homepage-slider-small":["https:\/\/portal.pi.gov.br\/emgerpi\/wp-content\/uploads\/sites\/90\/2026\/04\/IMG-20260423-WA0092-947x500.jpg",947,500,true],"page-top":["https:\/\/portal.pi.gov.br\/emgerpi\/wp-content\/uploads\/sites\/90\/2026\/04\/IMG-20260423-WA0092-947x631.jpg",947,631,true],"page-small":["https:\/\/portal.pi.gov.br\/emgerpi\/wp-content\/uploads\/sites\/90\/2026\/04\/IMG-20260423-WA0092-624x416.jpg",624,416,true],"loop-main":["https:\/\/portal.pi.gov.br\/emgerpi\/wp-content\/uploads\/sites\/90\/2026\/04\/IMG-20260423-WA0092-365x240.jpg",365,240,true],"thumb-gallery-widget":["https:\/\/portal.pi.gov.br\/emgerpi\/wp-content\/uploads\/sites\/90\/2026\/04\/IMG-20260423-WA0092-84x56.jpg",84,56,true]},"post_excerpt_stackable":"<p>Emgerpi \u00e9 premiada, mais uma vez, com importantes pr\u00eamios na Edi\u00e7\u00e3o do Pr\u00eamio Escola de Governo.<\/p>\n","category_list":"<a href=\"https:\/\/portal.pi.gov.br\/emgerpi\/category\/noticias\/\" rel=\"category tag\">Not\u00edcias<\/a>","author_info":{"name":"adrianacarvalho","url":"https:\/\/portal.pi.gov.br\/emgerpi\/author\/adrianamoura\/"},"comments_num":"0 coment\u00e1rio","featured_image_urls_v2":{"full":["https:\/\/portal.pi.gov.br\/emgerpi\/wp-content\/uploads\/sites\/90\/2026\/04\/IMG-20260423-WA0092.jpg",1080,720,false],"thumbnail":["https:\/\/portal.pi.gov.br\/emgerpi\/wp-content\/uploads\/sites\/90\/2026\/04\/IMG-20260423-WA0092-150x150.jpg",150,150,true],"medium":["https:\/\/portal.pi.gov.br\/emgerpi\/wp-content\/uploads\/sites\/90\/2026\/04\/IMG-20260423-WA0092-300x200.jpg",300,200,true],"medium_large":["https:\/\/portal.pi.gov.br\/emgerpi\/wp-content\/uploads\/sites\/90\/2026\/04\/IMG-20260423-WA0092-768x512.jpg",768,512,true],"large":["https:\/\/portal.pi.gov.br\/emgerpi\/wp-content\/uploads\/sites\/90\/2026\/04\/IMG-20260423-WA0092-1024x683.jpg",887,592,true],"sgg-420":["https:\/\/portal.pi.gov.br\/emgerpi\/wp-content\/uploads\/sites\/90\/2026\/04\/IMG-20260423-WA0092-420x280.jpg",420,280,true],"sgg-540":["https:\/\/portal.pi.gov.br\/emgerpi\/wp-content\/uploads\/sites\/90\/2026\/04\/IMG-20260423-WA0092-540x360.jpg",540,360,true],"sgg-780":["https:\/\/portal.pi.gov.br\/emgerpi\/wp-content\/uploads\/sites\/90\/2026\/04\/IMG-20260423-WA0092-780x520.jpg",780,520,true],"1536x1536":["https:\/\/portal.pi.gov.br\/emgerpi\/wp-content\/uploads\/sites\/90\/2026\/04\/IMG-20260423-WA0092.jpg",1080,720,false],"2048x2048":["https:\/\/portal.pi.gov.br\/emgerpi\/wp-content\/uploads\/sites\/90\/2026\/04\/IMG-20260423-WA0092.jpg",1080,720,false],"homepage-slider":["https:\/\/portal.pi.gov.br\/emgerpi\/wp-content\/uploads\/sites\/90\/2026\/04\/IMG-20260423-WA0092-1080x500.jpg",1080,500,true],"homepage-slider-small":["https:\/\/portal.pi.gov.br\/emgerpi\/wp-content\/uploads\/sites\/90\/2026\/04\/IMG-20260423-WA0092-947x500.jpg",947,500,true],"page-top":["https:\/\/portal.pi.gov.br\/emgerpi\/wp-content\/uploads\/sites\/90\/2026\/04\/IMG-20260423-WA0092-947x631.jpg",947,631,true],"page-small":["https:\/\/portal.pi.gov.br\/emgerpi\/wp-content\/uploads\/sites\/90\/2026\/04\/IMG-20260423-WA0092-624x416.jpg",624,416,true],"loop-main":["https:\/\/portal.pi.gov.br\/emgerpi\/wp-content\/uploads\/sites\/90\/2026\/04\/IMG-20260423-WA0092-365x240.jpg",365,240,true],"thumb-gallery-widget":["https:\/\/portal.pi.gov.br\/emgerpi\/wp-content\/uploads\/sites\/90\/2026\/04\/IMG-20260423-WA0092-84x56.jpg",84,56,true]},"post_excerpt_stackable_v2":"<p>Emgerpi \u00e9 premiada, mais uma vez, com importantes pr\u00eamios na Edi\u00e7\u00e3o do Pr\u00eamio Escola de Governo.<\/p>\n","category_list_v2":"<a href=\"https:\/\/portal.pi.gov.br\/emgerpi\/category\/noticias\/\" rel=\"category tag\">Not\u00edcias<\/a>","author_info_v2":{"name":"adrianacarvalho","url":"https:\/\/portal.pi.gov.br\/emgerpi\/author\/adrianamoura\/"},"comments_num_v2":"0 coment\u00e1rio","jetpack_featured_media_url":"https:\/\/portal.pi.gov.br\/emgerpi\/wp-content\/uploads\/sites\/90\/2026\/04\/IMG-20260423-WA0092.jpg","_links":{"self":[{"href":"https:\/\/portal.pi.gov.br\/emgerpi\/wp-json\/wp\/v2\/posts\/3835"}],"collection":[{"href":"https:\/\/portal.pi.gov.br\/emgerpi\/wp-json\/wp\/v2\/posts"}],"about":[{"href":"https:\/\/portal.pi.gov.br\/emgerpi\/wp-json\/wp\/v2\/types\/post"}],"author":[{"embeddable":true,"href":"https:\/\/portal.pi.gov.br\/emgerpi\/wp-json\/wp\/v2\/users\/1758"}],"replies":[{"embeddable":true,"href":"https:\/\/portal.pi.gov.br\/emgerpi\/wp-json\/wp\/v2\/comments?post=3835"}],"version-history":[{"count":1,"href":"https:\/\/portal.pi.gov.br\/emgerpi\/wp-json\/wp\/v2\/posts\/3835\/revisions"}],"predecessor-version":[{"id":3839,"href":"https:\/\/portal.pi.gov.br\/emgerpi\/wp-json\/wp\/v2\/posts\/3835\/revisions\/3839"}],"wp:featuredmedia":[{"embeddable":true,"href":"https:\/\/portal.pi.gov.br\/emgerpi\/wp-json\/wp\/v2\/media\/3836"}],"wp:attachment":[{"href":"https:\/\/portal.pi.gov.br\/emgerpi\/wp-json\/wp\/v2\/media?parent=3835"}],"wp:term":[{"taxonomy":"category","embeddable":true,"href":"https:\/\/portal.pi.gov.br\/emgerpi\/wp-json\/wp\/v2\/categories?post=3835"},{"taxonomy":"post_tag","embeddable":true,"href":"https:\/\/portal.pi.gov.br\/emgerpi\/wp-json\/wp\/v2\/tags?post=3835"}],"curies":[{"name":"wp","href":"https:\/\/api.w.org\/{rel}","templated":true}]}}