{"id":3308,"date":"2026-03-13T13:21:40","date_gmt":"2026-03-13T16:21:40","guid":{"rendered":"https:\/\/portal.pi.gov.br\/jucepi\/?p=3308"},"modified":"2026-03-16T12:25:50","modified_gmt":"2026-03-16T15:25:50","slug":"jucepi-prestigia-posse-do-piauiense-joaquim-bezerra-na-presidencia-do-cfc","status":"publish","type":"post","link":"https:\/\/portal.pi.gov.br\/jucepi\/2026\/03\/13\/jucepi-prestigia-posse-do-piauiense-joaquim-bezerra-na-presidencia-do-cfc\/","title":{"rendered":"Jucepi prestigia posse do piauiense Joaquim Bezerra na presid\u00eancia do CFC"},"content":{"rendered":"\n<p><em>O evento foi realizado em Bras\u00edlia e reuniu profissionais cont\u00e1beis, autoridades e lideran\u00e7as de todo o pa\u00eds.<\/em><\/p>\n\n\n\n<p>O Piau\u00ed vive um momento de protagonismo no cen\u00e1rio nacional com a posse do contador Joaquim Bezerra, como presidente do Conselho Federal de Contabilidade (CFC). O evento foi realizado nessa quarta-feira (11), no Centro de Conven\u00e7\u00f5es Ulysses Guimar\u00e3es, em Bras\u00edlia, e reuniu profissionais cont\u00e1beis e lideran\u00e7as de todo o pa\u00eds.<\/p>\n\n\n\n<p>A solenidade contou com cerca de 2 mil pessoas e uma expressiva delega\u00e7\u00e3o de piauienses, aproximadamente 400 nomes. Dentre as diversas autoridades, estiveram presentes os ministros Wellington Dias (MDS), Nunes Marques (STF), Carlos Brand\u00e3o (STJ), Liana Chaib (TST), al\u00e9m do governador do Piau\u00ed, Rafael Fonteles. A Junta Comercial do Estado do Piau\u00ed (Jucepi), foi representada pela presidente Alzenir Porto e a vice-presidente, Thania Linhares.<\/p>\n\n\n\n<figure class=\"wp-block-image size-large\"><img decoding=\"async\" loading=\"lazy\" width=\"768\" height=\"1024\" src=\"https:\/\/portal.pi.gov.br\/jucepi\/wp-content\/uploads\/sites\/47\/2026\/03\/IMG_2220.JPG-768x1024.jpeg\" alt=\"\" class=\"wp-image-3309\" srcset=\"https:\/\/portal.pi.gov.br\/jucepi\/wp-content\/uploads\/sites\/47\/2026\/03\/IMG_2220.JPG-768x1024.jpeg 768w, https:\/\/portal.pi.gov.br\/jucepi\/wp-content\/uploads\/sites\/47\/2026\/03\/IMG_2220.JPG-225x300.jpeg 225w, https:\/\/portal.pi.gov.br\/jucepi\/wp-content\/uploads\/sites\/47\/2026\/03\/IMG_2220.JPG-315x420.jpeg 315w, https:\/\/portal.pi.gov.br\/jucepi\/wp-content\/uploads\/sites\/47\/2026\/03\/IMG_2220.JPG-405x540.jpeg 405w, https:\/\/portal.pi.gov.br\/jucepi\/wp-content\/uploads\/sites\/47\/2026\/03\/IMG_2220.JPG-585x780.jpeg 585w, https:\/\/portal.pi.gov.br\/jucepi\/wp-content\/uploads\/sites\/47\/2026\/03\/IMG_2220.JPG-1152x1536.jpeg 1152w, https:\/\/portal.pi.gov.br\/jucepi\/wp-content\/uploads\/sites\/47\/2026\/03\/IMG_2220.JPG-1536x2048.jpeg 1536w, https:\/\/portal.pi.gov.br\/jucepi\/wp-content\/uploads\/sites\/47\/2026\/03\/IMG_2220.JPG-947x1263.jpeg 947w, https:\/\/portal.pi.gov.br\/jucepi\/wp-content\/uploads\/sites\/47\/2026\/03\/IMG_2220.JPG-624x832.jpeg 624w, https:\/\/portal.pi.gov.br\/jucepi\/wp-content\/uploads\/sites\/47\/2026\/03\/IMG_2220.JPG-scaled.jpeg 1920w\" sizes=\"(max-width: 768px) 100vw, 768px\" \/><\/figure>\n\n\n\n<p>Alzenir Porto pontuou a relev\u00e2ncia do Piau\u00ed ocupar cargos de express\u00e3o no pa\u00eds, o que refor\u00e7a a compet\u00eancia da contabilidade regional, al\u00e9m do talento e expressiva jornada de profissionais piauienses.<\/p>\n\n\n\n<p>\u201cVer um conterr\u00e2neo como o Joaquim, cuja trajet\u00f3ria sempre foi pautada pela \u00e9tica e comprometimento, assumir a presid\u00eancia do CFC \u00e9 a prova de que o talento piauiense n\u00e3o conhece fronteiras. Joaquim n\u00e3o leva apenas sua expertise t\u00e9cnica para Bras\u00edlia; ele carrega a for\u00e7a e a resili\u00eancia do nosso povo. Tenho a plena convic\u00e7\u00e3o de que sua gest\u00e3o ser\u00e1 marcada pela inova\u00e7\u00e3o e pelo fortalecimento dos profissionais de contabilidade em cada canto deste Brasil\u201d, destacou.<\/p>\n\n\n\n<p>A posse de Joaquim Bezerra fortalece o di\u00e1logo institucional entre os \u00f3rg\u00e3os que comp\u00f5em o ambiente de neg\u00f3cios no pa\u00eds, como as Juntas Comerciais. A atua\u00e7\u00e3o integrada \u00e9 importante para aprimorar processos de registro empresarial, ampliar a seguran\u00e7a das informa\u00e7\u00f5es cont\u00e1beis e fortalecer a transpar\u00eancia nas atividades econ\u00f4micas.<\/p>\n\n\n\n<figure class=\"wp-block-image size-large\"><img decoding=\"async\" loading=\"lazy\" width=\"1024\" height=\"685\" src=\"https:\/\/portal.pi.gov.br\/jucepi\/wp-content\/uploads\/sites\/47\/2026\/03\/IMG_2269.JPG-1024x685.jpeg\" alt=\"\" class=\"wp-image-3310\" srcset=\"https:\/\/portal.pi.gov.br\/jucepi\/wp-content\/uploads\/sites\/47\/2026\/03\/IMG_2269.JPG-1024x685.jpeg 1024w, https:\/\/portal.pi.gov.br\/jucepi\/wp-content\/uploads\/sites\/47\/2026\/03\/IMG_2269.JPG-300x201.jpeg 300w, https:\/\/portal.pi.gov.br\/jucepi\/wp-content\/uploads\/sites\/47\/2026\/03\/IMG_2269.JPG-768x514.jpeg 768w, https:\/\/portal.pi.gov.br\/jucepi\/wp-content\/uploads\/sites\/47\/2026\/03\/IMG_2269.JPG-420x281.jpeg 420w, https:\/\/portal.pi.gov.br\/jucepi\/wp-content\/uploads\/sites\/47\/2026\/03\/IMG_2269.JPG-540x361.jpeg 540w, https:\/\/portal.pi.gov.br\/jucepi\/wp-content\/uploads\/sites\/47\/2026\/03\/IMG_2269.JPG-780x522.jpeg 780w, https:\/\/portal.pi.gov.br\/jucepi\/wp-content\/uploads\/sites\/47\/2026\/03\/IMG_2269.JPG-1536x1027.jpeg 1536w, https:\/\/portal.pi.gov.br\/jucepi\/wp-content\/uploads\/sites\/47\/2026\/03\/IMG_2269.JPG-947x633.jpeg 947w, https:\/\/portal.pi.gov.br\/jucepi\/wp-content\/uploads\/sites\/47\/2026\/03\/IMG_2269.JPG-624x417.jpeg 624w, https:\/\/portal.pi.gov.br\/jucepi\/wp-content\/uploads\/sites\/47\/2026\/03\/IMG_2269.JPG-84x56.jpeg 84w, https:\/\/portal.pi.gov.br\/jucepi\/wp-content\/uploads\/sites\/47\/2026\/03\/IMG_2269.JPG.jpeg 1600w\" sizes=\"(max-width: 1024px) 100vw, 1024px\" \/><figcaption class=\"wp-element-caption\">Foto: Renato Braga <\/figcaption><\/figure>\n\n\n\n<p><strong>Trajet\u00f3ria de Joaquim Bezerra<\/strong><\/p>\n\n\n\n<p>Joaquim de Alencar Bezerra Filho \u00e9 natural de Teresina, e construiu uma carreira s\u00f3lida e pautada pela defesa da classe cont\u00e1bil, \u00e1rea em que atua h\u00e1 23 anos. Atuou tamb\u00e9m como professor de gradua\u00e7\u00e3o e p\u00f3s-gradua\u00e7\u00e3o, foi presidente da Associa\u00e7\u00e3o Interamericana da Contabilidade. Al\u00e9m disso, foi acad\u00eamico da Academia Brasileira de Ci\u00eancias Cont\u00e1beis (ABRACICON), da Academia Paulista de Ci\u00eancias Cont\u00e1beis e presidente da Academia Piauiense de Ci\u00eancias Cont\u00e1beis (APICICON).<\/p>\n\n\n\n<p><\/p>\n\n\n\n<p><\/p>\n","protected":false},"excerpt":{"rendered":"<p>O evento foi realizado em Bras\u00edlia e reuniu profissionais cont\u00e1beis, autoridades e lideran\u00e7as de todo o pa\u00eds. O Piau\u00ed vive um momento de protagonismo no cen\u00e1rio nacional com a posse [&hellip;]<\/p>\n","protected":false},"author":1,"featured_media":3315,"comment_status":"closed","ping_status":"closed","sticky":true,"template":"","format":"standard","meta":[],"categories":[30],"tags":[41,258,259,257,39,57],"featured_image_urls":{"full":["https:\/\/portal.pi.gov.br\/jucepi\/wp-content\/uploads\/sites\/47\/2026\/03\/WhatsApp-Image-2026-03-16-at-12.25.10.jpeg",1600,768,false],"thumbnail":["https:\/\/portal.pi.gov.br\/jucepi\/wp-content\/uploads\/sites\/47\/2026\/03\/WhatsApp-Image-2026-03-16-at-12.25.10-150x150.jpeg",150,150,true],"medium":["https:\/\/portal.pi.gov.br\/jucepi\/wp-content\/uploads\/sites\/47\/2026\/03\/WhatsApp-Image-2026-03-16-at-12.25.10-300x144.jpeg",300,144,true],"medium_large":["https:\/\/portal.pi.gov.br\/jucepi\/wp-content\/uploads\/sites\/47\/2026\/03\/WhatsApp-Image-2026-03-16-at-12.25.10-768x369.jpeg",768,369,true],"large":["https:\/\/portal.pi.gov.br\/jucepi\/wp-content\/uploads\/sites\/47\/2026\/03\/WhatsApp-Image-2026-03-16-at-12.25.10-1024x492.jpeg",887,426,true],"sgg-420":["https:\/\/portal.pi.gov.br\/jucepi\/wp-content\/uploads\/sites\/47\/2026\/03\/WhatsApp-Image-2026-03-16-at-12.25.10-420x202.jpeg",420,202,true],"sgg-540":["https:\/\/portal.pi.gov.br\/jucepi\/wp-content\/uploads\/sites\/47\/2026\/03\/WhatsApp-Image-2026-03-16-at-12.25.10-540x259.jpeg",540,259,true],"sgg-780":["https:\/\/portal.pi.gov.br\/jucepi\/wp-content\/uploads\/sites\/47\/2026\/03\/WhatsApp-Image-2026-03-16-at-12.25.10-780x374.jpeg",780,374,true],"1536x1536":["https:\/\/portal.pi.gov.br\/jucepi\/wp-content\/uploads\/sites\/47\/2026\/03\/WhatsApp-Image-2026-03-16-at-12.25.10-1536x737.jpeg",1536,737,true],"2048x2048":["https:\/\/portal.pi.gov.br\/jucepi\/wp-content\/uploads\/sites\/47\/2026\/03\/WhatsApp-Image-2026-03-16-at-12.25.10.jpeg",1600,768,false],"homepage-slider":["https:\/\/portal.pi.gov.br\/jucepi\/wp-content\/uploads\/sites\/47\/2026\/03\/WhatsApp-Image-2026-03-16-at-12.25.10-1270x500.jpeg",1270,500,true],"homepage-slider-small":["https:\/\/portal.pi.gov.br\/jucepi\/wp-content\/uploads\/sites\/47\/2026\/03\/WhatsApp-Image-2026-03-16-at-12.25.10-947x500.jpeg",947,500,true],"page-top":["https:\/\/portal.pi.gov.br\/jucepi\/wp-content\/uploads\/sites\/47\/2026\/03\/WhatsApp-Image-2026-03-16-at-12.25.10-947x455.jpeg",947,455,true],"page-small":["https:\/\/portal.pi.gov.br\/jucepi\/wp-content\/uploads\/sites\/47\/2026\/03\/WhatsApp-Image-2026-03-16-at-12.25.10-624x300.jpeg",624,300,true],"loop-main":["https:\/\/portal.pi.gov.br\/jucepi\/wp-content\/uploads\/sites\/47\/2026\/03\/WhatsApp-Image-2026-03-16-at-12.25.10-365x240.jpeg",365,240,true],"thumb-gallery-widget":["https:\/\/portal.pi.gov.br\/jucepi\/wp-content\/uploads\/sites\/47\/2026\/03\/WhatsApp-Image-2026-03-16-at-12.25.10-84x56.jpeg",84,56,true]},"post_excerpt_stackable":"<p>O evento foi realizado em Bras\u00edlia e reuniu profissionais cont\u00e1beis, autoridades e lideran\u00e7as de todo o pa\u00eds. O Piau\u00ed vive um momento de protagonismo no cen\u00e1rio nacional com a posse do contador Joaquim Bezerra, como presidente do Conselho Federal de Contabilidade (CFC). O evento foi realizado nessa quarta-feira (11), no Centro de Conven\u00e7\u00f5es Ulysses Guimar\u00e3es, em Bras\u00edlia, e reuniu profissionais cont\u00e1beis e lideran\u00e7as de todo o pa\u00eds. A solenidade contou com cerca de 2 mil pessoas e uma expressiva delega\u00e7\u00e3o de piauienses, aproximadamente 400 nomes. Dentre as diversas autoridades, estiveram presentes os ministros Wellington Dias (MDS), Nunes Marques (STF), Carlos&hellip;<\/p>\n","category_list":"<a href=\"https:\/\/portal.pi.gov.br\/jucepi\/category\/noticias\/\" rel=\"category tag\">Not\u00edcias<\/a>","author_info":{"name":"admin","url":"https:\/\/portal.pi.gov.br\/jucepi\/author\/admin\/"},"comments_num":"0 coment\u00e1rio","featured_image_urls_v2":{"full":["https:\/\/portal.pi.gov.br\/jucepi\/wp-content\/uploads\/sites\/47\/2026\/03\/WhatsApp-Image-2026-03-16-at-12.25.10.jpeg",1600,768,false],"thumbnail":["https:\/\/portal.pi.gov.br\/jucepi\/wp-content\/uploads\/sites\/47\/2026\/03\/WhatsApp-Image-2026-03-16-at-12.25.10-150x150.jpeg",150,150,true],"medium":["https:\/\/portal.pi.gov.br\/jucepi\/wp-content\/uploads\/sites\/47\/2026\/03\/WhatsApp-Image-2026-03-16-at-12.25.10-300x144.jpeg",300,144,true],"medium_large":["https:\/\/portal.pi.gov.br\/jucepi\/wp-content\/uploads\/sites\/47\/2026\/03\/WhatsApp-Image-2026-03-16-at-12.25.10-768x369.jpeg",768,369,true],"large":["https:\/\/portal.pi.gov.br\/jucepi\/wp-content\/uploads\/sites\/47\/2026\/03\/WhatsApp-Image-2026-03-16-at-12.25.10-1024x492.jpeg",887,426,true],"sgg-420":["https:\/\/portal.pi.gov.br\/jucepi\/wp-content\/uploads\/sites\/47\/2026\/03\/WhatsApp-Image-2026-03-16-at-12.25.10-420x202.jpeg",420,202,true],"sgg-540":["https:\/\/portal.pi.gov.br\/jucepi\/wp-content\/uploads\/sites\/47\/2026\/03\/WhatsApp-Image-2026-03-16-at-12.25.10-540x259.jpeg",540,259,true],"sgg-780":["https:\/\/portal.pi.gov.br\/jucepi\/wp-content\/uploads\/sites\/47\/2026\/03\/WhatsApp-Image-2026-03-16-at-12.25.10-780x374.jpeg",780,374,true],"1536x1536":["https:\/\/portal.pi.gov.br\/jucepi\/wp-content\/uploads\/sites\/47\/2026\/03\/WhatsApp-Image-2026-03-16-at-12.25.10-1536x737.jpeg",1536,737,true],"2048x2048":["https:\/\/portal.pi.gov.br\/jucepi\/wp-content\/uploads\/sites\/47\/2026\/03\/WhatsApp-Image-2026-03-16-at-12.25.10.jpeg",1600,768,false],"homepage-slider":["https:\/\/portal.pi.gov.br\/jucepi\/wp-content\/uploads\/sites\/47\/2026\/03\/WhatsApp-Image-2026-03-16-at-12.25.10-1270x500.jpeg",1270,500,true],"homepage-slider-small":["https:\/\/portal.pi.gov.br\/jucepi\/wp-content\/uploads\/sites\/47\/2026\/03\/WhatsApp-Image-2026-03-16-at-12.25.10-947x500.jpeg",947,500,true],"page-top":["https:\/\/portal.pi.gov.br\/jucepi\/wp-content\/uploads\/sites\/47\/2026\/03\/WhatsApp-Image-2026-03-16-at-12.25.10-947x455.jpeg",947,455,true],"page-small":["https:\/\/portal.pi.gov.br\/jucepi\/wp-content\/uploads\/sites\/47\/2026\/03\/WhatsApp-Image-2026-03-16-at-12.25.10-624x300.jpeg",624,300,true],"loop-main":["https:\/\/portal.pi.gov.br\/jucepi\/wp-content\/uploads\/sites\/47\/2026\/03\/WhatsApp-Image-2026-03-16-at-12.25.10-365x240.jpeg",365,240,true],"thumb-gallery-widget":["https:\/\/portal.pi.gov.br\/jucepi\/wp-content\/uploads\/sites\/47\/2026\/03\/WhatsApp-Image-2026-03-16-at-12.25.10-84x56.jpeg",84,56,true]},"post_excerpt_stackable_v2":"<p>O evento foi realizado em Bras\u00edlia e reuniu profissionais cont\u00e1beis, autoridades e lideran\u00e7as de todo o pa\u00eds. O Piau\u00ed vive um momento de protagonismo no cen\u00e1rio nacional com a posse do contador Joaquim Bezerra, como presidente do Conselho Federal de Contabilidade (CFC). O evento foi realizado nessa quarta-feira (11), no Centro de Conven\u00e7\u00f5es Ulysses Guimar\u00e3es, em Bras\u00edlia, e reuniu profissionais cont\u00e1beis e lideran\u00e7as de todo o pa\u00eds. A solenidade contou com cerca de 2 mil pessoas e uma expressiva delega\u00e7\u00e3o de piauienses, aproximadamente 400 nomes. Dentre as diversas autoridades, estiveram presentes os ministros Wellington Dias (MDS), Nunes Marques (STF), Carlos&hellip;<\/p>\n","category_list_v2":"<a href=\"https:\/\/portal.pi.gov.br\/jucepi\/category\/noticias\/\" rel=\"category tag\">Not\u00edcias<\/a>","author_info_v2":{"name":"admin","url":"https:\/\/portal.pi.gov.br\/jucepi\/author\/admin\/"},"comments_num_v2":"0 coment\u00e1rio","jetpack_featured_media_url":"https:\/\/portal.pi.gov.br\/jucepi\/wp-content\/uploads\/sites\/47\/2026\/03\/WhatsApp-Image-2026-03-16-at-12.25.10.jpeg","_links":{"self":[{"href":"https:\/\/portal.pi.gov.br\/jucepi\/wp-json\/wp\/v2\/posts\/3308"}],"collection":[{"href":"https:\/\/portal.pi.gov.br\/jucepi\/wp-json\/wp\/v2\/posts"}],"about":[{"href":"https:\/\/portal.pi.gov.br\/jucepi\/wp-json\/wp\/v2\/types\/post"}],"author":[{"embeddable":true,"href":"https:\/\/portal.pi.gov.br\/jucepi\/wp-json\/wp\/v2\/users\/1"}],"replies":[{"embeddable":true,"href":"https:\/\/portal.pi.gov.br\/jucepi\/wp-json\/wp\/v2\/comments?post=3308"}],"version-history":[{"count":1,"href":"https:\/\/portal.pi.gov.br\/jucepi\/wp-json\/wp\/v2\/posts\/3308\/revisions"}],"predecessor-version":[{"id":3311,"href":"https:\/\/portal.pi.gov.br\/jucepi\/wp-json\/wp\/v2\/posts\/3308\/revisions\/3311"}],"wp:featuredmedia":[{"embeddable":true,"href":"https:\/\/portal.pi.gov.br\/jucepi\/wp-json\/wp\/v2\/media\/3315"}],"wp:attachment":[{"href":"https:\/\/portal.pi.gov.br\/jucepi\/wp-json\/wp\/v2\/media?parent=3308"}],"wp:term":[{"taxonomy":"category","embeddable":true,"href":"https:\/\/portal.pi.gov.br\/jucepi\/wp-json\/wp\/v2\/categories?post=3308"},{"taxonomy":"post_tag","embeddable":true,"href":"https:\/\/portal.pi.gov.br\/jucepi\/wp-json\/wp\/v2\/tags?post=3308"}],"curies":[{"name":"wp","href":"https:\/\/api.w.org\/{rel}","templated":true}]}}