{"id":3469,"date":"2026-04-30T12:08:24","date_gmt":"2026-04-30T15:08:24","guid":{"rendered":"https:\/\/portal.pi.gov.br\/jucepi\/?p=3469"},"modified":"2026-04-30T12:13:00","modified_gmt":"2026-04-30T15:13:00","slug":"presidente-da-jucepi-alzenir-porto-participa-de-reuniao-mensal-da-federacao-das-juntas-comerciais-no-mato-grosso","status":"publish","type":"post","link":"https:\/\/portal.pi.gov.br\/jucepi\/2026\/04\/30\/presidente-da-jucepi-alzenir-porto-participa-de-reuniao-mensal-da-federacao-das-juntas-comerciais-no-mato-grosso\/","title":{"rendered":"Presidente da Jucepi, Alzenir Porto, participa de reuni\u00e3o mensal da Federa\u00e7\u00e3o das Juntas Comerciais no Mato Grosso"},"content":{"rendered":"\n<p><em>Encontro debate a\u00e7\u00f5es estrat\u00e9gicas para o fortalecimento do registro mercantil no Brasil<\/em><\/p>\n\n\n\n<figure class=\"wp-block-image size-large\"><img decoding=\"async\" loading=\"lazy\" width=\"1024\" height=\"542\" src=\"https:\/\/portal.pi.gov.br\/jucepi\/wp-content\/uploads\/sites\/47\/2026\/04\/WhatsApp-Image-2026-04-30-at-12.01.08-1024x542.jpeg\" alt=\"\" class=\"wp-image-3474\" srcset=\"https:\/\/portal.pi.gov.br\/jucepi\/wp-content\/uploads\/sites\/47\/2026\/04\/WhatsApp-Image-2026-04-30-at-12.01.08-1024x542.jpeg 1024w, https:\/\/portal.pi.gov.br\/jucepi\/wp-content\/uploads\/sites\/47\/2026\/04\/WhatsApp-Image-2026-04-30-at-12.01.08-300x159.jpeg 300w, https:\/\/portal.pi.gov.br\/jucepi\/wp-content\/uploads\/sites\/47\/2026\/04\/WhatsApp-Image-2026-04-30-at-12.01.08-768x407.jpeg 768w, https:\/\/portal.pi.gov.br\/jucepi\/wp-content\/uploads\/sites\/47\/2026\/04\/WhatsApp-Image-2026-04-30-at-12.01.08-420x222.jpeg 420w, https:\/\/portal.pi.gov.br\/jucepi\/wp-content\/uploads\/sites\/47\/2026\/04\/WhatsApp-Image-2026-04-30-at-12.01.08-540x286.jpeg 540w, https:\/\/portal.pi.gov.br\/jucepi\/wp-content\/uploads\/sites\/47\/2026\/04\/WhatsApp-Image-2026-04-30-at-12.01.08-780x413.jpeg 780w, https:\/\/portal.pi.gov.br\/jucepi\/wp-content\/uploads\/sites\/47\/2026\/04\/WhatsApp-Image-2026-04-30-at-12.01.08-1536x813.jpeg 1536w, https:\/\/portal.pi.gov.br\/jucepi\/wp-content\/uploads\/sites\/47\/2026\/04\/WhatsApp-Image-2026-04-30-at-12.01.08-947x501.jpeg 947w, https:\/\/portal.pi.gov.br\/jucepi\/wp-content\/uploads\/sites\/47\/2026\/04\/WhatsApp-Image-2026-04-30-at-12.01.08-624x330.jpeg 624w, https:\/\/portal.pi.gov.br\/jucepi\/wp-content\/uploads\/sites\/47\/2026\/04\/WhatsApp-Image-2026-04-30-at-12.01.08.jpeg 1600w\" sizes=\"(max-width: 1024px) 100vw, 1024px\" \/><\/figure>\n\n\n\n<p>A Junta Comercial do Estado do Piau\u00ed (Jucepi) participou da reuni\u00e3o mensal da Federa\u00e7\u00e3o Nacional das Juntas Comerciais (FENAJU), realizada de 28 a 30 de abril, em Cuiab\u00e1, no estado de Mato Grosso. A presidente, Alzenir Porto, a vice-presidente, Thania Linhares, e o diretor de TI da Jucepi, Rafael Oliveira, participaram do evento, que reuniu lideran\u00e7as de todo o pa\u00eds para debates estrat\u00e9gicos, visitas t\u00e9cnicas e troca de experi\u00eancias voltadas ao fortalecimento do registro mercantil brasileiro.<\/p>\n\n\n\n<p>No encontro, organizado pela Federa\u00e7\u00e3o e sediado pela Junta Comercial do Estado de Mato Grosso (JUCEMAT), debateu-se sobre o tempo de processamento na Receita Federal para abertura de filial, a viabilidade locacional, a integra\u00e7\u00e3o dos dados junto ao Departamento Nacional de Registro Empresarial e Integra\u00e7\u00e3o &#8211; DREI, a unifica\u00e7\u00e3o dos dados das entidades; e a constitui\u00e7\u00e3o da Comiss\u00e3o Eleitoral da FENAJU.<\/p>\n\n\n\n<p>Para Alzenir Porto, presidente da Jucepi, o di\u00e1logo com os presidentes das Juntas Comerciais de todos os estados do pa\u00eds fortalece o trabalho no ambiente de neg\u00f3cios. \u201cAqui \u00e9 um lugar incr\u00edvel, onde a gente vai ter muito o que aprender para levar para o Piau\u00ed. \u00c9 muito conhecimento. E quem sai ganhando, com certeza, \u00e9 o nosso empreendedor, nosso empres\u00e1rio, que est\u00e1 cada dia mais bem servido pelos servi\u00e7os da Junta do Brasil\u201d, destacou a presidente.<\/p>\n\n\n\n<figure class=\"wp-block-image size-large\"><img decoding=\"async\" loading=\"lazy\" width=\"1024\" height=\"813\" src=\"https:\/\/portal.pi.gov.br\/jucepi\/wp-content\/uploads\/sites\/47\/2026\/04\/WhatsApp-Image-2026-04-30-at-12.05.10-1024x813.jpeg\" alt=\"\" class=\"wp-image-3475\" srcset=\"https:\/\/portal.pi.gov.br\/jucepi\/wp-content\/uploads\/sites\/47\/2026\/04\/WhatsApp-Image-2026-04-30-at-12.05.10-1024x813.jpeg 1024w, https:\/\/portal.pi.gov.br\/jucepi\/wp-content\/uploads\/sites\/47\/2026\/04\/WhatsApp-Image-2026-04-30-at-12.05.10-300x238.jpeg 300w, https:\/\/portal.pi.gov.br\/jucepi\/wp-content\/uploads\/sites\/47\/2026\/04\/WhatsApp-Image-2026-04-30-at-12.05.10-768x610.jpeg 768w, https:\/\/portal.pi.gov.br\/jucepi\/wp-content\/uploads\/sites\/47\/2026\/04\/WhatsApp-Image-2026-04-30-at-12.05.10-420x333.jpeg 420w, https:\/\/portal.pi.gov.br\/jucepi\/wp-content\/uploads\/sites\/47\/2026\/04\/WhatsApp-Image-2026-04-30-at-12.05.10-540x429.jpeg 540w, https:\/\/portal.pi.gov.br\/jucepi\/wp-content\/uploads\/sites\/47\/2026\/04\/WhatsApp-Image-2026-04-30-at-12.05.10-780x619.jpeg 780w, https:\/\/portal.pi.gov.br\/jucepi\/wp-content\/uploads\/sites\/47\/2026\/04\/WhatsApp-Image-2026-04-30-at-12.05.10-947x752.jpeg 947w, https:\/\/portal.pi.gov.br\/jucepi\/wp-content\/uploads\/sites\/47\/2026\/04\/WhatsApp-Image-2026-04-30-at-12.05.10-624x495.jpeg 624w, https:\/\/portal.pi.gov.br\/jucepi\/wp-content\/uploads\/sites\/47\/2026\/04\/WhatsApp-Image-2026-04-30-at-12.05.10.jpeg 1280w\" sizes=\"(max-width: 1024px) 100vw, 1024px\" \/><\/figure>\n\n\n\n<p>Nayara Brito, presidente interina da FENAJU, destacou que o evento demonstra a import\u00e2ncia das Juntas Comerciais no impulsionamento da economia e na simplifica\u00e7\u00e3o dos processos para quem empreende. \u201cNeste encontro, estamos construindo propostas que contribuem diretamente para o avan\u00e7o do ambiente de neg\u00f3cios no Brasil\u201d, disse.<\/p>\n\n\n\n<p><strong>RECONHECIMENTO E PROTAGONISMO<\/strong><\/p>\n\n\n\n<p>Durante o evento, o trabalho da Jucepi foi reconhecido pela diretora do Departamento Nacional de Registro Empresarial e Integra\u00e7\u00e3o (DREI), Fl\u00e1via Brito. \u201c\u00c9 um momento muito importante para conhecermos as pol\u00edticas p\u00fablicas que s\u00e3o desenvolvidas pelas juntas comerciais nos territ\u00f3rios. E a Junta Comercial do Piau\u00ed \u00e9 pioneira na digitaliza\u00e7\u00e3o dos processos. Foi a primeira Junta do pa\u00eds a adotar o processo digital\u201d, ressaltou.<\/p>\n\n\n\n<p>Manoel Louren\u00e7o,&nbsp; presidente da&nbsp; JUCEMAT, tamb\u00e9m parabenizou o trabalho executado por Alzenir Porto \u00e0 frente da Jucepi, e a sua contribui\u00e7\u00e3o para as reuni\u00f5es. \u201cEssa troca de experi\u00eancia, para quem sabe mais, ensina para quem sabe menos. A presidente Alzenir \u00e9 uma incentivadora. Isso, para n\u00f3s, n\u00e3o tem dinheiro que pague\u201d, frisou.<\/p>\n\n\n\n<p><strong>INTELIG\u00caNCIA DIGITAL<\/strong><\/p>\n\n\n\n<p>A programa\u00e7\u00e3o foi encerrada com uma visita t\u00e9cnica a um dos maiores hubs de tecnologia do pa\u00eds, refer\u00eancia em intelig\u00eancia digital aplicada ao setor p\u00fablico. O momento consolidou uma agenda estrat\u00e9gica da Jucepi, comprometida em colaborar com um ambiente de neg\u00f3cios mais din\u00e2mico, tecnol\u00f3gico e integrado, com foco no desenvolvimento de solu\u00e7\u00f5es digitais inovadoras para o Piau\u00ed. A iniciativa refor\u00e7a o compromisso institucional com a constru\u00e7\u00e3o de um cen\u00e1rio corporativo mais \u00e1gil, eficiente e conectado \u00e0s demandas contempor\u00e2neas do empreendedor, em um movimento cont\u00ednuo de buscar por inova\u00e7\u00e3o e tecnologia de ponta.<\/p>\n\n\n\n<p><a href=\"https:\/\/portal.pi.gov.br\/jucepi\/2026\/04\/30\/reuniao-mensal-da-fenaju-em-cuiaba-mato-grosso\/\">LINK DAS FOTOS <\/a><\/p>\n","protected":false},"excerpt":{"rendered":"<p>Encontro debate a\u00e7\u00f5es estrat\u00e9gicas para o fortalecimento do registro mercantil no Brasil A Junta Comercial do Estado do Piau\u00ed (Jucepi) participou da reuni\u00e3o mensal da Federa\u00e7\u00e3o Nacional das Juntas Comerciais [&hellip;]<\/p>\n","protected":false},"author":1866,"featured_media":3477,"comment_status":"closed","ping_status":"closed","sticky":true,"template":"","format":"standard","meta":[],"categories":[30],"tags":[41,81,39,53],"featured_image_urls":{"full":["https:\/\/portal.pi.gov.br\/jucepi\/wp-content\/uploads\/sites\/47\/2026\/04\/WhatsApp-Image-2026-04-30-at-12.01.08-1.jpeg",1600,847,false],"thumbnail":["https:\/\/portal.pi.gov.br\/jucepi\/wp-content\/uploads\/sites\/47\/2026\/04\/WhatsApp-Image-2026-04-30-at-12.01.08-1-150x150.jpeg",150,150,true],"medium":["https:\/\/portal.pi.gov.br\/jucepi\/wp-content\/uploads\/sites\/47\/2026\/04\/WhatsApp-Image-2026-04-30-at-12.01.08-1-300x159.jpeg",300,159,true],"medium_large":["https:\/\/portal.pi.gov.br\/jucepi\/wp-content\/uploads\/sites\/47\/2026\/04\/WhatsApp-Image-2026-04-30-at-12.01.08-1-768x407.jpeg",768,407,true],"large":["https:\/\/portal.pi.gov.br\/jucepi\/wp-content\/uploads\/sites\/47\/2026\/04\/WhatsApp-Image-2026-04-30-at-12.01.08-1-1024x542.jpeg",887,469,true],"sgg-420":["https:\/\/portal.pi.gov.br\/jucepi\/wp-content\/uploads\/sites\/47\/2026\/04\/WhatsApp-Image-2026-04-30-at-12.01.08-1-420x222.jpeg",420,222,true],"sgg-540":["https:\/\/portal.pi.gov.br\/jucepi\/wp-content\/uploads\/sites\/47\/2026\/04\/WhatsApp-Image-2026-04-30-at-12.01.08-1-540x286.jpeg",540,286,true],"sgg-780":["https:\/\/portal.pi.gov.br\/jucepi\/wp-content\/uploads\/sites\/47\/2026\/04\/WhatsApp-Image-2026-04-30-at-12.01.08-1-780x413.jpeg",780,413,true],"1536x1536":["https:\/\/portal.pi.gov.br\/jucepi\/wp-content\/uploads\/sites\/47\/2026\/04\/WhatsApp-Image-2026-04-30-at-12.01.08-1-1536x813.jpeg",1536,813,true],"2048x2048":["https:\/\/portal.pi.gov.br\/jucepi\/wp-content\/uploads\/sites\/47\/2026\/04\/WhatsApp-Image-2026-04-30-at-12.01.08-1.jpeg",1600,847,false],"homepage-slider":["https:\/\/portal.pi.gov.br\/jucepi\/wp-content\/uploads\/sites\/47\/2026\/04\/WhatsApp-Image-2026-04-30-at-12.01.08-1-1270x500.jpeg",1270,500,true],"homepage-slider-small":["https:\/\/portal.pi.gov.br\/jucepi\/wp-content\/uploads\/sites\/47\/2026\/04\/WhatsApp-Image-2026-04-30-at-12.01.08-1-947x500.jpeg",947,500,true],"page-top":["https:\/\/portal.pi.gov.br\/jucepi\/wp-content\/uploads\/sites\/47\/2026\/04\/WhatsApp-Image-2026-04-30-at-12.01.08-1-947x501.jpeg",947,501,true],"page-small":["https:\/\/portal.pi.gov.br\/jucepi\/wp-content\/uploads\/sites\/47\/2026\/04\/WhatsApp-Image-2026-04-30-at-12.01.08-1-624x330.jpeg",624,330,true],"loop-main":["https:\/\/portal.pi.gov.br\/jucepi\/wp-content\/uploads\/sites\/47\/2026\/04\/WhatsApp-Image-2026-04-30-at-12.01.08-1-365x240.jpeg",365,240,true],"thumb-gallery-widget":["https:\/\/portal.pi.gov.br\/jucepi\/wp-content\/uploads\/sites\/47\/2026\/04\/WhatsApp-Image-2026-04-30-at-12.01.08-1-84x56.jpeg",84,56,true]},"post_excerpt_stackable":"<p>Encontro debate a\u00e7\u00f5es estrat\u00e9gicas para o fortalecimento do registro mercantil no Brasil A Junta Comercial do Estado do Piau\u00ed (Jucepi) participou da reuni\u00e3o mensal da Federa\u00e7\u00e3o Nacional das Juntas Comerciais (FENAJU), realizada de 28 a 30 de abril, em Cuiab\u00e1, no estado de Mato Grosso. A presidente, Alzenir Porto, a vice-presidente, Thania Linhares, e o diretor de TI da Jucepi, Rafael Oliveira, participaram do evento, que reuniu lideran\u00e7as de todo o pa\u00eds para debates estrat\u00e9gicos, visitas t\u00e9cnicas e troca de experi\u00eancias voltadas ao fortalecimento do registro mercantil brasileiro. No encontro, organizado pela Federa\u00e7\u00e3o e sediado pela Junta Comercial do Estado&hellip;<\/p>\n","category_list":"<a href=\"https:\/\/portal.pi.gov.br\/jucepi\/category\/noticias\/\" rel=\"category tag\">Not\u00edcias<\/a>","author_info":{"name":"katyleninfranca","url":"https:\/\/portal.pi.gov.br\/jucepi\/author\/katyleninfranca\/"},"comments_num":"0 coment\u00e1rio","featured_image_urls_v2":{"full":["https:\/\/portal.pi.gov.br\/jucepi\/wp-content\/uploads\/sites\/47\/2026\/04\/WhatsApp-Image-2026-04-30-at-12.01.08-1.jpeg",1600,847,false],"thumbnail":["https:\/\/portal.pi.gov.br\/jucepi\/wp-content\/uploads\/sites\/47\/2026\/04\/WhatsApp-Image-2026-04-30-at-12.01.08-1-150x150.jpeg",150,150,true],"medium":["https:\/\/portal.pi.gov.br\/jucepi\/wp-content\/uploads\/sites\/47\/2026\/04\/WhatsApp-Image-2026-04-30-at-12.01.08-1-300x159.jpeg",300,159,true],"medium_large":["https:\/\/portal.pi.gov.br\/jucepi\/wp-content\/uploads\/sites\/47\/2026\/04\/WhatsApp-Image-2026-04-30-at-12.01.08-1-768x407.jpeg",768,407,true],"large":["https:\/\/portal.pi.gov.br\/jucepi\/wp-content\/uploads\/sites\/47\/2026\/04\/WhatsApp-Image-2026-04-30-at-12.01.08-1-1024x542.jpeg",887,469,true],"sgg-420":["https:\/\/portal.pi.gov.br\/jucepi\/wp-content\/uploads\/sites\/47\/2026\/04\/WhatsApp-Image-2026-04-30-at-12.01.08-1-420x222.jpeg",420,222,true],"sgg-540":["https:\/\/portal.pi.gov.br\/jucepi\/wp-content\/uploads\/sites\/47\/2026\/04\/WhatsApp-Image-2026-04-30-at-12.01.08-1-540x286.jpeg",540,286,true],"sgg-780":["https:\/\/portal.pi.gov.br\/jucepi\/wp-content\/uploads\/sites\/47\/2026\/04\/WhatsApp-Image-2026-04-30-at-12.01.08-1-780x413.jpeg",780,413,true],"1536x1536":["https:\/\/portal.pi.gov.br\/jucepi\/wp-content\/uploads\/sites\/47\/2026\/04\/WhatsApp-Image-2026-04-30-at-12.01.08-1-1536x813.jpeg",1536,813,true],"2048x2048":["https:\/\/portal.pi.gov.br\/jucepi\/wp-content\/uploads\/sites\/47\/2026\/04\/WhatsApp-Image-2026-04-30-at-12.01.08-1.jpeg",1600,847,false],"homepage-slider":["https:\/\/portal.pi.gov.br\/jucepi\/wp-content\/uploads\/sites\/47\/2026\/04\/WhatsApp-Image-2026-04-30-at-12.01.08-1-1270x500.jpeg",1270,500,true],"homepage-slider-small":["https:\/\/portal.pi.gov.br\/jucepi\/wp-content\/uploads\/sites\/47\/2026\/04\/WhatsApp-Image-2026-04-30-at-12.01.08-1-947x500.jpeg",947,500,true],"page-top":["https:\/\/portal.pi.gov.br\/jucepi\/wp-content\/uploads\/sites\/47\/2026\/04\/WhatsApp-Image-2026-04-30-at-12.01.08-1-947x501.jpeg",947,501,true],"page-small":["https:\/\/portal.pi.gov.br\/jucepi\/wp-content\/uploads\/sites\/47\/2026\/04\/WhatsApp-Image-2026-04-30-at-12.01.08-1-624x330.jpeg",624,330,true],"loop-main":["https:\/\/portal.pi.gov.br\/jucepi\/wp-content\/uploads\/sites\/47\/2026\/04\/WhatsApp-Image-2026-04-30-at-12.01.08-1-365x240.jpeg",365,240,true],"thumb-gallery-widget":["https:\/\/portal.pi.gov.br\/jucepi\/wp-content\/uploads\/sites\/47\/2026\/04\/WhatsApp-Image-2026-04-30-at-12.01.08-1-84x56.jpeg",84,56,true]},"post_excerpt_stackable_v2":"<p>Encontro debate a\u00e7\u00f5es estrat\u00e9gicas para o fortalecimento do registro mercantil no Brasil A Junta Comercial do Estado do Piau\u00ed (Jucepi) participou da reuni\u00e3o mensal da Federa\u00e7\u00e3o Nacional das Juntas Comerciais (FENAJU), realizada de 28 a 30 de abril, em Cuiab\u00e1, no estado de Mato Grosso. A presidente, Alzenir Porto, a vice-presidente, Thania Linhares, e o diretor de TI da Jucepi, Rafael Oliveira, participaram do evento, que reuniu lideran\u00e7as de todo o pa\u00eds para debates estrat\u00e9gicos, visitas t\u00e9cnicas e troca de experi\u00eancias voltadas ao fortalecimento do registro mercantil brasileiro. No encontro, organizado pela Federa\u00e7\u00e3o e sediado pela Junta Comercial do Estado&hellip;<\/p>\n","category_list_v2":"<a href=\"https:\/\/portal.pi.gov.br\/jucepi\/category\/noticias\/\" rel=\"category tag\">Not\u00edcias<\/a>","author_info_v2":{"name":"katyleninfranca","url":"https:\/\/portal.pi.gov.br\/jucepi\/author\/katyleninfranca\/"},"comments_num_v2":"0 coment\u00e1rio","jetpack_featured_media_url":"https:\/\/portal.pi.gov.br\/jucepi\/wp-content\/uploads\/sites\/47\/2026\/04\/WhatsApp-Image-2026-04-30-at-12.01.08-1.jpeg","_links":{"self":[{"href":"https:\/\/portal.pi.gov.br\/jucepi\/wp-json\/wp\/v2\/posts\/3469"}],"collection":[{"href":"https:\/\/portal.pi.gov.br\/jucepi\/wp-json\/wp\/v2\/posts"}],"about":[{"href":"https:\/\/portal.pi.gov.br\/jucepi\/wp-json\/wp\/v2\/types\/post"}],"author":[{"embeddable":true,"href":"https:\/\/portal.pi.gov.br\/jucepi\/wp-json\/wp\/v2\/users\/1866"}],"replies":[{"embeddable":true,"href":"https:\/\/portal.pi.gov.br\/jucepi\/wp-json\/wp\/v2\/comments?post=3469"}],"version-history":[{"count":1,"href":"https:\/\/portal.pi.gov.br\/jucepi\/wp-json\/wp\/v2\/posts\/3469\/revisions"}],"predecessor-version":[{"id":3476,"href":"https:\/\/portal.pi.gov.br\/jucepi\/wp-json\/wp\/v2\/posts\/3469\/revisions\/3476"}],"wp:featuredmedia":[{"embeddable":true,"href":"https:\/\/portal.pi.gov.br\/jucepi\/wp-json\/wp\/v2\/media\/3477"}],"wp:attachment":[{"href":"https:\/\/portal.pi.gov.br\/jucepi\/wp-json\/wp\/v2\/media?parent=3469"}],"wp:term":[{"taxonomy":"category","embeddable":true,"href":"https:\/\/portal.pi.gov.br\/jucepi\/wp-json\/wp\/v2\/categories?post=3469"},{"taxonomy":"post_tag","embeddable":true,"href":"https:\/\/portal.pi.gov.br\/jucepi\/wp-json\/wp\/v2\/tags?post=3469"}],"curies":[{"name":"wp","href":"https:\/\/api.w.org\/{rel}","templated":true}]}}