{"id":13164,"date":"2025-04-04T17:53:48","date_gmt":"2025-04-04T20:53:48","guid":{"rendered":"https:\/\/portal.pi.gov.br\/pc\/?p=13164"},"modified":"2025-04-04T17:53:49","modified_gmt":"2025-04-04T20:53:49","slug":"policia-civil-faz-prisao-por-roubo-qualificado-em-teresina","status":"publish","type":"post","link":"https:\/\/portal.pi.gov.br\/pc\/2025\/04\/04\/policia-civil-faz-prisao-por-roubo-qualificado-em-teresina\/","title":{"rendered":"Pol\u00edcia Civil faz pris\u00e3o por roubo qualificado em Teresina"},"content":{"rendered":"\n<p>A Pol\u00edcia Civil do Piau\u00ed, por meio da 07\u00aa Delegacia Seccional de Teresina &#8211; Divis\u00e3o 01 (11\u00aa Delegacia de Pol\u00edcia), efetuou a pris\u00e3o de um homem de iniciais J.S.G., de 27 anos de idade, nesta sexta-feira (04\/04). <\/p>\n\n\n\n<p>O homem \u00e9 condenado a mais de 14 anos pelo crime de roubo e estava foragido do sistema prisional piauiense. Segundo o delegado-titular da unidade policial citada, Ricardo Oliveira, o preso \u00e9 autor de diversos crimes de roubo qualificado na zona leste de Teresina e em outras zonas da capital.<\/p>\n\n\n\n<p>&#8220;Desde o ano de 2024, J.S.G. praticava assaltos com uso de arma e utilizando uma motocicleta amarela, ve\u00edculo que sempre era citado pelas v\u00edtimas, bem como a as caracter\u00edsticas do autor, que tinha estatura medida, bigode, chinelo branco e agia com bastante agressividade, dirigindo sua a\u00e7\u00e3o principalmente \u00e0 mulheres, visando roubar objetos, como joias diversas&#8221;, informou o delegado. <\/p>\n\n\n\n<p>Hoje, por volta de 12h, a equipe de investiga\u00e7\u00e3o da unidade policial localizou o homem na regi\u00e3o do Parque Lagoas do Norte, no bairro S\u00e3o Joaquim, na zona norte de Teresina, e deu cumprimento ao mandado de pris\u00e3o em desfavor dele, que agora se encontra \u00e0 disposi\u00e7\u00e3o das autoridades judiciais. Uma motocicleta foi apreendida.<\/p>\n\n\n<div class=\"wp-block-image\">\n<figure class=\"aligncenter size-large is-resized\"><img decoding=\"async\" loading=\"lazy\" src=\"https:\/\/portal.pi.gov.br\/pc\/wp-content\/uploads\/sites\/42\/2025\/04\/prisao_7seccionaldv01_04.04-1-1024x682.jpeg\" alt=\"\" class=\"wp-image-13165\" width=\"542\" height=\"361\" srcset=\"https:\/\/portal.pi.gov.br\/pc\/wp-content\/uploads\/sites\/42\/2025\/04\/prisao_7seccionaldv01_04.04-1-1024x682.jpeg 1024w, https:\/\/portal.pi.gov.br\/pc\/wp-content\/uploads\/sites\/42\/2025\/04\/prisao_7seccionaldv01_04.04-1-300x200.jpeg 300w, https:\/\/portal.pi.gov.br\/pc\/wp-content\/uploads\/sites\/42\/2025\/04\/prisao_7seccionaldv01_04.04-1-768x512.jpeg 768w, https:\/\/portal.pi.gov.br\/pc\/wp-content\/uploads\/sites\/42\/2025\/04\/prisao_7seccionaldv01_04.04-1-420x280.jpeg 420w, https:\/\/portal.pi.gov.br\/pc\/wp-content\/uploads\/sites\/42\/2025\/04\/prisao_7seccionaldv01_04.04-1-540x360.jpeg 540w, https:\/\/portal.pi.gov.br\/pc\/wp-content\/uploads\/sites\/42\/2025\/04\/prisao_7seccionaldv01_04.04-1-780x520.jpeg 780w, https:\/\/portal.pi.gov.br\/pc\/wp-content\/uploads\/sites\/42\/2025\/04\/prisao_7seccionaldv01_04.04-1-1536x1023.jpeg 1536w, https:\/\/portal.pi.gov.br\/pc\/wp-content\/uploads\/sites\/42\/2025\/04\/prisao_7seccionaldv01_04.04-1-947x631.jpeg 947w, https:\/\/portal.pi.gov.br\/pc\/wp-content\/uploads\/sites\/42\/2025\/04\/prisao_7seccionaldv01_04.04-1-624x416.jpeg 624w, https:\/\/portal.pi.gov.br\/pc\/wp-content\/uploads\/sites\/42\/2025\/04\/prisao_7seccionaldv01_04.04-1-84x56.jpeg 84w, https:\/\/portal.pi.gov.br\/pc\/wp-content\/uploads\/sites\/42\/2025\/04\/prisao_7seccionaldv01_04.04-1.jpeg 1600w\" sizes=\"(max-width: 542px) 100vw, 542px\" \/><figcaption class=\"wp-element-caption\">Ve\u00edculo apreendido<\/figcaption><\/figure><\/div>\n\n\n<p>&#8220;Os policiais civil da 07\u00aa Delegacia Seccional de Teresina &#8211; Divis\u00e3o 01 (11\u00aa Delegacia de Pol\u00edcia) reiteram o compromisso com a popula\u00e7\u00e3o na solu\u00e7\u00e3o dos mais diversos crimes e solicita apoio por meio de den\u00fancias an\u00f4nimas por meio dos n\u00fameros (WhatsApp): (86) 99486-0511 e 99494-6263&#8221;, acrescentou o delegado Ricardo Oliveira.<\/p>\n\n\n\n<p><strong><em>Assessoria de Comunica\u00e7\u00e3o da Pol\u00edcia Civil do Piau\u00ed<\/em><\/strong><\/p>\n","protected":false},"excerpt":{"rendered":"<p>A Pol\u00edcia Civil do Piau\u00ed, por meio da 07\u00aa Delegacia Seccional de Teresina &#8211; Divis\u00e3o 01 (11\u00aa Delegacia de Pol\u00edcia), efetuou a pris\u00e3o de um homem de iniciais J.S.G., de [&hellip;]<\/p>\n","protected":false},"author":1746,"featured_media":13165,"comment_status":"closed","ping_status":"closed","sticky":false,"template":"","format":"standard","meta":[],"categories":[1],"tags":[],"featured_image_urls":{"full":["https:\/\/portal.pi.gov.br\/pc\/wp-content\/uploads\/sites\/42\/2025\/04\/prisao_7seccionaldv01_04.04-1.jpeg",1600,1066,false],"thumbnail":["https:\/\/portal.pi.gov.br\/pc\/wp-content\/uploads\/sites\/42\/2025\/04\/prisao_7seccionaldv01_04.04-1-150x150.jpeg",150,150,true],"medium":["https:\/\/portal.pi.gov.br\/pc\/wp-content\/uploads\/sites\/42\/2025\/04\/prisao_7seccionaldv01_04.04-1-300x200.jpeg",300,200,true],"medium_large":["https:\/\/portal.pi.gov.br\/pc\/wp-content\/uploads\/sites\/42\/2025\/04\/prisao_7seccionaldv01_04.04-1-768x512.jpeg",768,512,true],"large":["https:\/\/portal.pi.gov.br\/pc\/wp-content\/uploads\/sites\/42\/2025\/04\/prisao_7seccionaldv01_04.04-1-1024x682.jpeg",887,591,true],"sgg-420":["https:\/\/portal.pi.gov.br\/pc\/wp-content\/uploads\/sites\/42\/2025\/04\/prisao_7seccionaldv01_04.04-1-420x280.jpeg",420,280,true],"sgg-540":["https:\/\/portal.pi.gov.br\/pc\/wp-content\/uploads\/sites\/42\/2025\/04\/prisao_7seccionaldv01_04.04-1-540x360.jpeg",540,360,true],"sgg-780":["https:\/\/portal.pi.gov.br\/pc\/wp-content\/uploads\/sites\/42\/2025\/04\/prisao_7seccionaldv01_04.04-1-780x520.jpeg",780,520,true],"1536x1536":["https:\/\/portal.pi.gov.br\/pc\/wp-content\/uploads\/sites\/42\/2025\/04\/prisao_7seccionaldv01_04.04-1-1536x1023.jpeg",1536,1023,true],"2048x2048":["https:\/\/portal.pi.gov.br\/pc\/wp-content\/uploads\/sites\/42\/2025\/04\/prisao_7seccionaldv01_04.04-1.jpeg",1600,1066,false],"homepage-slider":["https:\/\/portal.pi.gov.br\/pc\/wp-content\/uploads\/sites\/42\/2025\/04\/prisao_7seccionaldv01_04.04-1-1270x500.jpeg",1270,500,true],"homepage-slider-small":["https:\/\/portal.pi.gov.br\/pc\/wp-content\/uploads\/sites\/42\/2025\/04\/prisao_7seccionaldv01_04.04-1-947x500.jpeg",947,500,true],"page-top":["https:\/\/portal.pi.gov.br\/pc\/wp-content\/uploads\/sites\/42\/2025\/04\/prisao_7seccionaldv01_04.04-1-947x631.jpeg",947,631,true],"page-small":["https:\/\/portal.pi.gov.br\/pc\/wp-content\/uploads\/sites\/42\/2025\/04\/prisao_7seccionaldv01_04.04-1-624x416.jpeg",624,416,true],"loop-main":["https:\/\/portal.pi.gov.br\/pc\/wp-content\/uploads\/sites\/42\/2025\/04\/prisao_7seccionaldv01_04.04-1-365x240.jpeg",365,240,true],"thumb-gallery-widget":["https:\/\/portal.pi.gov.br\/pc\/wp-content\/uploads\/sites\/42\/2025\/04\/prisao_7seccionaldv01_04.04-1-84x56.jpeg",84,56,true]},"post_excerpt_stackable":"<p>A Pol\u00edcia Civil do Piau\u00ed, por meio da 07\u00aa Delegacia Seccional de Teresina &#8211; Divis\u00e3o 01 (11\u00aa Delegacia de Pol\u00edcia), efetuou a pris\u00e3o de um homem de iniciais J.S.G., de 27 anos de idade, nesta sexta-feira (04\/04). O homem \u00e9 condenado a mais de 14 anos pelo crime de roubo e estava foragido do sistema prisional piauiense. Segundo o delegado-titular da unidade policial citada, Ricardo Oliveira, o preso \u00e9 autor de diversos crimes de roubo qualificado na zona leste de Teresina e em outras zonas da capital. &#8220;Desde o ano de 2024, J.S.G. praticava assaltos com uso de arma e&hellip;<\/p>\n","category_list":"<a href=\"https:\/\/portal.pi.gov.br\/pc\/category\/noticias\/\" rel=\"category tag\">PC<\/a>","author_info":{"name":"J\u00e9ssica Lib\u00e2nio","url":"https:\/\/portal.pi.gov.br\/pc\/author\/jessicalibanio\/"},"comments_num":"0 coment\u00e1rio","featured_image_urls_v2":{"full":["https:\/\/portal.pi.gov.br\/pc\/wp-content\/uploads\/sites\/42\/2025\/04\/prisao_7seccionaldv01_04.04-1.jpeg",1600,1066,false],"thumbnail":["https:\/\/portal.pi.gov.br\/pc\/wp-content\/uploads\/sites\/42\/2025\/04\/prisao_7seccionaldv01_04.04-1-150x150.jpeg",150,150,true],"medium":["https:\/\/portal.pi.gov.br\/pc\/wp-content\/uploads\/sites\/42\/2025\/04\/prisao_7seccionaldv01_04.04-1-300x200.jpeg",300,200,true],"medium_large":["https:\/\/portal.pi.gov.br\/pc\/wp-content\/uploads\/sites\/42\/2025\/04\/prisao_7seccionaldv01_04.04-1-768x512.jpeg",768,512,true],"large":["https:\/\/portal.pi.gov.br\/pc\/wp-content\/uploads\/sites\/42\/2025\/04\/prisao_7seccionaldv01_04.04-1-1024x682.jpeg",887,591,true],"sgg-420":["https:\/\/portal.pi.gov.br\/pc\/wp-content\/uploads\/sites\/42\/2025\/04\/prisao_7seccionaldv01_04.04-1-420x280.jpeg",420,280,true],"sgg-540":["https:\/\/portal.pi.gov.br\/pc\/wp-content\/uploads\/sites\/42\/2025\/04\/prisao_7seccionaldv01_04.04-1-540x360.jpeg",540,360,true],"sgg-780":["https:\/\/portal.pi.gov.br\/pc\/wp-content\/uploads\/sites\/42\/2025\/04\/prisao_7seccionaldv01_04.04-1-780x520.jpeg",780,520,true],"1536x1536":["https:\/\/portal.pi.gov.br\/pc\/wp-content\/uploads\/sites\/42\/2025\/04\/prisao_7seccionaldv01_04.04-1-1536x1023.jpeg",1536,1023,true],"2048x2048":["https:\/\/portal.pi.gov.br\/pc\/wp-content\/uploads\/sites\/42\/2025\/04\/prisao_7seccionaldv01_04.04-1.jpeg",1600,1066,false],"homepage-slider":["https:\/\/portal.pi.gov.br\/pc\/wp-content\/uploads\/sites\/42\/2025\/04\/prisao_7seccionaldv01_04.04-1-1270x500.jpeg",1270,500,true],"homepage-slider-small":["https:\/\/portal.pi.gov.br\/pc\/wp-content\/uploads\/sites\/42\/2025\/04\/prisao_7seccionaldv01_04.04-1-947x500.jpeg",947,500,true],"page-top":["https:\/\/portal.pi.gov.br\/pc\/wp-content\/uploads\/sites\/42\/2025\/04\/prisao_7seccionaldv01_04.04-1-947x631.jpeg",947,631,true],"page-small":["https:\/\/portal.pi.gov.br\/pc\/wp-content\/uploads\/sites\/42\/2025\/04\/prisao_7seccionaldv01_04.04-1-624x416.jpeg",624,416,true],"loop-main":["https:\/\/portal.pi.gov.br\/pc\/wp-content\/uploads\/sites\/42\/2025\/04\/prisao_7seccionaldv01_04.04-1-365x240.jpeg",365,240,true],"thumb-gallery-widget":["https:\/\/portal.pi.gov.br\/pc\/wp-content\/uploads\/sites\/42\/2025\/04\/prisao_7seccionaldv01_04.04-1-84x56.jpeg",84,56,true]},"post_excerpt_stackable_v2":"<p>A Pol\u00edcia Civil do Piau\u00ed, por meio da 07\u00aa Delegacia Seccional de Teresina &#8211; Divis\u00e3o 01 (11\u00aa Delegacia de Pol\u00edcia), efetuou a pris\u00e3o de um homem de iniciais J.S.G., de 27 anos de idade, nesta sexta-feira (04\/04). O homem \u00e9 condenado a mais de 14 anos pelo crime de roubo e estava foragido do sistema prisional piauiense. Segundo o delegado-titular da unidade policial citada, Ricardo Oliveira, o preso \u00e9 autor de diversos crimes de roubo qualificado na zona leste de Teresina e em outras zonas da capital. &#8220;Desde o ano de 2024, J.S.G. praticava assaltos com uso de arma e&hellip;<\/p>\n","category_list_v2":"<a href=\"https:\/\/portal.pi.gov.br\/pc\/category\/noticias\/\" rel=\"category tag\">PC<\/a>","author_info_v2":{"name":"J\u00e9ssica Lib\u00e2nio","url":"https:\/\/portal.pi.gov.br\/pc\/author\/jessicalibanio\/"},"comments_num_v2":"0 coment\u00e1rio","jetpack_featured_media_url":"https:\/\/portal.pi.gov.br\/pc\/wp-content\/uploads\/sites\/42\/2025\/04\/prisao_7seccionaldv01_04.04-1.jpeg","_links":{"self":[{"href":"https:\/\/portal.pi.gov.br\/pc\/wp-json\/wp\/v2\/posts\/13164"}],"collection":[{"href":"https:\/\/portal.pi.gov.br\/pc\/wp-json\/wp\/v2\/posts"}],"about":[{"href":"https:\/\/portal.pi.gov.br\/pc\/wp-json\/wp\/v2\/types\/post"}],"author":[{"embeddable":true,"href":"https:\/\/portal.pi.gov.br\/pc\/wp-json\/wp\/v2\/users\/1746"}],"replies":[{"embeddable":true,"href":"https:\/\/portal.pi.gov.br\/pc\/wp-json\/wp\/v2\/comments?post=13164"}],"version-history":[{"count":3,"href":"https:\/\/portal.pi.gov.br\/pc\/wp-json\/wp\/v2\/posts\/13164\/revisions"}],"predecessor-version":[{"id":13171,"href":"https:\/\/portal.pi.gov.br\/pc\/wp-json\/wp\/v2\/posts\/13164\/revisions\/13171"}],"wp:featuredmedia":[{"embeddable":true,"href":"https:\/\/portal.pi.gov.br\/pc\/wp-json\/wp\/v2\/media\/13165"}],"wp:attachment":[{"href":"https:\/\/portal.pi.gov.br\/pc\/wp-json\/wp\/v2\/media?parent=13164"}],"wp:term":[{"taxonomy":"category","embeddable":true,"href":"https:\/\/portal.pi.gov.br\/pc\/wp-json\/wp\/v2\/categories?post=13164"},{"taxonomy":"post_tag","embeddable":true,"href":"https:\/\/portal.pi.gov.br\/pc\/wp-json\/wp\/v2\/tags?post=13164"}],"curies":[{"name":"wp","href":"https:\/\/api.w.org\/{rel}","templated":true}]}}