{"id":17129,"date":"2026-04-08T10:07:12","date_gmt":"2026-04-08T13:07:12","guid":{"rendered":"https:\/\/portal.pi.gov.br\/pc\/?p=17129"},"modified":"2026-04-12T19:23:48","modified_gmt":"2026-04-12T22:23:48","slug":"nota-de-pesar-pelo-falecimento-do-dpc-jose-goncalves-de-almeida-neto","status":"publish","type":"post","link":"https:\/\/portal.pi.gov.br\/pc\/2026\/04\/08\/nota-de-pesar-pelo-falecimento-do-dpc-jose-goncalves-de-almeida-neto\/","title":{"rendered":"Nota de pesar pelo falecimento do DPC Jos\u00e9 Gon\u00e7alves"},"content":{"rendered":"\n<p>A Delegacia-Geral de Pol\u00edcia Civil vem por meio da presente nota manifestar p\u00easames pelo falecimento do delegado de pol\u00edcia civil, j\u00e1 aposentado, Jos\u00e9 Gon\u00e7alves de Almeida Neto.<\/p>\n\n\n\n<p>Jos\u00e9 Gon\u00e7alves foi delegado titular em v\u00e1rias unidades policiais do Piau\u00ed e prestou relevantes servi\u00e7os ao Estado.<\/p>\n\n\n\n<p>O delegado-geral Luccy Keiko Leal Para\u00edba deseja aos familiares e amigos do delegado Jos\u00e9 Gon\u00e7alves o conforto divino nesse momento de dor.<\/p>\n\n\n\n<p><strong><em>Assessoria de Comunica\u00e7\u00e3o da Pol\u00edcia Civil do Piau\u00ed<\/em><\/strong><\/p>\n","protected":false},"excerpt":{"rendered":"<p>A Delegacia-Geral de Pol\u00edcia Civil vem por meio da presente nota manifestar p\u00easames pelo falecimento do delegado de pol\u00edcia civil, j\u00e1 aposentado, Jos\u00e9 Gon\u00e7alves de Almeida Neto. Jos\u00e9 Gon\u00e7alves foi [&hellip;]<\/p>\n","protected":false},"author":1830,"featured_media":17130,"comment_status":"closed","ping_status":"closed","sticky":false,"template":"","format":"standard","meta":[],"categories":[1],"tags":[],"featured_image_urls":{"full":["https:\/\/portal.pi.gov.br\/pc\/wp-content\/uploads\/sites\/42\/2026\/04\/WhatsApp-Image-2026-04-08-at-10.05.45.jpeg",800,600,false],"thumbnail":["https:\/\/portal.pi.gov.br\/pc\/wp-content\/uploads\/sites\/42\/2026\/04\/WhatsApp-Image-2026-04-08-at-10.05.45-150x150.jpeg",150,150,true],"medium":["https:\/\/portal.pi.gov.br\/pc\/wp-content\/uploads\/sites\/42\/2026\/04\/WhatsApp-Image-2026-04-08-at-10.05.45-300x225.jpeg",300,225,true],"medium_large":["https:\/\/portal.pi.gov.br\/pc\/wp-content\/uploads\/sites\/42\/2026\/04\/WhatsApp-Image-2026-04-08-at-10.05.45-768x576.jpeg",768,576,true],"large":["https:\/\/portal.pi.gov.br\/pc\/wp-content\/uploads\/sites\/42\/2026\/04\/WhatsApp-Image-2026-04-08-at-10.05.45.jpeg",800,600,false],"sgg-420":["https:\/\/portal.pi.gov.br\/pc\/wp-content\/uploads\/sites\/42\/2026\/04\/WhatsApp-Image-2026-04-08-at-10.05.45-420x315.jpeg",420,315,true],"sgg-540":["https:\/\/portal.pi.gov.br\/pc\/wp-content\/uploads\/sites\/42\/2026\/04\/WhatsApp-Image-2026-04-08-at-10.05.45-540x405.jpeg",540,405,true],"sgg-780":["https:\/\/portal.pi.gov.br\/pc\/wp-content\/uploads\/sites\/42\/2026\/04\/WhatsApp-Image-2026-04-08-at-10.05.45-780x585.jpeg",780,585,true],"1536x1536":["https:\/\/portal.pi.gov.br\/pc\/wp-content\/uploads\/sites\/42\/2026\/04\/WhatsApp-Image-2026-04-08-at-10.05.45.jpeg",800,600,false],"2048x2048":["https:\/\/portal.pi.gov.br\/pc\/wp-content\/uploads\/sites\/42\/2026\/04\/WhatsApp-Image-2026-04-08-at-10.05.45.jpeg",800,600,false],"homepage-slider":["https:\/\/portal.pi.gov.br\/pc\/wp-content\/uploads\/sites\/42\/2026\/04\/WhatsApp-Image-2026-04-08-at-10.05.45-800x500.jpeg",800,500,true],"homepage-slider-small":["https:\/\/portal.pi.gov.br\/pc\/wp-content\/uploads\/sites\/42\/2026\/04\/WhatsApp-Image-2026-04-08-at-10.05.45-800x500.jpeg",800,500,true],"page-top":["https:\/\/portal.pi.gov.br\/pc\/wp-content\/uploads\/sites\/42\/2026\/04\/WhatsApp-Image-2026-04-08-at-10.05.45.jpeg",800,600,false],"page-small":["https:\/\/portal.pi.gov.br\/pc\/wp-content\/uploads\/sites\/42\/2026\/04\/WhatsApp-Image-2026-04-08-at-10.05.45-624x468.jpeg",624,468,true],"loop-main":["https:\/\/portal.pi.gov.br\/pc\/wp-content\/uploads\/sites\/42\/2026\/04\/WhatsApp-Image-2026-04-08-at-10.05.45-365x240.jpeg",365,240,true],"thumb-gallery-widget":["https:\/\/portal.pi.gov.br\/pc\/wp-content\/uploads\/sites\/42\/2026\/04\/WhatsApp-Image-2026-04-08-at-10.05.45-84x56.jpeg",84,56,true]},"post_excerpt_stackable":"<p>A Delegacia-Geral de Pol\u00edcia Civil vem por meio da presente nota manifestar p\u00easames pelo falecimento do delegado de pol\u00edcia civil, j\u00e1 aposentado, Jos\u00e9 Gon\u00e7alves de Almeida Neto. Jos\u00e9 Gon\u00e7alves foi delegado titular em v\u00e1rias unidades policiais do Piau\u00ed e prestou relevantes servi\u00e7os ao Estado. O delegado-geral Luccy Keiko Leal Para\u00edba deseja aos familiares e amigos do delegado Jos\u00e9 Gon\u00e7alves o conforto divino nesse momento de dor. Assessoria de Comunica\u00e7\u00e3o da Pol\u00edcia Civil do Piau\u00ed<\/p>\n","category_list":"<a href=\"https:\/\/portal.pi.gov.br\/pc\/category\/noticias\/\" rel=\"category tag\">PC<\/a>","author_info":{"name":"ravelsantos","url":"https:\/\/portal.pi.gov.br\/pc\/author\/ravelsantos\/"},"comments_num":"0 coment\u00e1rio","featured_image_urls_v2":{"full":["https:\/\/portal.pi.gov.br\/pc\/wp-content\/uploads\/sites\/42\/2026\/04\/WhatsApp-Image-2026-04-08-at-10.05.45.jpeg",800,600,false],"thumbnail":["https:\/\/portal.pi.gov.br\/pc\/wp-content\/uploads\/sites\/42\/2026\/04\/WhatsApp-Image-2026-04-08-at-10.05.45-150x150.jpeg",150,150,true],"medium":["https:\/\/portal.pi.gov.br\/pc\/wp-content\/uploads\/sites\/42\/2026\/04\/WhatsApp-Image-2026-04-08-at-10.05.45-300x225.jpeg",300,225,true],"medium_large":["https:\/\/portal.pi.gov.br\/pc\/wp-content\/uploads\/sites\/42\/2026\/04\/WhatsApp-Image-2026-04-08-at-10.05.45-768x576.jpeg",768,576,true],"large":["https:\/\/portal.pi.gov.br\/pc\/wp-content\/uploads\/sites\/42\/2026\/04\/WhatsApp-Image-2026-04-08-at-10.05.45.jpeg",800,600,false],"sgg-420":["https:\/\/portal.pi.gov.br\/pc\/wp-content\/uploads\/sites\/42\/2026\/04\/WhatsApp-Image-2026-04-08-at-10.05.45-420x315.jpeg",420,315,true],"sgg-540":["https:\/\/portal.pi.gov.br\/pc\/wp-content\/uploads\/sites\/42\/2026\/04\/WhatsApp-Image-2026-04-08-at-10.05.45-540x405.jpeg",540,405,true],"sgg-780":["https:\/\/portal.pi.gov.br\/pc\/wp-content\/uploads\/sites\/42\/2026\/04\/WhatsApp-Image-2026-04-08-at-10.05.45-780x585.jpeg",780,585,true],"1536x1536":["https:\/\/portal.pi.gov.br\/pc\/wp-content\/uploads\/sites\/42\/2026\/04\/WhatsApp-Image-2026-04-08-at-10.05.45.jpeg",800,600,false],"2048x2048":["https:\/\/portal.pi.gov.br\/pc\/wp-content\/uploads\/sites\/42\/2026\/04\/WhatsApp-Image-2026-04-08-at-10.05.45.jpeg",800,600,false],"homepage-slider":["https:\/\/portal.pi.gov.br\/pc\/wp-content\/uploads\/sites\/42\/2026\/04\/WhatsApp-Image-2026-04-08-at-10.05.45-800x500.jpeg",800,500,true],"homepage-slider-small":["https:\/\/portal.pi.gov.br\/pc\/wp-content\/uploads\/sites\/42\/2026\/04\/WhatsApp-Image-2026-04-08-at-10.05.45-800x500.jpeg",800,500,true],"page-top":["https:\/\/portal.pi.gov.br\/pc\/wp-content\/uploads\/sites\/42\/2026\/04\/WhatsApp-Image-2026-04-08-at-10.05.45.jpeg",800,600,false],"page-small":["https:\/\/portal.pi.gov.br\/pc\/wp-content\/uploads\/sites\/42\/2026\/04\/WhatsApp-Image-2026-04-08-at-10.05.45-624x468.jpeg",624,468,true],"loop-main":["https:\/\/portal.pi.gov.br\/pc\/wp-content\/uploads\/sites\/42\/2026\/04\/WhatsApp-Image-2026-04-08-at-10.05.45-365x240.jpeg",365,240,true],"thumb-gallery-widget":["https:\/\/portal.pi.gov.br\/pc\/wp-content\/uploads\/sites\/42\/2026\/04\/WhatsApp-Image-2026-04-08-at-10.05.45-84x56.jpeg",84,56,true]},"post_excerpt_stackable_v2":"<p>A Delegacia-Geral de Pol\u00edcia Civil vem por meio da presente nota manifestar p\u00easames pelo falecimento do delegado de pol\u00edcia civil, j\u00e1 aposentado, Jos\u00e9 Gon\u00e7alves de Almeida Neto. Jos\u00e9 Gon\u00e7alves foi delegado titular em v\u00e1rias unidades policiais do Piau\u00ed e prestou relevantes servi\u00e7os ao Estado. O delegado-geral Luccy Keiko Leal Para\u00edba deseja aos familiares e amigos do delegado Jos\u00e9 Gon\u00e7alves o conforto divino nesse momento de dor. Assessoria de Comunica\u00e7\u00e3o da Pol\u00edcia Civil do Piau\u00ed<\/p>\n","category_list_v2":"<a href=\"https:\/\/portal.pi.gov.br\/pc\/category\/noticias\/\" rel=\"category tag\">PC<\/a>","author_info_v2":{"name":"ravelsantos","url":"https:\/\/portal.pi.gov.br\/pc\/author\/ravelsantos\/"},"comments_num_v2":"0 coment\u00e1rio","jetpack_featured_media_url":"https:\/\/portal.pi.gov.br\/pc\/wp-content\/uploads\/sites\/42\/2026\/04\/WhatsApp-Image-2026-04-08-at-10.05.45.jpeg","_links":{"self":[{"href":"https:\/\/portal.pi.gov.br\/pc\/wp-json\/wp\/v2\/posts\/17129"}],"collection":[{"href":"https:\/\/portal.pi.gov.br\/pc\/wp-json\/wp\/v2\/posts"}],"about":[{"href":"https:\/\/portal.pi.gov.br\/pc\/wp-json\/wp\/v2\/types\/post"}],"author":[{"embeddable":true,"href":"https:\/\/portal.pi.gov.br\/pc\/wp-json\/wp\/v2\/users\/1830"}],"replies":[{"embeddable":true,"href":"https:\/\/portal.pi.gov.br\/pc\/wp-json\/wp\/v2\/comments?post=17129"}],"version-history":[{"count":5,"href":"https:\/\/portal.pi.gov.br\/pc\/wp-json\/wp\/v2\/posts\/17129\/revisions"}],"predecessor-version":[{"id":17229,"href":"https:\/\/portal.pi.gov.br\/pc\/wp-json\/wp\/v2\/posts\/17129\/revisions\/17229"}],"wp:featuredmedia":[{"embeddable":true,"href":"https:\/\/portal.pi.gov.br\/pc\/wp-json\/wp\/v2\/media\/17130"}],"wp:attachment":[{"href":"https:\/\/portal.pi.gov.br\/pc\/wp-json\/wp\/v2\/media?parent=17129"}],"wp:term":[{"taxonomy":"category","embeddable":true,"href":"https:\/\/portal.pi.gov.br\/pc\/wp-json\/wp\/v2\/categories?post=17129"},{"taxonomy":"post_tag","embeddable":true,"href":"https:\/\/portal.pi.gov.br\/pc\/wp-json\/wp\/v2\/tags?post=17129"}],"curies":[{"name":"wp","href":"https:\/\/api.w.org\/{rel}","templated":true}]}}