{"id":17334,"date":"2026-04-23T09:53:37","date_gmt":"2026-04-23T12:53:37","guid":{"rendered":"https:\/\/portal.pi.gov.br\/pc\/?p=17334"},"modified":"2026-04-23T09:53:38","modified_gmt":"2026-04-23T12:53:38","slug":"policia-civil-deflagra-operacao-contra-o-trafico-de-drogas-em-elesbao-veloso","status":"publish","type":"post","link":"https:\/\/portal.pi.gov.br\/pc\/2026\/04\/23\/policia-civil-deflagra-operacao-contra-o-trafico-de-drogas-em-elesbao-veloso\/","title":{"rendered":"Pol\u00edcia Civil deflagra opera\u00e7\u00e3o contra o tr\u00e1fico de drogas em Elesb\u00e3o Veloso"},"content":{"rendered":"\n<p>A Pol\u00edcia Civil do Piau\u00ed, por meio da Coordenadoria de Opera\u00e7\u00f5es e Recursos Especiais \u2013 CORE, da Delegacia Seccional de Valen\u00e7a e da Delegacia de Elesb\u00e3o Veloso, deflagrou na manh\u00e3 desta quarta-feira (23\/04), opera\u00e7\u00e3o para cumprimento de ordens judiciais na regi\u00e3o de Elesb\u00e3o Veloso.<\/p>\n\n\n<div class=\"wp-block-image\">\n<figure class=\"aligncenter size-large is-resized\"><img decoding=\"async\" loading=\"lazy\" src=\"https:\/\/portal.pi.gov.br\/pc\/wp-content\/uploads\/sites\/42\/2026\/04\/WhatsApp-Image-2026-04-23-at-09.42.02-1-576x1024.jpeg\" alt=\"\" class=\"wp-image-17336\" width=\"252\" height=\"448\" srcset=\"https:\/\/portal.pi.gov.br\/pc\/wp-content\/uploads\/sites\/42\/2026\/04\/WhatsApp-Image-2026-04-23-at-09.42.02-1-576x1024.jpeg 576w, https:\/\/portal.pi.gov.br\/pc\/wp-content\/uploads\/sites\/42\/2026\/04\/WhatsApp-Image-2026-04-23-at-09.42.02-1-169x300.jpeg 169w, https:\/\/portal.pi.gov.br\/pc\/wp-content\/uploads\/sites\/42\/2026\/04\/WhatsApp-Image-2026-04-23-at-09.42.02-1-768x1365.jpeg 768w, https:\/\/portal.pi.gov.br\/pc\/wp-content\/uploads\/sites\/42\/2026\/04\/WhatsApp-Image-2026-04-23-at-09.42.02-1-236x420.jpeg 236w, https:\/\/portal.pi.gov.br\/pc\/wp-content\/uploads\/sites\/42\/2026\/04\/WhatsApp-Image-2026-04-23-at-09.42.02-1-304x540.jpeg 304w, https:\/\/portal.pi.gov.br\/pc\/wp-content\/uploads\/sites\/42\/2026\/04\/WhatsApp-Image-2026-04-23-at-09.42.02-1-439x780.jpeg 439w, https:\/\/portal.pi.gov.br\/pc\/wp-content\/uploads\/sites\/42\/2026\/04\/WhatsApp-Image-2026-04-23-at-09.42.02-1-864x1536.jpeg 864w, https:\/\/portal.pi.gov.br\/pc\/wp-content\/uploads\/sites\/42\/2026\/04\/WhatsApp-Image-2026-04-23-at-09.42.02-1-624x1109.jpeg 624w, https:\/\/portal.pi.gov.br\/pc\/wp-content\/uploads\/sites\/42\/2026\/04\/WhatsApp-Image-2026-04-23-at-09.42.02-1.jpeg 900w\" sizes=\"(max-width: 252px) 100vw, 252px\" \/><\/figure><\/div>\n\n\n<p>Durante a a\u00e7\u00e3o, os agentes prenderam homens em flagrante e apreenderam subst\u00e2ncias an\u00e1logas \u00e0 maconha, crack e coca\u00edna, al\u00e9m de balan\u00e7as de precis\u00e3o e valores em esp\u00e9cie, materiais que caracterizam o crime de tr\u00e1fico de drogas.<\/p>\n\n\n<div class=\"wp-block-image\">\n<figure class=\"aligncenter size-large is-resized\"><img decoding=\"async\" loading=\"lazy\" src=\"https:\/\/portal.pi.gov.br\/pc\/wp-content\/uploads\/sites\/42\/2026\/04\/WhatsApp-Image-2026-04-23-at-09.52.53-1024x576.jpeg\" alt=\"\" class=\"wp-image-17337\" width=\"419\" height=\"235\" srcset=\"https:\/\/portal.pi.gov.br\/pc\/wp-content\/uploads\/sites\/42\/2026\/04\/WhatsApp-Image-2026-04-23-at-09.52.53-1024x576.jpeg 1024w, https:\/\/portal.pi.gov.br\/pc\/wp-content\/uploads\/sites\/42\/2026\/04\/WhatsApp-Image-2026-04-23-at-09.52.53-300x169.jpeg 300w, https:\/\/portal.pi.gov.br\/pc\/wp-content\/uploads\/sites\/42\/2026\/04\/WhatsApp-Image-2026-04-23-at-09.52.53-768x432.jpeg 768w, https:\/\/portal.pi.gov.br\/pc\/wp-content\/uploads\/sites\/42\/2026\/04\/WhatsApp-Image-2026-04-23-at-09.52.53-420x236.jpeg 420w, https:\/\/portal.pi.gov.br\/pc\/wp-content\/uploads\/sites\/42\/2026\/04\/WhatsApp-Image-2026-04-23-at-09.52.53-540x304.jpeg 540w, https:\/\/portal.pi.gov.br\/pc\/wp-content\/uploads\/sites\/42\/2026\/04\/WhatsApp-Image-2026-04-23-at-09.52.53-780x439.jpeg 780w, https:\/\/portal.pi.gov.br\/pc\/wp-content\/uploads\/sites\/42\/2026\/04\/WhatsApp-Image-2026-04-23-at-09.52.53-1536x864.jpeg 1536w, https:\/\/portal.pi.gov.br\/pc\/wp-content\/uploads\/sites\/42\/2026\/04\/WhatsApp-Image-2026-04-23-at-09.52.53-947x533.jpeg 947w, https:\/\/portal.pi.gov.br\/pc\/wp-content\/uploads\/sites\/42\/2026\/04\/WhatsApp-Image-2026-04-23-at-09.52.53-624x351.jpeg 624w, https:\/\/portal.pi.gov.br\/pc\/wp-content\/uploads\/sites\/42\/2026\/04\/WhatsApp-Image-2026-04-23-at-09.52.53.jpeg 1600w\" sizes=\"(max-width: 419px) 100vw, 419px\" \/><\/figure><\/div>\n\n\n<p>Os presos e todo o material apreendido foram encaminhados \u00e0 unidade policial competente para a ado\u00e7\u00e3o dos procedimentos legais cab\u00edveis. A Pol\u00edcia Civil segue com as investiga\u00e7\u00f5es para identificar outros envolvidos na atividade criminosa.<\/p>\n\n\n\n<p><strong><em>Assessoria de Comunica\u00e7\u00e3o da Pol\u00edcia Civil do Piau\u00ed <\/em><\/strong><\/p>\n","protected":false},"excerpt":{"rendered":"<p>A Pol\u00edcia Civil do Piau\u00ed, por meio da Coordenadoria de Opera\u00e7\u00f5es e Recursos Especiais \u2013 CORE, da Delegacia Seccional de Valen\u00e7a e da Delegacia de Elesb\u00e3o Veloso, deflagrou na manh\u00e3 [&hellip;]<\/p>\n","protected":false},"author":1830,"featured_media":17337,"comment_status":"closed","ping_status":"closed","sticky":false,"template":"","format":"standard","meta":[],"categories":[1],"tags":[],"featured_image_urls":{"full":["https:\/\/portal.pi.gov.br\/pc\/wp-content\/uploads\/sites\/42\/2026\/04\/WhatsApp-Image-2026-04-23-at-09.52.53.jpeg",1600,900,false],"thumbnail":["https:\/\/portal.pi.gov.br\/pc\/wp-content\/uploads\/sites\/42\/2026\/04\/WhatsApp-Image-2026-04-23-at-09.52.53-150x150.jpeg",150,150,true],"medium":["https:\/\/portal.pi.gov.br\/pc\/wp-content\/uploads\/sites\/42\/2026\/04\/WhatsApp-Image-2026-04-23-at-09.52.53-300x169.jpeg",300,169,true],"medium_large":["https:\/\/portal.pi.gov.br\/pc\/wp-content\/uploads\/sites\/42\/2026\/04\/WhatsApp-Image-2026-04-23-at-09.52.53-768x432.jpeg",768,432,true],"large":["https:\/\/portal.pi.gov.br\/pc\/wp-content\/uploads\/sites\/42\/2026\/04\/WhatsApp-Image-2026-04-23-at-09.52.53-1024x576.jpeg",887,499,true],"sgg-420":["https:\/\/portal.pi.gov.br\/pc\/wp-content\/uploads\/sites\/42\/2026\/04\/WhatsApp-Image-2026-04-23-at-09.52.53-420x236.jpeg",420,236,true],"sgg-540":["https:\/\/portal.pi.gov.br\/pc\/wp-content\/uploads\/sites\/42\/2026\/04\/WhatsApp-Image-2026-04-23-at-09.52.53-540x304.jpeg",540,304,true],"sgg-780":["https:\/\/portal.pi.gov.br\/pc\/wp-content\/uploads\/sites\/42\/2026\/04\/WhatsApp-Image-2026-04-23-at-09.52.53-780x439.jpeg",780,439,true],"1536x1536":["https:\/\/portal.pi.gov.br\/pc\/wp-content\/uploads\/sites\/42\/2026\/04\/WhatsApp-Image-2026-04-23-at-09.52.53-1536x864.jpeg",1536,864,true],"2048x2048":["https:\/\/portal.pi.gov.br\/pc\/wp-content\/uploads\/sites\/42\/2026\/04\/WhatsApp-Image-2026-04-23-at-09.52.53.jpeg",1600,900,false],"homepage-slider":["https:\/\/portal.pi.gov.br\/pc\/wp-content\/uploads\/sites\/42\/2026\/04\/WhatsApp-Image-2026-04-23-at-09.52.53-1270x500.jpeg",1270,500,true],"homepage-slider-small":["https:\/\/portal.pi.gov.br\/pc\/wp-content\/uploads\/sites\/42\/2026\/04\/WhatsApp-Image-2026-04-23-at-09.52.53-947x500.jpeg",947,500,true],"page-top":["https:\/\/portal.pi.gov.br\/pc\/wp-content\/uploads\/sites\/42\/2026\/04\/WhatsApp-Image-2026-04-23-at-09.52.53-947x533.jpeg",947,533,true],"page-small":["https:\/\/portal.pi.gov.br\/pc\/wp-content\/uploads\/sites\/42\/2026\/04\/WhatsApp-Image-2026-04-23-at-09.52.53-624x351.jpeg",624,351,true],"loop-main":["https:\/\/portal.pi.gov.br\/pc\/wp-content\/uploads\/sites\/42\/2026\/04\/WhatsApp-Image-2026-04-23-at-09.52.53-365x240.jpeg",365,240,true],"thumb-gallery-widget":["https:\/\/portal.pi.gov.br\/pc\/wp-content\/uploads\/sites\/42\/2026\/04\/WhatsApp-Image-2026-04-23-at-09.52.53-84x56.jpeg",84,56,true]},"post_excerpt_stackable":"<p>A Pol\u00edcia Civil do Piau\u00ed, por meio da Coordenadoria de Opera\u00e7\u00f5es e Recursos Especiais \u2013 CORE, da Delegacia Seccional de Valen\u00e7a e da Delegacia de Elesb\u00e3o Veloso, deflagrou na manh\u00e3 desta quarta-feira (23\/04), opera\u00e7\u00e3o para cumprimento de ordens judiciais na regi\u00e3o de Elesb\u00e3o Veloso. Durante a a\u00e7\u00e3o, os agentes prenderam homens em flagrante e apreenderam subst\u00e2ncias an\u00e1logas \u00e0 maconha, crack e coca\u00edna, al\u00e9m de balan\u00e7as de precis\u00e3o e valores em esp\u00e9cie, materiais que caracterizam o crime de tr\u00e1fico de drogas. Os presos e todo o material apreendido foram encaminhados \u00e0 unidade policial competente para a ado\u00e7\u00e3o dos procedimentos legais cab\u00edveis.&hellip;<\/p>\n","category_list":"<a href=\"https:\/\/portal.pi.gov.br\/pc\/category\/noticias\/\" rel=\"category tag\">PC<\/a>","author_info":{"name":"ravelsantos","url":"https:\/\/portal.pi.gov.br\/pc\/author\/ravelsantos\/"},"comments_num":"0 coment\u00e1rio","featured_image_urls_v2":{"full":["https:\/\/portal.pi.gov.br\/pc\/wp-content\/uploads\/sites\/42\/2026\/04\/WhatsApp-Image-2026-04-23-at-09.52.53.jpeg",1600,900,false],"thumbnail":["https:\/\/portal.pi.gov.br\/pc\/wp-content\/uploads\/sites\/42\/2026\/04\/WhatsApp-Image-2026-04-23-at-09.52.53-150x150.jpeg",150,150,true],"medium":["https:\/\/portal.pi.gov.br\/pc\/wp-content\/uploads\/sites\/42\/2026\/04\/WhatsApp-Image-2026-04-23-at-09.52.53-300x169.jpeg",300,169,true],"medium_large":["https:\/\/portal.pi.gov.br\/pc\/wp-content\/uploads\/sites\/42\/2026\/04\/WhatsApp-Image-2026-04-23-at-09.52.53-768x432.jpeg",768,432,true],"large":["https:\/\/portal.pi.gov.br\/pc\/wp-content\/uploads\/sites\/42\/2026\/04\/WhatsApp-Image-2026-04-23-at-09.52.53-1024x576.jpeg",887,499,true],"sgg-420":["https:\/\/portal.pi.gov.br\/pc\/wp-content\/uploads\/sites\/42\/2026\/04\/WhatsApp-Image-2026-04-23-at-09.52.53-420x236.jpeg",420,236,true],"sgg-540":["https:\/\/portal.pi.gov.br\/pc\/wp-content\/uploads\/sites\/42\/2026\/04\/WhatsApp-Image-2026-04-23-at-09.52.53-540x304.jpeg",540,304,true],"sgg-780":["https:\/\/portal.pi.gov.br\/pc\/wp-content\/uploads\/sites\/42\/2026\/04\/WhatsApp-Image-2026-04-23-at-09.52.53-780x439.jpeg",780,439,true],"1536x1536":["https:\/\/portal.pi.gov.br\/pc\/wp-content\/uploads\/sites\/42\/2026\/04\/WhatsApp-Image-2026-04-23-at-09.52.53-1536x864.jpeg",1536,864,true],"2048x2048":["https:\/\/portal.pi.gov.br\/pc\/wp-content\/uploads\/sites\/42\/2026\/04\/WhatsApp-Image-2026-04-23-at-09.52.53.jpeg",1600,900,false],"homepage-slider":["https:\/\/portal.pi.gov.br\/pc\/wp-content\/uploads\/sites\/42\/2026\/04\/WhatsApp-Image-2026-04-23-at-09.52.53-1270x500.jpeg",1270,500,true],"homepage-slider-small":["https:\/\/portal.pi.gov.br\/pc\/wp-content\/uploads\/sites\/42\/2026\/04\/WhatsApp-Image-2026-04-23-at-09.52.53-947x500.jpeg",947,500,true],"page-top":["https:\/\/portal.pi.gov.br\/pc\/wp-content\/uploads\/sites\/42\/2026\/04\/WhatsApp-Image-2026-04-23-at-09.52.53-947x533.jpeg",947,533,true],"page-small":["https:\/\/portal.pi.gov.br\/pc\/wp-content\/uploads\/sites\/42\/2026\/04\/WhatsApp-Image-2026-04-23-at-09.52.53-624x351.jpeg",624,351,true],"loop-main":["https:\/\/portal.pi.gov.br\/pc\/wp-content\/uploads\/sites\/42\/2026\/04\/WhatsApp-Image-2026-04-23-at-09.52.53-365x240.jpeg",365,240,true],"thumb-gallery-widget":["https:\/\/portal.pi.gov.br\/pc\/wp-content\/uploads\/sites\/42\/2026\/04\/WhatsApp-Image-2026-04-23-at-09.52.53-84x56.jpeg",84,56,true]},"post_excerpt_stackable_v2":"<p>A Pol\u00edcia Civil do Piau\u00ed, por meio da Coordenadoria de Opera\u00e7\u00f5es e Recursos Especiais \u2013 CORE, da Delegacia Seccional de Valen\u00e7a e da Delegacia de Elesb\u00e3o Veloso, deflagrou na manh\u00e3 desta quarta-feira (23\/04), opera\u00e7\u00e3o para cumprimento de ordens judiciais na regi\u00e3o de Elesb\u00e3o Veloso. Durante a a\u00e7\u00e3o, os agentes prenderam homens em flagrante e apreenderam subst\u00e2ncias an\u00e1logas \u00e0 maconha, crack e coca\u00edna, al\u00e9m de balan\u00e7as de precis\u00e3o e valores em esp\u00e9cie, materiais que caracterizam o crime de tr\u00e1fico de drogas. Os presos e todo o material apreendido foram encaminhados \u00e0 unidade policial competente para a ado\u00e7\u00e3o dos procedimentos legais cab\u00edveis.&hellip;<\/p>\n","category_list_v2":"<a href=\"https:\/\/portal.pi.gov.br\/pc\/category\/noticias\/\" rel=\"category tag\">PC<\/a>","author_info_v2":{"name":"ravelsantos","url":"https:\/\/portal.pi.gov.br\/pc\/author\/ravelsantos\/"},"comments_num_v2":"0 coment\u00e1rio","jetpack_featured_media_url":"https:\/\/portal.pi.gov.br\/pc\/wp-content\/uploads\/sites\/42\/2026\/04\/WhatsApp-Image-2026-04-23-at-09.52.53.jpeg","_links":{"self":[{"href":"https:\/\/portal.pi.gov.br\/pc\/wp-json\/wp\/v2\/posts\/17334"}],"collection":[{"href":"https:\/\/portal.pi.gov.br\/pc\/wp-json\/wp\/v2\/posts"}],"about":[{"href":"https:\/\/portal.pi.gov.br\/pc\/wp-json\/wp\/v2\/types\/post"}],"author":[{"embeddable":true,"href":"https:\/\/portal.pi.gov.br\/pc\/wp-json\/wp\/v2\/users\/1830"}],"replies":[{"embeddable":true,"href":"https:\/\/portal.pi.gov.br\/pc\/wp-json\/wp\/v2\/comments?post=17334"}],"version-history":[{"count":1,"href":"https:\/\/portal.pi.gov.br\/pc\/wp-json\/wp\/v2\/posts\/17334\/revisions"}],"predecessor-version":[{"id":17338,"href":"https:\/\/portal.pi.gov.br\/pc\/wp-json\/wp\/v2\/posts\/17334\/revisions\/17338"}],"wp:featuredmedia":[{"embeddable":true,"href":"https:\/\/portal.pi.gov.br\/pc\/wp-json\/wp\/v2\/media\/17337"}],"wp:attachment":[{"href":"https:\/\/portal.pi.gov.br\/pc\/wp-json\/wp\/v2\/media?parent=17334"}],"wp:term":[{"taxonomy":"category","embeddable":true,"href":"https:\/\/portal.pi.gov.br\/pc\/wp-json\/wp\/v2\/categories?post=17334"},{"taxonomy":"post_tag","embeddable":true,"href":"https:\/\/portal.pi.gov.br\/pc\/wp-json\/wp\/v2\/tags?post=17334"}],"curies":[{"name":"wp","href":"https:\/\/api.w.org\/{rel}","templated":true}]}}