{"id":17349,"date":"2026-04-26T16:10:07","date_gmt":"2026-04-26T19:10:07","guid":{"rendered":"https:\/\/portal.pi.gov.br\/pc\/?p=17349"},"modified":"2026-04-26T16:10:09","modified_gmt":"2026-04-26T19:10:09","slug":"policia-civil-faz-prisao-por-violencia-domestica-no-centro-da-capital","status":"publish","type":"post","link":"https:\/\/portal.pi.gov.br\/pc\/2026\/04\/26\/policia-civil-faz-prisao-por-violencia-domestica-no-centro-da-capital\/","title":{"rendered":"Pol\u00edcia Civil faz pris\u00e3o por viol\u00eancia dom\u00e9stica no Centro da capital"},"content":{"rendered":"\n<p>A Pol\u00edcia Civil do Piau\u00ed, por meio da Diretoria Especializada em Opera\u00e7\u00f5es Policiais (DEOP), realizou, na madrugada deste domingo (26\/04), a pris\u00e3o de um homem de iniciais L. de S.R., de 25 anos de idade, nas imedia\u00e7\u00f5es do \u201cGin\u00e1sio Verd\u00e3o\u201d no Centro de Teresina.<\/p>\n\n\n\n<p>Segundo o diretor da DEOP, delegado Tales Gomes, o homem foi preso durante abordagem policial da equipe da diretoria. Contra ele, havia um mandado de pris\u00e3o preventiva em aberto por crime de viol\u00eancia dom\u00e9stica ocorrido em janeiro deste ano.<\/p>\n\n\n\n<p>A decis\u00e3o judicial \u00e9 da Vara N\u00facleo de Plant\u00e3o da cidade de Floriano, no sul do Piau\u00ed, e o suspeito teria fugido para a capital.<\/p>\n\n\n\n<p><strong><em>Assessoria de Comunica\u00e7\u00e3o da Pol\u00edcia Civil do Piau\u00ed<\/em><\/strong><\/p>\n","protected":false},"excerpt":{"rendered":"<p>A Pol\u00edcia Civil do Piau\u00ed, por meio da Diretoria Especializada em Opera\u00e7\u00f5es Policiais (DEOP), realizou, na madrugada deste domingo (26\/04), a pris\u00e3o de um homem de iniciais L. de S.R., [&hellip;]<\/p>\n","protected":false},"author":1746,"featured_media":17350,"comment_status":"closed","ping_status":"closed","sticky":false,"template":"","format":"standard","meta":[],"categories":[1],"tags":[],"featured_image_urls":{"full":["https:\/\/portal.pi.gov.br\/pc\/wp-content\/uploads\/sites\/42\/2026\/04\/902a904e-5e99-4e45-8377-c38f5a6e2933.jpeg",1200,1096,false],"thumbnail":["https:\/\/portal.pi.gov.br\/pc\/wp-content\/uploads\/sites\/42\/2026\/04\/902a904e-5e99-4e45-8377-c38f5a6e2933-150x150.jpeg",150,150,true],"medium":["https:\/\/portal.pi.gov.br\/pc\/wp-content\/uploads\/sites\/42\/2026\/04\/902a904e-5e99-4e45-8377-c38f5a6e2933-300x274.jpeg",300,274,true],"medium_large":["https:\/\/portal.pi.gov.br\/pc\/wp-content\/uploads\/sites\/42\/2026\/04\/902a904e-5e99-4e45-8377-c38f5a6e2933-768x701.jpeg",768,701,true],"large":["https:\/\/portal.pi.gov.br\/pc\/wp-content\/uploads\/sites\/42\/2026\/04\/902a904e-5e99-4e45-8377-c38f5a6e2933-1024x935.jpeg",887,810,true],"sgg-420":["https:\/\/portal.pi.gov.br\/pc\/wp-content\/uploads\/sites\/42\/2026\/04\/902a904e-5e99-4e45-8377-c38f5a6e2933-420x384.jpeg",420,384,true],"sgg-540":["https:\/\/portal.pi.gov.br\/pc\/wp-content\/uploads\/sites\/42\/2026\/04\/902a904e-5e99-4e45-8377-c38f5a6e2933-540x493.jpeg",540,493,true],"sgg-780":["https:\/\/portal.pi.gov.br\/pc\/wp-content\/uploads\/sites\/42\/2026\/04\/902a904e-5e99-4e45-8377-c38f5a6e2933-780x712.jpeg",780,712,true],"1536x1536":["https:\/\/portal.pi.gov.br\/pc\/wp-content\/uploads\/sites\/42\/2026\/04\/902a904e-5e99-4e45-8377-c38f5a6e2933.jpeg",1200,1096,false],"2048x2048":["https:\/\/portal.pi.gov.br\/pc\/wp-content\/uploads\/sites\/42\/2026\/04\/902a904e-5e99-4e45-8377-c38f5a6e2933.jpeg",1200,1096,false],"homepage-slider":["https:\/\/portal.pi.gov.br\/pc\/wp-content\/uploads\/sites\/42\/2026\/04\/902a904e-5e99-4e45-8377-c38f5a6e2933-1200x500.jpeg",1200,500,true],"homepage-slider-small":["https:\/\/portal.pi.gov.br\/pc\/wp-content\/uploads\/sites\/42\/2026\/04\/902a904e-5e99-4e45-8377-c38f5a6e2933-947x500.jpeg",947,500,true],"page-top":["https:\/\/portal.pi.gov.br\/pc\/wp-content\/uploads\/sites\/42\/2026\/04\/902a904e-5e99-4e45-8377-c38f5a6e2933-947x865.jpeg",947,865,true],"page-small":["https:\/\/portal.pi.gov.br\/pc\/wp-content\/uploads\/sites\/42\/2026\/04\/902a904e-5e99-4e45-8377-c38f5a6e2933-624x570.jpeg",624,570,true],"loop-main":["https:\/\/portal.pi.gov.br\/pc\/wp-content\/uploads\/sites\/42\/2026\/04\/902a904e-5e99-4e45-8377-c38f5a6e2933-365x240.jpeg",365,240,true],"thumb-gallery-widget":["https:\/\/portal.pi.gov.br\/pc\/wp-content\/uploads\/sites\/42\/2026\/04\/902a904e-5e99-4e45-8377-c38f5a6e2933-84x56.jpeg",84,56,true]},"post_excerpt_stackable":"<p>A Pol\u00edcia Civil do Piau\u00ed, por meio da Diretoria Especializada em Opera\u00e7\u00f5es Policiais (DEOP), realizou, na madrugada deste domingo (26\/04), a pris\u00e3o de um homem de iniciais L. de S.R., de 25 anos de idade, nas imedia\u00e7\u00f5es do \u201cGin\u00e1sio Verd\u00e3o\u201d no Centro de Teresina. Segundo o diretor da DEOP, delegado Tales Gomes, o homem foi preso durante abordagem policial da equipe da diretoria. Contra ele, havia um mandado de pris\u00e3o preventiva em aberto por crime de viol\u00eancia dom\u00e9stica ocorrido em janeiro deste ano. A decis\u00e3o judicial \u00e9 da Vara N\u00facleo de Plant\u00e3o da cidade de Floriano, no sul do Piau\u00ed,&hellip;<\/p>\n","category_list":"<a href=\"https:\/\/portal.pi.gov.br\/pc\/category\/noticias\/\" rel=\"category tag\">PC<\/a>","author_info":{"name":"J\u00e9ssica Lib\u00e2nio","url":"https:\/\/portal.pi.gov.br\/pc\/author\/jessicalibanio\/"},"comments_num":"0 coment\u00e1rio","featured_image_urls_v2":{"full":["https:\/\/portal.pi.gov.br\/pc\/wp-content\/uploads\/sites\/42\/2026\/04\/902a904e-5e99-4e45-8377-c38f5a6e2933.jpeg",1200,1096,false],"thumbnail":["https:\/\/portal.pi.gov.br\/pc\/wp-content\/uploads\/sites\/42\/2026\/04\/902a904e-5e99-4e45-8377-c38f5a6e2933-150x150.jpeg",150,150,true],"medium":["https:\/\/portal.pi.gov.br\/pc\/wp-content\/uploads\/sites\/42\/2026\/04\/902a904e-5e99-4e45-8377-c38f5a6e2933-300x274.jpeg",300,274,true],"medium_large":["https:\/\/portal.pi.gov.br\/pc\/wp-content\/uploads\/sites\/42\/2026\/04\/902a904e-5e99-4e45-8377-c38f5a6e2933-768x701.jpeg",768,701,true],"large":["https:\/\/portal.pi.gov.br\/pc\/wp-content\/uploads\/sites\/42\/2026\/04\/902a904e-5e99-4e45-8377-c38f5a6e2933-1024x935.jpeg",887,810,true],"sgg-420":["https:\/\/portal.pi.gov.br\/pc\/wp-content\/uploads\/sites\/42\/2026\/04\/902a904e-5e99-4e45-8377-c38f5a6e2933-420x384.jpeg",420,384,true],"sgg-540":["https:\/\/portal.pi.gov.br\/pc\/wp-content\/uploads\/sites\/42\/2026\/04\/902a904e-5e99-4e45-8377-c38f5a6e2933-540x493.jpeg",540,493,true],"sgg-780":["https:\/\/portal.pi.gov.br\/pc\/wp-content\/uploads\/sites\/42\/2026\/04\/902a904e-5e99-4e45-8377-c38f5a6e2933-780x712.jpeg",780,712,true],"1536x1536":["https:\/\/portal.pi.gov.br\/pc\/wp-content\/uploads\/sites\/42\/2026\/04\/902a904e-5e99-4e45-8377-c38f5a6e2933.jpeg",1200,1096,false],"2048x2048":["https:\/\/portal.pi.gov.br\/pc\/wp-content\/uploads\/sites\/42\/2026\/04\/902a904e-5e99-4e45-8377-c38f5a6e2933.jpeg",1200,1096,false],"homepage-slider":["https:\/\/portal.pi.gov.br\/pc\/wp-content\/uploads\/sites\/42\/2026\/04\/902a904e-5e99-4e45-8377-c38f5a6e2933-1200x500.jpeg",1200,500,true],"homepage-slider-small":["https:\/\/portal.pi.gov.br\/pc\/wp-content\/uploads\/sites\/42\/2026\/04\/902a904e-5e99-4e45-8377-c38f5a6e2933-947x500.jpeg",947,500,true],"page-top":["https:\/\/portal.pi.gov.br\/pc\/wp-content\/uploads\/sites\/42\/2026\/04\/902a904e-5e99-4e45-8377-c38f5a6e2933-947x865.jpeg",947,865,true],"page-small":["https:\/\/portal.pi.gov.br\/pc\/wp-content\/uploads\/sites\/42\/2026\/04\/902a904e-5e99-4e45-8377-c38f5a6e2933-624x570.jpeg",624,570,true],"loop-main":["https:\/\/portal.pi.gov.br\/pc\/wp-content\/uploads\/sites\/42\/2026\/04\/902a904e-5e99-4e45-8377-c38f5a6e2933-365x240.jpeg",365,240,true],"thumb-gallery-widget":["https:\/\/portal.pi.gov.br\/pc\/wp-content\/uploads\/sites\/42\/2026\/04\/902a904e-5e99-4e45-8377-c38f5a6e2933-84x56.jpeg",84,56,true]},"post_excerpt_stackable_v2":"<p>A Pol\u00edcia Civil do Piau\u00ed, por meio da Diretoria Especializada em Opera\u00e7\u00f5es Policiais (DEOP), realizou, na madrugada deste domingo (26\/04), a pris\u00e3o de um homem de iniciais L. de S.R., de 25 anos de idade, nas imedia\u00e7\u00f5es do \u201cGin\u00e1sio Verd\u00e3o\u201d no Centro de Teresina. Segundo o diretor da DEOP, delegado Tales Gomes, o homem foi preso durante abordagem policial da equipe da diretoria. Contra ele, havia um mandado de pris\u00e3o preventiva em aberto por crime de viol\u00eancia dom\u00e9stica ocorrido em janeiro deste ano. A decis\u00e3o judicial \u00e9 da Vara N\u00facleo de Plant\u00e3o da cidade de Floriano, no sul do Piau\u00ed,&hellip;<\/p>\n","category_list_v2":"<a href=\"https:\/\/portal.pi.gov.br\/pc\/category\/noticias\/\" rel=\"category tag\">PC<\/a>","author_info_v2":{"name":"J\u00e9ssica Lib\u00e2nio","url":"https:\/\/portal.pi.gov.br\/pc\/author\/jessicalibanio\/"},"comments_num_v2":"0 coment\u00e1rio","jetpack_featured_media_url":"https:\/\/portal.pi.gov.br\/pc\/wp-content\/uploads\/sites\/42\/2026\/04\/902a904e-5e99-4e45-8377-c38f5a6e2933.jpeg","_links":{"self":[{"href":"https:\/\/portal.pi.gov.br\/pc\/wp-json\/wp\/v2\/posts\/17349"}],"collection":[{"href":"https:\/\/portal.pi.gov.br\/pc\/wp-json\/wp\/v2\/posts"}],"about":[{"href":"https:\/\/portal.pi.gov.br\/pc\/wp-json\/wp\/v2\/types\/post"}],"author":[{"embeddable":true,"href":"https:\/\/portal.pi.gov.br\/pc\/wp-json\/wp\/v2\/users\/1746"}],"replies":[{"embeddable":true,"href":"https:\/\/portal.pi.gov.br\/pc\/wp-json\/wp\/v2\/comments?post=17349"}],"version-history":[{"count":1,"href":"https:\/\/portal.pi.gov.br\/pc\/wp-json\/wp\/v2\/posts\/17349\/revisions"}],"predecessor-version":[{"id":17351,"href":"https:\/\/portal.pi.gov.br\/pc\/wp-json\/wp\/v2\/posts\/17349\/revisions\/17351"}],"wp:featuredmedia":[{"embeddable":true,"href":"https:\/\/portal.pi.gov.br\/pc\/wp-json\/wp\/v2\/media\/17350"}],"wp:attachment":[{"href":"https:\/\/portal.pi.gov.br\/pc\/wp-json\/wp\/v2\/media?parent=17349"}],"wp:term":[{"taxonomy":"category","embeddable":true,"href":"https:\/\/portal.pi.gov.br\/pc\/wp-json\/wp\/v2\/categories?post=17349"},{"taxonomy":"post_tag","embeddable":true,"href":"https:\/\/portal.pi.gov.br\/pc\/wp-json\/wp\/v2\/tags?post=17349"}],"curies":[{"name":"wp","href":"https:\/\/api.w.org\/{rel}","templated":true}]}}