{"id":2294,"date":"2022-10-10T10:21:28","date_gmt":"2022-10-10T13:21:28","guid":{"rendered":"https:\/\/portal.pi.gov.br\/pc\/?p=2294"},"modified":"2022-10-10T10:43:03","modified_gmt":"2022-10-10T13:43:03","slug":"dptc-pc-pi-inaugura-setores-no-nucleo-macrorregional-de-sao-raimundo-nonato","status":"publish","type":"post","link":"https:\/\/portal.pi.gov.br\/pc\/2022\/10\/10\/dptc-pc-pi-inaugura-setores-no-nucleo-macrorregional-de-sao-raimundo-nonato\/","title":{"rendered":"DPTC\/PC-PI inaugura setores no N\u00facleo Macrorregional de S\u00e3o Raimundo Nonato"},"content":{"rendered":"<div class=\"wp-block-image\">\n<figure class=\"alignleft size-large is-resized\"><img decoding=\"async\" loading=\"lazy\" src=\"https:\/\/portal.pi.gov.br\/pc\/wp-content\/uploads\/sites\/42\/2022\/10\/WhatsApp-Image-2022-10-05-at-18.12.37-1024x768.jpeg\" alt=\"\" class=\"wp-image-2295\" width=\"560\" height=\"419\" srcset=\"https:\/\/portal.pi.gov.br\/pc\/wp-content\/uploads\/sites\/42\/2022\/10\/WhatsApp-Image-2022-10-05-at-18.12.37-1024x768.jpeg 1024w, https:\/\/portal.pi.gov.br\/pc\/wp-content\/uploads\/sites\/42\/2022\/10\/WhatsApp-Image-2022-10-05-at-18.12.37-300x225.jpeg 300w, https:\/\/portal.pi.gov.br\/pc\/wp-content\/uploads\/sites\/42\/2022\/10\/WhatsApp-Image-2022-10-05-at-18.12.37-768x576.jpeg 768w, https:\/\/portal.pi.gov.br\/pc\/wp-content\/uploads\/sites\/42\/2022\/10\/WhatsApp-Image-2022-10-05-at-18.12.37-420x315.jpeg 420w, https:\/\/portal.pi.gov.br\/pc\/wp-content\/uploads\/sites\/42\/2022\/10\/WhatsApp-Image-2022-10-05-at-18.12.37-540x405.jpeg 540w, https:\/\/portal.pi.gov.br\/pc\/wp-content\/uploads\/sites\/42\/2022\/10\/WhatsApp-Image-2022-10-05-at-18.12.37-780x585.jpeg 780w, https:\/\/portal.pi.gov.br\/pc\/wp-content\/uploads\/sites\/42\/2022\/10\/WhatsApp-Image-2022-10-05-at-18.12.37-1536x1152.jpeg 1536w, https:\/\/portal.pi.gov.br\/pc\/wp-content\/uploads\/sites\/42\/2022\/10\/WhatsApp-Image-2022-10-05-at-18.12.37-947x710.jpeg 947w, https:\/\/portal.pi.gov.br\/pc\/wp-content\/uploads\/sites\/42\/2022\/10\/WhatsApp-Image-2022-10-05-at-18.12.37-624x468.jpeg 624w, https:\/\/portal.pi.gov.br\/pc\/wp-content\/uploads\/sites\/42\/2022\/10\/WhatsApp-Image-2022-10-05-at-18.12.37.jpeg 1600w\" sizes=\"(max-width: 560px) 100vw, 560px\" \/><\/figure><\/div>\n\n\n<p class=\"has-text-align-left\">Foi realizada no dia 04\/10\/2022, no N\u00facleo Macrorregional de Pol\u00edcia T\u00e9cnico-Cient\u00edfica de S\u00e3o Raimundo Nonato, a inaugura\u00e7\u00e3o e apresenta\u00e7\u00e3o dos Setores de Qu\u00edmica Forense ( para exames definitivos de drogas), Bal\u00edstica Forense ( efici\u00eancia )&nbsp; e Identifica\u00e7\u00e3o Veicular ( nos casos de furtos e roubos de ve\u00edculos ).<\/p>\n\n\n\n<p class=\"has-text-align-left\">Compareceram as autoridades representantes da 1\u00aa Vara de S\u00e3o Raimundo,&nbsp; Minist\u00e9rio P\u00fablico, OAB, Delegacias do 1\u2070 Distrito de Pol\u00edcia e da 8\u00aa Regional de Pol\u00edcia de SRN, al\u00e9m dos peritos do n\u00facleo, Aymar mendes (coordenador), Leonardo Rodrigues, Luan Souza, Amanda Ribeiro, Andre Gatto, Gustavo Rojas,n Vanessa Caland e Yvens Santos, que participaram da elabora\u00e7\u00e3o dos projetos para aquisi\u00e7\u00e3o dos equipamentos com apoio do MP e Judici\u00e1rio, atrav\u00e9s de transa\u00e7\u00f5es penais, revertidos em favor do referido NMPTC.<\/p>\n\n\n<div class=\"wp-block-image\">\n<figure class=\"alignright size-large is-resized\"><img decoding=\"async\" loading=\"lazy\" src=\"https:\/\/portal.pi.gov.br\/pc\/wp-content\/uploads\/sites\/42\/2022\/10\/WhatsApp-Image-2022-10-05-at-18.12.39-edited.jpeg\" alt=\"\" class=\"wp-image-2297\" width=\"829\" height=\"701\" \/><\/figure><\/div>\n\n\n<p><em>Assessoria de Comunica\u00e7\u00e3o da Pol\u00edcia Civil<\/em><\/p>\n","protected":false},"excerpt":{"rendered":"<p>Foi realizada no dia 04\/10\/2022, no N\u00facleo Macrorregional de Pol\u00edcia T\u00e9cnico-Cient\u00edfica de S\u00e3o Raimundo Nonato, a inaugura\u00e7\u00e3o e apresenta\u00e7\u00e3o dos Setores de Qu\u00edmica Forense ( para exames definitivos de drogas), [&hellip;]<\/p>\n","protected":false},"author":59,"featured_media":2297,"comment_status":"closed","ping_status":"closed","sticky":false,"template":"","format":"standard","meta":[],"categories":[1],"tags":[],"featured_image_urls":{"full":["https:\/\/portal.pi.gov.br\/pc\/wp-content\/uploads\/sites\/42\/2022\/10\/WhatsApp-Image-2022-10-05-at-18.12.39-edited.jpeg",1200,749,false],"thumbnail":["https:\/\/portal.pi.gov.br\/pc\/wp-content\/uploads\/sites\/42\/2022\/10\/WhatsApp-Image-2022-10-05-at-18.12.39-edited-150x150.jpeg",150,150,true],"medium":["https:\/\/portal.pi.gov.br\/pc\/wp-content\/uploads\/sites\/42\/2022\/10\/WhatsApp-Image-2022-10-05-at-18.12.39-edited-300x187.jpeg",300,187,true],"medium_large":["https:\/\/portal.pi.gov.br\/pc\/wp-content\/uploads\/sites\/42\/2022\/10\/WhatsApp-Image-2022-10-05-at-18.12.39-edited-768x479.jpeg",768,479,true],"large":["https:\/\/portal.pi.gov.br\/pc\/wp-content\/uploads\/sites\/42\/2022\/10\/WhatsApp-Image-2022-10-05-at-18.12.39-edited-1024x639.jpeg",887,554,true],"sgg-420":["https:\/\/portal.pi.gov.br\/pc\/wp-content\/uploads\/sites\/42\/2022\/10\/WhatsApp-Image-2022-10-05-at-18.12.39-edited-420x262.jpeg",420,262,true],"sgg-540":["https:\/\/portal.pi.gov.br\/pc\/wp-content\/uploads\/sites\/42\/2022\/10\/WhatsApp-Image-2022-10-05-at-18.12.39-edited-540x337.jpeg",540,337,true],"sgg-780":["https:\/\/portal.pi.gov.br\/pc\/wp-content\/uploads\/sites\/42\/2022\/10\/WhatsApp-Image-2022-10-05-at-18.12.39-edited-780x487.jpeg",780,487,true],"1536x1536":["https:\/\/portal.pi.gov.br\/pc\/wp-content\/uploads\/sites\/42\/2022\/10\/WhatsApp-Image-2022-10-05-at-18.12.39-edited.jpeg",1200,749,false],"2048x2048":["https:\/\/portal.pi.gov.br\/pc\/wp-content\/uploads\/sites\/42\/2022\/10\/WhatsApp-Image-2022-10-05-at-18.12.39-edited.jpeg",1200,749,false],"homepage-slider":["https:\/\/portal.pi.gov.br\/pc\/wp-content\/uploads\/sites\/42\/2022\/10\/WhatsApp-Image-2022-10-05-at-18.12.39-edited-1200x500.jpeg",1200,500,true],"homepage-slider-small":["https:\/\/portal.pi.gov.br\/pc\/wp-content\/uploads\/sites\/42\/2022\/10\/WhatsApp-Image-2022-10-05-at-18.12.39-edited-947x500.jpeg",947,500,true],"page-top":["https:\/\/portal.pi.gov.br\/pc\/wp-content\/uploads\/sites\/42\/2022\/10\/WhatsApp-Image-2022-10-05-at-18.12.39-edited-947x591.jpeg",947,591,true],"page-small":["https:\/\/portal.pi.gov.br\/pc\/wp-content\/uploads\/sites\/42\/2022\/10\/WhatsApp-Image-2022-10-05-at-18.12.39-edited-624x389.jpeg",624,389,true],"loop-main":["https:\/\/portal.pi.gov.br\/pc\/wp-content\/uploads\/sites\/42\/2022\/10\/WhatsApp-Image-2022-10-05-at-18.12.39-edited-365x240.jpeg",365,240,true],"thumb-gallery-widget":["https:\/\/portal.pi.gov.br\/pc\/wp-content\/uploads\/sites\/42\/2022\/10\/WhatsApp-Image-2022-10-05-at-18.12.39-edited-84x56.jpeg",84,56,true]},"post_excerpt_stackable":"<p>Foi realizada no dia 04\/10\/2022, no N\u00facleo Macrorregional de Pol\u00edcia T\u00e9cnico-Cient\u00edfica de S\u00e3o Raimundo Nonato, a inaugura\u00e7\u00e3o e apresenta\u00e7\u00e3o dos Setores de Qu\u00edmica Forense ( para exames definitivos de drogas), Bal\u00edstica Forense ( efici\u00eancia )&nbsp; e Identifica\u00e7\u00e3o Veicular ( nos casos de furtos e roubos de ve\u00edculos ). Compareceram as autoridades representantes da 1\u00aa Vara de S\u00e3o Raimundo,&nbsp; Minist\u00e9rio P\u00fablico, OAB, Delegacias do 1\u2070 Distrito de Pol\u00edcia e da 8\u00aa Regional de Pol\u00edcia de SRN, al\u00e9m dos peritos do n\u00facleo, Aymar mendes (coordenador), Leonardo Rodrigues, Luan Souza, Amanda Ribeiro, Andre Gatto, Gustavo Rojas,n Vanessa Caland e Yvens Santos, que participaram&hellip;<\/p>\n","category_list":"<a href=\"https:\/\/portal.pi.gov.br\/pc\/category\/noticias\/\" rel=\"category tag\">PC<\/a>","author_info":{"name":"Aline Noleto Silva de Araujo","url":"https:\/\/portal.pi.gov.br\/pc\/author\/alinenoleto\/"},"comments_num":"0 coment\u00e1rio","featured_image_urls_v2":{"full":["https:\/\/portal.pi.gov.br\/pc\/wp-content\/uploads\/sites\/42\/2022\/10\/WhatsApp-Image-2022-10-05-at-18.12.39-edited.jpeg",1200,749,false],"thumbnail":["https:\/\/portal.pi.gov.br\/pc\/wp-content\/uploads\/sites\/42\/2022\/10\/WhatsApp-Image-2022-10-05-at-18.12.39-edited-150x150.jpeg",150,150,true],"medium":["https:\/\/portal.pi.gov.br\/pc\/wp-content\/uploads\/sites\/42\/2022\/10\/WhatsApp-Image-2022-10-05-at-18.12.39-edited-300x187.jpeg",300,187,true],"medium_large":["https:\/\/portal.pi.gov.br\/pc\/wp-content\/uploads\/sites\/42\/2022\/10\/WhatsApp-Image-2022-10-05-at-18.12.39-edited-768x479.jpeg",768,479,true],"large":["https:\/\/portal.pi.gov.br\/pc\/wp-content\/uploads\/sites\/42\/2022\/10\/WhatsApp-Image-2022-10-05-at-18.12.39-edited-1024x639.jpeg",887,554,true],"sgg-420":["https:\/\/portal.pi.gov.br\/pc\/wp-content\/uploads\/sites\/42\/2022\/10\/WhatsApp-Image-2022-10-05-at-18.12.39-edited-420x262.jpeg",420,262,true],"sgg-540":["https:\/\/portal.pi.gov.br\/pc\/wp-content\/uploads\/sites\/42\/2022\/10\/WhatsApp-Image-2022-10-05-at-18.12.39-edited-540x337.jpeg",540,337,true],"sgg-780":["https:\/\/portal.pi.gov.br\/pc\/wp-content\/uploads\/sites\/42\/2022\/10\/WhatsApp-Image-2022-10-05-at-18.12.39-edited-780x487.jpeg",780,487,true],"1536x1536":["https:\/\/portal.pi.gov.br\/pc\/wp-content\/uploads\/sites\/42\/2022\/10\/WhatsApp-Image-2022-10-05-at-18.12.39-edited.jpeg",1200,749,false],"2048x2048":["https:\/\/portal.pi.gov.br\/pc\/wp-content\/uploads\/sites\/42\/2022\/10\/WhatsApp-Image-2022-10-05-at-18.12.39-edited.jpeg",1200,749,false],"homepage-slider":["https:\/\/portal.pi.gov.br\/pc\/wp-content\/uploads\/sites\/42\/2022\/10\/WhatsApp-Image-2022-10-05-at-18.12.39-edited-1200x500.jpeg",1200,500,true],"homepage-slider-small":["https:\/\/portal.pi.gov.br\/pc\/wp-content\/uploads\/sites\/42\/2022\/10\/WhatsApp-Image-2022-10-05-at-18.12.39-edited-947x500.jpeg",947,500,true],"page-top":["https:\/\/portal.pi.gov.br\/pc\/wp-content\/uploads\/sites\/42\/2022\/10\/WhatsApp-Image-2022-10-05-at-18.12.39-edited-947x591.jpeg",947,591,true],"page-small":["https:\/\/portal.pi.gov.br\/pc\/wp-content\/uploads\/sites\/42\/2022\/10\/WhatsApp-Image-2022-10-05-at-18.12.39-edited-624x389.jpeg",624,389,true],"loop-main":["https:\/\/portal.pi.gov.br\/pc\/wp-content\/uploads\/sites\/42\/2022\/10\/WhatsApp-Image-2022-10-05-at-18.12.39-edited-365x240.jpeg",365,240,true],"thumb-gallery-widget":["https:\/\/portal.pi.gov.br\/pc\/wp-content\/uploads\/sites\/42\/2022\/10\/WhatsApp-Image-2022-10-05-at-18.12.39-edited-84x56.jpeg",84,56,true]},"post_excerpt_stackable_v2":"<p>Foi realizada no dia 04\/10\/2022, no N\u00facleo Macrorregional de Pol\u00edcia T\u00e9cnico-Cient\u00edfica de S\u00e3o Raimundo Nonato, a inaugura\u00e7\u00e3o e apresenta\u00e7\u00e3o dos Setores de Qu\u00edmica Forense ( para exames definitivos de drogas), Bal\u00edstica Forense ( efici\u00eancia )&nbsp; e Identifica\u00e7\u00e3o Veicular ( nos casos de furtos e roubos de ve\u00edculos ). Compareceram as autoridades representantes da 1\u00aa Vara de S\u00e3o Raimundo,&nbsp; Minist\u00e9rio P\u00fablico, OAB, Delegacias do 1\u2070 Distrito de Pol\u00edcia e da 8\u00aa Regional de Pol\u00edcia de SRN, al\u00e9m dos peritos do n\u00facleo, Aymar mendes (coordenador), Leonardo Rodrigues, Luan Souza, Amanda Ribeiro, Andre Gatto, Gustavo Rojas,n Vanessa Caland e Yvens Santos, que participaram&hellip;<\/p>\n","category_list_v2":"<a href=\"https:\/\/portal.pi.gov.br\/pc\/category\/noticias\/\" rel=\"category tag\">PC<\/a>","author_info_v2":{"name":"Aline Noleto Silva de Araujo","url":"https:\/\/portal.pi.gov.br\/pc\/author\/alinenoleto\/"},"comments_num_v2":"0 coment\u00e1rio","jetpack_featured_media_url":"https:\/\/portal.pi.gov.br\/pc\/wp-content\/uploads\/sites\/42\/2022\/10\/WhatsApp-Image-2022-10-05-at-18.12.39-edited.jpeg","_links":{"self":[{"href":"https:\/\/portal.pi.gov.br\/pc\/wp-json\/wp\/v2\/posts\/2294"}],"collection":[{"href":"https:\/\/portal.pi.gov.br\/pc\/wp-json\/wp\/v2\/posts"}],"about":[{"href":"https:\/\/portal.pi.gov.br\/pc\/wp-json\/wp\/v2\/types\/post"}],"author":[{"embeddable":true,"href":"https:\/\/portal.pi.gov.br\/pc\/wp-json\/wp\/v2\/users\/59"}],"replies":[{"embeddable":true,"href":"https:\/\/portal.pi.gov.br\/pc\/wp-json\/wp\/v2\/comments?post=2294"}],"version-history":[{"count":2,"href":"https:\/\/portal.pi.gov.br\/pc\/wp-json\/wp\/v2\/posts\/2294\/revisions"}],"predecessor-version":[{"id":2305,"href":"https:\/\/portal.pi.gov.br\/pc\/wp-json\/wp\/v2\/posts\/2294\/revisions\/2305"}],"wp:featuredmedia":[{"embeddable":true,"href":"https:\/\/portal.pi.gov.br\/pc\/wp-json\/wp\/v2\/media\/2297"}],"wp:attachment":[{"href":"https:\/\/portal.pi.gov.br\/pc\/wp-json\/wp\/v2\/media?parent=2294"}],"wp:term":[{"taxonomy":"category","embeddable":true,"href":"https:\/\/portal.pi.gov.br\/pc\/wp-json\/wp\/v2\/categories?post=2294"},{"taxonomy":"post_tag","embeddable":true,"href":"https:\/\/portal.pi.gov.br\/pc\/wp-json\/wp\/v2\/tags?post=2294"}],"curies":[{"name":"wp","href":"https:\/\/api.w.org\/{rel}","templated":true}]}}