{"id":2916,"date":"2023-01-21T12:13:08","date_gmt":"2023-01-21T15:13:08","guid":{"rendered":"https:\/\/portal.pi.gov.br\/pc\/?p=2916"},"modified":"2023-01-21T12:14:24","modified_gmt":"2023-01-21T15:14:24","slug":"policia-civil-cumpre-mandados-e-faz-prisoes-em-teresina","status":"publish","type":"post","link":"https:\/\/portal.pi.gov.br\/pc\/2023\/01\/21\/policia-civil-cumpre-mandados-e-faz-prisoes-em-teresina\/","title":{"rendered":"Pol\u00edcia Civil cumpre mandados e faz pris\u00f5es em Teresina"},"content":{"rendered":"\n<p>A Pol\u00edcia Civil do Piau\u00ed efetuou dilig\u00eancias nas zonas Sul e Sudeste da capital na manh\u00e3 de hoje, 21 de janeiro. <\/p>\n\n\n\n<p>Na oportunidade, foram cumpridos mandados de busca nos bairros Dirceu Arcoverde, S\u00e3o Sebasti\u00e3o e Angelim. As a\u00e7\u00f5es foram executadas pela Polinter e Depre.<\/p>\n\n\n\n<p><br>Um homem foi preso pela Polinter no bairro Angelim pois estava em poder de uma arma de fogo em sua resist\u00eancia. O investigado e iniciais M. M. D. S. que j\u00e1 responde processo criminal por tr\u00e1fico de drogas e porte de arma de fogo, amea\u00e7ou os policiais no momento da pris\u00e3o, mas foi contido e autuado por posse ilegal de arma de fogo e resist\u00eancia. <\/p>\n\n\n\n<p><\/p>\n\n\n\n<p>Tamb\u00e9m nas a\u00e7\u00f5es de hoje, a Polinter ainda recuperou um ve\u00edculo Chevrolet, modelo \u00d4nix, com restri\u00e7\u00e3o de roubo. O ve\u00edculo foi recuperado nas imedia\u00e7\u00f5es do Terminal Rodovi\u00e1rio.<\/p>\n\n\n\n<p><br>A Depre apreendeu drogas e tr\u00eas celulares roubados na resid\u00eancia da pessoa de iniciais M. W. S. L. MYKAEL., que responde a processos criminais por furto e roubo, no bairro S\u00e3o Sebasti\u00e3o e foi autuado nos termos da Lei de Drogas e por recepta\u00e7\u00e3o. As dilig\u00eancias visam combater os crimes de roubo de ve\u00edculos e tr\u00e1fico de drogas nas regi\u00f5es Sul e Sudeste de Teresina.<\/p>\n\n\n\n<p><\/p>\n\n\n\n<p>Assessoria de Comunica\u00e7\u00e3o <\/p>\n","protected":false},"excerpt":{"rendered":"<p>A Pol\u00edcia Civil do Piau\u00ed efetuou dilig\u00eancias nas zonas Sul e Sudeste da capital na manh\u00e3 de hoje, 21 de janeiro. Na oportunidade, foram cumpridos mandados de busca nos bairros [&hellip;]<\/p>\n","protected":false},"author":58,"featured_media":2821,"comment_status":"closed","ping_status":"closed","sticky":true,"template":"","format":"standard","meta":[],"categories":[1],"tags":[],"featured_image_urls":{"full":["https:\/\/portal.pi.gov.br\/pc\/wp-content\/uploads\/sites\/42\/2023\/01\/Design-sem-nome-1.png",1920,1080,false],"thumbnail":["https:\/\/portal.pi.gov.br\/pc\/wp-content\/uploads\/sites\/42\/2023\/01\/Design-sem-nome-1-150x150.png",150,150,true],"medium":["https:\/\/portal.pi.gov.br\/pc\/wp-content\/uploads\/sites\/42\/2023\/01\/Design-sem-nome-1-300x169.png",300,169,true],"medium_large":["https:\/\/portal.pi.gov.br\/pc\/wp-content\/uploads\/sites\/42\/2023\/01\/Design-sem-nome-1-768x432.png",768,432,true],"large":["https:\/\/portal.pi.gov.br\/pc\/wp-content\/uploads\/sites\/42\/2023\/01\/Design-sem-nome-1-1024x576.png",887,499,true],"sgg-420":["https:\/\/portal.pi.gov.br\/pc\/wp-content\/uploads\/sites\/42\/2023\/01\/Design-sem-nome-1-420x236.png",420,236,true],"sgg-540":["https:\/\/portal.pi.gov.br\/pc\/wp-content\/uploads\/sites\/42\/2023\/01\/Design-sem-nome-1-540x304.png",540,304,true],"sgg-780":["https:\/\/portal.pi.gov.br\/pc\/wp-content\/uploads\/sites\/42\/2023\/01\/Design-sem-nome-1-780x439.png",780,439,true],"1536x1536":["https:\/\/portal.pi.gov.br\/pc\/wp-content\/uploads\/sites\/42\/2023\/01\/Design-sem-nome-1-1536x864.png",1536,864,true],"2048x2048":["https:\/\/portal.pi.gov.br\/pc\/wp-content\/uploads\/sites\/42\/2023\/01\/Design-sem-nome-1.png",1920,1080,false],"homepage-slider":["https:\/\/portal.pi.gov.br\/pc\/wp-content\/uploads\/sites\/42\/2023\/01\/Design-sem-nome-1-1270x500.png",1270,500,true],"homepage-slider-small":["https:\/\/portal.pi.gov.br\/pc\/wp-content\/uploads\/sites\/42\/2023\/01\/Design-sem-nome-1-947x500.png",947,500,true],"page-top":["https:\/\/portal.pi.gov.br\/pc\/wp-content\/uploads\/sites\/42\/2023\/01\/Design-sem-nome-1-947x533.png",947,533,true],"page-small":["https:\/\/portal.pi.gov.br\/pc\/wp-content\/uploads\/sites\/42\/2023\/01\/Design-sem-nome-1-624x351.png",624,351,true],"loop-main":["https:\/\/portal.pi.gov.br\/pc\/wp-content\/uploads\/sites\/42\/2023\/01\/Design-sem-nome-1-365x240.png",365,240,true],"thumb-gallery-widget":["https:\/\/portal.pi.gov.br\/pc\/wp-content\/uploads\/sites\/42\/2023\/01\/Design-sem-nome-1-84x56.png",84,56,true]},"post_excerpt_stackable":"<p>A Pol\u00edcia Civil do Piau\u00ed efetuou dilig\u00eancias nas zonas Sul e Sudeste da capital na manh\u00e3 de hoje, 21 de janeiro. Na oportunidade, foram cumpridos mandados de busca nos bairros Dirceu Arcoverde, S\u00e3o Sebasti\u00e3o e Angelim. As a\u00e7\u00f5es foram executadas pela Polinter e Depre. Um homem foi preso pela Polinter no bairro Angelim pois estava em poder de uma arma de fogo em sua resist\u00eancia. O investigado e iniciais M. M. D. S. que j\u00e1 responde processo criminal por tr\u00e1fico de drogas e porte de arma de fogo, amea\u00e7ou os policiais no momento da pris\u00e3o, mas foi contido e autuado&hellip;<\/p>\n","category_list":"<a href=\"https:\/\/portal.pi.gov.br\/pc\/category\/noticias\/\" rel=\"category tag\">PC<\/a>","author_info":{"name":"Iury Kilson Moura Campelo","url":"https:\/\/portal.pi.gov.br\/pc\/author\/iurykilson\/"},"comments_num":"0 coment\u00e1rio","featured_image_urls_v2":{"full":["https:\/\/portal.pi.gov.br\/pc\/wp-content\/uploads\/sites\/42\/2023\/01\/Design-sem-nome-1.png",1920,1080,false],"thumbnail":["https:\/\/portal.pi.gov.br\/pc\/wp-content\/uploads\/sites\/42\/2023\/01\/Design-sem-nome-1-150x150.png",150,150,true],"medium":["https:\/\/portal.pi.gov.br\/pc\/wp-content\/uploads\/sites\/42\/2023\/01\/Design-sem-nome-1-300x169.png",300,169,true],"medium_large":["https:\/\/portal.pi.gov.br\/pc\/wp-content\/uploads\/sites\/42\/2023\/01\/Design-sem-nome-1-768x432.png",768,432,true],"large":["https:\/\/portal.pi.gov.br\/pc\/wp-content\/uploads\/sites\/42\/2023\/01\/Design-sem-nome-1-1024x576.png",887,499,true],"sgg-420":["https:\/\/portal.pi.gov.br\/pc\/wp-content\/uploads\/sites\/42\/2023\/01\/Design-sem-nome-1-420x236.png",420,236,true],"sgg-540":["https:\/\/portal.pi.gov.br\/pc\/wp-content\/uploads\/sites\/42\/2023\/01\/Design-sem-nome-1-540x304.png",540,304,true],"sgg-780":["https:\/\/portal.pi.gov.br\/pc\/wp-content\/uploads\/sites\/42\/2023\/01\/Design-sem-nome-1-780x439.png",780,439,true],"1536x1536":["https:\/\/portal.pi.gov.br\/pc\/wp-content\/uploads\/sites\/42\/2023\/01\/Design-sem-nome-1-1536x864.png",1536,864,true],"2048x2048":["https:\/\/portal.pi.gov.br\/pc\/wp-content\/uploads\/sites\/42\/2023\/01\/Design-sem-nome-1.png",1920,1080,false],"homepage-slider":["https:\/\/portal.pi.gov.br\/pc\/wp-content\/uploads\/sites\/42\/2023\/01\/Design-sem-nome-1-1270x500.png",1270,500,true],"homepage-slider-small":["https:\/\/portal.pi.gov.br\/pc\/wp-content\/uploads\/sites\/42\/2023\/01\/Design-sem-nome-1-947x500.png",947,500,true],"page-top":["https:\/\/portal.pi.gov.br\/pc\/wp-content\/uploads\/sites\/42\/2023\/01\/Design-sem-nome-1-947x533.png",947,533,true],"page-small":["https:\/\/portal.pi.gov.br\/pc\/wp-content\/uploads\/sites\/42\/2023\/01\/Design-sem-nome-1-624x351.png",624,351,true],"loop-main":["https:\/\/portal.pi.gov.br\/pc\/wp-content\/uploads\/sites\/42\/2023\/01\/Design-sem-nome-1-365x240.png",365,240,true],"thumb-gallery-widget":["https:\/\/portal.pi.gov.br\/pc\/wp-content\/uploads\/sites\/42\/2023\/01\/Design-sem-nome-1-84x56.png",84,56,true]},"post_excerpt_stackable_v2":"<p>A Pol\u00edcia Civil do Piau\u00ed efetuou dilig\u00eancias nas zonas Sul e Sudeste da capital na manh\u00e3 de hoje, 21 de janeiro. Na oportunidade, foram cumpridos mandados de busca nos bairros Dirceu Arcoverde, S\u00e3o Sebasti\u00e3o e Angelim. As a\u00e7\u00f5es foram executadas pela Polinter e Depre. Um homem foi preso pela Polinter no bairro Angelim pois estava em poder de uma arma de fogo em sua resist\u00eancia. O investigado e iniciais M. M. D. S. que j\u00e1 responde processo criminal por tr\u00e1fico de drogas e porte de arma de fogo, amea\u00e7ou os policiais no momento da pris\u00e3o, mas foi contido e autuado&hellip;<\/p>\n","category_list_v2":"<a href=\"https:\/\/portal.pi.gov.br\/pc\/category\/noticias\/\" rel=\"category tag\">PC<\/a>","author_info_v2":{"name":"Iury Kilson Moura Campelo","url":"https:\/\/portal.pi.gov.br\/pc\/author\/iurykilson\/"},"comments_num_v2":"0 coment\u00e1rio","jetpack_featured_media_url":"https:\/\/portal.pi.gov.br\/pc\/wp-content\/uploads\/sites\/42\/2023\/01\/Design-sem-nome-1.png","_links":{"self":[{"href":"https:\/\/portal.pi.gov.br\/pc\/wp-json\/wp\/v2\/posts\/2916"}],"collection":[{"href":"https:\/\/portal.pi.gov.br\/pc\/wp-json\/wp\/v2\/posts"}],"about":[{"href":"https:\/\/portal.pi.gov.br\/pc\/wp-json\/wp\/v2\/types\/post"}],"author":[{"embeddable":true,"href":"https:\/\/portal.pi.gov.br\/pc\/wp-json\/wp\/v2\/users\/58"}],"replies":[{"embeddable":true,"href":"https:\/\/portal.pi.gov.br\/pc\/wp-json\/wp\/v2\/comments?post=2916"}],"version-history":[{"count":1,"href":"https:\/\/portal.pi.gov.br\/pc\/wp-json\/wp\/v2\/posts\/2916\/revisions"}],"predecessor-version":[{"id":2917,"href":"https:\/\/portal.pi.gov.br\/pc\/wp-json\/wp\/v2\/posts\/2916\/revisions\/2917"}],"wp:featuredmedia":[{"embeddable":true,"href":"https:\/\/portal.pi.gov.br\/pc\/wp-json\/wp\/v2\/media\/2821"}],"wp:attachment":[{"href":"https:\/\/portal.pi.gov.br\/pc\/wp-json\/wp\/v2\/media?parent=2916"}],"wp:term":[{"taxonomy":"category","embeddable":true,"href":"https:\/\/portal.pi.gov.br\/pc\/wp-json\/wp\/v2\/categories?post=2916"},{"taxonomy":"post_tag","embeddable":true,"href":"https:\/\/portal.pi.gov.br\/pc\/wp-json\/wp\/v2\/tags?post=2916"}],"curies":[{"name":"wp","href":"https:\/\/api.w.org\/{rel}","templated":true}]}}