{"id":3488,"date":"2023-03-09T08:29:13","date_gmt":"2023-03-09T11:29:13","guid":{"rendered":"https:\/\/portal.pi.gov.br\/pc\/?p=3488"},"modified":"2023-03-09T10:05:27","modified_gmt":"2023-03-09T13:05:27","slug":"policia-civil-recebe-quatro-viaturas-para-combater-violencia-contra-mulher","status":"publish","type":"post","link":"https:\/\/portal.pi.gov.br\/pc\/2023\/03\/09\/policia-civil-recebe-quatro-viaturas-para-combater-violencia-contra-mulher\/","title":{"rendered":"Pol\u00edcia Civil recebe quatro viaturas para combater viol\u00eancia contra mulher"},"content":{"rendered":"\n<p>A Pol\u00edcia Civil do Piau\u00ed recebeu na manh\u00e3 de ontem (08.03), quatro viaturas que ser\u00e3o utilizadas pelo Departamento Estadual de Prote\u00e7\u00e3o \u00e0 Mulher (DEPM). Os ve\u00edculos foram adquiridos com o objetivo de fortalecer a investiga\u00e7\u00e3o policial, o acompanhamento de medidas protetivas de urg\u00eancia e o atendimento qualificado de combate \u00e0 viol\u00eancia contra a mulher.&nbsp;&nbsp;<\/p>\n\n\n\n<figure class=\"wp-block-image size-full\"><img decoding=\"async\" loading=\"lazy\" width=\"896\" height=\"596\" src=\"https:\/\/portal.pi.gov.br\/pc\/wp-content\/uploads\/sites\/42\/2023\/03\/Sem-titulo.png\" alt=\"\" class=\"wp-image-3489\" srcset=\"https:\/\/portal.pi.gov.br\/pc\/wp-content\/uploads\/sites\/42\/2023\/03\/Sem-titulo.png 896w, https:\/\/portal.pi.gov.br\/pc\/wp-content\/uploads\/sites\/42\/2023\/03\/Sem-titulo-300x200.png 300w, https:\/\/portal.pi.gov.br\/pc\/wp-content\/uploads\/sites\/42\/2023\/03\/Sem-titulo-768x511.png 768w, https:\/\/portal.pi.gov.br\/pc\/wp-content\/uploads\/sites\/42\/2023\/03\/Sem-titulo-420x279.png 420w, https:\/\/portal.pi.gov.br\/pc\/wp-content\/uploads\/sites\/42\/2023\/03\/Sem-titulo-540x359.png 540w, https:\/\/portal.pi.gov.br\/pc\/wp-content\/uploads\/sites\/42\/2023\/03\/Sem-titulo-780x519.png 780w, https:\/\/portal.pi.gov.br\/pc\/wp-content\/uploads\/sites\/42\/2023\/03\/Sem-titulo-624x415.png 624w, https:\/\/portal.pi.gov.br\/pc\/wp-content\/uploads\/sites\/42\/2023\/03\/Sem-titulo-84x56.png 84w\" sizes=\"(max-width: 896px) 100vw, 896px\" \/><\/figure>\n\n\n\n<p>A entrega aconteceu durante solenidade de lan\u00e7amento do protocolo \u201cEi Merm\u00e3, N\u00e3o se Cale\u201d, que visa atender, acolher, orientar e encaminhar as mulheres que se encontram em situa\u00e7\u00e3o de viol\u00eancia.<\/p>\n\n\n\n<figure class=\"wp-block-image size-large\"><img decoding=\"async\" loading=\"lazy\" width=\"1024\" height=\"683\" src=\"https:\/\/portal.pi.gov.br\/pc\/wp-content\/uploads\/sites\/42\/2023\/03\/WhatsApp-Image-2023-03-09-at-10.00.28-1-1024x683.jpeg\" alt=\"\" class=\"wp-image-3508\" srcset=\"https:\/\/portal.pi.gov.br\/pc\/wp-content\/uploads\/sites\/42\/2023\/03\/WhatsApp-Image-2023-03-09-at-10.00.28-1-1024x683.jpeg 1024w, https:\/\/portal.pi.gov.br\/pc\/wp-content\/uploads\/sites\/42\/2023\/03\/WhatsApp-Image-2023-03-09-at-10.00.28-1-300x200.jpeg 300w, https:\/\/portal.pi.gov.br\/pc\/wp-content\/uploads\/sites\/42\/2023\/03\/WhatsApp-Image-2023-03-09-at-10.00.28-1-768x512.jpeg 768w, https:\/\/portal.pi.gov.br\/pc\/wp-content\/uploads\/sites\/42\/2023\/03\/WhatsApp-Image-2023-03-09-at-10.00.28-1-420x280.jpeg 420w, https:\/\/portal.pi.gov.br\/pc\/wp-content\/uploads\/sites\/42\/2023\/03\/WhatsApp-Image-2023-03-09-at-10.00.28-1-540x360.jpeg 540w, https:\/\/portal.pi.gov.br\/pc\/wp-content\/uploads\/sites\/42\/2023\/03\/WhatsApp-Image-2023-03-09-at-10.00.28-1-780x520.jpeg 780w, https:\/\/portal.pi.gov.br\/pc\/wp-content\/uploads\/sites\/42\/2023\/03\/WhatsApp-Image-2023-03-09-at-10.00.28-1-947x631.jpeg 947w, https:\/\/portal.pi.gov.br\/pc\/wp-content\/uploads\/sites\/42\/2023\/03\/WhatsApp-Image-2023-03-09-at-10.00.28-1-624x416.jpeg 624w, https:\/\/portal.pi.gov.br\/pc\/wp-content\/uploads\/sites\/42\/2023\/03\/WhatsApp-Image-2023-03-09-at-10.00.28-1-84x56.jpeg 84w, https:\/\/portal.pi.gov.br\/pc\/wp-content\/uploads\/sites\/42\/2023\/03\/WhatsApp-Image-2023-03-09-at-10.00.28-1.jpeg 1065w\" sizes=\"(max-width: 1024px) 100vw, 1024px\" \/><\/figure>\n\n\n\n<p>O evento idealizado pelo Governo do Estado, atrav\u00e9s da Secretaria de Seguran\u00e7a P\u00fablica e da Secretaria de Estado das Mulheres do Piau\u00ed (SEMPI), aconteceu no Pal\u00e1cio de Karnak e reuniu o governador Rafael Fonteles e diversas autoridades estaduais.<\/p>\n\n\n\n<figure class=\"wp-block-image size-large\"><img decoding=\"async\" loading=\"lazy\" width=\"1024\" height=\"683\" src=\"https:\/\/portal.pi.gov.br\/pc\/wp-content\/uploads\/sites\/42\/2023\/03\/WhatsApp-Image-2023-03-09-at-10.00.28-1024x683.jpeg\" alt=\"\" class=\"wp-image-3509\" srcset=\"https:\/\/portal.pi.gov.br\/pc\/wp-content\/uploads\/sites\/42\/2023\/03\/WhatsApp-Image-2023-03-09-at-10.00.28-1024x683.jpeg 1024w, https:\/\/portal.pi.gov.br\/pc\/wp-content\/uploads\/sites\/42\/2023\/03\/WhatsApp-Image-2023-03-09-at-10.00.28-300x200.jpeg 300w, https:\/\/portal.pi.gov.br\/pc\/wp-content\/uploads\/sites\/42\/2023\/03\/WhatsApp-Image-2023-03-09-at-10.00.28-768x512.jpeg 768w, https:\/\/portal.pi.gov.br\/pc\/wp-content\/uploads\/sites\/42\/2023\/03\/WhatsApp-Image-2023-03-09-at-10.00.28-420x280.jpeg 420w, https:\/\/portal.pi.gov.br\/pc\/wp-content\/uploads\/sites\/42\/2023\/03\/WhatsApp-Image-2023-03-09-at-10.00.28-540x360.jpeg 540w, https:\/\/portal.pi.gov.br\/pc\/wp-content\/uploads\/sites\/42\/2023\/03\/WhatsApp-Image-2023-03-09-at-10.00.28-780x520.jpeg 780w, https:\/\/portal.pi.gov.br\/pc\/wp-content\/uploads\/sites\/42\/2023\/03\/WhatsApp-Image-2023-03-09-at-10.00.28-947x631.jpeg 947w, https:\/\/portal.pi.gov.br\/pc\/wp-content\/uploads\/sites\/42\/2023\/03\/WhatsApp-Image-2023-03-09-at-10.00.28-624x416.jpeg 624w, https:\/\/portal.pi.gov.br\/pc\/wp-content\/uploads\/sites\/42\/2023\/03\/WhatsApp-Image-2023-03-09-at-10.00.28-84x56.jpeg 84w, https:\/\/portal.pi.gov.br\/pc\/wp-content\/uploads\/sites\/42\/2023\/03\/WhatsApp-Image-2023-03-09-at-10.00.28.jpeg 1065w\" sizes=\"(max-width: 1024px) 100vw, 1024px\" \/><\/figure>\n\n\n\n<p>De acordo com a Delegada da Mulher, Bruna Fontenele, as viaturas s\u00e3o provenientes de emenda parlamentar da ex-deputada federal Rejane Dias (PT), sendo uma para a Delegacia de Atendimento Especializado \u00e0 Mulher da cidade de Picos e as outras tr\u00eas para Teresina.\u00a0\u00a0<\/p>\n\n\n\n<figure class=\"wp-block-image size-large\"><img decoding=\"async\" loading=\"lazy\" width=\"1024\" height=\"683\" src=\"https:\/\/portal.pi.gov.br\/pc\/wp-content\/uploads\/sites\/42\/2023\/03\/WhatsApp-Image-2023-03-09-at-10.00.27-1024x683.jpeg\" alt=\"\" class=\"wp-image-3510\" srcset=\"https:\/\/portal.pi.gov.br\/pc\/wp-content\/uploads\/sites\/42\/2023\/03\/WhatsApp-Image-2023-03-09-at-10.00.27-1024x683.jpeg 1024w, https:\/\/portal.pi.gov.br\/pc\/wp-content\/uploads\/sites\/42\/2023\/03\/WhatsApp-Image-2023-03-09-at-10.00.27-300x200.jpeg 300w, https:\/\/portal.pi.gov.br\/pc\/wp-content\/uploads\/sites\/42\/2023\/03\/WhatsApp-Image-2023-03-09-at-10.00.27-768x512.jpeg 768w, https:\/\/portal.pi.gov.br\/pc\/wp-content\/uploads\/sites\/42\/2023\/03\/WhatsApp-Image-2023-03-09-at-10.00.27-420x280.jpeg 420w, https:\/\/portal.pi.gov.br\/pc\/wp-content\/uploads\/sites\/42\/2023\/03\/WhatsApp-Image-2023-03-09-at-10.00.27-540x360.jpeg 540w, https:\/\/portal.pi.gov.br\/pc\/wp-content\/uploads\/sites\/42\/2023\/03\/WhatsApp-Image-2023-03-09-at-10.00.27-780x520.jpeg 780w, https:\/\/portal.pi.gov.br\/pc\/wp-content\/uploads\/sites\/42\/2023\/03\/WhatsApp-Image-2023-03-09-at-10.00.27-947x631.jpeg 947w, https:\/\/portal.pi.gov.br\/pc\/wp-content\/uploads\/sites\/42\/2023\/03\/WhatsApp-Image-2023-03-09-at-10.00.27-624x416.jpeg 624w, https:\/\/portal.pi.gov.br\/pc\/wp-content\/uploads\/sites\/42\/2023\/03\/WhatsApp-Image-2023-03-09-at-10.00.27-84x56.jpeg 84w, https:\/\/portal.pi.gov.br\/pc\/wp-content\/uploads\/sites\/42\/2023\/03\/WhatsApp-Image-2023-03-09-at-10.00.27.jpeg 1065w\" sizes=\"(max-width: 1024px) 100vw, 1024px\" \/><\/figure>\n\n\n\n<p>O governador Rafael Fonteles ressaltou as a\u00e7\u00f5es que est\u00e3o sendo desenvolvidas pelo Governo do Estado no combate \u00e0 viol\u00eancia contra a mulher. \u201c\u00c9 um dia especial para n\u00f3s que entendemos a import\u00e2ncia de termos um governo firme no que diz respeito a promo\u00e7\u00e3o da igualdade de g\u00eanero e enfrentamento \u00e0 viol\u00eancia contra a mulher. Gostaria de parabenizar as mulheres do Piau\u00ed e do Brasil pelo seu dia e aproveito para anunciar a\u00e7\u00f5es concretas que ir\u00e3o agilizar o atendimento emergencial para mulheres em situa\u00e7\u00e3o de viol\u00eancia\u201d. explicou o governador.&nbsp;<\/p>\n\n\n\n<p>Rafael Fonteles ainda destacou a import\u00e2ncia do Protocolo onde as mulheres v\u00edtimas de viol\u00eancia poder\u00e3o atrav\u00e9s de um aplicativo de mensagens instant\u00e2neas fazer den\u00fancias e receber uma resposta r\u00e1pida por parte das for\u00e7as policiais.<\/p>\n\n\n\n<p><\/p>\n\n\n\n<p><strong><em>Assessoria de Comunica\u00e7\u00e3o da Pol\u00edcia Civil<\/em><\/strong><\/p>\n","protected":false},"excerpt":{"rendered":"<p>A Pol\u00edcia Civil do Piau\u00ed recebeu na manh\u00e3 de ontem (08.03), quatro viaturas que ser\u00e3o utilizadas pelo Departamento Estadual de Prote\u00e7\u00e3o \u00e0 Mulher (DEPM). Os ve\u00edculos foram adquiridos com o [&hellip;]<\/p>\n","protected":false},"author":59,"featured_media":3489,"comment_status":"closed","ping_status":"closed","sticky":false,"template":"","format":"standard","meta":[],"categories":[1],"tags":[198],"featured_image_urls":{"full":["https:\/\/portal.pi.gov.br\/pc\/wp-content\/uploads\/sites\/42\/2023\/03\/Sem-titulo.png",896,596,false],"thumbnail":["https:\/\/portal.pi.gov.br\/pc\/wp-content\/uploads\/sites\/42\/2023\/03\/Sem-titulo-150x150.png",150,150,true],"medium":["https:\/\/portal.pi.gov.br\/pc\/wp-content\/uploads\/sites\/42\/2023\/03\/Sem-titulo-300x200.png",300,200,true],"medium_large":["https:\/\/portal.pi.gov.br\/pc\/wp-content\/uploads\/sites\/42\/2023\/03\/Sem-titulo-768x511.png",768,511,true],"large":["https:\/\/portal.pi.gov.br\/pc\/wp-content\/uploads\/sites\/42\/2023\/03\/Sem-titulo.png",887,590,false],"sgg-420":["https:\/\/portal.pi.gov.br\/pc\/wp-content\/uploads\/sites\/42\/2023\/03\/Sem-titulo-420x279.png",420,279,true],"sgg-540":["https:\/\/portal.pi.gov.br\/pc\/wp-content\/uploads\/sites\/42\/2023\/03\/Sem-titulo-540x359.png",540,359,true],"sgg-780":["https:\/\/portal.pi.gov.br\/pc\/wp-content\/uploads\/sites\/42\/2023\/03\/Sem-titulo-780x519.png",780,519,true],"1536x1536":["https:\/\/portal.pi.gov.br\/pc\/wp-content\/uploads\/sites\/42\/2023\/03\/Sem-titulo.png",896,596,false],"2048x2048":["https:\/\/portal.pi.gov.br\/pc\/wp-content\/uploads\/sites\/42\/2023\/03\/Sem-titulo.png",896,596,false],"homepage-slider":["https:\/\/portal.pi.gov.br\/pc\/wp-content\/uploads\/sites\/42\/2023\/03\/Sem-titulo-896x500.png",896,500,true],"homepage-slider-small":["https:\/\/portal.pi.gov.br\/pc\/wp-content\/uploads\/sites\/42\/2023\/03\/Sem-titulo-896x500.png",896,500,true],"page-top":["https:\/\/portal.pi.gov.br\/pc\/wp-content\/uploads\/sites\/42\/2023\/03\/Sem-titulo.png",896,596,false],"page-small":["https:\/\/portal.pi.gov.br\/pc\/wp-content\/uploads\/sites\/42\/2023\/03\/Sem-titulo-624x415.png",624,415,true],"loop-main":["https:\/\/portal.pi.gov.br\/pc\/wp-content\/uploads\/sites\/42\/2023\/03\/Sem-titulo-365x240.png",365,240,true],"thumb-gallery-widget":["https:\/\/portal.pi.gov.br\/pc\/wp-content\/uploads\/sites\/42\/2023\/03\/Sem-titulo-84x56.png",84,56,true]},"post_excerpt_stackable":"<p>A Pol\u00edcia Civil do Piau\u00ed recebeu na manh\u00e3 de ontem (08.03), quatro viaturas que ser\u00e3o utilizadas pelo Departamento Estadual de Prote\u00e7\u00e3o \u00e0 Mulher (DEPM). Os ve\u00edculos foram adquiridos com o objetivo de fortalecer a investiga\u00e7\u00e3o policial, o acompanhamento de medidas protetivas de urg\u00eancia e o atendimento qualificado de combate \u00e0 viol\u00eancia contra a mulher.&nbsp;&nbsp; A entrega aconteceu durante solenidade de lan\u00e7amento do protocolo \u201cEi Merm\u00e3, N\u00e3o se Cale\u201d, que visa atender, acolher, orientar e encaminhar as mulheres que se encontram em situa\u00e7\u00e3o de viol\u00eancia. O evento idealizado pelo Governo do Estado, atrav\u00e9s da Secretaria de Seguran\u00e7a P\u00fablica e da Secretaria&hellip;<\/p>\n","category_list":"<a href=\"https:\/\/portal.pi.gov.br\/pc\/category\/noticias\/\" rel=\"category tag\">PC<\/a>","author_info":{"name":"Aline Noleto Silva de Araujo","url":"https:\/\/portal.pi.gov.br\/pc\/author\/alinenoleto\/"},"comments_num":"0 coment\u00e1rio","featured_image_urls_v2":{"full":["https:\/\/portal.pi.gov.br\/pc\/wp-content\/uploads\/sites\/42\/2023\/03\/Sem-titulo.png",896,596,false],"thumbnail":["https:\/\/portal.pi.gov.br\/pc\/wp-content\/uploads\/sites\/42\/2023\/03\/Sem-titulo-150x150.png",150,150,true],"medium":["https:\/\/portal.pi.gov.br\/pc\/wp-content\/uploads\/sites\/42\/2023\/03\/Sem-titulo-300x200.png",300,200,true],"medium_large":["https:\/\/portal.pi.gov.br\/pc\/wp-content\/uploads\/sites\/42\/2023\/03\/Sem-titulo-768x511.png",768,511,true],"large":["https:\/\/portal.pi.gov.br\/pc\/wp-content\/uploads\/sites\/42\/2023\/03\/Sem-titulo.png",887,590,false],"sgg-420":["https:\/\/portal.pi.gov.br\/pc\/wp-content\/uploads\/sites\/42\/2023\/03\/Sem-titulo-420x279.png",420,279,true],"sgg-540":["https:\/\/portal.pi.gov.br\/pc\/wp-content\/uploads\/sites\/42\/2023\/03\/Sem-titulo-540x359.png",540,359,true],"sgg-780":["https:\/\/portal.pi.gov.br\/pc\/wp-content\/uploads\/sites\/42\/2023\/03\/Sem-titulo-780x519.png",780,519,true],"1536x1536":["https:\/\/portal.pi.gov.br\/pc\/wp-content\/uploads\/sites\/42\/2023\/03\/Sem-titulo.png",896,596,false],"2048x2048":["https:\/\/portal.pi.gov.br\/pc\/wp-content\/uploads\/sites\/42\/2023\/03\/Sem-titulo.png",896,596,false],"homepage-slider":["https:\/\/portal.pi.gov.br\/pc\/wp-content\/uploads\/sites\/42\/2023\/03\/Sem-titulo-896x500.png",896,500,true],"homepage-slider-small":["https:\/\/portal.pi.gov.br\/pc\/wp-content\/uploads\/sites\/42\/2023\/03\/Sem-titulo-896x500.png",896,500,true],"page-top":["https:\/\/portal.pi.gov.br\/pc\/wp-content\/uploads\/sites\/42\/2023\/03\/Sem-titulo.png",896,596,false],"page-small":["https:\/\/portal.pi.gov.br\/pc\/wp-content\/uploads\/sites\/42\/2023\/03\/Sem-titulo-624x415.png",624,415,true],"loop-main":["https:\/\/portal.pi.gov.br\/pc\/wp-content\/uploads\/sites\/42\/2023\/03\/Sem-titulo-365x240.png",365,240,true],"thumb-gallery-widget":["https:\/\/portal.pi.gov.br\/pc\/wp-content\/uploads\/sites\/42\/2023\/03\/Sem-titulo-84x56.png",84,56,true]},"post_excerpt_stackable_v2":"<p>A Pol\u00edcia Civil do Piau\u00ed recebeu na manh\u00e3 de ontem (08.03), quatro viaturas que ser\u00e3o utilizadas pelo Departamento Estadual de Prote\u00e7\u00e3o \u00e0 Mulher (DEPM). Os ve\u00edculos foram adquiridos com o objetivo de fortalecer a investiga\u00e7\u00e3o policial, o acompanhamento de medidas protetivas de urg\u00eancia e o atendimento qualificado de combate \u00e0 viol\u00eancia contra a mulher.&nbsp;&nbsp; A entrega aconteceu durante solenidade de lan\u00e7amento do protocolo \u201cEi Merm\u00e3, N\u00e3o se Cale\u201d, que visa atender, acolher, orientar e encaminhar as mulheres que se encontram em situa\u00e7\u00e3o de viol\u00eancia. O evento idealizado pelo Governo do Estado, atrav\u00e9s da Secretaria de Seguran\u00e7a P\u00fablica e da Secretaria&hellip;<\/p>\n","category_list_v2":"<a href=\"https:\/\/portal.pi.gov.br\/pc\/category\/noticias\/\" rel=\"category tag\">PC<\/a>","author_info_v2":{"name":"Aline Noleto Silva de Araujo","url":"https:\/\/portal.pi.gov.br\/pc\/author\/alinenoleto\/"},"comments_num_v2":"0 coment\u00e1rio","jetpack_featured_media_url":"https:\/\/portal.pi.gov.br\/pc\/wp-content\/uploads\/sites\/42\/2023\/03\/Sem-titulo.png","_links":{"self":[{"href":"https:\/\/portal.pi.gov.br\/pc\/wp-json\/wp\/v2\/posts\/3488"}],"collection":[{"href":"https:\/\/portal.pi.gov.br\/pc\/wp-json\/wp\/v2\/posts"}],"about":[{"href":"https:\/\/portal.pi.gov.br\/pc\/wp-json\/wp\/v2\/types\/post"}],"author":[{"embeddable":true,"href":"https:\/\/portal.pi.gov.br\/pc\/wp-json\/wp\/v2\/users\/59"}],"replies":[{"embeddable":true,"href":"https:\/\/portal.pi.gov.br\/pc\/wp-json\/wp\/v2\/comments?post=3488"}],"version-history":[{"count":2,"href":"https:\/\/portal.pi.gov.br\/pc\/wp-json\/wp\/v2\/posts\/3488\/revisions"}],"predecessor-version":[{"id":3511,"href":"https:\/\/portal.pi.gov.br\/pc\/wp-json\/wp\/v2\/posts\/3488\/revisions\/3511"}],"wp:featuredmedia":[{"embeddable":true,"href":"https:\/\/portal.pi.gov.br\/pc\/wp-json\/wp\/v2\/media\/3489"}],"wp:attachment":[{"href":"https:\/\/portal.pi.gov.br\/pc\/wp-json\/wp\/v2\/media?parent=3488"}],"wp:term":[{"taxonomy":"category","embeddable":true,"href":"https:\/\/portal.pi.gov.br\/pc\/wp-json\/wp\/v2\/categories?post=3488"},{"taxonomy":"post_tag","embeddable":true,"href":"https:\/\/portal.pi.gov.br\/pc\/wp-json\/wp\/v2\/tags?post=3488"}],"curies":[{"name":"wp","href":"https:\/\/api.w.org\/{rel}","templated":true}]}}