{"id":3561,"date":"2023-03-11T12:32:42","date_gmt":"2023-03-11T15:32:42","guid":{"rendered":"https:\/\/portal.pi.gov.br\/pc\/?p=3561"},"modified":"2023-03-11T12:32:43","modified_gmt":"2023-03-11T15:32:43","slug":"policiais-apreendem-adolescentes-com-motocicleta-roubada-e-drogas","status":"publish","type":"post","link":"https:\/\/portal.pi.gov.br\/pc\/2023\/03\/11\/policiais-apreendem-adolescentes-com-motocicleta-roubada-e-drogas\/","title":{"rendered":"Policiais apreendem adolescentes com motocicleta roubada e drogas"},"content":{"rendered":"\n<p>Na noite desta sexta-feira (10\/03), durante mais uma a\u00e7\u00e3o da campanha \u201c\u00c9 Por todos n\u00f3s\u201d, agentes de seguran\u00e7a realizaram a apreens\u00e3o de dois adolescentes de 12 e 15 anos de idade, durante uma blitz na Avenida Joaquim Nelson, no bairro Dirceu Arcoverde, zona Sudeste de Teresina. <\/p>\n\n\n\n<figure class=\"wp-block-image size-large\"><img decoding=\"async\" loading=\"lazy\" width=\"1024\" height=\"857\" src=\"https:\/\/portal.pi.gov.br\/pc\/wp-content\/uploads\/sites\/42\/2023\/03\/IMG-20230311-WA0034-1-1024x857.jpg\" alt=\"\" class=\"wp-image-3564\" srcset=\"https:\/\/portal.pi.gov.br\/pc\/wp-content\/uploads\/sites\/42\/2023\/03\/IMG-20230311-WA0034-1-1024x857.jpg 1024w, https:\/\/portal.pi.gov.br\/pc\/wp-content\/uploads\/sites\/42\/2023\/03\/IMG-20230311-WA0034-1-300x251.jpg 300w, https:\/\/portal.pi.gov.br\/pc\/wp-content\/uploads\/sites\/42\/2023\/03\/IMG-20230311-WA0034-1-768x643.jpg 768w, https:\/\/portal.pi.gov.br\/pc\/wp-content\/uploads\/sites\/42\/2023\/03\/IMG-20230311-WA0034-1-420x351.jpg 420w, https:\/\/portal.pi.gov.br\/pc\/wp-content\/uploads\/sites\/42\/2023\/03\/IMG-20230311-WA0034-1-540x452.jpg 540w, https:\/\/portal.pi.gov.br\/pc\/wp-content\/uploads\/sites\/42\/2023\/03\/IMG-20230311-WA0034-1-780x653.jpg 780w, https:\/\/portal.pi.gov.br\/pc\/wp-content\/uploads\/sites\/42\/2023\/03\/IMG-20230311-WA0034-1-947x792.jpg 947w, https:\/\/portal.pi.gov.br\/pc\/wp-content\/uploads\/sites\/42\/2023\/03\/IMG-20230311-WA0034-1-624x522.jpg 624w, https:\/\/portal.pi.gov.br\/pc\/wp-content\/uploads\/sites\/42\/2023\/03\/IMG-20230311-WA0034-1.jpg 1066w\" sizes=\"(max-width: 1024px) 100vw, 1024px\" \/><\/figure>\n\n\n\n<p>Na abordagem foi verificado que os dois estavam em uma motocicleta roubada e com uma pequena quantidade de entorpecentes.\u00a0\u00a0<\/p>\n\n\n\n<p>De acordo com o Gerente de Opera\u00e7\u00f5es de Tr\u00e2nsito da Secretaria de Seguran\u00e7a P\u00fabica, Fernando Arag\u00e3o, as opera\u00e7\u00f5es est\u00e3o sendo realizadas de forma intensificada com objetivo de tirar de circula\u00e7\u00e3o infratores com mandado de pris\u00e3o em aberto, drogas, armas, al\u00e9m de recuperar ve\u00edculos furtados e roubados. \u201cOs dois menores trafegavam em uma motocicleta e ao avistarem a nossa blitz, tentaram fugir em alta velocidade. Uma de nossas equipes saiu em persegui\u00e7\u00e3o e conseguiu realizar a abordagem. Essa \u00e9 a segunda vez, nesse ano, que o menor de 12 anos \u00e9 apreendido com arma de fogo e moto roubada. Gostaria de ressaltar que a opera\u00e7\u00e3o \u00e9 uma a\u00e7\u00e3o integrada entre a Pol\u00edcia Civil, Pol\u00edcia Militar, Detran e STRANS\u201d, explicou Arag\u00e3o.\u00a0\u00a0<\/p>\n\n\n\n<figure class=\"wp-block-image size-large\"><img decoding=\"async\" loading=\"lazy\" width=\"1024\" height=\"716\" src=\"https:\/\/portal.pi.gov.br\/pc\/wp-content\/uploads\/sites\/42\/2023\/03\/Screenshot_20230311_123100_Instagram-1024x716.jpg\" alt=\"\" class=\"wp-image-3565\" srcset=\"https:\/\/portal.pi.gov.br\/pc\/wp-content\/uploads\/sites\/42\/2023\/03\/Screenshot_20230311_123100_Instagram-1024x716.jpg 1024w, https:\/\/portal.pi.gov.br\/pc\/wp-content\/uploads\/sites\/42\/2023\/03\/Screenshot_20230311_123100_Instagram-300x210.jpg 300w, https:\/\/portal.pi.gov.br\/pc\/wp-content\/uploads\/sites\/42\/2023\/03\/Screenshot_20230311_123100_Instagram-768x537.jpg 768w, https:\/\/portal.pi.gov.br\/pc\/wp-content\/uploads\/sites\/42\/2023\/03\/Screenshot_20230311_123100_Instagram-420x294.jpg 420w, https:\/\/portal.pi.gov.br\/pc\/wp-content\/uploads\/sites\/42\/2023\/03\/Screenshot_20230311_123100_Instagram-540x378.jpg 540w, https:\/\/portal.pi.gov.br\/pc\/wp-content\/uploads\/sites\/42\/2023\/03\/Screenshot_20230311_123100_Instagram-780x545.jpg 780w, https:\/\/portal.pi.gov.br\/pc\/wp-content\/uploads\/sites\/42\/2023\/03\/Screenshot_20230311_123100_Instagram-947x662.jpg 947w, https:\/\/portal.pi.gov.br\/pc\/wp-content\/uploads\/sites\/42\/2023\/03\/Screenshot_20230311_123100_Instagram-624x436.jpg 624w, https:\/\/portal.pi.gov.br\/pc\/wp-content\/uploads\/sites\/42\/2023\/03\/Screenshot_20230311_123100_Instagram.jpg 1044w\" sizes=\"(max-width: 1024px) 100vw, 1024px\" \/><\/figure>\n\n\n\n<p>Os adolescentes foram encaminhados para a Central de Flagrantes de Teresina e ficar\u00e3o \u00e0 disposi\u00e7\u00e3o da Justi\u00e7a.<\/p>\n","protected":false},"excerpt":{"rendered":"<p>Na noite desta sexta-feira (10\/03), durante mais uma a\u00e7\u00e3o da campanha \u201c\u00c9 Por todos n\u00f3s\u201d, agentes de seguran\u00e7a realizaram a apreens\u00e3o de dois adolescentes de 12 e 15 anos de [&hellip;]<\/p>\n","protected":false},"author":59,"featured_media":3563,"comment_status":"closed","ping_status":"closed","sticky":false,"template":"","format":"standard","meta":[],"categories":[1],"tags":[],"featured_image_urls":{"full":["https:\/\/portal.pi.gov.br\/pc\/wp-content\/uploads\/sites\/42\/2023\/03\/IMG-20230311-WA0034.jpg",1066,1600,false],"thumbnail":["https:\/\/portal.pi.gov.br\/pc\/wp-content\/uploads\/sites\/42\/2023\/03\/IMG-20230311-WA0034-150x150.jpg",150,150,true],"medium":["https:\/\/portal.pi.gov.br\/pc\/wp-content\/uploads\/sites\/42\/2023\/03\/IMG-20230311-WA0034-200x300.jpg",200,300,true],"medium_large":["https:\/\/portal.pi.gov.br\/pc\/wp-content\/uploads\/sites\/42\/2023\/03\/IMG-20230311-WA0034-768x1153.jpg",768,1153,true],"large":["https:\/\/portal.pi.gov.br\/pc\/wp-content\/uploads\/sites\/42\/2023\/03\/IMG-20230311-WA0034-682x1024.jpg",682,1024,true],"sgg-420":["https:\/\/portal.pi.gov.br\/pc\/wp-content\/uploads\/sites\/42\/2023\/03\/IMG-20230311-WA0034-280x420.jpg",280,420,true],"sgg-540":["https:\/\/portal.pi.gov.br\/pc\/wp-content\/uploads\/sites\/42\/2023\/03\/IMG-20230311-WA0034-360x540.jpg",360,540,true],"sgg-780":["https:\/\/portal.pi.gov.br\/pc\/wp-content\/uploads\/sites\/42\/2023\/03\/IMG-20230311-WA0034-520x780.jpg",520,780,true],"1536x1536":["https:\/\/portal.pi.gov.br\/pc\/wp-content\/uploads\/sites\/42\/2023\/03\/IMG-20230311-WA0034-1023x1536.jpg",1023,1536,true],"2048x2048":["https:\/\/portal.pi.gov.br\/pc\/wp-content\/uploads\/sites\/42\/2023\/03\/IMG-20230311-WA0034.jpg",1066,1600,false],"homepage-slider":["https:\/\/portal.pi.gov.br\/pc\/wp-content\/uploads\/sites\/42\/2023\/03\/IMG-20230311-WA0034-1066x500.jpg",1066,500,true],"homepage-slider-small":["https:\/\/portal.pi.gov.br\/pc\/wp-content\/uploads\/sites\/42\/2023\/03\/IMG-20230311-WA0034-947x500.jpg",947,500,true],"page-top":["https:\/\/portal.pi.gov.br\/pc\/wp-content\/uploads\/sites\/42\/2023\/03\/IMG-20230311-WA0034-947x1421.jpg",947,1421,true],"page-small":["https:\/\/portal.pi.gov.br\/pc\/wp-content\/uploads\/sites\/42\/2023\/03\/IMG-20230311-WA0034-624x937.jpg",624,937,true],"loop-main":["https:\/\/portal.pi.gov.br\/pc\/wp-content\/uploads\/sites\/42\/2023\/03\/IMG-20230311-WA0034-365x240.jpg",365,240,true],"thumb-gallery-widget":["https:\/\/portal.pi.gov.br\/pc\/wp-content\/uploads\/sites\/42\/2023\/03\/IMG-20230311-WA0034-84x56.jpg",84,56,true]},"post_excerpt_stackable":"<p>Na noite desta sexta-feira (10\/03), durante mais uma a\u00e7\u00e3o da campanha \u201c\u00c9 Por todos n\u00f3s\u201d, agentes de seguran\u00e7a realizaram a apreens\u00e3o de dois adolescentes de 12 e 15 anos de idade, durante uma blitz na Avenida Joaquim Nelson, no bairro Dirceu Arcoverde, zona Sudeste de Teresina. Na abordagem foi verificado que os dois estavam em uma motocicleta roubada e com uma pequena quantidade de entorpecentes.\u00a0\u00a0 De acordo com o Gerente de Opera\u00e7\u00f5es de Tr\u00e2nsito da Secretaria de Seguran\u00e7a P\u00fabica, Fernando Arag\u00e3o, as opera\u00e7\u00f5es est\u00e3o sendo realizadas de forma intensificada com objetivo de tirar de circula\u00e7\u00e3o infratores com mandado de pris\u00e3o&hellip;<\/p>\n","category_list":"<a href=\"https:\/\/portal.pi.gov.br\/pc\/category\/noticias\/\" rel=\"category tag\">PC<\/a>","author_info":{"name":"Aline Noleto Silva de Araujo","url":"https:\/\/portal.pi.gov.br\/pc\/author\/alinenoleto\/"},"comments_num":"0 coment\u00e1rio","featured_image_urls_v2":{"full":["https:\/\/portal.pi.gov.br\/pc\/wp-content\/uploads\/sites\/42\/2023\/03\/IMG-20230311-WA0034.jpg",1066,1600,false],"thumbnail":["https:\/\/portal.pi.gov.br\/pc\/wp-content\/uploads\/sites\/42\/2023\/03\/IMG-20230311-WA0034-150x150.jpg",150,150,true],"medium":["https:\/\/portal.pi.gov.br\/pc\/wp-content\/uploads\/sites\/42\/2023\/03\/IMG-20230311-WA0034-200x300.jpg",200,300,true],"medium_large":["https:\/\/portal.pi.gov.br\/pc\/wp-content\/uploads\/sites\/42\/2023\/03\/IMG-20230311-WA0034-768x1153.jpg",768,1153,true],"large":["https:\/\/portal.pi.gov.br\/pc\/wp-content\/uploads\/sites\/42\/2023\/03\/IMG-20230311-WA0034-682x1024.jpg",682,1024,true],"sgg-420":["https:\/\/portal.pi.gov.br\/pc\/wp-content\/uploads\/sites\/42\/2023\/03\/IMG-20230311-WA0034-280x420.jpg",280,420,true],"sgg-540":["https:\/\/portal.pi.gov.br\/pc\/wp-content\/uploads\/sites\/42\/2023\/03\/IMG-20230311-WA0034-360x540.jpg",360,540,true],"sgg-780":["https:\/\/portal.pi.gov.br\/pc\/wp-content\/uploads\/sites\/42\/2023\/03\/IMG-20230311-WA0034-520x780.jpg",520,780,true],"1536x1536":["https:\/\/portal.pi.gov.br\/pc\/wp-content\/uploads\/sites\/42\/2023\/03\/IMG-20230311-WA0034-1023x1536.jpg",1023,1536,true],"2048x2048":["https:\/\/portal.pi.gov.br\/pc\/wp-content\/uploads\/sites\/42\/2023\/03\/IMG-20230311-WA0034.jpg",1066,1600,false],"homepage-slider":["https:\/\/portal.pi.gov.br\/pc\/wp-content\/uploads\/sites\/42\/2023\/03\/IMG-20230311-WA0034-1066x500.jpg",1066,500,true],"homepage-slider-small":["https:\/\/portal.pi.gov.br\/pc\/wp-content\/uploads\/sites\/42\/2023\/03\/IMG-20230311-WA0034-947x500.jpg",947,500,true],"page-top":["https:\/\/portal.pi.gov.br\/pc\/wp-content\/uploads\/sites\/42\/2023\/03\/IMG-20230311-WA0034-947x1421.jpg",947,1421,true],"page-small":["https:\/\/portal.pi.gov.br\/pc\/wp-content\/uploads\/sites\/42\/2023\/03\/IMG-20230311-WA0034-624x937.jpg",624,937,true],"loop-main":["https:\/\/portal.pi.gov.br\/pc\/wp-content\/uploads\/sites\/42\/2023\/03\/IMG-20230311-WA0034-365x240.jpg",365,240,true],"thumb-gallery-widget":["https:\/\/portal.pi.gov.br\/pc\/wp-content\/uploads\/sites\/42\/2023\/03\/IMG-20230311-WA0034-84x56.jpg",84,56,true]},"post_excerpt_stackable_v2":"<p>Na noite desta sexta-feira (10\/03), durante mais uma a\u00e7\u00e3o da campanha \u201c\u00c9 Por todos n\u00f3s\u201d, agentes de seguran\u00e7a realizaram a apreens\u00e3o de dois adolescentes de 12 e 15 anos de idade, durante uma blitz na Avenida Joaquim Nelson, no bairro Dirceu Arcoverde, zona Sudeste de Teresina. Na abordagem foi verificado que os dois estavam em uma motocicleta roubada e com uma pequena quantidade de entorpecentes.\u00a0\u00a0 De acordo com o Gerente de Opera\u00e7\u00f5es de Tr\u00e2nsito da Secretaria de Seguran\u00e7a P\u00fabica, Fernando Arag\u00e3o, as opera\u00e7\u00f5es est\u00e3o sendo realizadas de forma intensificada com objetivo de tirar de circula\u00e7\u00e3o infratores com mandado de pris\u00e3o&hellip;<\/p>\n","category_list_v2":"<a href=\"https:\/\/portal.pi.gov.br\/pc\/category\/noticias\/\" rel=\"category tag\">PC<\/a>","author_info_v2":{"name":"Aline Noleto Silva de Araujo","url":"https:\/\/portal.pi.gov.br\/pc\/author\/alinenoleto\/"},"comments_num_v2":"0 coment\u00e1rio","jetpack_featured_media_url":"https:\/\/portal.pi.gov.br\/pc\/wp-content\/uploads\/sites\/42\/2023\/03\/IMG-20230311-WA0034.jpg","_links":{"self":[{"href":"https:\/\/portal.pi.gov.br\/pc\/wp-json\/wp\/v2\/posts\/3561"}],"collection":[{"href":"https:\/\/portal.pi.gov.br\/pc\/wp-json\/wp\/v2\/posts"}],"about":[{"href":"https:\/\/portal.pi.gov.br\/pc\/wp-json\/wp\/v2\/types\/post"}],"author":[{"embeddable":true,"href":"https:\/\/portal.pi.gov.br\/pc\/wp-json\/wp\/v2\/users\/59"}],"replies":[{"embeddable":true,"href":"https:\/\/portal.pi.gov.br\/pc\/wp-json\/wp\/v2\/comments?post=3561"}],"version-history":[{"count":1,"href":"https:\/\/portal.pi.gov.br\/pc\/wp-json\/wp\/v2\/posts\/3561\/revisions"}],"predecessor-version":[{"id":3566,"href":"https:\/\/portal.pi.gov.br\/pc\/wp-json\/wp\/v2\/posts\/3561\/revisions\/3566"}],"wp:featuredmedia":[{"embeddable":true,"href":"https:\/\/portal.pi.gov.br\/pc\/wp-json\/wp\/v2\/media\/3563"}],"wp:attachment":[{"href":"https:\/\/portal.pi.gov.br\/pc\/wp-json\/wp\/v2\/media?parent=3561"}],"wp:term":[{"taxonomy":"category","embeddable":true,"href":"https:\/\/portal.pi.gov.br\/pc\/wp-json\/wp\/v2\/categories?post=3561"},{"taxonomy":"post_tag","embeddable":true,"href":"https:\/\/portal.pi.gov.br\/pc\/wp-json\/wp\/v2\/tags?post=3561"}],"curies":[{"name":"wp","href":"https:\/\/api.w.org\/{rel}","templated":true}]}}