{"id":3568,"date":"2023-03-13T10:25:52","date_gmt":"2023-03-13T13:25:52","guid":{"rendered":"https:\/\/portal.pi.gov.br\/pc\/?p=3568"},"modified":"2023-03-13T10:25:53","modified_gmt":"2023-03-13T13:25:53","slug":"policia-civil-recupera-veiculo-roubado-apos-denuncia-anonima","status":"publish","type":"post","link":"https:\/\/portal.pi.gov.br\/pc\/2023\/03\/13\/policia-civil-recupera-veiculo-roubado-apos-denuncia-anonima\/","title":{"rendered":"Pol\u00edcia Civil recupera ve\u00edculo roubado ap\u00f3s den\u00fancia an\u00f4nima"},"content":{"rendered":"\n<p><\/p>\n\n\n\n<p>A Pol\u00edcia Civil do Piau\u00ed, por meio da Polinter, cumpriu mandado judicial na data de 10\/03\/23, oportunidade que policiais prenderam um nacional suspeito de ter praticado o roubo de um carro no bairro Aeroporto, zona norte da capital. O ve\u00edculo j\u00e1 tinha sido recuperado e devolvido ao propriet\u00e1rio. Al\u00e9m disso, durante investiga\u00e7\u00e3o naquela regi\u00e3o, os policiais apreenderam outro ve\u00edculo roubado em fevereiro.<\/p>\n\n\n\n<figure class=\"wp-block-image size-full is-resized\"><img decoding=\"async\" loading=\"lazy\" src=\"https:\/\/portal.pi.gov.br\/pc\/wp-content\/uploads\/sites\/42\/2023\/03\/WhatsApp-Image-2023-03-13-at-10.16.05-1-2.jpeg\" alt=\"\" class=\"wp-image-3571\" width=\"837\" height=\"644\" srcset=\"https:\/\/portal.pi.gov.br\/pc\/wp-content\/uploads\/sites\/42\/2023\/03\/WhatsApp-Image-2023-03-13-at-10.16.05-1-2.jpeg 669w, https:\/\/portal.pi.gov.br\/pc\/wp-content\/uploads\/sites\/42\/2023\/03\/WhatsApp-Image-2023-03-13-at-10.16.05-1-2-300x231.jpeg 300w, https:\/\/portal.pi.gov.br\/pc\/wp-content\/uploads\/sites\/42\/2023\/03\/WhatsApp-Image-2023-03-13-at-10.16.05-1-2-420x323.jpeg 420w, https:\/\/portal.pi.gov.br\/pc\/wp-content\/uploads\/sites\/42\/2023\/03\/WhatsApp-Image-2023-03-13-at-10.16.05-1-2-540x416.jpeg 540w, https:\/\/portal.pi.gov.br\/pc\/wp-content\/uploads\/sites\/42\/2023\/03\/WhatsApp-Image-2023-03-13-at-10.16.05-1-2-624x480.jpeg 624w\" sizes=\"(max-width: 837px) 100vw, 837px\" \/><\/figure>\n\n\n\n<p>Em outra dilig\u00eancia, ap\u00f3s den\u00fancia an\u00f4nima realizada atrav\u00e9s do site da Pol\u00edcia Civil, policiais foram a um s\u00edtio nas proximidades da BR-343 e encontraram um carro escondido. O ve\u00edculo foi apreendido e encaminhado \u00e0 especializada, onde ser\u00e1 realizada per\u00edcia e posteriormente restitu\u00eddo \u00e0 v\u00edtima.<\/p>\n\n\n\n<p>A Pol\u00edcia Civil j\u00e1 processou mais de 12 mil den\u00fancias an\u00f4nimas relacionadas a diversos crimes desde a abertura desse canal. <\/p>\n\n\n\n<p><strong><em>Assessoria de Comunica\u00e7\u00e3o da Pol\u00edcia Civil<\/em><\/strong><\/p>\n","protected":false},"excerpt":{"rendered":"<p>A Pol\u00edcia Civil do Piau\u00ed, por meio da Polinter, cumpriu mandado judicial na data de 10\/03\/23, oportunidade que policiais prenderam um nacional suspeito de ter praticado o roubo de um [&hellip;]<\/p>\n","protected":false},"author":59,"featured_media":3570,"comment_status":"closed","ping_status":"closed","sticky":false,"template":"","format":"standard","meta":[],"categories":[1],"tags":[],"featured_image_urls":{"full":["https:\/\/portal.pi.gov.br\/pc\/wp-content\/uploads\/sites\/42\/2023\/03\/WhatsApp-Image-2023-03-13-at-10.16.05-1-1.jpeg",669,515,false],"thumbnail":["https:\/\/portal.pi.gov.br\/pc\/wp-content\/uploads\/sites\/42\/2023\/03\/WhatsApp-Image-2023-03-13-at-10.16.05-1-1-150x150.jpeg",150,150,true],"medium":["https:\/\/portal.pi.gov.br\/pc\/wp-content\/uploads\/sites\/42\/2023\/03\/WhatsApp-Image-2023-03-13-at-10.16.05-1-1-300x231.jpeg",300,231,true],"medium_large":["https:\/\/portal.pi.gov.br\/pc\/wp-content\/uploads\/sites\/42\/2023\/03\/WhatsApp-Image-2023-03-13-at-10.16.05-1-1.jpeg",669,515,false],"large":["https:\/\/portal.pi.gov.br\/pc\/wp-content\/uploads\/sites\/42\/2023\/03\/WhatsApp-Image-2023-03-13-at-10.16.05-1-1.jpeg",669,515,false],"sgg-420":["https:\/\/portal.pi.gov.br\/pc\/wp-content\/uploads\/sites\/42\/2023\/03\/WhatsApp-Image-2023-03-13-at-10.16.05-1-1-420x323.jpeg",420,323,true],"sgg-540":["https:\/\/portal.pi.gov.br\/pc\/wp-content\/uploads\/sites\/42\/2023\/03\/WhatsApp-Image-2023-03-13-at-10.16.05-1-1-540x416.jpeg",540,416,true],"sgg-780":["https:\/\/portal.pi.gov.br\/pc\/wp-content\/uploads\/sites\/42\/2023\/03\/WhatsApp-Image-2023-03-13-at-10.16.05-1-1.jpeg",669,515,false],"1536x1536":["https:\/\/portal.pi.gov.br\/pc\/wp-content\/uploads\/sites\/42\/2023\/03\/WhatsApp-Image-2023-03-13-at-10.16.05-1-1.jpeg",669,515,false],"2048x2048":["https:\/\/portal.pi.gov.br\/pc\/wp-content\/uploads\/sites\/42\/2023\/03\/WhatsApp-Image-2023-03-13-at-10.16.05-1-1.jpeg",669,515,false],"homepage-slider":["https:\/\/portal.pi.gov.br\/pc\/wp-content\/uploads\/sites\/42\/2023\/03\/WhatsApp-Image-2023-03-13-at-10.16.05-1-1-669x500.jpeg",669,500,true],"homepage-slider-small":["https:\/\/portal.pi.gov.br\/pc\/wp-content\/uploads\/sites\/42\/2023\/03\/WhatsApp-Image-2023-03-13-at-10.16.05-1-1-669x500.jpeg",669,500,true],"page-top":["https:\/\/portal.pi.gov.br\/pc\/wp-content\/uploads\/sites\/42\/2023\/03\/WhatsApp-Image-2023-03-13-at-10.16.05-1-1.jpeg",669,515,false],"page-small":["https:\/\/portal.pi.gov.br\/pc\/wp-content\/uploads\/sites\/42\/2023\/03\/WhatsApp-Image-2023-03-13-at-10.16.05-1-1-624x480.jpeg",624,480,true],"loop-main":["https:\/\/portal.pi.gov.br\/pc\/wp-content\/uploads\/sites\/42\/2023\/03\/WhatsApp-Image-2023-03-13-at-10.16.05-1-1-365x240.jpeg",365,240,true],"thumb-gallery-widget":["https:\/\/portal.pi.gov.br\/pc\/wp-content\/uploads\/sites\/42\/2023\/03\/WhatsApp-Image-2023-03-13-at-10.16.05-1-1-84x56.jpeg",84,56,true]},"post_excerpt_stackable":"<p>A Pol\u00edcia Civil do Piau\u00ed, por meio da Polinter, cumpriu mandado judicial na data de 10\/03\/23, oportunidade que policiais prenderam um nacional suspeito de ter praticado o roubo de um carro no bairro Aeroporto, zona norte da capital. O ve\u00edculo j\u00e1 tinha sido recuperado e devolvido ao propriet\u00e1rio. Al\u00e9m disso, durante investiga\u00e7\u00e3o naquela regi\u00e3o, os policiais apreenderam outro ve\u00edculo roubado em fevereiro. Em outra dilig\u00eancia, ap\u00f3s den\u00fancia an\u00f4nima realizada atrav\u00e9s do site da Pol\u00edcia Civil, policiais foram a um s\u00edtio nas proximidades da BR-343 e encontraram um carro escondido. O ve\u00edculo foi apreendido e encaminhado \u00e0 especializada, onde ser\u00e1 realizada&hellip;<\/p>\n","category_list":"<a href=\"https:\/\/portal.pi.gov.br\/pc\/category\/noticias\/\" rel=\"category tag\">PC<\/a>","author_info":{"name":"Aline Noleto Silva de Araujo","url":"https:\/\/portal.pi.gov.br\/pc\/author\/alinenoleto\/"},"comments_num":"0 coment\u00e1rio","featured_image_urls_v2":{"full":["https:\/\/portal.pi.gov.br\/pc\/wp-content\/uploads\/sites\/42\/2023\/03\/WhatsApp-Image-2023-03-13-at-10.16.05-1-1.jpeg",669,515,false],"thumbnail":["https:\/\/portal.pi.gov.br\/pc\/wp-content\/uploads\/sites\/42\/2023\/03\/WhatsApp-Image-2023-03-13-at-10.16.05-1-1-150x150.jpeg",150,150,true],"medium":["https:\/\/portal.pi.gov.br\/pc\/wp-content\/uploads\/sites\/42\/2023\/03\/WhatsApp-Image-2023-03-13-at-10.16.05-1-1-300x231.jpeg",300,231,true],"medium_large":["https:\/\/portal.pi.gov.br\/pc\/wp-content\/uploads\/sites\/42\/2023\/03\/WhatsApp-Image-2023-03-13-at-10.16.05-1-1.jpeg",669,515,false],"large":["https:\/\/portal.pi.gov.br\/pc\/wp-content\/uploads\/sites\/42\/2023\/03\/WhatsApp-Image-2023-03-13-at-10.16.05-1-1.jpeg",669,515,false],"sgg-420":["https:\/\/portal.pi.gov.br\/pc\/wp-content\/uploads\/sites\/42\/2023\/03\/WhatsApp-Image-2023-03-13-at-10.16.05-1-1-420x323.jpeg",420,323,true],"sgg-540":["https:\/\/portal.pi.gov.br\/pc\/wp-content\/uploads\/sites\/42\/2023\/03\/WhatsApp-Image-2023-03-13-at-10.16.05-1-1-540x416.jpeg",540,416,true],"sgg-780":["https:\/\/portal.pi.gov.br\/pc\/wp-content\/uploads\/sites\/42\/2023\/03\/WhatsApp-Image-2023-03-13-at-10.16.05-1-1.jpeg",669,515,false],"1536x1536":["https:\/\/portal.pi.gov.br\/pc\/wp-content\/uploads\/sites\/42\/2023\/03\/WhatsApp-Image-2023-03-13-at-10.16.05-1-1.jpeg",669,515,false],"2048x2048":["https:\/\/portal.pi.gov.br\/pc\/wp-content\/uploads\/sites\/42\/2023\/03\/WhatsApp-Image-2023-03-13-at-10.16.05-1-1.jpeg",669,515,false],"homepage-slider":["https:\/\/portal.pi.gov.br\/pc\/wp-content\/uploads\/sites\/42\/2023\/03\/WhatsApp-Image-2023-03-13-at-10.16.05-1-1-669x500.jpeg",669,500,true],"homepage-slider-small":["https:\/\/portal.pi.gov.br\/pc\/wp-content\/uploads\/sites\/42\/2023\/03\/WhatsApp-Image-2023-03-13-at-10.16.05-1-1-669x500.jpeg",669,500,true],"page-top":["https:\/\/portal.pi.gov.br\/pc\/wp-content\/uploads\/sites\/42\/2023\/03\/WhatsApp-Image-2023-03-13-at-10.16.05-1-1.jpeg",669,515,false],"page-small":["https:\/\/portal.pi.gov.br\/pc\/wp-content\/uploads\/sites\/42\/2023\/03\/WhatsApp-Image-2023-03-13-at-10.16.05-1-1-624x480.jpeg",624,480,true],"loop-main":["https:\/\/portal.pi.gov.br\/pc\/wp-content\/uploads\/sites\/42\/2023\/03\/WhatsApp-Image-2023-03-13-at-10.16.05-1-1-365x240.jpeg",365,240,true],"thumb-gallery-widget":["https:\/\/portal.pi.gov.br\/pc\/wp-content\/uploads\/sites\/42\/2023\/03\/WhatsApp-Image-2023-03-13-at-10.16.05-1-1-84x56.jpeg",84,56,true]},"post_excerpt_stackable_v2":"<p>A Pol\u00edcia Civil do Piau\u00ed, por meio da Polinter, cumpriu mandado judicial na data de 10\/03\/23, oportunidade que policiais prenderam um nacional suspeito de ter praticado o roubo de um carro no bairro Aeroporto, zona norte da capital. O ve\u00edculo j\u00e1 tinha sido recuperado e devolvido ao propriet\u00e1rio. Al\u00e9m disso, durante investiga\u00e7\u00e3o naquela regi\u00e3o, os policiais apreenderam outro ve\u00edculo roubado em fevereiro. Em outra dilig\u00eancia, ap\u00f3s den\u00fancia an\u00f4nima realizada atrav\u00e9s do site da Pol\u00edcia Civil, policiais foram a um s\u00edtio nas proximidades da BR-343 e encontraram um carro escondido. O ve\u00edculo foi apreendido e encaminhado \u00e0 especializada, onde ser\u00e1 realizada&hellip;<\/p>\n","category_list_v2":"<a href=\"https:\/\/portal.pi.gov.br\/pc\/category\/noticias\/\" rel=\"category tag\">PC<\/a>","author_info_v2":{"name":"Aline Noleto Silva de Araujo","url":"https:\/\/portal.pi.gov.br\/pc\/author\/alinenoleto\/"},"comments_num_v2":"0 coment\u00e1rio","jetpack_featured_media_url":"https:\/\/portal.pi.gov.br\/pc\/wp-content\/uploads\/sites\/42\/2023\/03\/WhatsApp-Image-2023-03-13-at-10.16.05-1-1.jpeg","_links":{"self":[{"href":"https:\/\/portal.pi.gov.br\/pc\/wp-json\/wp\/v2\/posts\/3568"}],"collection":[{"href":"https:\/\/portal.pi.gov.br\/pc\/wp-json\/wp\/v2\/posts"}],"about":[{"href":"https:\/\/portal.pi.gov.br\/pc\/wp-json\/wp\/v2\/types\/post"}],"author":[{"embeddable":true,"href":"https:\/\/portal.pi.gov.br\/pc\/wp-json\/wp\/v2\/users\/59"}],"replies":[{"embeddable":true,"href":"https:\/\/portal.pi.gov.br\/pc\/wp-json\/wp\/v2\/comments?post=3568"}],"version-history":[{"count":1,"href":"https:\/\/portal.pi.gov.br\/pc\/wp-json\/wp\/v2\/posts\/3568\/revisions"}],"predecessor-version":[{"id":3572,"href":"https:\/\/portal.pi.gov.br\/pc\/wp-json\/wp\/v2\/posts\/3568\/revisions\/3572"}],"wp:featuredmedia":[{"embeddable":true,"href":"https:\/\/portal.pi.gov.br\/pc\/wp-json\/wp\/v2\/media\/3570"}],"wp:attachment":[{"href":"https:\/\/portal.pi.gov.br\/pc\/wp-json\/wp\/v2\/media?parent=3568"}],"wp:term":[{"taxonomy":"category","embeddable":true,"href":"https:\/\/portal.pi.gov.br\/pc\/wp-json\/wp\/v2\/categories?post=3568"},{"taxonomy":"post_tag","embeddable":true,"href":"https:\/\/portal.pi.gov.br\/pc\/wp-json\/wp\/v2\/tags?post=3568"}],"curies":[{"name":"wp","href":"https:\/\/api.w.org\/{rel}","templated":true}]}}