{"id":3613,"date":"2023-03-15T15:49:59","date_gmt":"2023-03-15T18:49:59","guid":{"rendered":"https:\/\/portal.pi.gov.br\/pc\/?p=3613"},"modified":"2023-03-15T15:50:00","modified_gmt":"2023-03-15T18:50:00","slug":"policia-civil-prende-mulher-por-trafico-de-drogas-em-luzilandia","status":"publish","type":"post","link":"https:\/\/portal.pi.gov.br\/pc\/2023\/03\/15\/policia-civil-prende-mulher-por-trafico-de-drogas-em-luzilandia\/","title":{"rendered":"Pol\u00edcia Civil prende mulher por tr\u00e1fico de drogas em Luzil\u00e2ndia"},"content":{"rendered":"\n<p>A Pol\u00edcia Civil do Piau\u00ed, por meio da Delegacia de Luzil\u00e2ndia, em conjunto com o BEPI (PMPI) de Esperantina e setor de intelig\u00eancia do GPM de Joaquim Pires &#8211; PMPI, realizou nesta manh\u00e3 (15\/03), a pris\u00e3o de uma mulher de iniciais. M.L.L.N., 19 anos.<\/p>\n\n\n\n<figure class=\"wp-block-image size-full\"><img decoding=\"async\" loading=\"lazy\" width=\"768\" height=\"1024\" src=\"https:\/\/portal.pi.gov.br\/pc\/wp-content\/uploads\/sites\/42\/2023\/03\/IMG-20230315-WA0050.jpg\" alt=\"\" class=\"wp-image-3614\" srcset=\"https:\/\/portal.pi.gov.br\/pc\/wp-content\/uploads\/sites\/42\/2023\/03\/IMG-20230315-WA0050.jpg 768w, https:\/\/portal.pi.gov.br\/pc\/wp-content\/uploads\/sites\/42\/2023\/03\/IMG-20230315-WA0050-225x300.jpg 225w, https:\/\/portal.pi.gov.br\/pc\/wp-content\/uploads\/sites\/42\/2023\/03\/IMG-20230315-WA0050-315x420.jpg 315w, https:\/\/portal.pi.gov.br\/pc\/wp-content\/uploads\/sites\/42\/2023\/03\/IMG-20230315-WA0050-405x540.jpg 405w, https:\/\/portal.pi.gov.br\/pc\/wp-content\/uploads\/sites\/42\/2023\/03\/IMG-20230315-WA0050-585x780.jpg 585w, https:\/\/portal.pi.gov.br\/pc\/wp-content\/uploads\/sites\/42\/2023\/03\/IMG-20230315-WA0050-624x832.jpg 624w\" sizes=\"(max-width: 768px) 100vw, 768px\" \/><\/figure>\n\n\n\n<p><\/p>\n\n\n\n<p>A pris\u00e3o foi realizada por ocasi\u00e3o de cumprimento de mandado de busca e apreens\u00e3o no im\u00f3vel da autuada, onde foi encontrado quantidade razo\u00e1vel de maconha e crack.<\/p>\n\n\n\n<p>A a\u00e7\u00e3o foi realizada em Luzil\u00e2ndia.<\/p>\n\n\n\n<p>A presa foi autuada por tr\u00e1fico de drogas e agora encontra-se \u00e0 disposi\u00e7\u00e3o do Judici\u00e1rio.<\/p>\n","protected":false},"excerpt":{"rendered":"<p>A Pol\u00edcia Civil do Piau\u00ed, por meio da Delegacia de Luzil\u00e2ndia, em conjunto com o BEPI (PMPI) de Esperantina e setor de intelig\u00eancia do GPM de Joaquim Pires &#8211; PMPI, [&hellip;]<\/p>\n","protected":false},"author":59,"featured_media":3614,"comment_status":"closed","ping_status":"closed","sticky":false,"template":"","format":"standard","meta":[],"categories":[1],"tags":[],"featured_image_urls":{"full":["https:\/\/portal.pi.gov.br\/pc\/wp-content\/uploads\/sites\/42\/2023\/03\/IMG-20230315-WA0050.jpg",768,1024,false],"thumbnail":["https:\/\/portal.pi.gov.br\/pc\/wp-content\/uploads\/sites\/42\/2023\/03\/IMG-20230315-WA0050-150x150.jpg",150,150,true],"medium":["https:\/\/portal.pi.gov.br\/pc\/wp-content\/uploads\/sites\/42\/2023\/03\/IMG-20230315-WA0050-225x300.jpg",225,300,true],"medium_large":["https:\/\/portal.pi.gov.br\/pc\/wp-content\/uploads\/sites\/42\/2023\/03\/IMG-20230315-WA0050.jpg",768,1024,false],"large":["https:\/\/portal.pi.gov.br\/pc\/wp-content\/uploads\/sites\/42\/2023\/03\/IMG-20230315-WA0050.jpg",768,1024,false],"sgg-420":["https:\/\/portal.pi.gov.br\/pc\/wp-content\/uploads\/sites\/42\/2023\/03\/IMG-20230315-WA0050-315x420.jpg",315,420,true],"sgg-540":["https:\/\/portal.pi.gov.br\/pc\/wp-content\/uploads\/sites\/42\/2023\/03\/IMG-20230315-WA0050-405x540.jpg",405,540,true],"sgg-780":["https:\/\/portal.pi.gov.br\/pc\/wp-content\/uploads\/sites\/42\/2023\/03\/IMG-20230315-WA0050-585x780.jpg",585,780,true],"1536x1536":["https:\/\/portal.pi.gov.br\/pc\/wp-content\/uploads\/sites\/42\/2023\/03\/IMG-20230315-WA0050.jpg",768,1024,false],"2048x2048":["https:\/\/portal.pi.gov.br\/pc\/wp-content\/uploads\/sites\/42\/2023\/03\/IMG-20230315-WA0050.jpg",768,1024,false],"homepage-slider":["https:\/\/portal.pi.gov.br\/pc\/wp-content\/uploads\/sites\/42\/2023\/03\/IMG-20230315-WA0050-768x500.jpg",768,500,true],"homepage-slider-small":["https:\/\/portal.pi.gov.br\/pc\/wp-content\/uploads\/sites\/42\/2023\/03\/IMG-20230315-WA0050-768x500.jpg",768,500,true],"page-top":["https:\/\/portal.pi.gov.br\/pc\/wp-content\/uploads\/sites\/42\/2023\/03\/IMG-20230315-WA0050.jpg",768,1024,false],"page-small":["https:\/\/portal.pi.gov.br\/pc\/wp-content\/uploads\/sites\/42\/2023\/03\/IMG-20230315-WA0050-624x832.jpg",624,832,true],"loop-main":["https:\/\/portal.pi.gov.br\/pc\/wp-content\/uploads\/sites\/42\/2023\/03\/IMG-20230315-WA0050-365x240.jpg",365,240,true],"thumb-gallery-widget":["https:\/\/portal.pi.gov.br\/pc\/wp-content\/uploads\/sites\/42\/2023\/03\/IMG-20230315-WA0050-84x56.jpg",84,56,true]},"post_excerpt_stackable":"<p>A Pol\u00edcia Civil do Piau\u00ed, por meio da Delegacia de Luzil\u00e2ndia, em conjunto com o BEPI (PMPI) de Esperantina e setor de intelig\u00eancia do GPM de Joaquim Pires &#8211; PMPI, realizou nesta manh\u00e3 (15\/03), a pris\u00e3o de uma mulher de iniciais. M.L.L.N., 19 anos. A pris\u00e3o foi realizada por ocasi\u00e3o de cumprimento de mandado de busca e apreens\u00e3o no im\u00f3vel da autuada, onde foi encontrado quantidade razo\u00e1vel de maconha e crack. A a\u00e7\u00e3o foi realizada em Luzil\u00e2ndia. A presa foi autuada por tr\u00e1fico de drogas e agora encontra-se \u00e0 disposi\u00e7\u00e3o do Judici\u00e1rio.<\/p>\n","category_list":"<a href=\"https:\/\/portal.pi.gov.br\/pc\/category\/noticias\/\" rel=\"category tag\">PC<\/a>","author_info":{"name":"Aline Noleto Silva de Araujo","url":"https:\/\/portal.pi.gov.br\/pc\/author\/alinenoleto\/"},"comments_num":"0 coment\u00e1rio","featured_image_urls_v2":{"full":["https:\/\/portal.pi.gov.br\/pc\/wp-content\/uploads\/sites\/42\/2023\/03\/IMG-20230315-WA0050.jpg",768,1024,false],"thumbnail":["https:\/\/portal.pi.gov.br\/pc\/wp-content\/uploads\/sites\/42\/2023\/03\/IMG-20230315-WA0050-150x150.jpg",150,150,true],"medium":["https:\/\/portal.pi.gov.br\/pc\/wp-content\/uploads\/sites\/42\/2023\/03\/IMG-20230315-WA0050-225x300.jpg",225,300,true],"medium_large":["https:\/\/portal.pi.gov.br\/pc\/wp-content\/uploads\/sites\/42\/2023\/03\/IMG-20230315-WA0050.jpg",768,1024,false],"large":["https:\/\/portal.pi.gov.br\/pc\/wp-content\/uploads\/sites\/42\/2023\/03\/IMG-20230315-WA0050.jpg",768,1024,false],"sgg-420":["https:\/\/portal.pi.gov.br\/pc\/wp-content\/uploads\/sites\/42\/2023\/03\/IMG-20230315-WA0050-315x420.jpg",315,420,true],"sgg-540":["https:\/\/portal.pi.gov.br\/pc\/wp-content\/uploads\/sites\/42\/2023\/03\/IMG-20230315-WA0050-405x540.jpg",405,540,true],"sgg-780":["https:\/\/portal.pi.gov.br\/pc\/wp-content\/uploads\/sites\/42\/2023\/03\/IMG-20230315-WA0050-585x780.jpg",585,780,true],"1536x1536":["https:\/\/portal.pi.gov.br\/pc\/wp-content\/uploads\/sites\/42\/2023\/03\/IMG-20230315-WA0050.jpg",768,1024,false],"2048x2048":["https:\/\/portal.pi.gov.br\/pc\/wp-content\/uploads\/sites\/42\/2023\/03\/IMG-20230315-WA0050.jpg",768,1024,false],"homepage-slider":["https:\/\/portal.pi.gov.br\/pc\/wp-content\/uploads\/sites\/42\/2023\/03\/IMG-20230315-WA0050-768x500.jpg",768,500,true],"homepage-slider-small":["https:\/\/portal.pi.gov.br\/pc\/wp-content\/uploads\/sites\/42\/2023\/03\/IMG-20230315-WA0050-768x500.jpg",768,500,true],"page-top":["https:\/\/portal.pi.gov.br\/pc\/wp-content\/uploads\/sites\/42\/2023\/03\/IMG-20230315-WA0050.jpg",768,1024,false],"page-small":["https:\/\/portal.pi.gov.br\/pc\/wp-content\/uploads\/sites\/42\/2023\/03\/IMG-20230315-WA0050-624x832.jpg",624,832,true],"loop-main":["https:\/\/portal.pi.gov.br\/pc\/wp-content\/uploads\/sites\/42\/2023\/03\/IMG-20230315-WA0050-365x240.jpg",365,240,true],"thumb-gallery-widget":["https:\/\/portal.pi.gov.br\/pc\/wp-content\/uploads\/sites\/42\/2023\/03\/IMG-20230315-WA0050-84x56.jpg",84,56,true]},"post_excerpt_stackable_v2":"<p>A Pol\u00edcia Civil do Piau\u00ed, por meio da Delegacia de Luzil\u00e2ndia, em conjunto com o BEPI (PMPI) de Esperantina e setor de intelig\u00eancia do GPM de Joaquim Pires &#8211; PMPI, realizou nesta manh\u00e3 (15\/03), a pris\u00e3o de uma mulher de iniciais. M.L.L.N., 19 anos. A pris\u00e3o foi realizada por ocasi\u00e3o de cumprimento de mandado de busca e apreens\u00e3o no im\u00f3vel da autuada, onde foi encontrado quantidade razo\u00e1vel de maconha e crack. A a\u00e7\u00e3o foi realizada em Luzil\u00e2ndia. A presa foi autuada por tr\u00e1fico de drogas e agora encontra-se \u00e0 disposi\u00e7\u00e3o do Judici\u00e1rio.<\/p>\n","category_list_v2":"<a href=\"https:\/\/portal.pi.gov.br\/pc\/category\/noticias\/\" rel=\"category tag\">PC<\/a>","author_info_v2":{"name":"Aline Noleto Silva de Araujo","url":"https:\/\/portal.pi.gov.br\/pc\/author\/alinenoleto\/"},"comments_num_v2":"0 coment\u00e1rio","jetpack_featured_media_url":"https:\/\/portal.pi.gov.br\/pc\/wp-content\/uploads\/sites\/42\/2023\/03\/IMG-20230315-WA0050.jpg","_links":{"self":[{"href":"https:\/\/portal.pi.gov.br\/pc\/wp-json\/wp\/v2\/posts\/3613"}],"collection":[{"href":"https:\/\/portal.pi.gov.br\/pc\/wp-json\/wp\/v2\/posts"}],"about":[{"href":"https:\/\/portal.pi.gov.br\/pc\/wp-json\/wp\/v2\/types\/post"}],"author":[{"embeddable":true,"href":"https:\/\/portal.pi.gov.br\/pc\/wp-json\/wp\/v2\/users\/59"}],"replies":[{"embeddable":true,"href":"https:\/\/portal.pi.gov.br\/pc\/wp-json\/wp\/v2\/comments?post=3613"}],"version-history":[{"count":1,"href":"https:\/\/portal.pi.gov.br\/pc\/wp-json\/wp\/v2\/posts\/3613\/revisions"}],"predecessor-version":[{"id":3615,"href":"https:\/\/portal.pi.gov.br\/pc\/wp-json\/wp\/v2\/posts\/3613\/revisions\/3615"}],"wp:featuredmedia":[{"embeddable":true,"href":"https:\/\/portal.pi.gov.br\/pc\/wp-json\/wp\/v2\/media\/3614"}],"wp:attachment":[{"href":"https:\/\/portal.pi.gov.br\/pc\/wp-json\/wp\/v2\/media?parent=3613"}],"wp:term":[{"taxonomy":"category","embeddable":true,"href":"https:\/\/portal.pi.gov.br\/pc\/wp-json\/wp\/v2\/categories?post=3613"},{"taxonomy":"post_tag","embeddable":true,"href":"https:\/\/portal.pi.gov.br\/pc\/wp-json\/wp\/v2\/tags?post=3613"}],"curies":[{"name":"wp","href":"https:\/\/api.w.org\/{rel}","templated":true}]}}