{"id":3616,"date":"2023-03-15T20:57:29","date_gmt":"2023-03-15T23:57:29","guid":{"rendered":"https:\/\/portal.pi.gov.br\/pc\/?p=3616"},"modified":"2023-03-15T20:57:30","modified_gmt":"2023-03-15T23:57:30","slug":"policia-civil-cumpre-mandado-por-estupro-de-vulneravel-praticado-em-paulistana","status":"publish","type":"post","link":"https:\/\/portal.pi.gov.br\/pc\/2023\/03\/15\/policia-civil-cumpre-mandado-por-estupro-de-vulneravel-praticado-em-paulistana\/","title":{"rendered":"Pol\u00edcia Civil cumpre mandado por estupro de vulner\u00e1vel praticado em Paulistana"},"content":{"rendered":"\n<p>A Pol\u00edcia Civil do Piau\u00ed, por meio da Delegacia Regional de Paulistana, realizou no dia de hoje (15\/03\/23), cumprimento de mandado de pris\u00e3o do nacional E.N.S., investigado por estupro de vulner\u00e1vel, sendo a v\u00edtima menor de idade e portadora de enfermidade mental.<\/p>\n\n\n\n<p>Ap\u00f3s realizada a investiga\u00e7\u00e3o e constatada a autoria e a materialidade do fato, o delegado representou pela pris\u00e3o preventiva, tendo o juiz deferido o pedido de pris\u00e3o.<\/p>\n\n\n\n<p>No dia de hoje, a equipe da Delegacia de Paulistana conseguiu diligenciar para encontrar o nacional, tendo localizado o suspeito no munic\u00edpio de Queimada Nova &#8211; PI.<\/p>\n\n\n\n<figure class=\"wp-block-image size-large\"><img decoding=\"async\" loading=\"lazy\" width=\"768\" height=\"1024\" src=\"https:\/\/portal.pi.gov.br\/pc\/wp-content\/uploads\/sites\/42\/2023\/03\/IMG-20230315-WA0103-768x1024.jpg\" alt=\"\" class=\"wp-image-3617\" srcset=\"https:\/\/portal.pi.gov.br\/pc\/wp-content\/uploads\/sites\/42\/2023\/03\/IMG-20230315-WA0103-768x1024.jpg 768w, https:\/\/portal.pi.gov.br\/pc\/wp-content\/uploads\/sites\/42\/2023\/03\/IMG-20230315-WA0103-225x300.jpg 225w, https:\/\/portal.pi.gov.br\/pc\/wp-content\/uploads\/sites\/42\/2023\/03\/IMG-20230315-WA0103-315x420.jpg 315w, https:\/\/portal.pi.gov.br\/pc\/wp-content\/uploads\/sites\/42\/2023\/03\/IMG-20230315-WA0103-405x540.jpg 405w, https:\/\/portal.pi.gov.br\/pc\/wp-content\/uploads\/sites\/42\/2023\/03\/IMG-20230315-WA0103-585x780.jpg 585w, https:\/\/portal.pi.gov.br\/pc\/wp-content\/uploads\/sites\/42\/2023\/03\/IMG-20230315-WA0103-1152x1536.jpg 1152w, https:\/\/portal.pi.gov.br\/pc\/wp-content\/uploads\/sites\/42\/2023\/03\/IMG-20230315-WA0103-947x1263.jpg 947w, https:\/\/portal.pi.gov.br\/pc\/wp-content\/uploads\/sites\/42\/2023\/03\/IMG-20230315-WA0103-624x832.jpg 624w, https:\/\/portal.pi.gov.br\/pc\/wp-content\/uploads\/sites\/42\/2023\/03\/IMG-20230315-WA0103.jpg 1200w\" sizes=\"(max-width: 768px) 100vw, 768px\" \/><\/figure>\n\n\n\n<p>E.N.S. agora se encontra preso preventivamente e a disposi\u00e7\u00e3o do judici\u00e1rio.<\/p>\n\n\n\n<p>A Pol\u00edcia Civil aproveita o momento para comunicar a popula\u00e7\u00e3o que para recebimento de den\u00fancias an\u00f4nimas de crimes a serem investigados como tr\u00e1fico de drogas, estupro, localiza\u00e7\u00e3o de fugitivos e outros, \u00e9 poss\u00edvel faz\u00ea-lo atrav\u00e9s do n\u00famero (89) 98817-6868. Sua identidade n\u00e3o ser\u00e1 revelada e as informa\u00e7\u00f5es ser\u00e3o dadas de maneira sigilosa.<\/p>\n","protected":false},"excerpt":{"rendered":"<p>A Pol\u00edcia Civil do Piau\u00ed, por meio da Delegacia Regional de Paulistana, realizou no dia de hoje (15\/03\/23), cumprimento de mandado de pris\u00e3o do nacional E.N.S., investigado por estupro de [&hellip;]<\/p>\n","protected":false},"author":59,"featured_media":3617,"comment_status":"closed","ping_status":"closed","sticky":false,"template":"","format":"standard","meta":[],"categories":[1],"tags":[],"featured_image_urls":{"full":["https:\/\/portal.pi.gov.br\/pc\/wp-content\/uploads\/sites\/42\/2023\/03\/IMG-20230315-WA0103.jpg",1200,1600,false],"thumbnail":["https:\/\/portal.pi.gov.br\/pc\/wp-content\/uploads\/sites\/42\/2023\/03\/IMG-20230315-WA0103-150x150.jpg",150,150,true],"medium":["https:\/\/portal.pi.gov.br\/pc\/wp-content\/uploads\/sites\/42\/2023\/03\/IMG-20230315-WA0103-225x300.jpg",225,300,true],"medium_large":["https:\/\/portal.pi.gov.br\/pc\/wp-content\/uploads\/sites\/42\/2023\/03\/IMG-20230315-WA0103-768x1024.jpg",768,1024,true],"large":["https:\/\/portal.pi.gov.br\/pc\/wp-content\/uploads\/sites\/42\/2023\/03\/IMG-20230315-WA0103-768x1024.jpg",768,1024,true],"sgg-420":["https:\/\/portal.pi.gov.br\/pc\/wp-content\/uploads\/sites\/42\/2023\/03\/IMG-20230315-WA0103-315x420.jpg",315,420,true],"sgg-540":["https:\/\/portal.pi.gov.br\/pc\/wp-content\/uploads\/sites\/42\/2023\/03\/IMG-20230315-WA0103-405x540.jpg",405,540,true],"sgg-780":["https:\/\/portal.pi.gov.br\/pc\/wp-content\/uploads\/sites\/42\/2023\/03\/IMG-20230315-WA0103-585x780.jpg",585,780,true],"1536x1536":["https:\/\/portal.pi.gov.br\/pc\/wp-content\/uploads\/sites\/42\/2023\/03\/IMG-20230315-WA0103-1152x1536.jpg",1152,1536,true],"2048x2048":["https:\/\/portal.pi.gov.br\/pc\/wp-content\/uploads\/sites\/42\/2023\/03\/IMG-20230315-WA0103.jpg",1200,1600,false],"homepage-slider":["https:\/\/portal.pi.gov.br\/pc\/wp-content\/uploads\/sites\/42\/2023\/03\/IMG-20230315-WA0103-1200x500.jpg",1200,500,true],"homepage-slider-small":["https:\/\/portal.pi.gov.br\/pc\/wp-content\/uploads\/sites\/42\/2023\/03\/IMG-20230315-WA0103-947x500.jpg",947,500,true],"page-top":["https:\/\/portal.pi.gov.br\/pc\/wp-content\/uploads\/sites\/42\/2023\/03\/IMG-20230315-WA0103-947x1263.jpg",947,1263,true],"page-small":["https:\/\/portal.pi.gov.br\/pc\/wp-content\/uploads\/sites\/42\/2023\/03\/IMG-20230315-WA0103-624x832.jpg",624,832,true],"loop-main":["https:\/\/portal.pi.gov.br\/pc\/wp-content\/uploads\/sites\/42\/2023\/03\/IMG-20230315-WA0103-365x240.jpg",365,240,true],"thumb-gallery-widget":["https:\/\/portal.pi.gov.br\/pc\/wp-content\/uploads\/sites\/42\/2023\/03\/IMG-20230315-WA0103-84x56.jpg",84,56,true]},"post_excerpt_stackable":"<p>A Pol\u00edcia Civil do Piau\u00ed, por meio da Delegacia Regional de Paulistana, realizou no dia de hoje (15\/03\/23), cumprimento de mandado de pris\u00e3o do nacional E.N.S., investigado por estupro de vulner\u00e1vel, sendo a v\u00edtima menor de idade e portadora de enfermidade mental. Ap\u00f3s realizada a investiga\u00e7\u00e3o e constatada a autoria e a materialidade do fato, o delegado representou pela pris\u00e3o preventiva, tendo o juiz deferido o pedido de pris\u00e3o. No dia de hoje, a equipe da Delegacia de Paulistana conseguiu diligenciar para encontrar o nacional, tendo localizado o suspeito no munic\u00edpio de Queimada Nova &#8211; PI. E.N.S. agora se encontra&hellip;<\/p>\n","category_list":"<a href=\"https:\/\/portal.pi.gov.br\/pc\/category\/noticias\/\" rel=\"category tag\">PC<\/a>","author_info":{"name":"Aline Noleto Silva de Araujo","url":"https:\/\/portal.pi.gov.br\/pc\/author\/alinenoleto\/"},"comments_num":"0 coment\u00e1rio","featured_image_urls_v2":{"full":["https:\/\/portal.pi.gov.br\/pc\/wp-content\/uploads\/sites\/42\/2023\/03\/IMG-20230315-WA0103.jpg",1200,1600,false],"thumbnail":["https:\/\/portal.pi.gov.br\/pc\/wp-content\/uploads\/sites\/42\/2023\/03\/IMG-20230315-WA0103-150x150.jpg",150,150,true],"medium":["https:\/\/portal.pi.gov.br\/pc\/wp-content\/uploads\/sites\/42\/2023\/03\/IMG-20230315-WA0103-225x300.jpg",225,300,true],"medium_large":["https:\/\/portal.pi.gov.br\/pc\/wp-content\/uploads\/sites\/42\/2023\/03\/IMG-20230315-WA0103-768x1024.jpg",768,1024,true],"large":["https:\/\/portal.pi.gov.br\/pc\/wp-content\/uploads\/sites\/42\/2023\/03\/IMG-20230315-WA0103-768x1024.jpg",768,1024,true],"sgg-420":["https:\/\/portal.pi.gov.br\/pc\/wp-content\/uploads\/sites\/42\/2023\/03\/IMG-20230315-WA0103-315x420.jpg",315,420,true],"sgg-540":["https:\/\/portal.pi.gov.br\/pc\/wp-content\/uploads\/sites\/42\/2023\/03\/IMG-20230315-WA0103-405x540.jpg",405,540,true],"sgg-780":["https:\/\/portal.pi.gov.br\/pc\/wp-content\/uploads\/sites\/42\/2023\/03\/IMG-20230315-WA0103-585x780.jpg",585,780,true],"1536x1536":["https:\/\/portal.pi.gov.br\/pc\/wp-content\/uploads\/sites\/42\/2023\/03\/IMG-20230315-WA0103-1152x1536.jpg",1152,1536,true],"2048x2048":["https:\/\/portal.pi.gov.br\/pc\/wp-content\/uploads\/sites\/42\/2023\/03\/IMG-20230315-WA0103.jpg",1200,1600,false],"homepage-slider":["https:\/\/portal.pi.gov.br\/pc\/wp-content\/uploads\/sites\/42\/2023\/03\/IMG-20230315-WA0103-1200x500.jpg",1200,500,true],"homepage-slider-small":["https:\/\/portal.pi.gov.br\/pc\/wp-content\/uploads\/sites\/42\/2023\/03\/IMG-20230315-WA0103-947x500.jpg",947,500,true],"page-top":["https:\/\/portal.pi.gov.br\/pc\/wp-content\/uploads\/sites\/42\/2023\/03\/IMG-20230315-WA0103-947x1263.jpg",947,1263,true],"page-small":["https:\/\/portal.pi.gov.br\/pc\/wp-content\/uploads\/sites\/42\/2023\/03\/IMG-20230315-WA0103-624x832.jpg",624,832,true],"loop-main":["https:\/\/portal.pi.gov.br\/pc\/wp-content\/uploads\/sites\/42\/2023\/03\/IMG-20230315-WA0103-365x240.jpg",365,240,true],"thumb-gallery-widget":["https:\/\/portal.pi.gov.br\/pc\/wp-content\/uploads\/sites\/42\/2023\/03\/IMG-20230315-WA0103-84x56.jpg",84,56,true]},"post_excerpt_stackable_v2":"<p>A Pol\u00edcia Civil do Piau\u00ed, por meio da Delegacia Regional de Paulistana, realizou no dia de hoje (15\/03\/23), cumprimento de mandado de pris\u00e3o do nacional E.N.S., investigado por estupro de vulner\u00e1vel, sendo a v\u00edtima menor de idade e portadora de enfermidade mental. Ap\u00f3s realizada a investiga\u00e7\u00e3o e constatada a autoria e a materialidade do fato, o delegado representou pela pris\u00e3o preventiva, tendo o juiz deferido o pedido de pris\u00e3o. No dia de hoje, a equipe da Delegacia de Paulistana conseguiu diligenciar para encontrar o nacional, tendo localizado o suspeito no munic\u00edpio de Queimada Nova &#8211; PI. E.N.S. agora se encontra&hellip;<\/p>\n","category_list_v2":"<a href=\"https:\/\/portal.pi.gov.br\/pc\/category\/noticias\/\" rel=\"category tag\">PC<\/a>","author_info_v2":{"name":"Aline Noleto Silva de Araujo","url":"https:\/\/portal.pi.gov.br\/pc\/author\/alinenoleto\/"},"comments_num_v2":"0 coment\u00e1rio","jetpack_featured_media_url":"https:\/\/portal.pi.gov.br\/pc\/wp-content\/uploads\/sites\/42\/2023\/03\/IMG-20230315-WA0103.jpg","_links":{"self":[{"href":"https:\/\/portal.pi.gov.br\/pc\/wp-json\/wp\/v2\/posts\/3616"}],"collection":[{"href":"https:\/\/portal.pi.gov.br\/pc\/wp-json\/wp\/v2\/posts"}],"about":[{"href":"https:\/\/portal.pi.gov.br\/pc\/wp-json\/wp\/v2\/types\/post"}],"author":[{"embeddable":true,"href":"https:\/\/portal.pi.gov.br\/pc\/wp-json\/wp\/v2\/users\/59"}],"replies":[{"embeddable":true,"href":"https:\/\/portal.pi.gov.br\/pc\/wp-json\/wp\/v2\/comments?post=3616"}],"version-history":[{"count":1,"href":"https:\/\/portal.pi.gov.br\/pc\/wp-json\/wp\/v2\/posts\/3616\/revisions"}],"predecessor-version":[{"id":3618,"href":"https:\/\/portal.pi.gov.br\/pc\/wp-json\/wp\/v2\/posts\/3616\/revisions\/3618"}],"wp:featuredmedia":[{"embeddable":true,"href":"https:\/\/portal.pi.gov.br\/pc\/wp-json\/wp\/v2\/media\/3617"}],"wp:attachment":[{"href":"https:\/\/portal.pi.gov.br\/pc\/wp-json\/wp\/v2\/media?parent=3616"}],"wp:term":[{"taxonomy":"category","embeddable":true,"href":"https:\/\/portal.pi.gov.br\/pc\/wp-json\/wp\/v2\/categories?post=3616"},{"taxonomy":"post_tag","embeddable":true,"href":"https:\/\/portal.pi.gov.br\/pc\/wp-json\/wp\/v2\/tags?post=3616"}],"curies":[{"name":"wp","href":"https:\/\/api.w.org\/{rel}","templated":true}]}}