{"id":3630,"date":"2023-03-16T15:40:06","date_gmt":"2023-03-16T18:40:06","guid":{"rendered":"https:\/\/portal.pi.gov.br\/pc\/?p=3630"},"modified":"2023-03-16T15:40:07","modified_gmt":"2023-03-16T18:40:07","slug":"policia-civil-prende-por-furto-e-roubo-praticados-na-zona-sul-de-teresina","status":"publish","type":"post","link":"https:\/\/portal.pi.gov.br\/pc\/2023\/03\/16\/policia-civil-prende-por-furto-e-roubo-praticados-na-zona-sul-de-teresina\/","title":{"rendered":"Pol\u00edcia Civil prende por furto e roubo praticados na zona sul de Teresina"},"content":{"rendered":"\n<p>A Pol\u00edcia Civil do Piau\u00ed, por meio da Ger\u00eancia de Pol\u00edcia Metropolitana(GPM) deu cumprimento na manh\u00e3 de hoje(16.03.2023), ao mandado de Pris\u00e3o Preventiva expedido pelo poder judici\u00e1rio em desfavor do nacional de iniciais J. A.P. da S., pela pr\u00e1tica do crime de Furto Qualificado.<\/p>\n\n\n\n<p>O bomem \u00e9 respons\u00e1vel por cometer diversos arrombamentos de estabelecimentos comerciais e residenciais, al\u00e9m de roubos na regi\u00e3o dos bairros Ilhotas, Pi\u00e7arra e Cristo Rei, zona sul de Teresina. Na manh\u00e3 de hoje, A.P. da S. foi localizado pela equipe de investiga\u00e7\u00e3o do GPM e foi dado cumprimento ao respectivo mandado de pris\u00e3o.<\/p>\n","protected":false},"excerpt":{"rendered":"<p>A Pol\u00edcia Civil do Piau\u00ed, por meio da Ger\u00eancia de Pol\u00edcia Metropolitana(GPM) deu cumprimento na manh\u00e3 de hoje(16.03.2023), ao mandado de Pris\u00e3o Preventiva expedido pelo poder judici\u00e1rio em desfavor do [&hellip;]<\/p>\n","protected":false},"author":59,"featured_media":2821,"comment_status":"closed","ping_status":"closed","sticky":false,"template":"","format":"standard","meta":[],"categories":[1],"tags":[199],"featured_image_urls":{"full":["https:\/\/portal.pi.gov.br\/pc\/wp-content\/uploads\/sites\/42\/2023\/01\/Design-sem-nome-1.png",1920,1080,false],"thumbnail":["https:\/\/portal.pi.gov.br\/pc\/wp-content\/uploads\/sites\/42\/2023\/01\/Design-sem-nome-1-150x150.png",150,150,true],"medium":["https:\/\/portal.pi.gov.br\/pc\/wp-content\/uploads\/sites\/42\/2023\/01\/Design-sem-nome-1-300x169.png",300,169,true],"medium_large":["https:\/\/portal.pi.gov.br\/pc\/wp-content\/uploads\/sites\/42\/2023\/01\/Design-sem-nome-1-768x432.png",768,432,true],"large":["https:\/\/portal.pi.gov.br\/pc\/wp-content\/uploads\/sites\/42\/2023\/01\/Design-sem-nome-1-1024x576.png",887,499,true],"sgg-420":["https:\/\/portal.pi.gov.br\/pc\/wp-content\/uploads\/sites\/42\/2023\/01\/Design-sem-nome-1-420x236.png",420,236,true],"sgg-540":["https:\/\/portal.pi.gov.br\/pc\/wp-content\/uploads\/sites\/42\/2023\/01\/Design-sem-nome-1-540x304.png",540,304,true],"sgg-780":["https:\/\/portal.pi.gov.br\/pc\/wp-content\/uploads\/sites\/42\/2023\/01\/Design-sem-nome-1-780x439.png",780,439,true],"1536x1536":["https:\/\/portal.pi.gov.br\/pc\/wp-content\/uploads\/sites\/42\/2023\/01\/Design-sem-nome-1-1536x864.png",1536,864,true],"2048x2048":["https:\/\/portal.pi.gov.br\/pc\/wp-content\/uploads\/sites\/42\/2023\/01\/Design-sem-nome-1.png",1920,1080,false],"homepage-slider":["https:\/\/portal.pi.gov.br\/pc\/wp-content\/uploads\/sites\/42\/2023\/01\/Design-sem-nome-1-1270x500.png",1270,500,true],"homepage-slider-small":["https:\/\/portal.pi.gov.br\/pc\/wp-content\/uploads\/sites\/42\/2023\/01\/Design-sem-nome-1-947x500.png",947,500,true],"page-top":["https:\/\/portal.pi.gov.br\/pc\/wp-content\/uploads\/sites\/42\/2023\/01\/Design-sem-nome-1-947x533.png",947,533,true],"page-small":["https:\/\/portal.pi.gov.br\/pc\/wp-content\/uploads\/sites\/42\/2023\/01\/Design-sem-nome-1-624x351.png",624,351,true],"loop-main":["https:\/\/portal.pi.gov.br\/pc\/wp-content\/uploads\/sites\/42\/2023\/01\/Design-sem-nome-1-365x240.png",365,240,true],"thumb-gallery-widget":["https:\/\/portal.pi.gov.br\/pc\/wp-content\/uploads\/sites\/42\/2023\/01\/Design-sem-nome-1-84x56.png",84,56,true]},"post_excerpt_stackable":"<p>A Pol\u00edcia Civil do Piau\u00ed, por meio da Ger\u00eancia de Pol\u00edcia Metropolitana(GPM) deu cumprimento na manh\u00e3 de hoje(16.03.2023), ao mandado de Pris\u00e3o Preventiva expedido pelo poder judici\u00e1rio em desfavor do nacional de iniciais J. A.P. da S., pela pr\u00e1tica do crime de Furto Qualificado. O bomem \u00e9 respons\u00e1vel por cometer diversos arrombamentos de estabelecimentos comerciais e residenciais, al\u00e9m de roubos na regi\u00e3o dos bairros Ilhotas, Pi\u00e7arra e Cristo Rei, zona sul de Teresina. Na manh\u00e3 de hoje, A.P. da S. foi localizado pela equipe de investiga\u00e7\u00e3o do GPM e foi dado cumprimento ao respectivo mandado de pris\u00e3o.<\/p>\n","category_list":"<a href=\"https:\/\/portal.pi.gov.br\/pc\/category\/noticias\/\" rel=\"category tag\">PC<\/a>","author_info":{"name":"Aline Noleto Silva de Araujo","url":"https:\/\/portal.pi.gov.br\/pc\/author\/alinenoleto\/"},"comments_num":"0 coment\u00e1rio","featured_image_urls_v2":{"full":["https:\/\/portal.pi.gov.br\/pc\/wp-content\/uploads\/sites\/42\/2023\/01\/Design-sem-nome-1.png",1920,1080,false],"thumbnail":["https:\/\/portal.pi.gov.br\/pc\/wp-content\/uploads\/sites\/42\/2023\/01\/Design-sem-nome-1-150x150.png",150,150,true],"medium":["https:\/\/portal.pi.gov.br\/pc\/wp-content\/uploads\/sites\/42\/2023\/01\/Design-sem-nome-1-300x169.png",300,169,true],"medium_large":["https:\/\/portal.pi.gov.br\/pc\/wp-content\/uploads\/sites\/42\/2023\/01\/Design-sem-nome-1-768x432.png",768,432,true],"large":["https:\/\/portal.pi.gov.br\/pc\/wp-content\/uploads\/sites\/42\/2023\/01\/Design-sem-nome-1-1024x576.png",887,499,true],"sgg-420":["https:\/\/portal.pi.gov.br\/pc\/wp-content\/uploads\/sites\/42\/2023\/01\/Design-sem-nome-1-420x236.png",420,236,true],"sgg-540":["https:\/\/portal.pi.gov.br\/pc\/wp-content\/uploads\/sites\/42\/2023\/01\/Design-sem-nome-1-540x304.png",540,304,true],"sgg-780":["https:\/\/portal.pi.gov.br\/pc\/wp-content\/uploads\/sites\/42\/2023\/01\/Design-sem-nome-1-780x439.png",780,439,true],"1536x1536":["https:\/\/portal.pi.gov.br\/pc\/wp-content\/uploads\/sites\/42\/2023\/01\/Design-sem-nome-1-1536x864.png",1536,864,true],"2048x2048":["https:\/\/portal.pi.gov.br\/pc\/wp-content\/uploads\/sites\/42\/2023\/01\/Design-sem-nome-1.png",1920,1080,false],"homepage-slider":["https:\/\/portal.pi.gov.br\/pc\/wp-content\/uploads\/sites\/42\/2023\/01\/Design-sem-nome-1-1270x500.png",1270,500,true],"homepage-slider-small":["https:\/\/portal.pi.gov.br\/pc\/wp-content\/uploads\/sites\/42\/2023\/01\/Design-sem-nome-1-947x500.png",947,500,true],"page-top":["https:\/\/portal.pi.gov.br\/pc\/wp-content\/uploads\/sites\/42\/2023\/01\/Design-sem-nome-1-947x533.png",947,533,true],"page-small":["https:\/\/portal.pi.gov.br\/pc\/wp-content\/uploads\/sites\/42\/2023\/01\/Design-sem-nome-1-624x351.png",624,351,true],"loop-main":["https:\/\/portal.pi.gov.br\/pc\/wp-content\/uploads\/sites\/42\/2023\/01\/Design-sem-nome-1-365x240.png",365,240,true],"thumb-gallery-widget":["https:\/\/portal.pi.gov.br\/pc\/wp-content\/uploads\/sites\/42\/2023\/01\/Design-sem-nome-1-84x56.png",84,56,true]},"post_excerpt_stackable_v2":"<p>A Pol\u00edcia Civil do Piau\u00ed, por meio da Ger\u00eancia de Pol\u00edcia Metropolitana(GPM) deu cumprimento na manh\u00e3 de hoje(16.03.2023), ao mandado de Pris\u00e3o Preventiva expedido pelo poder judici\u00e1rio em desfavor do nacional de iniciais J. A.P. da S., pela pr\u00e1tica do crime de Furto Qualificado. O bomem \u00e9 respons\u00e1vel por cometer diversos arrombamentos de estabelecimentos comerciais e residenciais, al\u00e9m de roubos na regi\u00e3o dos bairros Ilhotas, Pi\u00e7arra e Cristo Rei, zona sul de Teresina. Na manh\u00e3 de hoje, A.P. da S. foi localizado pela equipe de investiga\u00e7\u00e3o do GPM e foi dado cumprimento ao respectivo mandado de pris\u00e3o.<\/p>\n","category_list_v2":"<a href=\"https:\/\/portal.pi.gov.br\/pc\/category\/noticias\/\" rel=\"category tag\">PC<\/a>","author_info_v2":{"name":"Aline Noleto Silva de Araujo","url":"https:\/\/portal.pi.gov.br\/pc\/author\/alinenoleto\/"},"comments_num_v2":"0 coment\u00e1rio","jetpack_featured_media_url":"https:\/\/portal.pi.gov.br\/pc\/wp-content\/uploads\/sites\/42\/2023\/01\/Design-sem-nome-1.png","_links":{"self":[{"href":"https:\/\/portal.pi.gov.br\/pc\/wp-json\/wp\/v2\/posts\/3630"}],"collection":[{"href":"https:\/\/portal.pi.gov.br\/pc\/wp-json\/wp\/v2\/posts"}],"about":[{"href":"https:\/\/portal.pi.gov.br\/pc\/wp-json\/wp\/v2\/types\/post"}],"author":[{"embeddable":true,"href":"https:\/\/portal.pi.gov.br\/pc\/wp-json\/wp\/v2\/users\/59"}],"replies":[{"embeddable":true,"href":"https:\/\/portal.pi.gov.br\/pc\/wp-json\/wp\/v2\/comments?post=3630"}],"version-history":[{"count":1,"href":"https:\/\/portal.pi.gov.br\/pc\/wp-json\/wp\/v2\/posts\/3630\/revisions"}],"predecessor-version":[{"id":3631,"href":"https:\/\/portal.pi.gov.br\/pc\/wp-json\/wp\/v2\/posts\/3630\/revisions\/3631"}],"wp:featuredmedia":[{"embeddable":true,"href":"https:\/\/portal.pi.gov.br\/pc\/wp-json\/wp\/v2\/media\/2821"}],"wp:attachment":[{"href":"https:\/\/portal.pi.gov.br\/pc\/wp-json\/wp\/v2\/media?parent=3630"}],"wp:term":[{"taxonomy":"category","embeddable":true,"href":"https:\/\/portal.pi.gov.br\/pc\/wp-json\/wp\/v2\/categories?post=3630"},{"taxonomy":"post_tag","embeddable":true,"href":"https:\/\/portal.pi.gov.br\/pc\/wp-json\/wp\/v2\/tags?post=3630"}],"curies":[{"name":"wp","href":"https:\/\/api.w.org\/{rel}","templated":true}]}}