{"id":3634,"date":"2023-03-17T15:26:20","date_gmt":"2023-03-17T18:26:20","guid":{"rendered":"https:\/\/portal.pi.gov.br\/pc\/?p=3634"},"modified":"2023-03-17T15:26:21","modified_gmt":"2023-03-17T18:26:21","slug":"forcas-de-seguranca-encontram-deposito-com-drogas-e-municoes-em-timon-ma","status":"publish","type":"post","link":"https:\/\/portal.pi.gov.br\/pc\/2023\/03\/17\/forcas-de-seguranca-encontram-deposito-com-drogas-e-municoes-em-timon-ma\/","title":{"rendered":"For\u00e7as de Seguran\u00e7a encontram dep\u00f3sito com drogas e muni\u00e7\u00f5es em Timon-MA"},"content":{"rendered":"\n<p>A Diretoria de Intelig\u00eancia da Secretaria de Seguran\u00e7a P\u00fablica do Piau\u00ed (SSP-PI), em parceria com a Delegacia de Preven\u00e7\u00e3o e Repress\u00e3o a Entorpecentes &#8211; DEPRE e a For\u00e7a Estadual Integrada de Seguran\u00e7a P\u00fablica do Piau\u00ed &#8211; FEISP, deflagrou no in\u00edcio da tarde de hoje (17) uma opera\u00e7\u00e3o na zona rural de Timon-MA.<\/p>\n\n\n\n<figure class=\"wp-block-image size-large\"><img decoding=\"async\" loading=\"lazy\" width=\"1024\" height=\"682\" src=\"https:\/\/portal.pi.gov.br\/pc\/wp-content\/uploads\/sites\/42\/2023\/03\/IMG-20230317-WA0048-1024x682.jpg\" alt=\"\" class=\"wp-image-3635\" srcset=\"https:\/\/portal.pi.gov.br\/pc\/wp-content\/uploads\/sites\/42\/2023\/03\/IMG-20230317-WA0048-1024x682.jpg 1024w, https:\/\/portal.pi.gov.br\/pc\/wp-content\/uploads\/sites\/42\/2023\/03\/IMG-20230317-WA0048-300x200.jpg 300w, https:\/\/portal.pi.gov.br\/pc\/wp-content\/uploads\/sites\/42\/2023\/03\/IMG-20230317-WA0048-768x512.jpg 768w, https:\/\/portal.pi.gov.br\/pc\/wp-content\/uploads\/sites\/42\/2023\/03\/IMG-20230317-WA0048-420x280.jpg 420w, https:\/\/portal.pi.gov.br\/pc\/wp-content\/uploads\/sites\/42\/2023\/03\/IMG-20230317-WA0048-540x360.jpg 540w, https:\/\/portal.pi.gov.br\/pc\/wp-content\/uploads\/sites\/42\/2023\/03\/IMG-20230317-WA0048-780x520.jpg 780w, https:\/\/portal.pi.gov.br\/pc\/wp-content\/uploads\/sites\/42\/2023\/03\/IMG-20230317-WA0048-1536x1023.jpg 1536w, https:\/\/portal.pi.gov.br\/pc\/wp-content\/uploads\/sites\/42\/2023\/03\/IMG-20230317-WA0048-947x631.jpg 947w, https:\/\/portal.pi.gov.br\/pc\/wp-content\/uploads\/sites\/42\/2023\/03\/IMG-20230317-WA0048-624x416.jpg 624w, https:\/\/portal.pi.gov.br\/pc\/wp-content\/uploads\/sites\/42\/2023\/03\/IMG-20230317-WA0048-84x56.jpg 84w, https:\/\/portal.pi.gov.br\/pc\/wp-content\/uploads\/sites\/42\/2023\/03\/IMG-20230317-WA0048.jpg 1600w\" sizes=\"(max-width: 1024px) 100vw, 1024px\" \/><\/figure>\n\n\n\n<p>De acordo com o delegado Anchieta Nery, diretor de intelig\u00eancia da SSP-PI, muitas mortes que est\u00e3o acontecendo no Piau\u00ed est\u00e3o relacionadas a cobran\u00e7as de d\u00edvidas do tr\u00e1fico de drogas, cujas investiga\u00e7\u00f5es levaram \u00e0 opera\u00e7\u00e3o desta sexta-feira.<\/p>\n\n\n\n<figure class=\"wp-block-image size-full\"><img decoding=\"async\" loading=\"lazy\" width=\"1024\" height=\"768\" src=\"https:\/\/portal.pi.gov.br\/pc\/wp-content\/uploads\/sites\/42\/2023\/03\/IMG-20230317-WA0045.jpg\" alt=\"\" class=\"wp-image-3636\" srcset=\"https:\/\/portal.pi.gov.br\/pc\/wp-content\/uploads\/sites\/42\/2023\/03\/IMG-20230317-WA0045.jpg 1024w, https:\/\/portal.pi.gov.br\/pc\/wp-content\/uploads\/sites\/42\/2023\/03\/IMG-20230317-WA0045-300x225.jpg 300w, https:\/\/portal.pi.gov.br\/pc\/wp-content\/uploads\/sites\/42\/2023\/03\/IMG-20230317-WA0045-768x576.jpg 768w, https:\/\/portal.pi.gov.br\/pc\/wp-content\/uploads\/sites\/42\/2023\/03\/IMG-20230317-WA0045-420x315.jpg 420w, https:\/\/portal.pi.gov.br\/pc\/wp-content\/uploads\/sites\/42\/2023\/03\/IMG-20230317-WA0045-540x405.jpg 540w, https:\/\/portal.pi.gov.br\/pc\/wp-content\/uploads\/sites\/42\/2023\/03\/IMG-20230317-WA0045-780x585.jpg 780w, https:\/\/portal.pi.gov.br\/pc\/wp-content\/uploads\/sites\/42\/2023\/03\/IMG-20230317-WA0045-947x710.jpg 947w, https:\/\/portal.pi.gov.br\/pc\/wp-content\/uploads\/sites\/42\/2023\/03\/IMG-20230317-WA0045-624x468.jpg 624w\" sizes=\"(max-width: 1024px) 100vw, 1024px\" \/><\/figure>\n\n\n\n<p>&#8220;Come\u00e7amos a monitorar algumas pessoas e locais e hoje foi deflagrada uma opera\u00e7\u00e3o e cumpridas algumas buscas, dentre elas em um s\u00edtio na cidade de Timon, onde a equipe da Secretaria de Seguran\u00e7a conseguiu localizar muita droga, armas de fogo e um dep\u00f3sito de muni\u00e7\u00f5es de uma fac\u00e7\u00e3o criminosa com atua\u00e7\u00e3o no Brasil&#8221;, comenta Anchieta Nery.<\/p>\n\n\n\n<figure class=\"wp-block-image size-large\"><img decoding=\"async\" loading=\"lazy\" width=\"1024\" height=\"682\" src=\"https:\/\/portal.pi.gov.br\/pc\/wp-content\/uploads\/sites\/42\/2023\/03\/IMG-20230317-WA0040-1024x682.jpg\" alt=\"\" class=\"wp-image-3637\" srcset=\"https:\/\/portal.pi.gov.br\/pc\/wp-content\/uploads\/sites\/42\/2023\/03\/IMG-20230317-WA0040-1024x682.jpg 1024w, https:\/\/portal.pi.gov.br\/pc\/wp-content\/uploads\/sites\/42\/2023\/03\/IMG-20230317-WA0040-300x200.jpg 300w, https:\/\/portal.pi.gov.br\/pc\/wp-content\/uploads\/sites\/42\/2023\/03\/IMG-20230317-WA0040-768x512.jpg 768w, https:\/\/portal.pi.gov.br\/pc\/wp-content\/uploads\/sites\/42\/2023\/03\/IMG-20230317-WA0040-420x280.jpg 420w, https:\/\/portal.pi.gov.br\/pc\/wp-content\/uploads\/sites\/42\/2023\/03\/IMG-20230317-WA0040-540x360.jpg 540w, https:\/\/portal.pi.gov.br\/pc\/wp-content\/uploads\/sites\/42\/2023\/03\/IMG-20230317-WA0040-780x520.jpg 780w, https:\/\/portal.pi.gov.br\/pc\/wp-content\/uploads\/sites\/42\/2023\/03\/IMG-20230317-WA0040-1536x1023.jpg 1536w, https:\/\/portal.pi.gov.br\/pc\/wp-content\/uploads\/sites\/42\/2023\/03\/IMG-20230317-WA0040-947x631.jpg 947w, https:\/\/portal.pi.gov.br\/pc\/wp-content\/uploads\/sites\/42\/2023\/03\/IMG-20230317-WA0040-624x416.jpg 624w, https:\/\/portal.pi.gov.br\/pc\/wp-content\/uploads\/sites\/42\/2023\/03\/IMG-20230317-WA0040-84x56.jpg 84w, https:\/\/portal.pi.gov.br\/pc\/wp-content\/uploads\/sites\/42\/2023\/03\/IMG-20230317-WA0040.jpg 1600w\" sizes=\"(max-width: 1024px) 100vw, 1024px\" \/><\/figure>\n\n\n\n<p>Durante a opera\u00e7\u00e3o, foram presas duas pessoas em flagrante, entre eles um advogado natural de S\u00e3o Paulo. Entre as drogas encontradas no local est\u00e3o uma grande quantidade de maconha, skunk, crack e coca\u00edna. \u201cForam apreendidas prensas, v\u00e1rias balan\u00e7as de precis\u00e3o, duas armas de fogo, sendo uma pistola e um revolver, e apreendidos dois ve\u00edculos. <\/p>\n\n\n\n<figure class=\"wp-block-image size-large\"><img decoding=\"async\" loading=\"lazy\" width=\"1024\" height=\"682\" src=\"https:\/\/portal.pi.gov.br\/pc\/wp-content\/uploads\/sites\/42\/2023\/03\/IMG-20230317-WA0030-1024x682.jpg\" alt=\"\" class=\"wp-image-3638\" srcset=\"https:\/\/portal.pi.gov.br\/pc\/wp-content\/uploads\/sites\/42\/2023\/03\/IMG-20230317-WA0030-1024x682.jpg 1024w, https:\/\/portal.pi.gov.br\/pc\/wp-content\/uploads\/sites\/42\/2023\/03\/IMG-20230317-WA0030-300x200.jpg 300w, https:\/\/portal.pi.gov.br\/pc\/wp-content\/uploads\/sites\/42\/2023\/03\/IMG-20230317-WA0030-768x512.jpg 768w, https:\/\/portal.pi.gov.br\/pc\/wp-content\/uploads\/sites\/42\/2023\/03\/IMG-20230317-WA0030-420x280.jpg 420w, https:\/\/portal.pi.gov.br\/pc\/wp-content\/uploads\/sites\/42\/2023\/03\/IMG-20230317-WA0030-540x360.jpg 540w, https:\/\/portal.pi.gov.br\/pc\/wp-content\/uploads\/sites\/42\/2023\/03\/IMG-20230317-WA0030-780x520.jpg 780w, https:\/\/portal.pi.gov.br\/pc\/wp-content\/uploads\/sites\/42\/2023\/03\/IMG-20230317-WA0030-1536x1023.jpg 1536w, https:\/\/portal.pi.gov.br\/pc\/wp-content\/uploads\/sites\/42\/2023\/03\/IMG-20230317-WA0030-947x631.jpg 947w, https:\/\/portal.pi.gov.br\/pc\/wp-content\/uploads\/sites\/42\/2023\/03\/IMG-20230317-WA0030-624x416.jpg 624w, https:\/\/portal.pi.gov.br\/pc\/wp-content\/uploads\/sites\/42\/2023\/03\/IMG-20230317-WA0030-84x56.jpg 84w, https:\/\/portal.pi.gov.br\/pc\/wp-content\/uploads\/sites\/42\/2023\/03\/IMG-20230317-WA0030.jpg 1600w\" sizes=\"(max-width: 1024px) 100vw, 1024px\" \/><\/figure>\n\n\n\n<p>O material est\u00e1 sendo trazido para Teresina, bem como os presos, para serem confeccionados os autos de pris\u00f5es em flagrante\u201d, esclarece Matheus Zanatta, superintendente de Opera\u00e7\u00f5es Integradas da SSP-PI. As investiga\u00e7\u00f5es ir\u00e3o continuar para encontrar os respons\u00e1veis pelos crimes.<\/p>\n","protected":false},"excerpt":{"rendered":"<p>A Diretoria de Intelig\u00eancia da Secretaria de Seguran\u00e7a P\u00fablica do Piau\u00ed (SSP-PI), em parceria com a Delegacia de Preven\u00e7\u00e3o e Repress\u00e3o a Entorpecentes &#8211; DEPRE e a For\u00e7a Estadual Integrada [&hellip;]<\/p>\n","protected":false},"author":59,"featured_media":3636,"comment_status":"closed","ping_status":"closed","sticky":false,"template":"","format":"standard","meta":[],"categories":[1],"tags":[],"featured_image_urls":{"full":["https:\/\/portal.pi.gov.br\/pc\/wp-content\/uploads\/sites\/42\/2023\/03\/IMG-20230317-WA0045.jpg",1024,768,false],"thumbnail":["https:\/\/portal.pi.gov.br\/pc\/wp-content\/uploads\/sites\/42\/2023\/03\/IMG-20230317-WA0045-150x150.jpg",150,150,true],"medium":["https:\/\/portal.pi.gov.br\/pc\/wp-content\/uploads\/sites\/42\/2023\/03\/IMG-20230317-WA0045-300x225.jpg",300,225,true],"medium_large":["https:\/\/portal.pi.gov.br\/pc\/wp-content\/uploads\/sites\/42\/2023\/03\/IMG-20230317-WA0045-768x576.jpg",768,576,true],"large":["https:\/\/portal.pi.gov.br\/pc\/wp-content\/uploads\/sites\/42\/2023\/03\/IMG-20230317-WA0045.jpg",887,665,false],"sgg-420":["https:\/\/portal.pi.gov.br\/pc\/wp-content\/uploads\/sites\/42\/2023\/03\/IMG-20230317-WA0045-420x315.jpg",420,315,true],"sgg-540":["https:\/\/portal.pi.gov.br\/pc\/wp-content\/uploads\/sites\/42\/2023\/03\/IMG-20230317-WA0045-540x405.jpg",540,405,true],"sgg-780":["https:\/\/portal.pi.gov.br\/pc\/wp-content\/uploads\/sites\/42\/2023\/03\/IMG-20230317-WA0045-780x585.jpg",780,585,true],"1536x1536":["https:\/\/portal.pi.gov.br\/pc\/wp-content\/uploads\/sites\/42\/2023\/03\/IMG-20230317-WA0045.jpg",1024,768,false],"2048x2048":["https:\/\/portal.pi.gov.br\/pc\/wp-content\/uploads\/sites\/42\/2023\/03\/IMG-20230317-WA0045.jpg",1024,768,false],"homepage-slider":["https:\/\/portal.pi.gov.br\/pc\/wp-content\/uploads\/sites\/42\/2023\/03\/IMG-20230317-WA0045-1024x500.jpg",1024,500,true],"homepage-slider-small":["https:\/\/portal.pi.gov.br\/pc\/wp-content\/uploads\/sites\/42\/2023\/03\/IMG-20230317-WA0045-947x500.jpg",947,500,true],"page-top":["https:\/\/portal.pi.gov.br\/pc\/wp-content\/uploads\/sites\/42\/2023\/03\/IMG-20230317-WA0045-947x710.jpg",947,710,true],"page-small":["https:\/\/portal.pi.gov.br\/pc\/wp-content\/uploads\/sites\/42\/2023\/03\/IMG-20230317-WA0045-624x468.jpg",624,468,true],"loop-main":["https:\/\/portal.pi.gov.br\/pc\/wp-content\/uploads\/sites\/42\/2023\/03\/IMG-20230317-WA0045-365x240.jpg",365,240,true],"thumb-gallery-widget":["https:\/\/portal.pi.gov.br\/pc\/wp-content\/uploads\/sites\/42\/2023\/03\/IMG-20230317-WA0045-84x56.jpg",84,56,true]},"post_excerpt_stackable":"<p>A Diretoria de Intelig\u00eancia da Secretaria de Seguran\u00e7a P\u00fablica do Piau\u00ed (SSP-PI), em parceria com a Delegacia de Preven\u00e7\u00e3o e Repress\u00e3o a Entorpecentes &#8211; DEPRE e a For\u00e7a Estadual Integrada de Seguran\u00e7a P\u00fablica do Piau\u00ed &#8211; FEISP, deflagrou no in\u00edcio da tarde de hoje (17) uma opera\u00e7\u00e3o na zona rural de Timon-MA. De acordo com o delegado Anchieta Nery, diretor de intelig\u00eancia da SSP-PI, muitas mortes que est\u00e3o acontecendo no Piau\u00ed est\u00e3o relacionadas a cobran\u00e7as de d\u00edvidas do tr\u00e1fico de drogas, cujas investiga\u00e7\u00f5es levaram \u00e0 opera\u00e7\u00e3o desta sexta-feira. &#8220;Come\u00e7amos a monitorar algumas pessoas e locais e hoje foi deflagrada uma&hellip;<\/p>\n","category_list":"<a href=\"https:\/\/portal.pi.gov.br\/pc\/category\/noticias\/\" rel=\"category tag\">PC<\/a>","author_info":{"name":"Aline Noleto Silva de Araujo","url":"https:\/\/portal.pi.gov.br\/pc\/author\/alinenoleto\/"},"comments_num":"0 coment\u00e1rio","featured_image_urls_v2":{"full":["https:\/\/portal.pi.gov.br\/pc\/wp-content\/uploads\/sites\/42\/2023\/03\/IMG-20230317-WA0045.jpg",1024,768,false],"thumbnail":["https:\/\/portal.pi.gov.br\/pc\/wp-content\/uploads\/sites\/42\/2023\/03\/IMG-20230317-WA0045-150x150.jpg",150,150,true],"medium":["https:\/\/portal.pi.gov.br\/pc\/wp-content\/uploads\/sites\/42\/2023\/03\/IMG-20230317-WA0045-300x225.jpg",300,225,true],"medium_large":["https:\/\/portal.pi.gov.br\/pc\/wp-content\/uploads\/sites\/42\/2023\/03\/IMG-20230317-WA0045-768x576.jpg",768,576,true],"large":["https:\/\/portal.pi.gov.br\/pc\/wp-content\/uploads\/sites\/42\/2023\/03\/IMG-20230317-WA0045.jpg",887,665,false],"sgg-420":["https:\/\/portal.pi.gov.br\/pc\/wp-content\/uploads\/sites\/42\/2023\/03\/IMG-20230317-WA0045-420x315.jpg",420,315,true],"sgg-540":["https:\/\/portal.pi.gov.br\/pc\/wp-content\/uploads\/sites\/42\/2023\/03\/IMG-20230317-WA0045-540x405.jpg",540,405,true],"sgg-780":["https:\/\/portal.pi.gov.br\/pc\/wp-content\/uploads\/sites\/42\/2023\/03\/IMG-20230317-WA0045-780x585.jpg",780,585,true],"1536x1536":["https:\/\/portal.pi.gov.br\/pc\/wp-content\/uploads\/sites\/42\/2023\/03\/IMG-20230317-WA0045.jpg",1024,768,false],"2048x2048":["https:\/\/portal.pi.gov.br\/pc\/wp-content\/uploads\/sites\/42\/2023\/03\/IMG-20230317-WA0045.jpg",1024,768,false],"homepage-slider":["https:\/\/portal.pi.gov.br\/pc\/wp-content\/uploads\/sites\/42\/2023\/03\/IMG-20230317-WA0045-1024x500.jpg",1024,500,true],"homepage-slider-small":["https:\/\/portal.pi.gov.br\/pc\/wp-content\/uploads\/sites\/42\/2023\/03\/IMG-20230317-WA0045-947x500.jpg",947,500,true],"page-top":["https:\/\/portal.pi.gov.br\/pc\/wp-content\/uploads\/sites\/42\/2023\/03\/IMG-20230317-WA0045-947x710.jpg",947,710,true],"page-small":["https:\/\/portal.pi.gov.br\/pc\/wp-content\/uploads\/sites\/42\/2023\/03\/IMG-20230317-WA0045-624x468.jpg",624,468,true],"loop-main":["https:\/\/portal.pi.gov.br\/pc\/wp-content\/uploads\/sites\/42\/2023\/03\/IMG-20230317-WA0045-365x240.jpg",365,240,true],"thumb-gallery-widget":["https:\/\/portal.pi.gov.br\/pc\/wp-content\/uploads\/sites\/42\/2023\/03\/IMG-20230317-WA0045-84x56.jpg",84,56,true]},"post_excerpt_stackable_v2":"<p>A Diretoria de Intelig\u00eancia da Secretaria de Seguran\u00e7a P\u00fablica do Piau\u00ed (SSP-PI), em parceria com a Delegacia de Preven\u00e7\u00e3o e Repress\u00e3o a Entorpecentes &#8211; DEPRE e a For\u00e7a Estadual Integrada de Seguran\u00e7a P\u00fablica do Piau\u00ed &#8211; FEISP, deflagrou no in\u00edcio da tarde de hoje (17) uma opera\u00e7\u00e3o na zona rural de Timon-MA. De acordo com o delegado Anchieta Nery, diretor de intelig\u00eancia da SSP-PI, muitas mortes que est\u00e3o acontecendo no Piau\u00ed est\u00e3o relacionadas a cobran\u00e7as de d\u00edvidas do tr\u00e1fico de drogas, cujas investiga\u00e7\u00f5es levaram \u00e0 opera\u00e7\u00e3o desta sexta-feira. &#8220;Come\u00e7amos a monitorar algumas pessoas e locais e hoje foi deflagrada uma&hellip;<\/p>\n","category_list_v2":"<a href=\"https:\/\/portal.pi.gov.br\/pc\/category\/noticias\/\" rel=\"category tag\">PC<\/a>","author_info_v2":{"name":"Aline Noleto Silva de Araujo","url":"https:\/\/portal.pi.gov.br\/pc\/author\/alinenoleto\/"},"comments_num_v2":"0 coment\u00e1rio","jetpack_featured_media_url":"https:\/\/portal.pi.gov.br\/pc\/wp-content\/uploads\/sites\/42\/2023\/03\/IMG-20230317-WA0045.jpg","_links":{"self":[{"href":"https:\/\/portal.pi.gov.br\/pc\/wp-json\/wp\/v2\/posts\/3634"}],"collection":[{"href":"https:\/\/portal.pi.gov.br\/pc\/wp-json\/wp\/v2\/posts"}],"about":[{"href":"https:\/\/portal.pi.gov.br\/pc\/wp-json\/wp\/v2\/types\/post"}],"author":[{"embeddable":true,"href":"https:\/\/portal.pi.gov.br\/pc\/wp-json\/wp\/v2\/users\/59"}],"replies":[{"embeddable":true,"href":"https:\/\/portal.pi.gov.br\/pc\/wp-json\/wp\/v2\/comments?post=3634"}],"version-history":[{"count":1,"href":"https:\/\/portal.pi.gov.br\/pc\/wp-json\/wp\/v2\/posts\/3634\/revisions"}],"predecessor-version":[{"id":3639,"href":"https:\/\/portal.pi.gov.br\/pc\/wp-json\/wp\/v2\/posts\/3634\/revisions\/3639"}],"wp:featuredmedia":[{"embeddable":true,"href":"https:\/\/portal.pi.gov.br\/pc\/wp-json\/wp\/v2\/media\/3636"}],"wp:attachment":[{"href":"https:\/\/portal.pi.gov.br\/pc\/wp-json\/wp\/v2\/media?parent=3634"}],"wp:term":[{"taxonomy":"category","embeddable":true,"href":"https:\/\/portal.pi.gov.br\/pc\/wp-json\/wp\/v2\/categories?post=3634"},{"taxonomy":"post_tag","embeddable":true,"href":"https:\/\/portal.pi.gov.br\/pc\/wp-json\/wp\/v2\/tags?post=3634"}],"curies":[{"name":"wp","href":"https:\/\/api.w.org\/{rel}","templated":true}]}}