{"id":3874,"date":"2023-04-13T09:51:41","date_gmt":"2023-04-13T12:51:41","guid":{"rendered":"https:\/\/portal.pi.gov.br\/pc\/?p=3874"},"modified":"2023-04-13T09:51:42","modified_gmt":"2023-04-13T12:51:42","slug":"policia-civil-realiza-prisao-por-crime-de-estupro-de-vulneravel-em-nazaria","status":"publish","type":"post","link":"https:\/\/portal.pi.gov.br\/pc\/2023\/04\/13\/policia-civil-realiza-prisao-por-crime-de-estupro-de-vulneravel-em-nazaria\/","title":{"rendered":"Pol\u00edcia Civil realiza pris\u00e3o por crime de estupro de vulner\u00e1vel em Naz\u00e1ria"},"content":{"rendered":"\n<p>A Pol\u00edcia Civil do Piau\u00ed, por meio da Delegacia de Naz\u00e1ria, cumpriu, na manh\u00e3 desta quarta-feira (12\/04\/2023), mandados de pris\u00e3o preventiva em desfavor dos nacionais de iniciais L.A.D.S. e F.P.D.S.<\/p>\n\n\n\n<p>Ambos investigados pelo crime de estupro de vulner\u00e1vel, previsto no art. 217-A do C\u00f3digo Penal. De acordo com a pol\u00edcia, F.A.P.S. ofereceu carona a uma menor, e ap\u00f3s desviar o caminho, parou em lugar ermo para cometer a viol\u00eancia sexual contra a v\u00edtima.<br><\/p>\n\n\n\n<p>F.C.B.D.S foi preso em flagrante sob imputa\u00e7\u00e3o de tentativa de estupro qualificada em que na noite de 11\/04\/2023, agarrou a for\u00e7a uma v\u00edtima e a levou para um matagal proferindo amea\u00e7as de morte enquanto tentava consumar o crime. A v\u00edtima ap\u00f3s luta corporal conseguiu fugir e o autor do crime foi identificado e preso. Os presos ficam a disposi\u00e7\u00e3o do Poder Judici\u00e1rio.<\/p>\n\n\n\n<p><\/p>\n\n\n\n<p><strong><em>Assessoria de Comunica\u00e7\u00e3o da Pol\u00edcia Civil <\/em><\/strong><\/p>\n","protected":false},"excerpt":{"rendered":"<p>A Pol\u00edcia Civil do Piau\u00ed, por meio da Delegacia de Naz\u00e1ria, cumpriu, na manh\u00e3 desta quarta-feira (12\/04\/2023), mandados de pris\u00e3o preventiva em desfavor dos nacionais de iniciais L.A.D.S. e F.P.D.S. [&hellip;]<\/p>\n","protected":false},"author":59,"featured_media":2821,"comment_status":"closed","ping_status":"closed","sticky":false,"template":"","format":"standard","meta":[],"categories":[1],"tags":[],"featured_image_urls":{"full":["https:\/\/portal.pi.gov.br\/pc\/wp-content\/uploads\/sites\/42\/2023\/01\/Design-sem-nome-1.png",1920,1080,false],"thumbnail":["https:\/\/portal.pi.gov.br\/pc\/wp-content\/uploads\/sites\/42\/2023\/01\/Design-sem-nome-1-150x150.png",150,150,true],"medium":["https:\/\/portal.pi.gov.br\/pc\/wp-content\/uploads\/sites\/42\/2023\/01\/Design-sem-nome-1-300x169.png",300,169,true],"medium_large":["https:\/\/portal.pi.gov.br\/pc\/wp-content\/uploads\/sites\/42\/2023\/01\/Design-sem-nome-1-768x432.png",768,432,true],"large":["https:\/\/portal.pi.gov.br\/pc\/wp-content\/uploads\/sites\/42\/2023\/01\/Design-sem-nome-1-1024x576.png",887,499,true],"sgg-420":["https:\/\/portal.pi.gov.br\/pc\/wp-content\/uploads\/sites\/42\/2023\/01\/Design-sem-nome-1-420x236.png",420,236,true],"sgg-540":["https:\/\/portal.pi.gov.br\/pc\/wp-content\/uploads\/sites\/42\/2023\/01\/Design-sem-nome-1-540x304.png",540,304,true],"sgg-780":["https:\/\/portal.pi.gov.br\/pc\/wp-content\/uploads\/sites\/42\/2023\/01\/Design-sem-nome-1-780x439.png",780,439,true],"1536x1536":["https:\/\/portal.pi.gov.br\/pc\/wp-content\/uploads\/sites\/42\/2023\/01\/Design-sem-nome-1-1536x864.png",1536,864,true],"2048x2048":["https:\/\/portal.pi.gov.br\/pc\/wp-content\/uploads\/sites\/42\/2023\/01\/Design-sem-nome-1.png",1920,1080,false],"homepage-slider":["https:\/\/portal.pi.gov.br\/pc\/wp-content\/uploads\/sites\/42\/2023\/01\/Design-sem-nome-1-1270x500.png",1270,500,true],"homepage-slider-small":["https:\/\/portal.pi.gov.br\/pc\/wp-content\/uploads\/sites\/42\/2023\/01\/Design-sem-nome-1-947x500.png",947,500,true],"page-top":["https:\/\/portal.pi.gov.br\/pc\/wp-content\/uploads\/sites\/42\/2023\/01\/Design-sem-nome-1-947x533.png",947,533,true],"page-small":["https:\/\/portal.pi.gov.br\/pc\/wp-content\/uploads\/sites\/42\/2023\/01\/Design-sem-nome-1-624x351.png",624,351,true],"loop-main":["https:\/\/portal.pi.gov.br\/pc\/wp-content\/uploads\/sites\/42\/2023\/01\/Design-sem-nome-1-365x240.png",365,240,true],"thumb-gallery-widget":["https:\/\/portal.pi.gov.br\/pc\/wp-content\/uploads\/sites\/42\/2023\/01\/Design-sem-nome-1-84x56.png",84,56,true]},"post_excerpt_stackable":"<p>A Pol\u00edcia Civil do Piau\u00ed, por meio da Delegacia de Naz\u00e1ria, cumpriu, na manh\u00e3 desta quarta-feira (12\/04\/2023), mandados de pris\u00e3o preventiva em desfavor dos nacionais de iniciais L.A.D.S. e F.P.D.S. Ambos investigados pelo crime de estupro de vulner\u00e1vel, previsto no art. 217-A do C\u00f3digo Penal. De acordo com a pol\u00edcia, F.A.P.S. ofereceu carona a uma menor, e ap\u00f3s desviar o caminho, parou em lugar ermo para cometer a viol\u00eancia sexual contra a v\u00edtima. F.C.B.D.S foi preso em flagrante sob imputa\u00e7\u00e3o de tentativa de estupro qualificada em que na noite de 11\/04\/2023, agarrou a for\u00e7a uma v\u00edtima e a levou para&hellip;<\/p>\n","category_list":"<a href=\"https:\/\/portal.pi.gov.br\/pc\/category\/noticias\/\" rel=\"category tag\">PC<\/a>","author_info":{"name":"Aline Noleto Silva de Araujo","url":"https:\/\/portal.pi.gov.br\/pc\/author\/alinenoleto\/"},"comments_num":"0 coment\u00e1rio","featured_image_urls_v2":{"full":["https:\/\/portal.pi.gov.br\/pc\/wp-content\/uploads\/sites\/42\/2023\/01\/Design-sem-nome-1.png",1920,1080,false],"thumbnail":["https:\/\/portal.pi.gov.br\/pc\/wp-content\/uploads\/sites\/42\/2023\/01\/Design-sem-nome-1-150x150.png",150,150,true],"medium":["https:\/\/portal.pi.gov.br\/pc\/wp-content\/uploads\/sites\/42\/2023\/01\/Design-sem-nome-1-300x169.png",300,169,true],"medium_large":["https:\/\/portal.pi.gov.br\/pc\/wp-content\/uploads\/sites\/42\/2023\/01\/Design-sem-nome-1-768x432.png",768,432,true],"large":["https:\/\/portal.pi.gov.br\/pc\/wp-content\/uploads\/sites\/42\/2023\/01\/Design-sem-nome-1-1024x576.png",887,499,true],"sgg-420":["https:\/\/portal.pi.gov.br\/pc\/wp-content\/uploads\/sites\/42\/2023\/01\/Design-sem-nome-1-420x236.png",420,236,true],"sgg-540":["https:\/\/portal.pi.gov.br\/pc\/wp-content\/uploads\/sites\/42\/2023\/01\/Design-sem-nome-1-540x304.png",540,304,true],"sgg-780":["https:\/\/portal.pi.gov.br\/pc\/wp-content\/uploads\/sites\/42\/2023\/01\/Design-sem-nome-1-780x439.png",780,439,true],"1536x1536":["https:\/\/portal.pi.gov.br\/pc\/wp-content\/uploads\/sites\/42\/2023\/01\/Design-sem-nome-1-1536x864.png",1536,864,true],"2048x2048":["https:\/\/portal.pi.gov.br\/pc\/wp-content\/uploads\/sites\/42\/2023\/01\/Design-sem-nome-1.png",1920,1080,false],"homepage-slider":["https:\/\/portal.pi.gov.br\/pc\/wp-content\/uploads\/sites\/42\/2023\/01\/Design-sem-nome-1-1270x500.png",1270,500,true],"homepage-slider-small":["https:\/\/portal.pi.gov.br\/pc\/wp-content\/uploads\/sites\/42\/2023\/01\/Design-sem-nome-1-947x500.png",947,500,true],"page-top":["https:\/\/portal.pi.gov.br\/pc\/wp-content\/uploads\/sites\/42\/2023\/01\/Design-sem-nome-1-947x533.png",947,533,true],"page-small":["https:\/\/portal.pi.gov.br\/pc\/wp-content\/uploads\/sites\/42\/2023\/01\/Design-sem-nome-1-624x351.png",624,351,true],"loop-main":["https:\/\/portal.pi.gov.br\/pc\/wp-content\/uploads\/sites\/42\/2023\/01\/Design-sem-nome-1-365x240.png",365,240,true],"thumb-gallery-widget":["https:\/\/portal.pi.gov.br\/pc\/wp-content\/uploads\/sites\/42\/2023\/01\/Design-sem-nome-1-84x56.png",84,56,true]},"post_excerpt_stackable_v2":"<p>A Pol\u00edcia Civil do Piau\u00ed, por meio da Delegacia de Naz\u00e1ria, cumpriu, na manh\u00e3 desta quarta-feira (12\/04\/2023), mandados de pris\u00e3o preventiva em desfavor dos nacionais de iniciais L.A.D.S. e F.P.D.S. Ambos investigados pelo crime de estupro de vulner\u00e1vel, previsto no art. 217-A do C\u00f3digo Penal. De acordo com a pol\u00edcia, F.A.P.S. ofereceu carona a uma menor, e ap\u00f3s desviar o caminho, parou em lugar ermo para cometer a viol\u00eancia sexual contra a v\u00edtima. F.C.B.D.S foi preso em flagrante sob imputa\u00e7\u00e3o de tentativa de estupro qualificada em que na noite de 11\/04\/2023, agarrou a for\u00e7a uma v\u00edtima e a levou para&hellip;<\/p>\n","category_list_v2":"<a href=\"https:\/\/portal.pi.gov.br\/pc\/category\/noticias\/\" rel=\"category tag\">PC<\/a>","author_info_v2":{"name":"Aline Noleto Silva de Araujo","url":"https:\/\/portal.pi.gov.br\/pc\/author\/alinenoleto\/"},"comments_num_v2":"0 coment\u00e1rio","jetpack_featured_media_url":"https:\/\/portal.pi.gov.br\/pc\/wp-content\/uploads\/sites\/42\/2023\/01\/Design-sem-nome-1.png","_links":{"self":[{"href":"https:\/\/portal.pi.gov.br\/pc\/wp-json\/wp\/v2\/posts\/3874"}],"collection":[{"href":"https:\/\/portal.pi.gov.br\/pc\/wp-json\/wp\/v2\/posts"}],"about":[{"href":"https:\/\/portal.pi.gov.br\/pc\/wp-json\/wp\/v2\/types\/post"}],"author":[{"embeddable":true,"href":"https:\/\/portal.pi.gov.br\/pc\/wp-json\/wp\/v2\/users\/59"}],"replies":[{"embeddable":true,"href":"https:\/\/portal.pi.gov.br\/pc\/wp-json\/wp\/v2\/comments?post=3874"}],"version-history":[{"count":1,"href":"https:\/\/portal.pi.gov.br\/pc\/wp-json\/wp\/v2\/posts\/3874\/revisions"}],"predecessor-version":[{"id":3875,"href":"https:\/\/portal.pi.gov.br\/pc\/wp-json\/wp\/v2\/posts\/3874\/revisions\/3875"}],"wp:featuredmedia":[{"embeddable":true,"href":"https:\/\/portal.pi.gov.br\/pc\/wp-json\/wp\/v2\/media\/2821"}],"wp:attachment":[{"href":"https:\/\/portal.pi.gov.br\/pc\/wp-json\/wp\/v2\/media?parent=3874"}],"wp:term":[{"taxonomy":"category","embeddable":true,"href":"https:\/\/portal.pi.gov.br\/pc\/wp-json\/wp\/v2\/categories?post=3874"},{"taxonomy":"post_tag","embeddable":true,"href":"https:\/\/portal.pi.gov.br\/pc\/wp-json\/wp\/v2\/tags?post=3874"}],"curies":[{"name":"wp","href":"https:\/\/api.w.org\/{rel}","templated":true}]}}