{"id":3998,"date":"2023-04-26T17:47:34","date_gmt":"2023-04-26T20:47:34","guid":{"rendered":"https:\/\/portal.pi.gov.br\/pc\/?p=3998"},"modified":"2023-04-26T17:47:35","modified_gmt":"2023-04-26T20:47:35","slug":"policia-civil-prende-empresarios-por-crime-de-estelionato-em-teresina","status":"publish","type":"post","link":"https:\/\/portal.pi.gov.br\/pc\/2023\/04\/26\/policia-civil-prende-empresarios-por-crime-de-estelionato-em-teresina\/","title":{"rendered":"Pol\u00edcia Civil prende empres\u00e1rios por crime de estelionato em Teresina"},"content":{"rendered":"\n<p>A Pol\u00edcia Civil, por meio da 11\u00aa Delegacia de Pol\u00edcia de Teresina, com apoio da For\u00e7a Estadual Integrada de Seguran\u00e7a P\u00fablica (FEISP), cumpriu nesta manh\u00e3 (26\/04), dois mandados de pris\u00e3o preventiva e tr\u00eas mandados de busca e apreens\u00e3o em desfavor de empres\u00e1rios identificados pelas iniciais J.G.C. e K.A.S., por crime de estelionato. As pris\u00f5es aconteceram na zona leste Teresina.<\/p>\n\n\n\n<p>De acordo com o delegado Samuel Silveira, ap\u00f3s a venda de um carro de luxo, a v\u00edtima teve um preju\u00edzo avaliado em cerca de R$ 100 mil. &#8220;Esses empres\u00e1rios recebiam a documenta\u00e7\u00e3o do ve\u00edculo, repassavam para uma terceira pessoa, que realizava o pagamento de forma legal. No entanto, o dinheiro nunca chegava ao propriet\u00e1rio. As v\u00edtimas eram ludibriadas por esses criminosos, podemos ressaltar que novas v\u00edtimas desse golpe ainda podem surgir, por isso vamos continuar investigando\u201d, explicou o delegado.<\/p>\n\n\n\n<p>O Diretor de Intelig\u00eancia da Secretaria de Seguran\u00e7a P\u00fablica, delegado Anchieta Nery, afirmou que J.G.C. \u00e9 suspeito de uma s\u00e9rie de golpes relacionados a ve\u00edculos e que K.A.S. foi preso por fraude relacionada a ve\u00edculos durante a Opera\u00e7\u00e3o Mercedes, realizada no ano de 2015. \u201cEsses homens s\u00e3o muito conhecidos no meio social em Teresina, um deles, inclusive, foi objeto de mat\u00e9ria em um programa nacional. Nessa ocasi\u00e3o, ele havia lesado um empres\u00e1rio da regi\u00e3o sudeste de Teresina\u201d, comenta.<\/p>\n\n\n\n<p>Os presos foram encaminhados para a Central de Flagrantes de Teresina e dever\u00e3o ficar \u00e0 disposi\u00e7\u00e3o da Justi\u00e7a.<\/p>\n","protected":false},"excerpt":{"rendered":"<p>A Pol\u00edcia Civil, por meio da 11\u00aa Delegacia de Pol\u00edcia de Teresina, com apoio da For\u00e7a Estadual Integrada de Seguran\u00e7a P\u00fablica (FEISP), cumpriu nesta manh\u00e3 (26\/04), dois mandados de pris\u00e3o [&hellip;]<\/p>\n","protected":false},"author":59,"featured_media":2533,"comment_status":"closed","ping_status":"closed","sticky":false,"template":"","format":"standard","meta":[],"categories":[1],"tags":[],"featured_image_urls":{"full":["https:\/\/portal.pi.gov.br\/pc\/wp-content\/uploads\/sites\/42\/2022\/11\/WhatsApp-Image-2022-11-17-at-06.48.19-1.jpeg",750,554,false],"thumbnail":["https:\/\/portal.pi.gov.br\/pc\/wp-content\/uploads\/sites\/42\/2022\/11\/WhatsApp-Image-2022-11-17-at-06.48.19-1-150x150.jpeg",150,150,true],"medium":["https:\/\/portal.pi.gov.br\/pc\/wp-content\/uploads\/sites\/42\/2022\/11\/WhatsApp-Image-2022-11-17-at-06.48.19-1-300x222.jpeg",300,222,true],"medium_large":["https:\/\/portal.pi.gov.br\/pc\/wp-content\/uploads\/sites\/42\/2022\/11\/WhatsApp-Image-2022-11-17-at-06.48.19-1.jpeg",750,554,false],"large":["https:\/\/portal.pi.gov.br\/pc\/wp-content\/uploads\/sites\/42\/2022\/11\/WhatsApp-Image-2022-11-17-at-06.48.19-1.jpeg",750,554,false],"sgg-420":["https:\/\/portal.pi.gov.br\/pc\/wp-content\/uploads\/sites\/42\/2022\/11\/WhatsApp-Image-2022-11-17-at-06.48.19-1-420x310.jpeg",420,310,true],"sgg-540":["https:\/\/portal.pi.gov.br\/pc\/wp-content\/uploads\/sites\/42\/2022\/11\/WhatsApp-Image-2022-11-17-at-06.48.19-1-540x399.jpeg",540,399,true],"sgg-780":["https:\/\/portal.pi.gov.br\/pc\/wp-content\/uploads\/sites\/42\/2022\/11\/WhatsApp-Image-2022-11-17-at-06.48.19-1.jpeg",750,554,false],"1536x1536":["https:\/\/portal.pi.gov.br\/pc\/wp-content\/uploads\/sites\/42\/2022\/11\/WhatsApp-Image-2022-11-17-at-06.48.19-1.jpeg",750,554,false],"2048x2048":["https:\/\/portal.pi.gov.br\/pc\/wp-content\/uploads\/sites\/42\/2022\/11\/WhatsApp-Image-2022-11-17-at-06.48.19-1.jpeg",750,554,false],"homepage-slider":["https:\/\/portal.pi.gov.br\/pc\/wp-content\/uploads\/sites\/42\/2022\/11\/WhatsApp-Image-2022-11-17-at-06.48.19-1-750x500.jpeg",750,500,true],"homepage-slider-small":["https:\/\/portal.pi.gov.br\/pc\/wp-content\/uploads\/sites\/42\/2022\/11\/WhatsApp-Image-2022-11-17-at-06.48.19-1-750x500.jpeg",750,500,true],"page-top":["https:\/\/portal.pi.gov.br\/pc\/wp-content\/uploads\/sites\/42\/2022\/11\/WhatsApp-Image-2022-11-17-at-06.48.19-1.jpeg",750,554,false],"page-small":["https:\/\/portal.pi.gov.br\/pc\/wp-content\/uploads\/sites\/42\/2022\/11\/WhatsApp-Image-2022-11-17-at-06.48.19-1-624x461.jpeg",624,461,true],"loop-main":["https:\/\/portal.pi.gov.br\/pc\/wp-content\/uploads\/sites\/42\/2022\/11\/WhatsApp-Image-2022-11-17-at-06.48.19-1-365x240.jpeg",365,240,true],"thumb-gallery-widget":["https:\/\/portal.pi.gov.br\/pc\/wp-content\/uploads\/sites\/42\/2022\/11\/WhatsApp-Image-2022-11-17-at-06.48.19-1-84x56.jpeg",84,56,true]},"post_excerpt_stackable":"<p>A Pol\u00edcia Civil, por meio da 11\u00aa Delegacia de Pol\u00edcia de Teresina, com apoio da For\u00e7a Estadual Integrada de Seguran\u00e7a P\u00fablica (FEISP), cumpriu nesta manh\u00e3 (26\/04), dois mandados de pris\u00e3o preventiva e tr\u00eas mandados de busca e apreens\u00e3o em desfavor de empres\u00e1rios identificados pelas iniciais J.G.C. e K.A.S., por crime de estelionato. As pris\u00f5es aconteceram na zona leste Teresina. De acordo com o delegado Samuel Silveira, ap\u00f3s a venda de um carro de luxo, a v\u00edtima teve um preju\u00edzo avaliado em cerca de R$ 100 mil. &#8220;Esses empres\u00e1rios recebiam a documenta\u00e7\u00e3o do ve\u00edculo, repassavam para uma terceira pessoa, que realizava&hellip;<\/p>\n","category_list":"<a href=\"https:\/\/portal.pi.gov.br\/pc\/category\/noticias\/\" rel=\"category tag\">PC<\/a>","author_info":{"name":"Aline Noleto Silva de Araujo","url":"https:\/\/portal.pi.gov.br\/pc\/author\/alinenoleto\/"},"comments_num":"0 coment\u00e1rio","featured_image_urls_v2":{"full":["https:\/\/portal.pi.gov.br\/pc\/wp-content\/uploads\/sites\/42\/2022\/11\/WhatsApp-Image-2022-11-17-at-06.48.19-1.jpeg",750,554,false],"thumbnail":["https:\/\/portal.pi.gov.br\/pc\/wp-content\/uploads\/sites\/42\/2022\/11\/WhatsApp-Image-2022-11-17-at-06.48.19-1-150x150.jpeg",150,150,true],"medium":["https:\/\/portal.pi.gov.br\/pc\/wp-content\/uploads\/sites\/42\/2022\/11\/WhatsApp-Image-2022-11-17-at-06.48.19-1-300x222.jpeg",300,222,true],"medium_large":["https:\/\/portal.pi.gov.br\/pc\/wp-content\/uploads\/sites\/42\/2022\/11\/WhatsApp-Image-2022-11-17-at-06.48.19-1.jpeg",750,554,false],"large":["https:\/\/portal.pi.gov.br\/pc\/wp-content\/uploads\/sites\/42\/2022\/11\/WhatsApp-Image-2022-11-17-at-06.48.19-1.jpeg",750,554,false],"sgg-420":["https:\/\/portal.pi.gov.br\/pc\/wp-content\/uploads\/sites\/42\/2022\/11\/WhatsApp-Image-2022-11-17-at-06.48.19-1-420x310.jpeg",420,310,true],"sgg-540":["https:\/\/portal.pi.gov.br\/pc\/wp-content\/uploads\/sites\/42\/2022\/11\/WhatsApp-Image-2022-11-17-at-06.48.19-1-540x399.jpeg",540,399,true],"sgg-780":["https:\/\/portal.pi.gov.br\/pc\/wp-content\/uploads\/sites\/42\/2022\/11\/WhatsApp-Image-2022-11-17-at-06.48.19-1.jpeg",750,554,false],"1536x1536":["https:\/\/portal.pi.gov.br\/pc\/wp-content\/uploads\/sites\/42\/2022\/11\/WhatsApp-Image-2022-11-17-at-06.48.19-1.jpeg",750,554,false],"2048x2048":["https:\/\/portal.pi.gov.br\/pc\/wp-content\/uploads\/sites\/42\/2022\/11\/WhatsApp-Image-2022-11-17-at-06.48.19-1.jpeg",750,554,false],"homepage-slider":["https:\/\/portal.pi.gov.br\/pc\/wp-content\/uploads\/sites\/42\/2022\/11\/WhatsApp-Image-2022-11-17-at-06.48.19-1-750x500.jpeg",750,500,true],"homepage-slider-small":["https:\/\/portal.pi.gov.br\/pc\/wp-content\/uploads\/sites\/42\/2022\/11\/WhatsApp-Image-2022-11-17-at-06.48.19-1-750x500.jpeg",750,500,true],"page-top":["https:\/\/portal.pi.gov.br\/pc\/wp-content\/uploads\/sites\/42\/2022\/11\/WhatsApp-Image-2022-11-17-at-06.48.19-1.jpeg",750,554,false],"page-small":["https:\/\/portal.pi.gov.br\/pc\/wp-content\/uploads\/sites\/42\/2022\/11\/WhatsApp-Image-2022-11-17-at-06.48.19-1-624x461.jpeg",624,461,true],"loop-main":["https:\/\/portal.pi.gov.br\/pc\/wp-content\/uploads\/sites\/42\/2022\/11\/WhatsApp-Image-2022-11-17-at-06.48.19-1-365x240.jpeg",365,240,true],"thumb-gallery-widget":["https:\/\/portal.pi.gov.br\/pc\/wp-content\/uploads\/sites\/42\/2022\/11\/WhatsApp-Image-2022-11-17-at-06.48.19-1-84x56.jpeg",84,56,true]},"post_excerpt_stackable_v2":"<p>A Pol\u00edcia Civil, por meio da 11\u00aa Delegacia de Pol\u00edcia de Teresina, com apoio da For\u00e7a Estadual Integrada de Seguran\u00e7a P\u00fablica (FEISP), cumpriu nesta manh\u00e3 (26\/04), dois mandados de pris\u00e3o preventiva e tr\u00eas mandados de busca e apreens\u00e3o em desfavor de empres\u00e1rios identificados pelas iniciais J.G.C. e K.A.S., por crime de estelionato. As pris\u00f5es aconteceram na zona leste Teresina. De acordo com o delegado Samuel Silveira, ap\u00f3s a venda de um carro de luxo, a v\u00edtima teve um preju\u00edzo avaliado em cerca de R$ 100 mil. &#8220;Esses empres\u00e1rios recebiam a documenta\u00e7\u00e3o do ve\u00edculo, repassavam para uma terceira pessoa, que realizava&hellip;<\/p>\n","category_list_v2":"<a href=\"https:\/\/portal.pi.gov.br\/pc\/category\/noticias\/\" rel=\"category tag\">PC<\/a>","author_info_v2":{"name":"Aline Noleto Silva de Araujo","url":"https:\/\/portal.pi.gov.br\/pc\/author\/alinenoleto\/"},"comments_num_v2":"0 coment\u00e1rio","jetpack_featured_media_url":"https:\/\/portal.pi.gov.br\/pc\/wp-content\/uploads\/sites\/42\/2022\/11\/WhatsApp-Image-2022-11-17-at-06.48.19-1.jpeg","_links":{"self":[{"href":"https:\/\/portal.pi.gov.br\/pc\/wp-json\/wp\/v2\/posts\/3998"}],"collection":[{"href":"https:\/\/portal.pi.gov.br\/pc\/wp-json\/wp\/v2\/posts"}],"about":[{"href":"https:\/\/portal.pi.gov.br\/pc\/wp-json\/wp\/v2\/types\/post"}],"author":[{"embeddable":true,"href":"https:\/\/portal.pi.gov.br\/pc\/wp-json\/wp\/v2\/users\/59"}],"replies":[{"embeddable":true,"href":"https:\/\/portal.pi.gov.br\/pc\/wp-json\/wp\/v2\/comments?post=3998"}],"version-history":[{"count":1,"href":"https:\/\/portal.pi.gov.br\/pc\/wp-json\/wp\/v2\/posts\/3998\/revisions"}],"predecessor-version":[{"id":3999,"href":"https:\/\/portal.pi.gov.br\/pc\/wp-json\/wp\/v2\/posts\/3998\/revisions\/3999"}],"wp:featuredmedia":[{"embeddable":true,"href":"https:\/\/portal.pi.gov.br\/pc\/wp-json\/wp\/v2\/media\/2533"}],"wp:attachment":[{"href":"https:\/\/portal.pi.gov.br\/pc\/wp-json\/wp\/v2\/media?parent=3998"}],"wp:term":[{"taxonomy":"category","embeddable":true,"href":"https:\/\/portal.pi.gov.br\/pc\/wp-json\/wp\/v2\/categories?post=3998"},{"taxonomy":"post_tag","embeddable":true,"href":"https:\/\/portal.pi.gov.br\/pc\/wp-json\/wp\/v2\/tags?post=3998"}],"curies":[{"name":"wp","href":"https:\/\/api.w.org\/{rel}","templated":true}]}}