{"id":4000,"date":"2023-04-26T17:56:55","date_gmt":"2023-04-26T20:56:55","guid":{"rendered":"https:\/\/portal.pi.gov.br\/pc\/?p=4000"},"modified":"2023-04-26T17:56:57","modified_gmt":"2023-04-26T20:56:57","slug":"policia-civil-prende-duas-pessoas-e-recupera-caminhao-na-capital","status":"publish","type":"post","link":"https:\/\/portal.pi.gov.br\/pc\/2023\/04\/26\/policia-civil-prende-duas-pessoas-e-recupera-caminhao-na-capital\/","title":{"rendered":"Pol\u00edcia Civil prende duas pessoas e recupera caminh\u00e3o na capital"},"content":{"rendered":"\n<p>A Pol\u00edcia Civil do Piau\u00ed , por meio da POLINTER, cumpriu nesta quarta-feira (26\/04), 02 (dois) mandados de pris\u00e3o preventiva em Teresina.<\/p>\n\n\n\n<p>Os policiais prenderam um nacional, suspeito de roubar juntamente com um companheiro, e mediante arma de fogo, uma motocicleta, no bairro Marqu\u00eas, zona norte da capital.<\/p>\n\n\n\n<figure class=\"wp-block-image size-large\"><img decoding=\"async\" loading=\"lazy\" width=\"1024\" height=\"768\" src=\"https:\/\/portal.pi.gov.br\/pc\/wp-content\/uploads\/sites\/42\/2023\/04\/IMG-20230426-WA0071-1-1024x768.jpg\" alt=\"\" class=\"wp-image-4002\" srcset=\"https:\/\/portal.pi.gov.br\/pc\/wp-content\/uploads\/sites\/42\/2023\/04\/IMG-20230426-WA0071-1-1024x768.jpg 1024w, https:\/\/portal.pi.gov.br\/pc\/wp-content\/uploads\/sites\/42\/2023\/04\/IMG-20230426-WA0071-1-300x225.jpg 300w, https:\/\/portal.pi.gov.br\/pc\/wp-content\/uploads\/sites\/42\/2023\/04\/IMG-20230426-WA0071-1-768x576.jpg 768w, https:\/\/portal.pi.gov.br\/pc\/wp-content\/uploads\/sites\/42\/2023\/04\/IMG-20230426-WA0071-1-420x315.jpg 420w, https:\/\/portal.pi.gov.br\/pc\/wp-content\/uploads\/sites\/42\/2023\/04\/IMG-20230426-WA0071-1-540x405.jpg 540w, https:\/\/portal.pi.gov.br\/pc\/wp-content\/uploads\/sites\/42\/2023\/04\/IMG-20230426-WA0071-1-780x585.jpg 780w, https:\/\/portal.pi.gov.br\/pc\/wp-content\/uploads\/sites\/42\/2023\/04\/IMG-20230426-WA0071-1-947x710.jpg 947w, https:\/\/portal.pi.gov.br\/pc\/wp-content\/uploads\/sites\/42\/2023\/04\/IMG-20230426-WA0071-1-624x468.jpg 624w, https:\/\/portal.pi.gov.br\/pc\/wp-content\/uploads\/sites\/42\/2023\/04\/IMG-20230426-WA0071-1.jpg 1280w\" sizes=\"(max-width: 1024px) 100vw, 1024px\" \/><\/figure>\n\n\n\n<p>Durante as buscas na resid\u00eancia do autor foi apreendido um simulacro de arma de fogo.<\/p>\n\n\n\n<figure class=\"wp-block-image size-large\"><img decoding=\"async\" loading=\"lazy\" width=\"576\" height=\"1024\" src=\"https:\/\/portal.pi.gov.br\/pc\/wp-content\/uploads\/sites\/42\/2023\/04\/IMG-20230426-WA0073-576x1024.jpg\" alt=\"\" class=\"wp-image-4003\" srcset=\"https:\/\/portal.pi.gov.br\/pc\/wp-content\/uploads\/sites\/42\/2023\/04\/IMG-20230426-WA0073-576x1024.jpg 576w, https:\/\/portal.pi.gov.br\/pc\/wp-content\/uploads\/sites\/42\/2023\/04\/IMG-20230426-WA0073-169x300.jpg 169w, https:\/\/portal.pi.gov.br\/pc\/wp-content\/uploads\/sites\/42\/2023\/04\/IMG-20230426-WA0073-236x420.jpg 236w, https:\/\/portal.pi.gov.br\/pc\/wp-content\/uploads\/sites\/42\/2023\/04\/IMG-20230426-WA0073-304x540.jpg 304w, https:\/\/portal.pi.gov.br\/pc\/wp-content\/uploads\/sites\/42\/2023\/04\/IMG-20230426-WA0073-439x780.jpg 439w, https:\/\/portal.pi.gov.br\/pc\/wp-content\/uploads\/sites\/42\/2023\/04\/IMG-20230426-WA0073-624x1109.jpg 624w, https:\/\/portal.pi.gov.br\/pc\/wp-content\/uploads\/sites\/42\/2023\/04\/IMG-20230426-WA0073.jpg 720w\" sizes=\"(max-width: 576px) 100vw, 576px\" \/><\/figure>\n\n\n\n<p>O outro suspeito \u00e9 menor e j\u00e1 havia sido apreendido pelos policiais, sendo que encontra-se internado no CEM.<\/p>\n\n\n\n<p>Numa outra situa\u00e7\u00e3o, os policiais prenderam um nacional suspeito de roubar uma motocicleta, no bairro Renascen\u00e7a II, zona sudeste da capital.<\/p>\n\n\n\n<figure class=\"wp-block-image size-large\"><img decoding=\"async\" loading=\"lazy\" width=\"1024\" height=\"576\" src=\"https:\/\/portal.pi.gov.br\/pc\/wp-content\/uploads\/sites\/42\/2023\/04\/IMG-20230426-WA0072-1024x576.jpg\" alt=\"\" class=\"wp-image-4004\" srcset=\"https:\/\/portal.pi.gov.br\/pc\/wp-content\/uploads\/sites\/42\/2023\/04\/IMG-20230426-WA0072-1024x576.jpg 1024w, https:\/\/portal.pi.gov.br\/pc\/wp-content\/uploads\/sites\/42\/2023\/04\/IMG-20230426-WA0072-300x169.jpg 300w, https:\/\/portal.pi.gov.br\/pc\/wp-content\/uploads\/sites\/42\/2023\/04\/IMG-20230426-WA0072-768x432.jpg 768w, https:\/\/portal.pi.gov.br\/pc\/wp-content\/uploads\/sites\/42\/2023\/04\/IMG-20230426-WA0072-420x236.jpg 420w, https:\/\/portal.pi.gov.br\/pc\/wp-content\/uploads\/sites\/42\/2023\/04\/IMG-20230426-WA0072-540x304.jpg 540w, https:\/\/portal.pi.gov.br\/pc\/wp-content\/uploads\/sites\/42\/2023\/04\/IMG-20230426-WA0072-780x439.jpg 780w, https:\/\/portal.pi.gov.br\/pc\/wp-content\/uploads\/sites\/42\/2023\/04\/IMG-20230426-WA0072-1536x864.jpg 1536w, https:\/\/portal.pi.gov.br\/pc\/wp-content\/uploads\/sites\/42\/2023\/04\/IMG-20230426-WA0072-947x532.jpg 947w, https:\/\/portal.pi.gov.br\/pc\/wp-content\/uploads\/sites\/42\/2023\/04\/IMG-20230426-WA0072-624x351.jpg 624w, https:\/\/portal.pi.gov.br\/pc\/wp-content\/uploads\/sites\/42\/2023\/04\/IMG-20230426-WA0072.jpg 1599w\" sizes=\"(max-width: 1024px) 100vw, 1024px\" \/><\/figure>\n\n\n\n<p>Al\u00e9m disso, os policiais recuperaram um caminh\u00e3o ba\u00fa, que havia sido furtado no Estado de S\u00e3o Paulo. As investiga\u00e7\u00f5es sobre o fato correm em sigilo.<\/p>\n\n\n\n<p><em>A Polinter disponibiliza um n\u00famero para DEN\u00daNCIAS, as quais s\u00e3o mantidas em SIGILO ABSOLUTO: 86 99533-3877<\/em><\/p>\n","protected":false},"excerpt":{"rendered":"<p>A Pol\u00edcia Civil do Piau\u00ed , por meio da POLINTER, cumpriu nesta quarta-feira (26\/04), 02 (dois) mandados de pris\u00e3o preventiva em Teresina. Os policiais prenderam um nacional, suspeito de roubar [&hellip;]<\/p>\n","protected":false},"author":59,"featured_media":4001,"comment_status":"closed","ping_status":"closed","sticky":false,"template":"","format":"standard","meta":[],"categories":[1],"tags":[],"featured_image_urls":{"full":["https:\/\/portal.pi.gov.br\/pc\/wp-content\/uploads\/sites\/42\/2023\/04\/IMG-20230426-WA0071.jpg",1280,960,false],"thumbnail":["https:\/\/portal.pi.gov.br\/pc\/wp-content\/uploads\/sites\/42\/2023\/04\/IMG-20230426-WA0071-150x150.jpg",150,150,true],"medium":["https:\/\/portal.pi.gov.br\/pc\/wp-content\/uploads\/sites\/42\/2023\/04\/IMG-20230426-WA0071-300x225.jpg",300,225,true],"medium_large":["https:\/\/portal.pi.gov.br\/pc\/wp-content\/uploads\/sites\/42\/2023\/04\/IMG-20230426-WA0071-768x576.jpg",768,576,true],"large":["https:\/\/portal.pi.gov.br\/pc\/wp-content\/uploads\/sites\/42\/2023\/04\/IMG-20230426-WA0071-1024x768.jpg",887,665,true],"sgg-420":["https:\/\/portal.pi.gov.br\/pc\/wp-content\/uploads\/sites\/42\/2023\/04\/IMG-20230426-WA0071-420x315.jpg",420,315,true],"sgg-540":["https:\/\/portal.pi.gov.br\/pc\/wp-content\/uploads\/sites\/42\/2023\/04\/IMG-20230426-WA0071-540x405.jpg",540,405,true],"sgg-780":["https:\/\/portal.pi.gov.br\/pc\/wp-content\/uploads\/sites\/42\/2023\/04\/IMG-20230426-WA0071-780x585.jpg",780,585,true],"1536x1536":["https:\/\/portal.pi.gov.br\/pc\/wp-content\/uploads\/sites\/42\/2023\/04\/IMG-20230426-WA0071.jpg",1280,960,false],"2048x2048":["https:\/\/portal.pi.gov.br\/pc\/wp-content\/uploads\/sites\/42\/2023\/04\/IMG-20230426-WA0071.jpg",1280,960,false],"homepage-slider":["https:\/\/portal.pi.gov.br\/pc\/wp-content\/uploads\/sites\/42\/2023\/04\/IMG-20230426-WA0071-1270x500.jpg",1270,500,true],"homepage-slider-small":["https:\/\/portal.pi.gov.br\/pc\/wp-content\/uploads\/sites\/42\/2023\/04\/IMG-20230426-WA0071-947x500.jpg",947,500,true],"page-top":["https:\/\/portal.pi.gov.br\/pc\/wp-content\/uploads\/sites\/42\/2023\/04\/IMG-20230426-WA0071-947x710.jpg",947,710,true],"page-small":["https:\/\/portal.pi.gov.br\/pc\/wp-content\/uploads\/sites\/42\/2023\/04\/IMG-20230426-WA0071-624x468.jpg",624,468,true],"loop-main":["https:\/\/portal.pi.gov.br\/pc\/wp-content\/uploads\/sites\/42\/2023\/04\/IMG-20230426-WA0071-365x240.jpg",365,240,true],"thumb-gallery-widget":["https:\/\/portal.pi.gov.br\/pc\/wp-content\/uploads\/sites\/42\/2023\/04\/IMG-20230426-WA0071-84x56.jpg",84,56,true]},"post_excerpt_stackable":"<p>A Pol\u00edcia Civil do Piau\u00ed , por meio da POLINTER, cumpriu nesta quarta-feira (26\/04), 02 (dois) mandados de pris\u00e3o preventiva em Teresina. Os policiais prenderam um nacional, suspeito de roubar juntamente com um companheiro, e mediante arma de fogo, uma motocicleta, no bairro Marqu\u00eas, zona norte da capital. Durante as buscas na resid\u00eancia do autor foi apreendido um simulacro de arma de fogo. O outro suspeito \u00e9 menor e j\u00e1 havia sido apreendido pelos policiais, sendo que encontra-se internado no CEM. Numa outra situa\u00e7\u00e3o, os policiais prenderam um nacional suspeito de roubar uma motocicleta, no bairro Renascen\u00e7a II, zona sudeste&hellip;<\/p>\n","category_list":"<a href=\"https:\/\/portal.pi.gov.br\/pc\/category\/noticias\/\" rel=\"category tag\">PC<\/a>","author_info":{"name":"Aline Noleto Silva de Araujo","url":"https:\/\/portal.pi.gov.br\/pc\/author\/alinenoleto\/"},"comments_num":"0 coment\u00e1rio","featured_image_urls_v2":{"full":["https:\/\/portal.pi.gov.br\/pc\/wp-content\/uploads\/sites\/42\/2023\/04\/IMG-20230426-WA0071.jpg",1280,960,false],"thumbnail":["https:\/\/portal.pi.gov.br\/pc\/wp-content\/uploads\/sites\/42\/2023\/04\/IMG-20230426-WA0071-150x150.jpg",150,150,true],"medium":["https:\/\/portal.pi.gov.br\/pc\/wp-content\/uploads\/sites\/42\/2023\/04\/IMG-20230426-WA0071-300x225.jpg",300,225,true],"medium_large":["https:\/\/portal.pi.gov.br\/pc\/wp-content\/uploads\/sites\/42\/2023\/04\/IMG-20230426-WA0071-768x576.jpg",768,576,true],"large":["https:\/\/portal.pi.gov.br\/pc\/wp-content\/uploads\/sites\/42\/2023\/04\/IMG-20230426-WA0071-1024x768.jpg",887,665,true],"sgg-420":["https:\/\/portal.pi.gov.br\/pc\/wp-content\/uploads\/sites\/42\/2023\/04\/IMG-20230426-WA0071-420x315.jpg",420,315,true],"sgg-540":["https:\/\/portal.pi.gov.br\/pc\/wp-content\/uploads\/sites\/42\/2023\/04\/IMG-20230426-WA0071-540x405.jpg",540,405,true],"sgg-780":["https:\/\/portal.pi.gov.br\/pc\/wp-content\/uploads\/sites\/42\/2023\/04\/IMG-20230426-WA0071-780x585.jpg",780,585,true],"1536x1536":["https:\/\/portal.pi.gov.br\/pc\/wp-content\/uploads\/sites\/42\/2023\/04\/IMG-20230426-WA0071.jpg",1280,960,false],"2048x2048":["https:\/\/portal.pi.gov.br\/pc\/wp-content\/uploads\/sites\/42\/2023\/04\/IMG-20230426-WA0071.jpg",1280,960,false],"homepage-slider":["https:\/\/portal.pi.gov.br\/pc\/wp-content\/uploads\/sites\/42\/2023\/04\/IMG-20230426-WA0071-1270x500.jpg",1270,500,true],"homepage-slider-small":["https:\/\/portal.pi.gov.br\/pc\/wp-content\/uploads\/sites\/42\/2023\/04\/IMG-20230426-WA0071-947x500.jpg",947,500,true],"page-top":["https:\/\/portal.pi.gov.br\/pc\/wp-content\/uploads\/sites\/42\/2023\/04\/IMG-20230426-WA0071-947x710.jpg",947,710,true],"page-small":["https:\/\/portal.pi.gov.br\/pc\/wp-content\/uploads\/sites\/42\/2023\/04\/IMG-20230426-WA0071-624x468.jpg",624,468,true],"loop-main":["https:\/\/portal.pi.gov.br\/pc\/wp-content\/uploads\/sites\/42\/2023\/04\/IMG-20230426-WA0071-365x240.jpg",365,240,true],"thumb-gallery-widget":["https:\/\/portal.pi.gov.br\/pc\/wp-content\/uploads\/sites\/42\/2023\/04\/IMG-20230426-WA0071-84x56.jpg",84,56,true]},"post_excerpt_stackable_v2":"<p>A Pol\u00edcia Civil do Piau\u00ed , por meio da POLINTER, cumpriu nesta quarta-feira (26\/04), 02 (dois) mandados de pris\u00e3o preventiva em Teresina. Os policiais prenderam um nacional, suspeito de roubar juntamente com um companheiro, e mediante arma de fogo, uma motocicleta, no bairro Marqu\u00eas, zona norte da capital. Durante as buscas na resid\u00eancia do autor foi apreendido um simulacro de arma de fogo. O outro suspeito \u00e9 menor e j\u00e1 havia sido apreendido pelos policiais, sendo que encontra-se internado no CEM. Numa outra situa\u00e7\u00e3o, os policiais prenderam um nacional suspeito de roubar uma motocicleta, no bairro Renascen\u00e7a II, zona sudeste&hellip;<\/p>\n","category_list_v2":"<a href=\"https:\/\/portal.pi.gov.br\/pc\/category\/noticias\/\" rel=\"category tag\">PC<\/a>","author_info_v2":{"name":"Aline Noleto Silva de Araujo","url":"https:\/\/portal.pi.gov.br\/pc\/author\/alinenoleto\/"},"comments_num_v2":"0 coment\u00e1rio","jetpack_featured_media_url":"https:\/\/portal.pi.gov.br\/pc\/wp-content\/uploads\/sites\/42\/2023\/04\/IMG-20230426-WA0071.jpg","_links":{"self":[{"href":"https:\/\/portal.pi.gov.br\/pc\/wp-json\/wp\/v2\/posts\/4000"}],"collection":[{"href":"https:\/\/portal.pi.gov.br\/pc\/wp-json\/wp\/v2\/posts"}],"about":[{"href":"https:\/\/portal.pi.gov.br\/pc\/wp-json\/wp\/v2\/types\/post"}],"author":[{"embeddable":true,"href":"https:\/\/portal.pi.gov.br\/pc\/wp-json\/wp\/v2\/users\/59"}],"replies":[{"embeddable":true,"href":"https:\/\/portal.pi.gov.br\/pc\/wp-json\/wp\/v2\/comments?post=4000"}],"version-history":[{"count":1,"href":"https:\/\/portal.pi.gov.br\/pc\/wp-json\/wp\/v2\/posts\/4000\/revisions"}],"predecessor-version":[{"id":4005,"href":"https:\/\/portal.pi.gov.br\/pc\/wp-json\/wp\/v2\/posts\/4000\/revisions\/4005"}],"wp:featuredmedia":[{"embeddable":true,"href":"https:\/\/portal.pi.gov.br\/pc\/wp-json\/wp\/v2\/media\/4001"}],"wp:attachment":[{"href":"https:\/\/portal.pi.gov.br\/pc\/wp-json\/wp\/v2\/media?parent=4000"}],"wp:term":[{"taxonomy":"category","embeddable":true,"href":"https:\/\/portal.pi.gov.br\/pc\/wp-json\/wp\/v2\/categories?post=4000"},{"taxonomy":"post_tag","embeddable":true,"href":"https:\/\/portal.pi.gov.br\/pc\/wp-json\/wp\/v2\/tags?post=4000"}],"curies":[{"name":"wp","href":"https:\/\/api.w.org\/{rel}","templated":true}]}}