{"id":4006,"date":"2023-04-26T18:03:14","date_gmt":"2023-04-26T21:03:14","guid":{"rendered":"https:\/\/portal.pi.gov.br\/pc\/?p=4006"},"modified":"2023-04-26T18:05:43","modified_gmt":"2023-04-26T21:05:43","slug":"policia-civil-realiza-prisao-e-apreende-entorpecentes-em-piripiri","status":"publish","type":"post","link":"https:\/\/portal.pi.gov.br\/pc\/2023\/04\/26\/policia-civil-realiza-prisao-e-apreende-entorpecentes-em-piripiri\/","title":{"rendered":"Pol\u00edcia Civil realiza pris\u00f5es e apreende entorpecentes em Piripiri"},"content":{"rendered":"\n<p>A Pol\u00edcia Civil do Piau\u00ed cumpriu tr\u00eas mandados de busca e apreens\u00e3o e efetuou a pris\u00e3o de dois homens na manh\u00e3 desta quarta-feira (26), na cidade de Piripiri, regi\u00e3o norte do Piau\u00ed. Os presos s\u00e3o acusados pelos crimes de porte ilegal de arma de fogo e duas tentativas de homic\u00eddio, nos meses de fevereiro e mar\u00e7o, na cidade. <\/p>\n\n\n\n<figure class=\"wp-block-image size-large\"><img decoding=\"async\" loading=\"lazy\" width=\"1024\" height=\"644\" src=\"https:\/\/portal.pi.gov.br\/pc\/wp-content\/uploads\/sites\/42\/2023\/04\/IMG-20230426-WA0074-1024x644.jpg\" alt=\"\" class=\"wp-image-4007\" srcset=\"https:\/\/portal.pi.gov.br\/pc\/wp-content\/uploads\/sites\/42\/2023\/04\/IMG-20230426-WA0074-1024x644.jpg 1024w, https:\/\/portal.pi.gov.br\/pc\/wp-content\/uploads\/sites\/42\/2023\/04\/IMG-20230426-WA0074-300x189.jpg 300w, https:\/\/portal.pi.gov.br\/pc\/wp-content\/uploads\/sites\/42\/2023\/04\/IMG-20230426-WA0074-768x483.jpg 768w, https:\/\/portal.pi.gov.br\/pc\/wp-content\/uploads\/sites\/42\/2023\/04\/IMG-20230426-WA0074-420x264.jpg 420w, https:\/\/portal.pi.gov.br\/pc\/wp-content\/uploads\/sites\/42\/2023\/04\/IMG-20230426-WA0074-540x340.jpg 540w, https:\/\/portal.pi.gov.br\/pc\/wp-content\/uploads\/sites\/42\/2023\/04\/IMG-20230426-WA0074-780x490.jpg 780w, https:\/\/portal.pi.gov.br\/pc\/wp-content\/uploads\/sites\/42\/2023\/04\/IMG-20230426-WA0074-1536x966.jpg 1536w, https:\/\/portal.pi.gov.br\/pc\/wp-content\/uploads\/sites\/42\/2023\/04\/IMG-20230426-WA0074-947x595.jpg 947w, https:\/\/portal.pi.gov.br\/pc\/wp-content\/uploads\/sites\/42\/2023\/04\/IMG-20230426-WA0074-624x392.jpg 624w, https:\/\/portal.pi.gov.br\/pc\/wp-content\/uploads\/sites\/42\/2023\/04\/IMG-20230426-WA0074.jpg 1600w\" sizes=\"(max-width: 1024px) 100vw, 1024px\" \/><\/figure>\n\n\n\n<p>A a\u00e7\u00e3o foi comandada pela Delegacia Regional de Piripiri, For\u00e7a Estadual Integrada de Seguran\u00e7a e For\u00e7a T\u00e1tica da Pol\u00edcia Militar.<\/p>\n\n\n\n<figure class=\"wp-block-image size-large\"><img decoding=\"async\" loading=\"lazy\" width=\"1024\" height=\"768\" src=\"https:\/\/portal.pi.gov.br\/pc\/wp-content\/uploads\/sites\/42\/2023\/04\/IMG-20230426-WA0075-1024x768.jpg\" alt=\"\" class=\"wp-image-4008\" srcset=\"https:\/\/portal.pi.gov.br\/pc\/wp-content\/uploads\/sites\/42\/2023\/04\/IMG-20230426-WA0075-1024x768.jpg 1024w, https:\/\/portal.pi.gov.br\/pc\/wp-content\/uploads\/sites\/42\/2023\/04\/IMG-20230426-WA0075-300x225.jpg 300w, https:\/\/portal.pi.gov.br\/pc\/wp-content\/uploads\/sites\/42\/2023\/04\/IMG-20230426-WA0075-768x576.jpg 768w, https:\/\/portal.pi.gov.br\/pc\/wp-content\/uploads\/sites\/42\/2023\/04\/IMG-20230426-WA0075-420x315.jpg 420w, https:\/\/portal.pi.gov.br\/pc\/wp-content\/uploads\/sites\/42\/2023\/04\/IMG-20230426-WA0075-540x405.jpg 540w, https:\/\/portal.pi.gov.br\/pc\/wp-content\/uploads\/sites\/42\/2023\/04\/IMG-20230426-WA0075-780x585.jpg 780w, https:\/\/portal.pi.gov.br\/pc\/wp-content\/uploads\/sites\/42\/2023\/04\/IMG-20230426-WA0075-1536x1152.jpg 1536w, https:\/\/portal.pi.gov.br\/pc\/wp-content\/uploads\/sites\/42\/2023\/04\/IMG-20230426-WA0075-947x710.jpg 947w, https:\/\/portal.pi.gov.br\/pc\/wp-content\/uploads\/sites\/42\/2023\/04\/IMG-20230426-WA0075-624x468.jpg 624w, https:\/\/portal.pi.gov.br\/pc\/wp-content\/uploads\/sites\/42\/2023\/04\/IMG-20230426-WA0075.jpg 1600w\" sizes=\"(max-width: 1024px) 100vw, 1024px\" \/><\/figure>\n\n\n\n<p>De acordo com informa\u00e7\u00f5es da Pol\u00edcia Civil, durante o cumprimento dos mandados de busca, foi localizado um vasto material que caracteriza o tr\u00e1fico de drogas. Ainda na a\u00e7\u00e3o, foi lavrado um Termo Circunstanciado de Ocorr\u00eancia (TCO) contra um terceiro homem que, no momento da opera\u00e7\u00e3o, estava de posse de entorpecentes.<\/p>\n","protected":false},"excerpt":{"rendered":"<p>A Pol\u00edcia Civil do Piau\u00ed cumpriu tr\u00eas mandados de busca e apreens\u00e3o e efetuou a pris\u00e3o de dois homens na manh\u00e3 desta quarta-feira (26), na cidade de Piripiri, regi\u00e3o norte [&hellip;]<\/p>\n","protected":false},"author":59,"featured_media":4009,"comment_status":"closed","ping_status":"closed","sticky":false,"template":"","format":"standard","meta":[],"categories":[1],"tags":[],"featured_image_urls":{"full":["https:\/\/portal.pi.gov.br\/pc\/wp-content\/uploads\/sites\/42\/2023\/04\/IMG-20230426-WA0075-1.jpg",1600,1200,false],"thumbnail":["https:\/\/portal.pi.gov.br\/pc\/wp-content\/uploads\/sites\/42\/2023\/04\/IMG-20230426-WA0075-1-150x150.jpg",150,150,true],"medium":["https:\/\/portal.pi.gov.br\/pc\/wp-content\/uploads\/sites\/42\/2023\/04\/IMG-20230426-WA0075-1-300x225.jpg",300,225,true],"medium_large":["https:\/\/portal.pi.gov.br\/pc\/wp-content\/uploads\/sites\/42\/2023\/04\/IMG-20230426-WA0075-1-768x576.jpg",768,576,true],"large":["https:\/\/portal.pi.gov.br\/pc\/wp-content\/uploads\/sites\/42\/2023\/04\/IMG-20230426-WA0075-1-1024x768.jpg",887,665,true],"sgg-420":["https:\/\/portal.pi.gov.br\/pc\/wp-content\/uploads\/sites\/42\/2023\/04\/IMG-20230426-WA0075-1-420x315.jpg",420,315,true],"sgg-540":["https:\/\/portal.pi.gov.br\/pc\/wp-content\/uploads\/sites\/42\/2023\/04\/IMG-20230426-WA0075-1-540x405.jpg",540,405,true],"sgg-780":["https:\/\/portal.pi.gov.br\/pc\/wp-content\/uploads\/sites\/42\/2023\/04\/IMG-20230426-WA0075-1-780x585.jpg",780,585,true],"1536x1536":["https:\/\/portal.pi.gov.br\/pc\/wp-content\/uploads\/sites\/42\/2023\/04\/IMG-20230426-WA0075-1-1536x1152.jpg",1536,1152,true],"2048x2048":["https:\/\/portal.pi.gov.br\/pc\/wp-content\/uploads\/sites\/42\/2023\/04\/IMG-20230426-WA0075-1.jpg",1600,1200,false],"homepage-slider":["https:\/\/portal.pi.gov.br\/pc\/wp-content\/uploads\/sites\/42\/2023\/04\/IMG-20230426-WA0075-1-1270x500.jpg",1270,500,true],"homepage-slider-small":["https:\/\/portal.pi.gov.br\/pc\/wp-content\/uploads\/sites\/42\/2023\/04\/IMG-20230426-WA0075-1-947x500.jpg",947,500,true],"page-top":["https:\/\/portal.pi.gov.br\/pc\/wp-content\/uploads\/sites\/42\/2023\/04\/IMG-20230426-WA0075-1-947x710.jpg",947,710,true],"page-small":["https:\/\/portal.pi.gov.br\/pc\/wp-content\/uploads\/sites\/42\/2023\/04\/IMG-20230426-WA0075-1-624x468.jpg",624,468,true],"loop-main":["https:\/\/portal.pi.gov.br\/pc\/wp-content\/uploads\/sites\/42\/2023\/04\/IMG-20230426-WA0075-1-365x240.jpg",365,240,true],"thumb-gallery-widget":["https:\/\/portal.pi.gov.br\/pc\/wp-content\/uploads\/sites\/42\/2023\/04\/IMG-20230426-WA0075-1-84x56.jpg",84,56,true]},"post_excerpt_stackable":"<p>A Pol\u00edcia Civil do Piau\u00ed cumpriu tr\u00eas mandados de busca e apreens\u00e3o e efetuou a pris\u00e3o de dois homens na manh\u00e3 desta quarta-feira (26), na cidade de Piripiri, regi\u00e3o norte do Piau\u00ed. Os presos s\u00e3o acusados pelos crimes de porte ilegal de arma de fogo e duas tentativas de homic\u00eddio, nos meses de fevereiro e mar\u00e7o, na cidade. A a\u00e7\u00e3o foi comandada pela Delegacia Regional de Piripiri, For\u00e7a Estadual Integrada de Seguran\u00e7a e For\u00e7a T\u00e1tica da Pol\u00edcia Militar. De acordo com informa\u00e7\u00f5es da Pol\u00edcia Civil, durante o cumprimento dos mandados de busca, foi localizado um vasto material que caracteriza o&hellip;<\/p>\n","category_list":"<a href=\"https:\/\/portal.pi.gov.br\/pc\/category\/noticias\/\" rel=\"category tag\">PC<\/a>","author_info":{"name":"Aline Noleto Silva de Araujo","url":"https:\/\/portal.pi.gov.br\/pc\/author\/alinenoleto\/"},"comments_num":"0 coment\u00e1rio","featured_image_urls_v2":{"full":["https:\/\/portal.pi.gov.br\/pc\/wp-content\/uploads\/sites\/42\/2023\/04\/IMG-20230426-WA0075-1.jpg",1600,1200,false],"thumbnail":["https:\/\/portal.pi.gov.br\/pc\/wp-content\/uploads\/sites\/42\/2023\/04\/IMG-20230426-WA0075-1-150x150.jpg",150,150,true],"medium":["https:\/\/portal.pi.gov.br\/pc\/wp-content\/uploads\/sites\/42\/2023\/04\/IMG-20230426-WA0075-1-300x225.jpg",300,225,true],"medium_large":["https:\/\/portal.pi.gov.br\/pc\/wp-content\/uploads\/sites\/42\/2023\/04\/IMG-20230426-WA0075-1-768x576.jpg",768,576,true],"large":["https:\/\/portal.pi.gov.br\/pc\/wp-content\/uploads\/sites\/42\/2023\/04\/IMG-20230426-WA0075-1-1024x768.jpg",887,665,true],"sgg-420":["https:\/\/portal.pi.gov.br\/pc\/wp-content\/uploads\/sites\/42\/2023\/04\/IMG-20230426-WA0075-1-420x315.jpg",420,315,true],"sgg-540":["https:\/\/portal.pi.gov.br\/pc\/wp-content\/uploads\/sites\/42\/2023\/04\/IMG-20230426-WA0075-1-540x405.jpg",540,405,true],"sgg-780":["https:\/\/portal.pi.gov.br\/pc\/wp-content\/uploads\/sites\/42\/2023\/04\/IMG-20230426-WA0075-1-780x585.jpg",780,585,true],"1536x1536":["https:\/\/portal.pi.gov.br\/pc\/wp-content\/uploads\/sites\/42\/2023\/04\/IMG-20230426-WA0075-1-1536x1152.jpg",1536,1152,true],"2048x2048":["https:\/\/portal.pi.gov.br\/pc\/wp-content\/uploads\/sites\/42\/2023\/04\/IMG-20230426-WA0075-1.jpg",1600,1200,false],"homepage-slider":["https:\/\/portal.pi.gov.br\/pc\/wp-content\/uploads\/sites\/42\/2023\/04\/IMG-20230426-WA0075-1-1270x500.jpg",1270,500,true],"homepage-slider-small":["https:\/\/portal.pi.gov.br\/pc\/wp-content\/uploads\/sites\/42\/2023\/04\/IMG-20230426-WA0075-1-947x500.jpg",947,500,true],"page-top":["https:\/\/portal.pi.gov.br\/pc\/wp-content\/uploads\/sites\/42\/2023\/04\/IMG-20230426-WA0075-1-947x710.jpg",947,710,true],"page-small":["https:\/\/portal.pi.gov.br\/pc\/wp-content\/uploads\/sites\/42\/2023\/04\/IMG-20230426-WA0075-1-624x468.jpg",624,468,true],"loop-main":["https:\/\/portal.pi.gov.br\/pc\/wp-content\/uploads\/sites\/42\/2023\/04\/IMG-20230426-WA0075-1-365x240.jpg",365,240,true],"thumb-gallery-widget":["https:\/\/portal.pi.gov.br\/pc\/wp-content\/uploads\/sites\/42\/2023\/04\/IMG-20230426-WA0075-1-84x56.jpg",84,56,true]},"post_excerpt_stackable_v2":"<p>A Pol\u00edcia Civil do Piau\u00ed cumpriu tr\u00eas mandados de busca e apreens\u00e3o e efetuou a pris\u00e3o de dois homens na manh\u00e3 desta quarta-feira (26), na cidade de Piripiri, regi\u00e3o norte do Piau\u00ed. Os presos s\u00e3o acusados pelos crimes de porte ilegal de arma de fogo e duas tentativas de homic\u00eddio, nos meses de fevereiro e mar\u00e7o, na cidade. A a\u00e7\u00e3o foi comandada pela Delegacia Regional de Piripiri, For\u00e7a Estadual Integrada de Seguran\u00e7a e For\u00e7a T\u00e1tica da Pol\u00edcia Militar. De acordo com informa\u00e7\u00f5es da Pol\u00edcia Civil, durante o cumprimento dos mandados de busca, foi localizado um vasto material que caracteriza o&hellip;<\/p>\n","category_list_v2":"<a href=\"https:\/\/portal.pi.gov.br\/pc\/category\/noticias\/\" rel=\"category tag\">PC<\/a>","author_info_v2":{"name":"Aline Noleto Silva de Araujo","url":"https:\/\/portal.pi.gov.br\/pc\/author\/alinenoleto\/"},"comments_num_v2":"0 coment\u00e1rio","jetpack_featured_media_url":"https:\/\/portal.pi.gov.br\/pc\/wp-content\/uploads\/sites\/42\/2023\/04\/IMG-20230426-WA0075-1.jpg","_links":{"self":[{"href":"https:\/\/portal.pi.gov.br\/pc\/wp-json\/wp\/v2\/posts\/4006"}],"collection":[{"href":"https:\/\/portal.pi.gov.br\/pc\/wp-json\/wp\/v2\/posts"}],"about":[{"href":"https:\/\/portal.pi.gov.br\/pc\/wp-json\/wp\/v2\/types\/post"}],"author":[{"embeddable":true,"href":"https:\/\/portal.pi.gov.br\/pc\/wp-json\/wp\/v2\/users\/59"}],"replies":[{"embeddable":true,"href":"https:\/\/portal.pi.gov.br\/pc\/wp-json\/wp\/v2\/comments?post=4006"}],"version-history":[{"count":2,"href":"https:\/\/portal.pi.gov.br\/pc\/wp-json\/wp\/v2\/posts\/4006\/revisions"}],"predecessor-version":[{"id":4012,"href":"https:\/\/portal.pi.gov.br\/pc\/wp-json\/wp\/v2\/posts\/4006\/revisions\/4012"}],"wp:featuredmedia":[{"embeddable":true,"href":"https:\/\/portal.pi.gov.br\/pc\/wp-json\/wp\/v2\/media\/4009"}],"wp:attachment":[{"href":"https:\/\/portal.pi.gov.br\/pc\/wp-json\/wp\/v2\/media?parent=4006"}],"wp:term":[{"taxonomy":"category","embeddable":true,"href":"https:\/\/portal.pi.gov.br\/pc\/wp-json\/wp\/v2\/categories?post=4006"},{"taxonomy":"post_tag","embeddable":true,"href":"https:\/\/portal.pi.gov.br\/pc\/wp-json\/wp\/v2\/tags?post=4006"}],"curies":[{"name":"wp","href":"https:\/\/api.w.org\/{rel}","templated":true}]}}