{"id":4116,"date":"2023-05-11T18:00:53","date_gmt":"2023-05-11T21:00:53","guid":{"rendered":"https:\/\/portal.pi.gov.br\/pc\/?p=4116"},"modified":"2023-05-11T18:00:54","modified_gmt":"2023-05-11T21:00:54","slug":"policia-civil-prende-homem-por-homicidio-praticado-em-inhuma","status":"publish","type":"post","link":"https:\/\/portal.pi.gov.br\/pc\/2023\/05\/11\/policia-civil-prende-homem-por-homicidio-praticado-em-inhuma\/","title":{"rendered":"Pol\u00edcia Civil prende homem por homic\u00eddio praticado em Inhuma"},"content":{"rendered":"\n<p>A Pol\u00edcia Civil do Piau\u00ed, por meio da Delegacia de Inhuma, em a\u00e7\u00e3o conjunta com a Pol\u00edcia Civil do Estado do Acre, atrav\u00e9s da Delegacia de Capixaba, deram cumprimento a mandado de pris\u00e3o na data de hoje, 11.05.2023, em desfavor do nacional V.J.S.<\/p>\n\n\n\n<p>Ap\u00f3s den\u00fancia an\u00f4nima complementada por levantamentos de investiga\u00e7\u00e3o, as equipes das delegacias de Inhuma-PI e Capixaba-AC conseguiram lograr \u00eaxito na localiza\u00e7\u00e3o e pris\u00e3o do nacional V.J.S. na zona rural do munic\u00edpio de Capixaba-AC. <\/p>\n\n\n\n<figure class=\"wp-block-image size-full\"><img decoding=\"async\" loading=\"lazy\" width=\"834\" height=\"626\" src=\"https:\/\/portal.pi.gov.br\/pc\/wp-content\/uploads\/sites\/42\/2023\/05\/IMG-20230511-WA0080.jpg\" alt=\"\" class=\"wp-image-4117\" srcset=\"https:\/\/portal.pi.gov.br\/pc\/wp-content\/uploads\/sites\/42\/2023\/05\/IMG-20230511-WA0080.jpg 834w, https:\/\/portal.pi.gov.br\/pc\/wp-content\/uploads\/sites\/42\/2023\/05\/IMG-20230511-WA0080-300x225.jpg 300w, https:\/\/portal.pi.gov.br\/pc\/wp-content\/uploads\/sites\/42\/2023\/05\/IMG-20230511-WA0080-768x576.jpg 768w, https:\/\/portal.pi.gov.br\/pc\/wp-content\/uploads\/sites\/42\/2023\/05\/IMG-20230511-WA0080-420x315.jpg 420w, https:\/\/portal.pi.gov.br\/pc\/wp-content\/uploads\/sites\/42\/2023\/05\/IMG-20230511-WA0080-540x405.jpg 540w, https:\/\/portal.pi.gov.br\/pc\/wp-content\/uploads\/sites\/42\/2023\/05\/IMG-20230511-WA0080-780x585.jpg 780w, https:\/\/portal.pi.gov.br\/pc\/wp-content\/uploads\/sites\/42\/2023\/05\/IMG-20230511-WA0080-624x468.jpg 624w\" sizes=\"(max-width: 834px) 100vw, 834px\" \/><\/figure>\n\n\n\n<p>V.J.S estava foragido h\u00e1 quase 20 (vinte) anos.O mandado de pris\u00e3o fora emanado em processo oriundo da comarca de Inhuma-PI, onde o nacional V.J.S. responde pelo crime do art. 121, \u00a7 2\u00b0, I, homic\u00eddio qualificado. Na den\u00fancia, o Minist\u00e9rio P\u00fablico relatou que o acusado na data de 29.09.2003, na cidade de Inhuma-PI, teria assinado sua companheira na frente de sua enteada, menor de idade a \u00e9poca. <\/p>\n\n\n\n<p>Na den\u00fancia relatou tamb\u00e9m que o nacional V.J.S ainda tentou municiar sua espingarda para atentar contra a menor, por\u00e9m foi contido por vizinhos e ap\u00f3s isso tomou destino ignorado.Ap\u00f3s a pris\u00e3o, o acusado foi apresentado \u00e0s autoridades locais e ficar\u00e1 a disposi\u00e7\u00e3o da justi\u00e7a.<\/p>\n\n\n\n<p>A Pol\u00edcia Civil refor\u00e7a o pedido para que a popula\u00e7\u00e3o continue efetuando den\u00fancias an\u00f4nimas atrav\u00e9s do formul\u00e1rio disponibilizado nas redes sociais no link: https:\/\/abre.ai\/fM9Z<\/p>\n","protected":false},"excerpt":{"rendered":"<p>A Pol\u00edcia Civil do Piau\u00ed, por meio da Delegacia de Inhuma, em a\u00e7\u00e3o conjunta com a Pol\u00edcia Civil do Estado do Acre, atrav\u00e9s da Delegacia de Capixaba, deram cumprimento a [&hellip;]<\/p>\n","protected":false},"author":59,"featured_media":4117,"comment_status":"closed","ping_status":"closed","sticky":false,"template":"","format":"standard","meta":[],"categories":[1],"tags":[],"featured_image_urls":{"full":["https:\/\/portal.pi.gov.br\/pc\/wp-content\/uploads\/sites\/42\/2023\/05\/IMG-20230511-WA0080.jpg",834,626,false],"thumbnail":["https:\/\/portal.pi.gov.br\/pc\/wp-content\/uploads\/sites\/42\/2023\/05\/IMG-20230511-WA0080-150x150.jpg",150,150,true],"medium":["https:\/\/portal.pi.gov.br\/pc\/wp-content\/uploads\/sites\/42\/2023\/05\/IMG-20230511-WA0080-300x225.jpg",300,225,true],"medium_large":["https:\/\/portal.pi.gov.br\/pc\/wp-content\/uploads\/sites\/42\/2023\/05\/IMG-20230511-WA0080-768x576.jpg",768,576,true],"large":["https:\/\/portal.pi.gov.br\/pc\/wp-content\/uploads\/sites\/42\/2023\/05\/IMG-20230511-WA0080.jpg",834,626,false],"sgg-420":["https:\/\/portal.pi.gov.br\/pc\/wp-content\/uploads\/sites\/42\/2023\/05\/IMG-20230511-WA0080-420x315.jpg",420,315,true],"sgg-540":["https:\/\/portal.pi.gov.br\/pc\/wp-content\/uploads\/sites\/42\/2023\/05\/IMG-20230511-WA0080-540x405.jpg",540,405,true],"sgg-780":["https:\/\/portal.pi.gov.br\/pc\/wp-content\/uploads\/sites\/42\/2023\/05\/IMG-20230511-WA0080-780x585.jpg",780,585,true],"1536x1536":["https:\/\/portal.pi.gov.br\/pc\/wp-content\/uploads\/sites\/42\/2023\/05\/IMG-20230511-WA0080.jpg",834,626,false],"2048x2048":["https:\/\/portal.pi.gov.br\/pc\/wp-content\/uploads\/sites\/42\/2023\/05\/IMG-20230511-WA0080.jpg",834,626,false],"homepage-slider":["https:\/\/portal.pi.gov.br\/pc\/wp-content\/uploads\/sites\/42\/2023\/05\/IMG-20230511-WA0080-834x500.jpg",834,500,true],"homepage-slider-small":["https:\/\/portal.pi.gov.br\/pc\/wp-content\/uploads\/sites\/42\/2023\/05\/IMG-20230511-WA0080-834x500.jpg",834,500,true],"page-top":["https:\/\/portal.pi.gov.br\/pc\/wp-content\/uploads\/sites\/42\/2023\/05\/IMG-20230511-WA0080.jpg",834,626,false],"page-small":["https:\/\/portal.pi.gov.br\/pc\/wp-content\/uploads\/sites\/42\/2023\/05\/IMG-20230511-WA0080-624x468.jpg",624,468,true],"loop-main":["https:\/\/portal.pi.gov.br\/pc\/wp-content\/uploads\/sites\/42\/2023\/05\/IMG-20230511-WA0080-365x240.jpg",365,240,true],"thumb-gallery-widget":["https:\/\/portal.pi.gov.br\/pc\/wp-content\/uploads\/sites\/42\/2023\/05\/IMG-20230511-WA0080-84x56.jpg",84,56,true]},"post_excerpt_stackable":"<p>A Pol\u00edcia Civil do Piau\u00ed, por meio da Delegacia de Inhuma, em a\u00e7\u00e3o conjunta com a Pol\u00edcia Civil do Estado do Acre, atrav\u00e9s da Delegacia de Capixaba, deram cumprimento a mandado de pris\u00e3o na data de hoje, 11.05.2023, em desfavor do nacional V.J.S. Ap\u00f3s den\u00fancia an\u00f4nima complementada por levantamentos de investiga\u00e7\u00e3o, as equipes das delegacias de Inhuma-PI e Capixaba-AC conseguiram lograr \u00eaxito na localiza\u00e7\u00e3o e pris\u00e3o do nacional V.J.S. na zona rural do munic\u00edpio de Capixaba-AC. V.J.S estava foragido h\u00e1 quase 20 (vinte) anos.O mandado de pris\u00e3o fora emanado em processo oriundo da comarca de Inhuma-PI, onde o nacional V.J.S.&hellip;<\/p>\n","category_list":"<a href=\"https:\/\/portal.pi.gov.br\/pc\/category\/noticias\/\" rel=\"category tag\">PC<\/a>","author_info":{"name":"Aline Noleto Silva de Araujo","url":"https:\/\/portal.pi.gov.br\/pc\/author\/alinenoleto\/"},"comments_num":"0 coment\u00e1rio","featured_image_urls_v2":{"full":["https:\/\/portal.pi.gov.br\/pc\/wp-content\/uploads\/sites\/42\/2023\/05\/IMG-20230511-WA0080.jpg",834,626,false],"thumbnail":["https:\/\/portal.pi.gov.br\/pc\/wp-content\/uploads\/sites\/42\/2023\/05\/IMG-20230511-WA0080-150x150.jpg",150,150,true],"medium":["https:\/\/portal.pi.gov.br\/pc\/wp-content\/uploads\/sites\/42\/2023\/05\/IMG-20230511-WA0080-300x225.jpg",300,225,true],"medium_large":["https:\/\/portal.pi.gov.br\/pc\/wp-content\/uploads\/sites\/42\/2023\/05\/IMG-20230511-WA0080-768x576.jpg",768,576,true],"large":["https:\/\/portal.pi.gov.br\/pc\/wp-content\/uploads\/sites\/42\/2023\/05\/IMG-20230511-WA0080.jpg",834,626,false],"sgg-420":["https:\/\/portal.pi.gov.br\/pc\/wp-content\/uploads\/sites\/42\/2023\/05\/IMG-20230511-WA0080-420x315.jpg",420,315,true],"sgg-540":["https:\/\/portal.pi.gov.br\/pc\/wp-content\/uploads\/sites\/42\/2023\/05\/IMG-20230511-WA0080-540x405.jpg",540,405,true],"sgg-780":["https:\/\/portal.pi.gov.br\/pc\/wp-content\/uploads\/sites\/42\/2023\/05\/IMG-20230511-WA0080-780x585.jpg",780,585,true],"1536x1536":["https:\/\/portal.pi.gov.br\/pc\/wp-content\/uploads\/sites\/42\/2023\/05\/IMG-20230511-WA0080.jpg",834,626,false],"2048x2048":["https:\/\/portal.pi.gov.br\/pc\/wp-content\/uploads\/sites\/42\/2023\/05\/IMG-20230511-WA0080.jpg",834,626,false],"homepage-slider":["https:\/\/portal.pi.gov.br\/pc\/wp-content\/uploads\/sites\/42\/2023\/05\/IMG-20230511-WA0080-834x500.jpg",834,500,true],"homepage-slider-small":["https:\/\/portal.pi.gov.br\/pc\/wp-content\/uploads\/sites\/42\/2023\/05\/IMG-20230511-WA0080-834x500.jpg",834,500,true],"page-top":["https:\/\/portal.pi.gov.br\/pc\/wp-content\/uploads\/sites\/42\/2023\/05\/IMG-20230511-WA0080.jpg",834,626,false],"page-small":["https:\/\/portal.pi.gov.br\/pc\/wp-content\/uploads\/sites\/42\/2023\/05\/IMG-20230511-WA0080-624x468.jpg",624,468,true],"loop-main":["https:\/\/portal.pi.gov.br\/pc\/wp-content\/uploads\/sites\/42\/2023\/05\/IMG-20230511-WA0080-365x240.jpg",365,240,true],"thumb-gallery-widget":["https:\/\/portal.pi.gov.br\/pc\/wp-content\/uploads\/sites\/42\/2023\/05\/IMG-20230511-WA0080-84x56.jpg",84,56,true]},"post_excerpt_stackable_v2":"<p>A Pol\u00edcia Civil do Piau\u00ed, por meio da Delegacia de Inhuma, em a\u00e7\u00e3o conjunta com a Pol\u00edcia Civil do Estado do Acre, atrav\u00e9s da Delegacia de Capixaba, deram cumprimento a mandado de pris\u00e3o na data de hoje, 11.05.2023, em desfavor do nacional V.J.S. Ap\u00f3s den\u00fancia an\u00f4nima complementada por levantamentos de investiga\u00e7\u00e3o, as equipes das delegacias de Inhuma-PI e Capixaba-AC conseguiram lograr \u00eaxito na localiza\u00e7\u00e3o e pris\u00e3o do nacional V.J.S. na zona rural do munic\u00edpio de Capixaba-AC. V.J.S estava foragido h\u00e1 quase 20 (vinte) anos.O mandado de pris\u00e3o fora emanado em processo oriundo da comarca de Inhuma-PI, onde o nacional V.J.S.&hellip;<\/p>\n","category_list_v2":"<a href=\"https:\/\/portal.pi.gov.br\/pc\/category\/noticias\/\" rel=\"category tag\">PC<\/a>","author_info_v2":{"name":"Aline Noleto Silva de Araujo","url":"https:\/\/portal.pi.gov.br\/pc\/author\/alinenoleto\/"},"comments_num_v2":"0 coment\u00e1rio","jetpack_featured_media_url":"https:\/\/portal.pi.gov.br\/pc\/wp-content\/uploads\/sites\/42\/2023\/05\/IMG-20230511-WA0080.jpg","_links":{"self":[{"href":"https:\/\/portal.pi.gov.br\/pc\/wp-json\/wp\/v2\/posts\/4116"}],"collection":[{"href":"https:\/\/portal.pi.gov.br\/pc\/wp-json\/wp\/v2\/posts"}],"about":[{"href":"https:\/\/portal.pi.gov.br\/pc\/wp-json\/wp\/v2\/types\/post"}],"author":[{"embeddable":true,"href":"https:\/\/portal.pi.gov.br\/pc\/wp-json\/wp\/v2\/users\/59"}],"replies":[{"embeddable":true,"href":"https:\/\/portal.pi.gov.br\/pc\/wp-json\/wp\/v2\/comments?post=4116"}],"version-history":[{"count":1,"href":"https:\/\/portal.pi.gov.br\/pc\/wp-json\/wp\/v2\/posts\/4116\/revisions"}],"predecessor-version":[{"id":4118,"href":"https:\/\/portal.pi.gov.br\/pc\/wp-json\/wp\/v2\/posts\/4116\/revisions\/4118"}],"wp:featuredmedia":[{"embeddable":true,"href":"https:\/\/portal.pi.gov.br\/pc\/wp-json\/wp\/v2\/media\/4117"}],"wp:attachment":[{"href":"https:\/\/portal.pi.gov.br\/pc\/wp-json\/wp\/v2\/media?parent=4116"}],"wp:term":[{"taxonomy":"category","embeddable":true,"href":"https:\/\/portal.pi.gov.br\/pc\/wp-json\/wp\/v2\/categories?post=4116"},{"taxonomy":"post_tag","embeddable":true,"href":"https:\/\/portal.pi.gov.br\/pc\/wp-json\/wp\/v2\/tags?post=4116"}],"curies":[{"name":"wp","href":"https:\/\/api.w.org\/{rel}","templated":true}]}}