{"id":4290,"date":"2023-05-24T19:02:40","date_gmt":"2023-05-24T22:02:40","guid":{"rendered":"https:\/\/portal.pi.gov.br\/pc\/?p=4290"},"modified":"2023-05-24T19:02:41","modified_gmt":"2023-05-24T22:02:41","slug":"policia-civil-prende-homem-por-estupro-de-vulneravel-em-valenca","status":"publish","type":"post","link":"https:\/\/portal.pi.gov.br\/pc\/2023\/05\/24\/policia-civil-prende-homem-por-estupro-de-vulneravel-em-valenca\/","title":{"rendered":"Pol\u00edcia Civil prende homem por estupro de vulner\u00e1vel em Valen\u00e7a"},"content":{"rendered":"\n<p>A Pol\u00edcia Civil do Piau\u00ed, por meio da Delegacia Regional de Valen\u00e7a\/PI, cumpriu na manh\u00e3 do dia 23\/05\/2023, mandado de pris\u00e3o definitiva em desfavor do senhor de iniciais F.C.P., decorrente de condena\u00e7\u00e3o pela pr\u00e1tica de crime de estupro de vulner\u00e1vel. <\/p>\n\n\n\n<figure class=\"wp-block-image size-large\"><img decoding=\"async\" loading=\"lazy\" width=\"576\" height=\"1024\" src=\"https:\/\/portal.pi.gov.br\/pc\/wp-content\/uploads\/sites\/42\/2023\/05\/IMG-20230524-WA0098-576x1024.jpg\" alt=\"\" class=\"wp-image-4291\" srcset=\"https:\/\/portal.pi.gov.br\/pc\/wp-content\/uploads\/sites\/42\/2023\/05\/IMG-20230524-WA0098-576x1024.jpg 576w, https:\/\/portal.pi.gov.br\/pc\/wp-content\/uploads\/sites\/42\/2023\/05\/IMG-20230524-WA0098-169x300.jpg 169w, https:\/\/portal.pi.gov.br\/pc\/wp-content\/uploads\/sites\/42\/2023\/05\/IMG-20230524-WA0098-768x1365.jpg 768w, https:\/\/portal.pi.gov.br\/pc\/wp-content\/uploads\/sites\/42\/2023\/05\/IMG-20230524-WA0098-236x420.jpg 236w, https:\/\/portal.pi.gov.br\/pc\/wp-content\/uploads\/sites\/42\/2023\/05\/IMG-20230524-WA0098-304x540.jpg 304w, https:\/\/portal.pi.gov.br\/pc\/wp-content\/uploads\/sites\/42\/2023\/05\/IMG-20230524-WA0098-439x780.jpg 439w, https:\/\/portal.pi.gov.br\/pc\/wp-content\/uploads\/sites\/42\/2023\/05\/IMG-20230524-WA0098-864x1536.jpg 864w, https:\/\/portal.pi.gov.br\/pc\/wp-content\/uploads\/sites\/42\/2023\/05\/IMG-20230524-WA0098-624x1109.jpg 624w, https:\/\/portal.pi.gov.br\/pc\/wp-content\/uploads\/sites\/42\/2023\/05\/IMG-20230524-WA0098.jpg 900w\" sizes=\"(max-width: 576px) 100vw, 576px\" \/><\/figure>\n\n\n\n<p><\/p>\n\n\n\n<p>O crime foi praticado tendo como v\u00edtima a pr\u00f3pria sobrinha do sentenciado que era menor de idade. A investiga\u00e7\u00e3o foi realizada pela Delegacia de Valen\u00e7a e resultou no indiciamento do investigado e posterior den\u00fancia do Minist\u00e9rio P\u00fablico. <\/p>\n\n\n\n<p>A pris\u00e3o foi efetuada na resid\u00eancia de F.C.P., no bairro Lavanderia, em Valen\u00e7a.<\/p>\n\n\n\n<p>O preso, atualmente com 70 anos de idade, foi sentenciado a cumprir pena de 14 anos e 6 meses de reclus\u00e3o em regime inicial fechado, tendo sido encaminhado para o estabelecimento prisional adequado.<\/p>\n","protected":false},"excerpt":{"rendered":"<p>A Pol\u00edcia Civil do Piau\u00ed, por meio da Delegacia Regional de Valen\u00e7a\/PI, cumpriu na manh\u00e3 do dia 23\/05\/2023, mandado de pris\u00e3o definitiva em desfavor do senhor de iniciais F.C.P., decorrente [&hellip;]<\/p>\n","protected":false},"author":59,"featured_media":0,"comment_status":"closed","ping_status":"closed","sticky":false,"template":"","format":"standard","meta":[],"categories":[1],"tags":[],"featured_image_urls":{"full":"","thumbnail":"","medium":"","medium_large":"","large":"","sgg-420":"","sgg-540":"","sgg-780":"","1536x1536":"","2048x2048":"","homepage-slider":"","homepage-slider-small":"","page-top":"","page-small":"","loop-main":"","thumb-gallery-widget":""},"post_excerpt_stackable":"<p>A Pol\u00edcia Civil do Piau\u00ed, por meio da Delegacia Regional de Valen\u00e7a\/PI, cumpriu na manh\u00e3 do dia 23\/05\/2023, mandado de pris\u00e3o definitiva em desfavor do senhor de iniciais F.C.P., decorrente de condena\u00e7\u00e3o pela pr\u00e1tica de crime de estupro de vulner\u00e1vel. O crime foi praticado tendo como v\u00edtima a pr\u00f3pria sobrinha do sentenciado que era menor de idade. A investiga\u00e7\u00e3o foi realizada pela Delegacia de Valen\u00e7a e resultou no indiciamento do investigado e posterior den\u00fancia do Minist\u00e9rio P\u00fablico. A pris\u00e3o foi efetuada na resid\u00eancia de F.C.P., no bairro Lavanderia, em Valen\u00e7a. O preso, atualmente com 70 anos de idade, foi sentenciado&hellip;<\/p>\n","category_list":"<a href=\"https:\/\/portal.pi.gov.br\/pc\/category\/noticias\/\" rel=\"category tag\">PC<\/a>","author_info":{"name":"Aline Noleto Silva de Araujo","url":"https:\/\/portal.pi.gov.br\/pc\/author\/alinenoleto\/"},"comments_num":"0 coment\u00e1rio","featured_image_urls_v2":{"full":"","thumbnail":"","medium":"","medium_large":"","large":"","sgg-420":"","sgg-540":"","sgg-780":"","1536x1536":"","2048x2048":"","homepage-slider":"","homepage-slider-small":"","page-top":"","page-small":"","loop-main":"","thumb-gallery-widget":""},"post_excerpt_stackable_v2":"<p>A Pol\u00edcia Civil do Piau\u00ed, por meio da Delegacia Regional de Valen\u00e7a\/PI, cumpriu na manh\u00e3 do dia 23\/05\/2023, mandado de pris\u00e3o definitiva em desfavor do senhor de iniciais F.C.P., decorrente de condena\u00e7\u00e3o pela pr\u00e1tica de crime de estupro de vulner\u00e1vel. O crime foi praticado tendo como v\u00edtima a pr\u00f3pria sobrinha do sentenciado que era menor de idade. A investiga\u00e7\u00e3o foi realizada pela Delegacia de Valen\u00e7a e resultou no indiciamento do investigado e posterior den\u00fancia do Minist\u00e9rio P\u00fablico. A pris\u00e3o foi efetuada na resid\u00eancia de F.C.P., no bairro Lavanderia, em Valen\u00e7a. O preso, atualmente com 70 anos de idade, foi sentenciado&hellip;<\/p>\n","category_list_v2":"<a href=\"https:\/\/portal.pi.gov.br\/pc\/category\/noticias\/\" rel=\"category tag\">PC<\/a>","author_info_v2":{"name":"Aline Noleto Silva de Araujo","url":"https:\/\/portal.pi.gov.br\/pc\/author\/alinenoleto\/"},"comments_num_v2":"0 coment\u00e1rio","jetpack_featured_media_url":"","_links":{"self":[{"href":"https:\/\/portal.pi.gov.br\/pc\/wp-json\/wp\/v2\/posts\/4290"}],"collection":[{"href":"https:\/\/portal.pi.gov.br\/pc\/wp-json\/wp\/v2\/posts"}],"about":[{"href":"https:\/\/portal.pi.gov.br\/pc\/wp-json\/wp\/v2\/types\/post"}],"author":[{"embeddable":true,"href":"https:\/\/portal.pi.gov.br\/pc\/wp-json\/wp\/v2\/users\/59"}],"replies":[{"embeddable":true,"href":"https:\/\/portal.pi.gov.br\/pc\/wp-json\/wp\/v2\/comments?post=4290"}],"version-history":[{"count":1,"href":"https:\/\/portal.pi.gov.br\/pc\/wp-json\/wp\/v2\/posts\/4290\/revisions"}],"predecessor-version":[{"id":4292,"href":"https:\/\/portal.pi.gov.br\/pc\/wp-json\/wp\/v2\/posts\/4290\/revisions\/4292"}],"wp:attachment":[{"href":"https:\/\/portal.pi.gov.br\/pc\/wp-json\/wp\/v2\/media?parent=4290"}],"wp:term":[{"taxonomy":"category","embeddable":true,"href":"https:\/\/portal.pi.gov.br\/pc\/wp-json\/wp\/v2\/categories?post=4290"},{"taxonomy":"post_tag","embeddable":true,"href":"https:\/\/portal.pi.gov.br\/pc\/wp-json\/wp\/v2\/tags?post=4290"}],"curies":[{"name":"wp","href":"https:\/\/api.w.org\/{rel}","templated":true}]}}