{"id":4421,"date":"2023-06-05T10:46:34","date_gmt":"2023-06-05T13:46:34","guid":{"rendered":"https:\/\/portal.pi.gov.br\/pc\/?p=4421"},"modified":"2023-06-05T10:46:35","modified_gmt":"2023-06-05T13:46:35","slug":"policia-civil-deflagra-operacao-sophisma-e-cumpre-mandados-de-prisao","status":"publish","type":"post","link":"https:\/\/portal.pi.gov.br\/pc\/2023\/06\/05\/policia-civil-deflagra-operacao-sophisma-e-cumpre-mandados-de-prisao\/","title":{"rendered":"Pol\u00edcia Civil deflagra Opera\u00e7\u00e3o Sophisma e cumpre mandados de pris\u00e3o"},"content":{"rendered":"\n<p><\/p>\n\n\n\n<p>A Pol\u00edcia Civil do Piau\u00ed deflagrou na manh\u00e3 desta segunda-feira (05), a opera\u00e7\u00e3o \u201cSophisma\u201d, que teve como objetivo cumprir 14 mandados de pris\u00e3o de acusados de participarem de uma organiza\u00e7\u00e3o criminosa especializada nos crimes de roubo de ve\u00edculos, adultera\u00e7\u00e3o, falsifica\u00e7\u00e3o de documentos e recepta\u00e7\u00e3o. As pris\u00f5es foram realizadas em Teresina, Caxias-MA, Barcarena-PA e tamb\u00e9m em Portugal.<\/p>\n\n\n\n<figure class=\"wp-block-image size-large\"><img decoding=\"async\" loading=\"lazy\" width=\"1024\" height=\"892\" src=\"https:\/\/portal.pi.gov.br\/pc\/wp-content\/uploads\/sites\/42\/2023\/06\/WhatsApp-Image-2023-06-05-at-09.48.54-1-1024x892.jpeg\" alt=\"\" class=\"wp-image-4423\" srcset=\"https:\/\/portal.pi.gov.br\/pc\/wp-content\/uploads\/sites\/42\/2023\/06\/WhatsApp-Image-2023-06-05-at-09.48.54-1-1024x892.jpeg 1024w, https:\/\/portal.pi.gov.br\/pc\/wp-content\/uploads\/sites\/42\/2023\/06\/WhatsApp-Image-2023-06-05-at-09.48.54-1-300x261.jpeg 300w, https:\/\/portal.pi.gov.br\/pc\/wp-content\/uploads\/sites\/42\/2023\/06\/WhatsApp-Image-2023-06-05-at-09.48.54-1-768x669.jpeg 768w, https:\/\/portal.pi.gov.br\/pc\/wp-content\/uploads\/sites\/42\/2023\/06\/WhatsApp-Image-2023-06-05-at-09.48.54-1-420x366.jpeg 420w, https:\/\/portal.pi.gov.br\/pc\/wp-content\/uploads\/sites\/42\/2023\/06\/WhatsApp-Image-2023-06-05-at-09.48.54-1-540x471.jpeg 540w, https:\/\/portal.pi.gov.br\/pc\/wp-content\/uploads\/sites\/42\/2023\/06\/WhatsApp-Image-2023-06-05-at-09.48.54-1-780x680.jpeg 780w, https:\/\/portal.pi.gov.br\/pc\/wp-content\/uploads\/sites\/42\/2023\/06\/WhatsApp-Image-2023-06-05-at-09.48.54-1-947x825.jpeg 947w, https:\/\/portal.pi.gov.br\/pc\/wp-content\/uploads\/sites\/42\/2023\/06\/WhatsApp-Image-2023-06-05-at-09.48.54-1-624x544.jpeg 624w, https:\/\/portal.pi.gov.br\/pc\/wp-content\/uploads\/sites\/42\/2023\/06\/WhatsApp-Image-2023-06-05-at-09.48.54-1.jpeg 1199w\" sizes=\"(max-width: 1024px) 100vw, 1024px\" \/><\/figure>\n\n\n\n<p>De acordo com o coordenador da Delegacia de Pol\u00edcia Interestadual do Piau\u00ed (POLINTER), delegado Marcelo Dias, um dos alvos da opera\u00e7\u00e3o j\u00e1 se encontrava preso em Portugal pelo crime de tr\u00e1fico de drogas.<\/p>\n\n\n\n<p>\u201cEsse homem foi preso, pois estava atuando como \u201cmula\u201d, ou seja, estava transportando drogas naquele pa\u00eds. Entramos em contato com a Pol\u00edcia Federal e com isso est\u00e1 sendo efetuada a pris\u00e3o dele por conta do nosso mandado de pris\u00e3o\u201d, explicou o delegado.<\/p>\n\n\n\n<figure class=\"wp-block-image size-large\"><img decoding=\"async\" loading=\"lazy\" width=\"889\" height=\"1024\" src=\"https:\/\/portal.pi.gov.br\/pc\/wp-content\/uploads\/sites\/42\/2023\/06\/WhatsApp-Image-2023-06-05-at-09.48.54-1-1-889x1024.jpeg\" alt=\"\" class=\"wp-image-4424\" srcset=\"https:\/\/portal.pi.gov.br\/pc\/wp-content\/uploads\/sites\/42\/2023\/06\/WhatsApp-Image-2023-06-05-at-09.48.54-1-1-889x1024.jpeg 889w, https:\/\/portal.pi.gov.br\/pc\/wp-content\/uploads\/sites\/42\/2023\/06\/WhatsApp-Image-2023-06-05-at-09.48.54-1-1-260x300.jpeg 260w, https:\/\/portal.pi.gov.br\/pc\/wp-content\/uploads\/sites\/42\/2023\/06\/WhatsApp-Image-2023-06-05-at-09.48.54-1-1-768x885.jpeg 768w, https:\/\/portal.pi.gov.br\/pc\/wp-content\/uploads\/sites\/42\/2023\/06\/WhatsApp-Image-2023-06-05-at-09.48.54-1-1-365x420.jpeg 365w, https:\/\/portal.pi.gov.br\/pc\/wp-content\/uploads\/sites\/42\/2023\/06\/WhatsApp-Image-2023-06-05-at-09.48.54-1-1-469x540.jpeg 469w, https:\/\/portal.pi.gov.br\/pc\/wp-content\/uploads\/sites\/42\/2023\/06\/WhatsApp-Image-2023-06-05-at-09.48.54-1-1-677x780.jpeg 677w, https:\/\/portal.pi.gov.br\/pc\/wp-content\/uploads\/sites\/42\/2023\/06\/WhatsApp-Image-2023-06-05-at-09.48.54-1-1-624x719.jpeg 624w, https:\/\/portal.pi.gov.br\/pc\/wp-content\/uploads\/sites\/42\/2023\/06\/WhatsApp-Image-2023-06-05-at-09.48.54-1-1.jpeg 895w\" sizes=\"(max-width: 889px) 100vw, 889px\" \/><\/figure>\n\n\n\n<p>Durante a opera\u00e7\u00e3o, oito pessoas foram presas, entre elas, um tenente do Corpo de Bombeiros do Estado do Maranh\u00e3o acusado de participar de roubo de ve\u00edculos. O oficial foi preso na cidade de Caxias. O outro alvo da opera\u00e7\u00e3o foi preso com v\u00e1rios documentos falsificados que eram comercializados com os criminosos de Teresina.<\/p>\n\n\n\n<p>Durante o cumprimento dos mandados foram apreendidas placas de ve\u00edculos, uma arma de fogo, muni\u00e7\u00f5es e documentos falsificados.<\/p>\n\n\n\n<figure class=\"wp-block-image size-large\"><img decoding=\"async\" loading=\"lazy\" width=\"1024\" height=\"965\" src=\"https:\/\/portal.pi.gov.br\/pc\/wp-content\/uploads\/sites\/42\/2023\/06\/WhatsApp-Image-2023-06-05-at-09.48.55-1024x965.jpeg\" alt=\"\" class=\"wp-image-4425\" srcset=\"https:\/\/portal.pi.gov.br\/pc\/wp-content\/uploads\/sites\/42\/2023\/06\/WhatsApp-Image-2023-06-05-at-09.48.55-1024x965.jpeg 1024w, https:\/\/portal.pi.gov.br\/pc\/wp-content\/uploads\/sites\/42\/2023\/06\/WhatsApp-Image-2023-06-05-at-09.48.55-300x283.jpeg 300w, https:\/\/portal.pi.gov.br\/pc\/wp-content\/uploads\/sites\/42\/2023\/06\/WhatsApp-Image-2023-06-05-at-09.48.55-768x724.jpeg 768w, https:\/\/portal.pi.gov.br\/pc\/wp-content\/uploads\/sites\/42\/2023\/06\/WhatsApp-Image-2023-06-05-at-09.48.55-420x396.jpeg 420w, https:\/\/portal.pi.gov.br\/pc\/wp-content\/uploads\/sites\/42\/2023\/06\/WhatsApp-Image-2023-06-05-at-09.48.55-540x509.jpeg 540w, https:\/\/portal.pi.gov.br\/pc\/wp-content\/uploads\/sites\/42\/2023\/06\/WhatsApp-Image-2023-06-05-at-09.48.55-780x735.jpeg 780w, https:\/\/portal.pi.gov.br\/pc\/wp-content\/uploads\/sites\/42\/2023\/06\/WhatsApp-Image-2023-06-05-at-09.48.55-947x893.jpeg 947w, https:\/\/portal.pi.gov.br\/pc\/wp-content\/uploads\/sites\/42\/2023\/06\/WhatsApp-Image-2023-06-05-at-09.48.55-624x588.jpeg 624w, https:\/\/portal.pi.gov.br\/pc\/wp-content\/uploads\/sites\/42\/2023\/06\/WhatsApp-Image-2023-06-05-at-09.48.55.jpeg 1469w\" sizes=\"(max-width: 1024px) 100vw, 1024px\" \/><\/figure>\n\n\n\n<p>\u201cTodo esse material ser\u00e1 encaminhado para a realiza\u00e7\u00e3o da per\u00edcia, no entanto, identificamos que uma das placas apreendidas pertence a um ve\u00edculo roubado\u201d, finalizou o delegado.<\/p>\n\n\n\n<p>Os presos foram encaminhados para a Polinter posteriormente ser\u00e3o conduzidos para a Central de Flagrantes, onde ficar\u00e3o \u00e0 disposi\u00e7\u00e3o da Justi\u00e7a. A opera\u00e7\u00e3o &#8220;Sophisma&#8221; foi realizada com apoio da Ger\u00eancia de Pol\u00edcia Especializada (GPE).<\/p>\n","protected":false},"excerpt":{"rendered":"<p>A Pol\u00edcia Civil do Piau\u00ed deflagrou na manh\u00e3 desta segunda-feira (05), a opera\u00e7\u00e3o \u201cSophisma\u201d, que teve como objetivo cumprir 14 mandados de pris\u00e3o de acusados de participarem de uma organiza\u00e7\u00e3o [&hellip;]<\/p>\n","protected":false},"author":59,"featured_media":4426,"comment_status":"closed","ping_status":"closed","sticky":false,"template":"","format":"standard","meta":[],"categories":[1],"tags":[],"featured_image_urls":{"full":["https:\/\/portal.pi.gov.br\/pc\/wp-content\/uploads\/sites\/42\/2023\/06\/WhatsApp-Image-2023-06-05-at-09.48.54-2.jpeg",1194,683,false],"thumbnail":["https:\/\/portal.pi.gov.br\/pc\/wp-content\/uploads\/sites\/42\/2023\/06\/WhatsApp-Image-2023-06-05-at-09.48.54-2-150x150.jpeg",150,150,true],"medium":["https:\/\/portal.pi.gov.br\/pc\/wp-content\/uploads\/sites\/42\/2023\/06\/WhatsApp-Image-2023-06-05-at-09.48.54-2-300x172.jpeg",300,172,true],"medium_large":["https:\/\/portal.pi.gov.br\/pc\/wp-content\/uploads\/sites\/42\/2023\/06\/WhatsApp-Image-2023-06-05-at-09.48.54-2-768x439.jpeg",768,439,true],"large":["https:\/\/portal.pi.gov.br\/pc\/wp-content\/uploads\/sites\/42\/2023\/06\/WhatsApp-Image-2023-06-05-at-09.48.54-2-1024x586.jpeg",887,508,true],"sgg-420":["https:\/\/portal.pi.gov.br\/pc\/wp-content\/uploads\/sites\/42\/2023\/06\/WhatsApp-Image-2023-06-05-at-09.48.54-2-420x240.jpeg",420,240,true],"sgg-540":["https:\/\/portal.pi.gov.br\/pc\/wp-content\/uploads\/sites\/42\/2023\/06\/WhatsApp-Image-2023-06-05-at-09.48.54-2-540x309.jpeg",540,309,true],"sgg-780":["https:\/\/portal.pi.gov.br\/pc\/wp-content\/uploads\/sites\/42\/2023\/06\/WhatsApp-Image-2023-06-05-at-09.48.54-2-780x446.jpeg",780,446,true],"1536x1536":["https:\/\/portal.pi.gov.br\/pc\/wp-content\/uploads\/sites\/42\/2023\/06\/WhatsApp-Image-2023-06-05-at-09.48.54-2.jpeg",1194,683,false],"2048x2048":["https:\/\/portal.pi.gov.br\/pc\/wp-content\/uploads\/sites\/42\/2023\/06\/WhatsApp-Image-2023-06-05-at-09.48.54-2.jpeg",1194,683,false],"homepage-slider":["https:\/\/portal.pi.gov.br\/pc\/wp-content\/uploads\/sites\/42\/2023\/06\/WhatsApp-Image-2023-06-05-at-09.48.54-2-1194x500.jpeg",1194,500,true],"homepage-slider-small":["https:\/\/portal.pi.gov.br\/pc\/wp-content\/uploads\/sites\/42\/2023\/06\/WhatsApp-Image-2023-06-05-at-09.48.54-2-947x500.jpeg",947,500,true],"page-top":["https:\/\/portal.pi.gov.br\/pc\/wp-content\/uploads\/sites\/42\/2023\/06\/WhatsApp-Image-2023-06-05-at-09.48.54-2-947x542.jpeg",947,542,true],"page-small":["https:\/\/portal.pi.gov.br\/pc\/wp-content\/uploads\/sites\/42\/2023\/06\/WhatsApp-Image-2023-06-05-at-09.48.54-2-624x357.jpeg",624,357,true],"loop-main":["https:\/\/portal.pi.gov.br\/pc\/wp-content\/uploads\/sites\/42\/2023\/06\/WhatsApp-Image-2023-06-05-at-09.48.54-2-365x240.jpeg",365,240,true],"thumb-gallery-widget":["https:\/\/portal.pi.gov.br\/pc\/wp-content\/uploads\/sites\/42\/2023\/06\/WhatsApp-Image-2023-06-05-at-09.48.54-2-84x56.jpeg",84,56,true]},"post_excerpt_stackable":"<p>A Pol\u00edcia Civil do Piau\u00ed deflagrou na manh\u00e3 desta segunda-feira (05), a opera\u00e7\u00e3o \u201cSophisma\u201d, que teve como objetivo cumprir 14 mandados de pris\u00e3o de acusados de participarem de uma organiza\u00e7\u00e3o criminosa especializada nos crimes de roubo de ve\u00edculos, adultera\u00e7\u00e3o, falsifica\u00e7\u00e3o de documentos e recepta\u00e7\u00e3o. As pris\u00f5es foram realizadas em Teresina, Caxias-MA, Barcarena-PA e tamb\u00e9m em Portugal. De acordo com o coordenador da Delegacia de Pol\u00edcia Interestadual do Piau\u00ed (POLINTER), delegado Marcelo Dias, um dos alvos da opera\u00e7\u00e3o j\u00e1 se encontrava preso em Portugal pelo crime de tr\u00e1fico de drogas. \u201cEsse homem foi preso, pois estava atuando como \u201cmula\u201d, ou seja,&hellip;<\/p>\n","category_list":"<a href=\"https:\/\/portal.pi.gov.br\/pc\/category\/noticias\/\" rel=\"category tag\">PC<\/a>","author_info":{"name":"Aline Noleto Silva de Araujo","url":"https:\/\/portal.pi.gov.br\/pc\/author\/alinenoleto\/"},"comments_num":"0 coment\u00e1rio","featured_image_urls_v2":{"full":["https:\/\/portal.pi.gov.br\/pc\/wp-content\/uploads\/sites\/42\/2023\/06\/WhatsApp-Image-2023-06-05-at-09.48.54-2.jpeg",1194,683,false],"thumbnail":["https:\/\/portal.pi.gov.br\/pc\/wp-content\/uploads\/sites\/42\/2023\/06\/WhatsApp-Image-2023-06-05-at-09.48.54-2-150x150.jpeg",150,150,true],"medium":["https:\/\/portal.pi.gov.br\/pc\/wp-content\/uploads\/sites\/42\/2023\/06\/WhatsApp-Image-2023-06-05-at-09.48.54-2-300x172.jpeg",300,172,true],"medium_large":["https:\/\/portal.pi.gov.br\/pc\/wp-content\/uploads\/sites\/42\/2023\/06\/WhatsApp-Image-2023-06-05-at-09.48.54-2-768x439.jpeg",768,439,true],"large":["https:\/\/portal.pi.gov.br\/pc\/wp-content\/uploads\/sites\/42\/2023\/06\/WhatsApp-Image-2023-06-05-at-09.48.54-2-1024x586.jpeg",887,508,true],"sgg-420":["https:\/\/portal.pi.gov.br\/pc\/wp-content\/uploads\/sites\/42\/2023\/06\/WhatsApp-Image-2023-06-05-at-09.48.54-2-420x240.jpeg",420,240,true],"sgg-540":["https:\/\/portal.pi.gov.br\/pc\/wp-content\/uploads\/sites\/42\/2023\/06\/WhatsApp-Image-2023-06-05-at-09.48.54-2-540x309.jpeg",540,309,true],"sgg-780":["https:\/\/portal.pi.gov.br\/pc\/wp-content\/uploads\/sites\/42\/2023\/06\/WhatsApp-Image-2023-06-05-at-09.48.54-2-780x446.jpeg",780,446,true],"1536x1536":["https:\/\/portal.pi.gov.br\/pc\/wp-content\/uploads\/sites\/42\/2023\/06\/WhatsApp-Image-2023-06-05-at-09.48.54-2.jpeg",1194,683,false],"2048x2048":["https:\/\/portal.pi.gov.br\/pc\/wp-content\/uploads\/sites\/42\/2023\/06\/WhatsApp-Image-2023-06-05-at-09.48.54-2.jpeg",1194,683,false],"homepage-slider":["https:\/\/portal.pi.gov.br\/pc\/wp-content\/uploads\/sites\/42\/2023\/06\/WhatsApp-Image-2023-06-05-at-09.48.54-2-1194x500.jpeg",1194,500,true],"homepage-slider-small":["https:\/\/portal.pi.gov.br\/pc\/wp-content\/uploads\/sites\/42\/2023\/06\/WhatsApp-Image-2023-06-05-at-09.48.54-2-947x500.jpeg",947,500,true],"page-top":["https:\/\/portal.pi.gov.br\/pc\/wp-content\/uploads\/sites\/42\/2023\/06\/WhatsApp-Image-2023-06-05-at-09.48.54-2-947x542.jpeg",947,542,true],"page-small":["https:\/\/portal.pi.gov.br\/pc\/wp-content\/uploads\/sites\/42\/2023\/06\/WhatsApp-Image-2023-06-05-at-09.48.54-2-624x357.jpeg",624,357,true],"loop-main":["https:\/\/portal.pi.gov.br\/pc\/wp-content\/uploads\/sites\/42\/2023\/06\/WhatsApp-Image-2023-06-05-at-09.48.54-2-365x240.jpeg",365,240,true],"thumb-gallery-widget":["https:\/\/portal.pi.gov.br\/pc\/wp-content\/uploads\/sites\/42\/2023\/06\/WhatsApp-Image-2023-06-05-at-09.48.54-2-84x56.jpeg",84,56,true]},"post_excerpt_stackable_v2":"<p>A Pol\u00edcia Civil do Piau\u00ed deflagrou na manh\u00e3 desta segunda-feira (05), a opera\u00e7\u00e3o \u201cSophisma\u201d, que teve como objetivo cumprir 14 mandados de pris\u00e3o de acusados de participarem de uma organiza\u00e7\u00e3o criminosa especializada nos crimes de roubo de ve\u00edculos, adultera\u00e7\u00e3o, falsifica\u00e7\u00e3o de documentos e recepta\u00e7\u00e3o. As pris\u00f5es foram realizadas em Teresina, Caxias-MA, Barcarena-PA e tamb\u00e9m em Portugal. De acordo com o coordenador da Delegacia de Pol\u00edcia Interestadual do Piau\u00ed (POLINTER), delegado Marcelo Dias, um dos alvos da opera\u00e7\u00e3o j\u00e1 se encontrava preso em Portugal pelo crime de tr\u00e1fico de drogas. \u201cEsse homem foi preso, pois estava atuando como \u201cmula\u201d, ou seja,&hellip;<\/p>\n","category_list_v2":"<a href=\"https:\/\/portal.pi.gov.br\/pc\/category\/noticias\/\" rel=\"category tag\">PC<\/a>","author_info_v2":{"name":"Aline Noleto Silva de Araujo","url":"https:\/\/portal.pi.gov.br\/pc\/author\/alinenoleto\/"},"comments_num_v2":"0 coment\u00e1rio","jetpack_featured_media_url":"https:\/\/portal.pi.gov.br\/pc\/wp-content\/uploads\/sites\/42\/2023\/06\/WhatsApp-Image-2023-06-05-at-09.48.54-2.jpeg","_links":{"self":[{"href":"https:\/\/portal.pi.gov.br\/pc\/wp-json\/wp\/v2\/posts\/4421"}],"collection":[{"href":"https:\/\/portal.pi.gov.br\/pc\/wp-json\/wp\/v2\/posts"}],"about":[{"href":"https:\/\/portal.pi.gov.br\/pc\/wp-json\/wp\/v2\/types\/post"}],"author":[{"embeddable":true,"href":"https:\/\/portal.pi.gov.br\/pc\/wp-json\/wp\/v2\/users\/59"}],"replies":[{"embeddable":true,"href":"https:\/\/portal.pi.gov.br\/pc\/wp-json\/wp\/v2\/comments?post=4421"}],"version-history":[{"count":1,"href":"https:\/\/portal.pi.gov.br\/pc\/wp-json\/wp\/v2\/posts\/4421\/revisions"}],"predecessor-version":[{"id":4427,"href":"https:\/\/portal.pi.gov.br\/pc\/wp-json\/wp\/v2\/posts\/4421\/revisions\/4427"}],"wp:featuredmedia":[{"embeddable":true,"href":"https:\/\/portal.pi.gov.br\/pc\/wp-json\/wp\/v2\/media\/4426"}],"wp:attachment":[{"href":"https:\/\/portal.pi.gov.br\/pc\/wp-json\/wp\/v2\/media?parent=4421"}],"wp:term":[{"taxonomy":"category","embeddable":true,"href":"https:\/\/portal.pi.gov.br\/pc\/wp-json\/wp\/v2\/categories?post=4421"},{"taxonomy":"post_tag","embeddable":true,"href":"https:\/\/portal.pi.gov.br\/pc\/wp-json\/wp\/v2\/tags?post=4421"}],"curies":[{"name":"wp","href":"https:\/\/api.w.org\/{rel}","templated":true}]}}