{"id":4444,"date":"2023-06-07T09:50:48","date_gmt":"2023-06-07T12:50:48","guid":{"rendered":"https:\/\/portal.pi.gov.br\/pc\/?p=4444"},"modified":"2023-06-07T09:50:49","modified_gmt":"2023-06-07T12:50:49","slug":"policia-civil-prende-homem-por-crime-de-feminicidio-praticado-na-regiao-de-cocal","status":"publish","type":"post","link":"https:\/\/portal.pi.gov.br\/pc\/2023\/06\/07\/policia-civil-prende-homem-por-crime-de-feminicidio-praticado-na-regiao-de-cocal\/","title":{"rendered":"Pol\u00edcia Civil prende homem por crime de feminic\u00eddio praticado na regi\u00e3o de Cocal"},"content":{"rendered":"<div class=\"wp-block-image\">\n<figure class=\"alignleft size-large is-resized\"><img decoding=\"async\" loading=\"lazy\" src=\"https:\/\/portal.pi.gov.br\/pc\/wp-content\/uploads\/sites\/42\/2023\/06\/WhatsApp-Image-2023-06-07-at-09.19.33-768x1024.jpeg\" alt=\"\" class=\"wp-image-4446\" width=\"417\" height=\"556\" srcset=\"https:\/\/portal.pi.gov.br\/pc\/wp-content\/uploads\/sites\/42\/2023\/06\/WhatsApp-Image-2023-06-07-at-09.19.33-768x1024.jpeg 768w, https:\/\/portal.pi.gov.br\/pc\/wp-content\/uploads\/sites\/42\/2023\/06\/WhatsApp-Image-2023-06-07-at-09.19.33-225x300.jpeg 225w, https:\/\/portal.pi.gov.br\/pc\/wp-content\/uploads\/sites\/42\/2023\/06\/WhatsApp-Image-2023-06-07-at-09.19.33-315x420.jpeg 315w, https:\/\/portal.pi.gov.br\/pc\/wp-content\/uploads\/sites\/42\/2023\/06\/WhatsApp-Image-2023-06-07-at-09.19.33-405x540.jpeg 405w, https:\/\/portal.pi.gov.br\/pc\/wp-content\/uploads\/sites\/42\/2023\/06\/WhatsApp-Image-2023-06-07-at-09.19.33-585x780.jpeg 585w, https:\/\/portal.pi.gov.br\/pc\/wp-content\/uploads\/sites\/42\/2023\/06\/WhatsApp-Image-2023-06-07-at-09.19.33-1152x1536.jpeg 1152w, https:\/\/portal.pi.gov.br\/pc\/wp-content\/uploads\/sites\/42\/2023\/06\/WhatsApp-Image-2023-06-07-at-09.19.33-947x1263.jpeg 947w, https:\/\/portal.pi.gov.br\/pc\/wp-content\/uploads\/sites\/42\/2023\/06\/WhatsApp-Image-2023-06-07-at-09.19.33-624x832.jpeg 624w, https:\/\/portal.pi.gov.br\/pc\/wp-content\/uploads\/sites\/42\/2023\/06\/WhatsApp-Image-2023-06-07-at-09.19.33.jpeg 1200w\" sizes=\"(max-width: 417px) 100vw, 417px\" \/><\/figure><\/div>\n\n\n<p>A Pol\u00edcia Civil do Piau\u00ed, por meio da Delegacia de Cocal, com o apoio da Guarda Municipal, deu cumprimento a 01 (um) mandado de pris\u00e3o preventiva e 01 (um) mandado de busca e apreens\u00e3o domiciliar, na manh\u00e3 desta data quarta-feira (07\/06), em desfavor do nacional de iniciais A.C. S.B., por crime de feminic\u00eddio praticado durante a gesta\u00e7\u00e3o e na presen\u00e7a f\u00edsica de descendente, ocorrido em 08\/04\/2023, na localidade Cajueiro, zona rural de Cocal. A v\u00edtima, conforme laudo de exame necrosc\u00f3pico, morreu ainda no local do crime, ap\u00f3s duas perfura\u00e7\u00f5es por faca constatadas nas regi\u00f5es do t\u00f3rax.<\/p>\n\n\n\n<p>De acordo com as investiga\u00e7\u00f5es, o crime foi motivado devido \u00e0 v\u00edtima ter procurado regulamenta\u00e7\u00e3o e repara\u00e7\u00e3o, junto ao Poder Judici\u00e1rio, dos valores pagos a t\u00edtulo de pens\u00e3o aliment\u00edcia em favor dos dois filhos, j\u00e1 que o indiciado havia reduzido o valor pago unilateralmente. Dessa maneira, ao tomar conhecimento da exist\u00eancia de a\u00e7\u00e3o de alimentos movida em seu desfavor, o indiciado perseguiu a v\u00edtima, em via p\u00fablica da localidade Cajueiro, na zona rural de Cocal, local onde a derrubou da motocicleta, com o uso do pr\u00f3prio carro. Ato cont\u00ednuo, o investigado proferiu golpes de faca sobre a v\u00edtima, mesmo depois de ela ter dito a ele que estava gr\u00e1vida.<\/p>\n\n\n<div class=\"wp-block-image\">\n<figure class=\"alignright size-large is-resized\"><img decoding=\"async\" loading=\"lazy\" src=\"https:\/\/portal.pi.gov.br\/pc\/wp-content\/uploads\/sites\/42\/2023\/06\/WhatsApp-Image-2023-06-07-at-09.24.37-768x1024.jpeg\" alt=\"\" class=\"wp-image-4445\" width=\"447\" height=\"596\" srcset=\"https:\/\/portal.pi.gov.br\/pc\/wp-content\/uploads\/sites\/42\/2023\/06\/WhatsApp-Image-2023-06-07-at-09.24.37-768x1024.jpeg 768w, https:\/\/portal.pi.gov.br\/pc\/wp-content\/uploads\/sites\/42\/2023\/06\/WhatsApp-Image-2023-06-07-at-09.24.37-225x300.jpeg 225w, https:\/\/portal.pi.gov.br\/pc\/wp-content\/uploads\/sites\/42\/2023\/06\/WhatsApp-Image-2023-06-07-at-09.24.37-315x420.jpeg 315w, https:\/\/portal.pi.gov.br\/pc\/wp-content\/uploads\/sites\/42\/2023\/06\/WhatsApp-Image-2023-06-07-at-09.24.37-405x540.jpeg 405w, https:\/\/portal.pi.gov.br\/pc\/wp-content\/uploads\/sites\/42\/2023\/06\/WhatsApp-Image-2023-06-07-at-09.24.37-585x780.jpeg 585w, https:\/\/portal.pi.gov.br\/pc\/wp-content\/uploads\/sites\/42\/2023\/06\/WhatsApp-Image-2023-06-07-at-09.24.37-947x1263.jpeg 947w, https:\/\/portal.pi.gov.br\/pc\/wp-content\/uploads\/sites\/42\/2023\/06\/WhatsApp-Image-2023-06-07-at-09.24.37-624x832.jpeg 624w, https:\/\/portal.pi.gov.br\/pc\/wp-content\/uploads\/sites\/42\/2023\/06\/WhatsApp-Image-2023-06-07-at-09.24.37.jpeg 960w\" sizes=\"(max-width: 447px) 100vw, 447px\" \/><\/figure><\/div>\n\n\n<p>As agress\u00f5es com o uso de arma branca, praticadas pelo indiciado em face da v\u00edtima ocorreram na frente do filho que autor e v\u00edtima tem em comum, uma crian\u00e7a do sexo masculino.<\/p>\n\n\n\n<p>Ap\u00f3s o crime, o indiciado empreendeu fuga da cidade de Cocal e passou a residir numa fazenda situada na zona rural de Esperantina-PI, tendo sido, ap\u00f3s dilig\u00eancias da Pol\u00edcia Civil, localizado e preso.<\/p>\n\n\n\n<p>Durante o cumprimento do mandado de busca e apreens\u00e3o domiciliar na resid\u00eancia onde o indiciado estava escondido, n\u00e3o foram encontrados objetos de posse il\u00edcita, tendo sido apreendidos, no interesse da persecu\u00e7\u00e3o penal, aparelhos eletr\u00f4nicos para periciamento junto ao Instituto de Criminal\u00edstica do Piau\u00ed.<\/p>\n\n\n\n<p>Policiais verificaram que um dos celulares apreendidos \u00e9 objeto de furto, tendo boletim de ocorr\u00eancia registrado sobre o crime.<\/p>\n","protected":false},"excerpt":{"rendered":"<p>A Pol\u00edcia Civil do Piau\u00ed, por meio da Delegacia de Cocal, com o apoio da Guarda Municipal, deu cumprimento a 01 (um) mandado de pris\u00e3o preventiva e 01 (um) mandado [&hellip;]<\/p>\n","protected":false},"author":59,"featured_media":4447,"comment_status":"closed","ping_status":"closed","sticky":false,"template":"","format":"standard","meta":[],"categories":[1],"tags":[],"featured_image_urls":{"full":["https:\/\/portal.pi.gov.br\/pc\/wp-content\/uploads\/sites\/42\/2023\/06\/WhatsApp-Image-2023-06-07-at-09.24.37-1.jpeg",955,605,false],"thumbnail":["https:\/\/portal.pi.gov.br\/pc\/wp-content\/uploads\/sites\/42\/2023\/06\/WhatsApp-Image-2023-06-07-at-09.24.37-1-150x150.jpeg",150,150,true],"medium":["https:\/\/portal.pi.gov.br\/pc\/wp-content\/uploads\/sites\/42\/2023\/06\/WhatsApp-Image-2023-06-07-at-09.24.37-1-300x190.jpeg",300,190,true],"medium_large":["https:\/\/portal.pi.gov.br\/pc\/wp-content\/uploads\/sites\/42\/2023\/06\/WhatsApp-Image-2023-06-07-at-09.24.37-1-768x487.jpeg",768,487,true],"large":["https:\/\/portal.pi.gov.br\/pc\/wp-content\/uploads\/sites\/42\/2023\/06\/WhatsApp-Image-2023-06-07-at-09.24.37-1.jpeg",887,562,false],"sgg-420":["https:\/\/portal.pi.gov.br\/pc\/wp-content\/uploads\/sites\/42\/2023\/06\/WhatsApp-Image-2023-06-07-at-09.24.37-1-420x266.jpeg",420,266,true],"sgg-540":["https:\/\/portal.pi.gov.br\/pc\/wp-content\/uploads\/sites\/42\/2023\/06\/WhatsApp-Image-2023-06-07-at-09.24.37-1-540x342.jpeg",540,342,true],"sgg-780":["https:\/\/portal.pi.gov.br\/pc\/wp-content\/uploads\/sites\/42\/2023\/06\/WhatsApp-Image-2023-06-07-at-09.24.37-1-780x494.jpeg",780,494,true],"1536x1536":["https:\/\/portal.pi.gov.br\/pc\/wp-content\/uploads\/sites\/42\/2023\/06\/WhatsApp-Image-2023-06-07-at-09.24.37-1.jpeg",955,605,false],"2048x2048":["https:\/\/portal.pi.gov.br\/pc\/wp-content\/uploads\/sites\/42\/2023\/06\/WhatsApp-Image-2023-06-07-at-09.24.37-1.jpeg",955,605,false],"homepage-slider":["https:\/\/portal.pi.gov.br\/pc\/wp-content\/uploads\/sites\/42\/2023\/06\/WhatsApp-Image-2023-06-07-at-09.24.37-1-955x500.jpeg",955,500,true],"homepage-slider-small":["https:\/\/portal.pi.gov.br\/pc\/wp-content\/uploads\/sites\/42\/2023\/06\/WhatsApp-Image-2023-06-07-at-09.24.37-1-947x500.jpeg",947,500,true],"page-top":["https:\/\/portal.pi.gov.br\/pc\/wp-content\/uploads\/sites\/42\/2023\/06\/WhatsApp-Image-2023-06-07-at-09.24.37-1-947x600.jpeg",947,600,true],"page-small":["https:\/\/portal.pi.gov.br\/pc\/wp-content\/uploads\/sites\/42\/2023\/06\/WhatsApp-Image-2023-06-07-at-09.24.37-1-624x395.jpeg",624,395,true],"loop-main":["https:\/\/portal.pi.gov.br\/pc\/wp-content\/uploads\/sites\/42\/2023\/06\/WhatsApp-Image-2023-06-07-at-09.24.37-1-365x240.jpeg",365,240,true],"thumb-gallery-widget":["https:\/\/portal.pi.gov.br\/pc\/wp-content\/uploads\/sites\/42\/2023\/06\/WhatsApp-Image-2023-06-07-at-09.24.37-1-84x56.jpeg",84,56,true]},"post_excerpt_stackable":"<p>A Pol\u00edcia Civil do Piau\u00ed, por meio da Delegacia de Cocal, com o apoio da Guarda Municipal, deu cumprimento a 01 (um) mandado de pris\u00e3o preventiva e 01 (um) mandado de busca e apreens\u00e3o domiciliar, na manh\u00e3 desta data quarta-feira (07\/06), em desfavor do nacional de iniciais A.C. S.B., por crime de feminic\u00eddio praticado durante a gesta\u00e7\u00e3o e na presen\u00e7a f\u00edsica de descendente, ocorrido em 08\/04\/2023, na localidade Cajueiro, zona rural de Cocal. A v\u00edtima, conforme laudo de exame necrosc\u00f3pico, morreu ainda no local do crime, ap\u00f3s duas perfura\u00e7\u00f5es por faca constatadas nas regi\u00f5es do t\u00f3rax. De acordo com as&hellip;<\/p>\n","category_list":"<a href=\"https:\/\/portal.pi.gov.br\/pc\/category\/noticias\/\" rel=\"category tag\">PC<\/a>","author_info":{"name":"Aline Noleto Silva de Araujo","url":"https:\/\/portal.pi.gov.br\/pc\/author\/alinenoleto\/"},"comments_num":"0 coment\u00e1rio","featured_image_urls_v2":{"full":["https:\/\/portal.pi.gov.br\/pc\/wp-content\/uploads\/sites\/42\/2023\/06\/WhatsApp-Image-2023-06-07-at-09.24.37-1.jpeg",955,605,false],"thumbnail":["https:\/\/portal.pi.gov.br\/pc\/wp-content\/uploads\/sites\/42\/2023\/06\/WhatsApp-Image-2023-06-07-at-09.24.37-1-150x150.jpeg",150,150,true],"medium":["https:\/\/portal.pi.gov.br\/pc\/wp-content\/uploads\/sites\/42\/2023\/06\/WhatsApp-Image-2023-06-07-at-09.24.37-1-300x190.jpeg",300,190,true],"medium_large":["https:\/\/portal.pi.gov.br\/pc\/wp-content\/uploads\/sites\/42\/2023\/06\/WhatsApp-Image-2023-06-07-at-09.24.37-1-768x487.jpeg",768,487,true],"large":["https:\/\/portal.pi.gov.br\/pc\/wp-content\/uploads\/sites\/42\/2023\/06\/WhatsApp-Image-2023-06-07-at-09.24.37-1.jpeg",887,562,false],"sgg-420":["https:\/\/portal.pi.gov.br\/pc\/wp-content\/uploads\/sites\/42\/2023\/06\/WhatsApp-Image-2023-06-07-at-09.24.37-1-420x266.jpeg",420,266,true],"sgg-540":["https:\/\/portal.pi.gov.br\/pc\/wp-content\/uploads\/sites\/42\/2023\/06\/WhatsApp-Image-2023-06-07-at-09.24.37-1-540x342.jpeg",540,342,true],"sgg-780":["https:\/\/portal.pi.gov.br\/pc\/wp-content\/uploads\/sites\/42\/2023\/06\/WhatsApp-Image-2023-06-07-at-09.24.37-1-780x494.jpeg",780,494,true],"1536x1536":["https:\/\/portal.pi.gov.br\/pc\/wp-content\/uploads\/sites\/42\/2023\/06\/WhatsApp-Image-2023-06-07-at-09.24.37-1.jpeg",955,605,false],"2048x2048":["https:\/\/portal.pi.gov.br\/pc\/wp-content\/uploads\/sites\/42\/2023\/06\/WhatsApp-Image-2023-06-07-at-09.24.37-1.jpeg",955,605,false],"homepage-slider":["https:\/\/portal.pi.gov.br\/pc\/wp-content\/uploads\/sites\/42\/2023\/06\/WhatsApp-Image-2023-06-07-at-09.24.37-1-955x500.jpeg",955,500,true],"homepage-slider-small":["https:\/\/portal.pi.gov.br\/pc\/wp-content\/uploads\/sites\/42\/2023\/06\/WhatsApp-Image-2023-06-07-at-09.24.37-1-947x500.jpeg",947,500,true],"page-top":["https:\/\/portal.pi.gov.br\/pc\/wp-content\/uploads\/sites\/42\/2023\/06\/WhatsApp-Image-2023-06-07-at-09.24.37-1-947x600.jpeg",947,600,true],"page-small":["https:\/\/portal.pi.gov.br\/pc\/wp-content\/uploads\/sites\/42\/2023\/06\/WhatsApp-Image-2023-06-07-at-09.24.37-1-624x395.jpeg",624,395,true],"loop-main":["https:\/\/portal.pi.gov.br\/pc\/wp-content\/uploads\/sites\/42\/2023\/06\/WhatsApp-Image-2023-06-07-at-09.24.37-1-365x240.jpeg",365,240,true],"thumb-gallery-widget":["https:\/\/portal.pi.gov.br\/pc\/wp-content\/uploads\/sites\/42\/2023\/06\/WhatsApp-Image-2023-06-07-at-09.24.37-1-84x56.jpeg",84,56,true]},"post_excerpt_stackable_v2":"<p>A Pol\u00edcia Civil do Piau\u00ed, por meio da Delegacia de Cocal, com o apoio da Guarda Municipal, deu cumprimento a 01 (um) mandado de pris\u00e3o preventiva e 01 (um) mandado de busca e apreens\u00e3o domiciliar, na manh\u00e3 desta data quarta-feira (07\/06), em desfavor do nacional de iniciais A.C. S.B., por crime de feminic\u00eddio praticado durante a gesta\u00e7\u00e3o e na presen\u00e7a f\u00edsica de descendente, ocorrido em 08\/04\/2023, na localidade Cajueiro, zona rural de Cocal. A v\u00edtima, conforme laudo de exame necrosc\u00f3pico, morreu ainda no local do crime, ap\u00f3s duas perfura\u00e7\u00f5es por faca constatadas nas regi\u00f5es do t\u00f3rax. De acordo com as&hellip;<\/p>\n","category_list_v2":"<a href=\"https:\/\/portal.pi.gov.br\/pc\/category\/noticias\/\" rel=\"category tag\">PC<\/a>","author_info_v2":{"name":"Aline Noleto Silva de Araujo","url":"https:\/\/portal.pi.gov.br\/pc\/author\/alinenoleto\/"},"comments_num_v2":"0 coment\u00e1rio","jetpack_featured_media_url":"https:\/\/portal.pi.gov.br\/pc\/wp-content\/uploads\/sites\/42\/2023\/06\/WhatsApp-Image-2023-06-07-at-09.24.37-1.jpeg","_links":{"self":[{"href":"https:\/\/portal.pi.gov.br\/pc\/wp-json\/wp\/v2\/posts\/4444"}],"collection":[{"href":"https:\/\/portal.pi.gov.br\/pc\/wp-json\/wp\/v2\/posts"}],"about":[{"href":"https:\/\/portal.pi.gov.br\/pc\/wp-json\/wp\/v2\/types\/post"}],"author":[{"embeddable":true,"href":"https:\/\/portal.pi.gov.br\/pc\/wp-json\/wp\/v2\/users\/59"}],"replies":[{"embeddable":true,"href":"https:\/\/portal.pi.gov.br\/pc\/wp-json\/wp\/v2\/comments?post=4444"}],"version-history":[{"count":1,"href":"https:\/\/portal.pi.gov.br\/pc\/wp-json\/wp\/v2\/posts\/4444\/revisions"}],"predecessor-version":[{"id":4448,"href":"https:\/\/portal.pi.gov.br\/pc\/wp-json\/wp\/v2\/posts\/4444\/revisions\/4448"}],"wp:featuredmedia":[{"embeddable":true,"href":"https:\/\/portal.pi.gov.br\/pc\/wp-json\/wp\/v2\/media\/4447"}],"wp:attachment":[{"href":"https:\/\/portal.pi.gov.br\/pc\/wp-json\/wp\/v2\/media?parent=4444"}],"wp:term":[{"taxonomy":"category","embeddable":true,"href":"https:\/\/portal.pi.gov.br\/pc\/wp-json\/wp\/v2\/categories?post=4444"},{"taxonomy":"post_tag","embeddable":true,"href":"https:\/\/portal.pi.gov.br\/pc\/wp-json\/wp\/v2\/tags?post=4444"}],"curies":[{"name":"wp","href":"https:\/\/api.w.org\/{rel}","templated":true}]}}