{"id":4619,"date":"2023-06-26T20:42:01","date_gmt":"2023-06-26T23:42:01","guid":{"rendered":"https:\/\/portal.pi.gov.br\/pc\/?p=4619"},"modified":"2023-06-26T20:42:02","modified_gmt":"2023-06-26T23:42:02","slug":"policia-civil-realiza-prisoes-em-flagrante-por-trafico-de-drogas-em-luis-correia","status":"publish","type":"post","link":"https:\/\/portal.pi.gov.br\/pc\/2023\/06\/26\/policia-civil-realiza-prisoes-em-flagrante-por-trafico-de-drogas-em-luis-correia\/","title":{"rendered":"Pol\u00edcia Civil realiza pris\u00f5es em flagrante por tr\u00e1fico de drogas em Lu\u00eds Correia"},"content":{"rendered":"\n<p>A Pol\u00edcia Civil do Piau\u00ed, por meio da Delegacia de Lu\u00eds Correia, realizou nesta segunda-feira (26\/06), a pris\u00e3o em flagrante de duas pessoas naquele munic\u00edpio por tr\u00e1fico de drogas.<\/p>\n\n\n\n<p>Policiais civis apreenderam aproximadamente 01 kg (um) de coca\u00edna pura e muni\u00e7\u00f5es de in\u00fameros calibres (32, 38, 44, .40, 9 mm).<\/p>\n\n\n\n<figure class=\"wp-block-image size-large\"><img decoding=\"async\" loading=\"lazy\" width=\"1024\" height=\"576\" src=\"https:\/\/portal.pi.gov.br\/pc\/wp-content\/uploads\/sites\/42\/2023\/06\/IMG-20230626-WA0057-1024x576.jpg\" alt=\"\" class=\"wp-image-4620\" srcset=\"https:\/\/portal.pi.gov.br\/pc\/wp-content\/uploads\/sites\/42\/2023\/06\/IMG-20230626-WA0057-1024x576.jpg 1024w, https:\/\/portal.pi.gov.br\/pc\/wp-content\/uploads\/sites\/42\/2023\/06\/IMG-20230626-WA0057-300x169.jpg 300w, https:\/\/portal.pi.gov.br\/pc\/wp-content\/uploads\/sites\/42\/2023\/06\/IMG-20230626-WA0057-768x432.jpg 768w, https:\/\/portal.pi.gov.br\/pc\/wp-content\/uploads\/sites\/42\/2023\/06\/IMG-20230626-WA0057-420x236.jpg 420w, https:\/\/portal.pi.gov.br\/pc\/wp-content\/uploads\/sites\/42\/2023\/06\/IMG-20230626-WA0057-540x304.jpg 540w, https:\/\/portal.pi.gov.br\/pc\/wp-content\/uploads\/sites\/42\/2023\/06\/IMG-20230626-WA0057-780x439.jpg 780w, https:\/\/portal.pi.gov.br\/pc\/wp-content\/uploads\/sites\/42\/2023\/06\/IMG-20230626-WA0057-1536x864.jpg 1536w, https:\/\/portal.pi.gov.br\/pc\/wp-content\/uploads\/sites\/42\/2023\/06\/IMG-20230626-WA0057-947x533.jpg 947w, https:\/\/portal.pi.gov.br\/pc\/wp-content\/uploads\/sites\/42\/2023\/06\/IMG-20230626-WA0057-624x351.jpg 624w, https:\/\/portal.pi.gov.br\/pc\/wp-content\/uploads\/sites\/42\/2023\/06\/IMG-20230626-WA0057.jpg 1600w\" sizes=\"(max-width: 1024px) 100vw, 1024px\" \/><\/figure>\n\n\n\n<p>Um dos presos \u00e9 investigado como principal suspeito de dois homic\u00eddios ocorridos no litoral piauiense.<\/p>\n\n\n\n<figure class=\"wp-block-image size-large\"><img decoding=\"async\" loading=\"lazy\" width=\"1024\" height=\"989\" src=\"https:\/\/portal.pi.gov.br\/pc\/wp-content\/uploads\/sites\/42\/2023\/06\/IMG-20230626-WA0058-1024x989.jpg\" alt=\"\" class=\"wp-image-4621\" srcset=\"https:\/\/portal.pi.gov.br\/pc\/wp-content\/uploads\/sites\/42\/2023\/06\/IMG-20230626-WA0058-1024x989.jpg 1024w, https:\/\/portal.pi.gov.br\/pc\/wp-content\/uploads\/sites\/42\/2023\/06\/IMG-20230626-WA0058-300x290.jpg 300w, https:\/\/portal.pi.gov.br\/pc\/wp-content\/uploads\/sites\/42\/2023\/06\/IMG-20230626-WA0058-768x741.jpg 768w, https:\/\/portal.pi.gov.br\/pc\/wp-content\/uploads\/sites\/42\/2023\/06\/IMG-20230626-WA0058-420x405.jpg 420w, https:\/\/portal.pi.gov.br\/pc\/wp-content\/uploads\/sites\/42\/2023\/06\/IMG-20230626-WA0058-540x521.jpg 540w, https:\/\/portal.pi.gov.br\/pc\/wp-content\/uploads\/sites\/42\/2023\/06\/IMG-20230626-WA0058-780x753.jpg 780w, https:\/\/portal.pi.gov.br\/pc\/wp-content\/uploads\/sites\/42\/2023\/06\/IMG-20230626-WA0058-947x914.jpg 947w, https:\/\/portal.pi.gov.br\/pc\/wp-content\/uploads\/sites\/42\/2023\/06\/IMG-20230626-WA0058-624x602.jpg 624w, https:\/\/portal.pi.gov.br\/pc\/wp-content\/uploads\/sites\/42\/2023\/06\/IMG-20230626-WA0058.jpg 1097w\" sizes=\"(max-width: 1024px) 100vw, 1024px\" \/><\/figure>\n\n\n\n<p>A Pol\u00edcia Civil do Piau\u00ed conta com a colabora\u00e7\u00e3o dos cidad\u00e3os de bem nesta empreitada contra a criminalidade. Para contato, enviem mensagens, v\u00eddeos e \u00e1udios para o n\u00famero (Whatsapp): (86) 99843-5039. Seu sigilo ser\u00e1 inteiramente preservado.<\/p>\n","protected":false},"excerpt":{"rendered":"<p>A Pol\u00edcia Civil do Piau\u00ed, por meio da Delegacia de Lu\u00eds Correia, realizou nesta segunda-feira (26\/06), a pris\u00e3o em flagrante de duas pessoas naquele munic\u00edpio por tr\u00e1fico de drogas. Policiais [&hellip;]<\/p>\n","protected":false},"author":59,"featured_media":4620,"comment_status":"closed","ping_status":"closed","sticky":false,"template":"","format":"standard","meta":[],"categories":[1],"tags":[],"featured_image_urls":{"full":["https:\/\/portal.pi.gov.br\/pc\/wp-content\/uploads\/sites\/42\/2023\/06\/IMG-20230626-WA0057.jpg",1600,900,false],"thumbnail":["https:\/\/portal.pi.gov.br\/pc\/wp-content\/uploads\/sites\/42\/2023\/06\/IMG-20230626-WA0057-150x150.jpg",150,150,true],"medium":["https:\/\/portal.pi.gov.br\/pc\/wp-content\/uploads\/sites\/42\/2023\/06\/IMG-20230626-WA0057-300x169.jpg",300,169,true],"medium_large":["https:\/\/portal.pi.gov.br\/pc\/wp-content\/uploads\/sites\/42\/2023\/06\/IMG-20230626-WA0057-768x432.jpg",768,432,true],"large":["https:\/\/portal.pi.gov.br\/pc\/wp-content\/uploads\/sites\/42\/2023\/06\/IMG-20230626-WA0057-1024x576.jpg",887,499,true],"sgg-420":["https:\/\/portal.pi.gov.br\/pc\/wp-content\/uploads\/sites\/42\/2023\/06\/IMG-20230626-WA0057-420x236.jpg",420,236,true],"sgg-540":["https:\/\/portal.pi.gov.br\/pc\/wp-content\/uploads\/sites\/42\/2023\/06\/IMG-20230626-WA0057-540x304.jpg",540,304,true],"sgg-780":["https:\/\/portal.pi.gov.br\/pc\/wp-content\/uploads\/sites\/42\/2023\/06\/IMG-20230626-WA0057-780x439.jpg",780,439,true],"1536x1536":["https:\/\/portal.pi.gov.br\/pc\/wp-content\/uploads\/sites\/42\/2023\/06\/IMG-20230626-WA0057-1536x864.jpg",1536,864,true],"2048x2048":["https:\/\/portal.pi.gov.br\/pc\/wp-content\/uploads\/sites\/42\/2023\/06\/IMG-20230626-WA0057.jpg",1600,900,false],"homepage-slider":["https:\/\/portal.pi.gov.br\/pc\/wp-content\/uploads\/sites\/42\/2023\/06\/IMG-20230626-WA0057-1270x500.jpg",1270,500,true],"homepage-slider-small":["https:\/\/portal.pi.gov.br\/pc\/wp-content\/uploads\/sites\/42\/2023\/06\/IMG-20230626-WA0057-947x500.jpg",947,500,true],"page-top":["https:\/\/portal.pi.gov.br\/pc\/wp-content\/uploads\/sites\/42\/2023\/06\/IMG-20230626-WA0057-947x533.jpg",947,533,true],"page-small":["https:\/\/portal.pi.gov.br\/pc\/wp-content\/uploads\/sites\/42\/2023\/06\/IMG-20230626-WA0057-624x351.jpg",624,351,true],"loop-main":["https:\/\/portal.pi.gov.br\/pc\/wp-content\/uploads\/sites\/42\/2023\/06\/IMG-20230626-WA0057-365x240.jpg",365,240,true],"thumb-gallery-widget":["https:\/\/portal.pi.gov.br\/pc\/wp-content\/uploads\/sites\/42\/2023\/06\/IMG-20230626-WA0057-84x56.jpg",84,56,true]},"post_excerpt_stackable":"<p>A Pol\u00edcia Civil do Piau\u00ed, por meio da Delegacia de Lu\u00eds Correia, realizou nesta segunda-feira (26\/06), a pris\u00e3o em flagrante de duas pessoas naquele munic\u00edpio por tr\u00e1fico de drogas. Policiais civis apreenderam aproximadamente 01 kg (um) de coca\u00edna pura e muni\u00e7\u00f5es de in\u00fameros calibres (32, 38, 44, .40, 9 mm). Um dos presos \u00e9 investigado como principal suspeito de dois homic\u00eddios ocorridos no litoral piauiense. A Pol\u00edcia Civil do Piau\u00ed conta com a colabora\u00e7\u00e3o dos cidad\u00e3os de bem nesta empreitada contra a criminalidade. Para contato, enviem mensagens, v\u00eddeos e \u00e1udios para o n\u00famero (Whatsapp): (86) 99843-5039. Seu sigilo ser\u00e1 inteiramente&hellip;<\/p>\n","category_list":"<a href=\"https:\/\/portal.pi.gov.br\/pc\/category\/noticias\/\" rel=\"category tag\">PC<\/a>","author_info":{"name":"Aline Noleto Silva de Araujo","url":"https:\/\/portal.pi.gov.br\/pc\/author\/alinenoleto\/"},"comments_num":"0 coment\u00e1rio","featured_image_urls_v2":{"full":["https:\/\/portal.pi.gov.br\/pc\/wp-content\/uploads\/sites\/42\/2023\/06\/IMG-20230626-WA0057.jpg",1600,900,false],"thumbnail":["https:\/\/portal.pi.gov.br\/pc\/wp-content\/uploads\/sites\/42\/2023\/06\/IMG-20230626-WA0057-150x150.jpg",150,150,true],"medium":["https:\/\/portal.pi.gov.br\/pc\/wp-content\/uploads\/sites\/42\/2023\/06\/IMG-20230626-WA0057-300x169.jpg",300,169,true],"medium_large":["https:\/\/portal.pi.gov.br\/pc\/wp-content\/uploads\/sites\/42\/2023\/06\/IMG-20230626-WA0057-768x432.jpg",768,432,true],"large":["https:\/\/portal.pi.gov.br\/pc\/wp-content\/uploads\/sites\/42\/2023\/06\/IMG-20230626-WA0057-1024x576.jpg",887,499,true],"sgg-420":["https:\/\/portal.pi.gov.br\/pc\/wp-content\/uploads\/sites\/42\/2023\/06\/IMG-20230626-WA0057-420x236.jpg",420,236,true],"sgg-540":["https:\/\/portal.pi.gov.br\/pc\/wp-content\/uploads\/sites\/42\/2023\/06\/IMG-20230626-WA0057-540x304.jpg",540,304,true],"sgg-780":["https:\/\/portal.pi.gov.br\/pc\/wp-content\/uploads\/sites\/42\/2023\/06\/IMG-20230626-WA0057-780x439.jpg",780,439,true],"1536x1536":["https:\/\/portal.pi.gov.br\/pc\/wp-content\/uploads\/sites\/42\/2023\/06\/IMG-20230626-WA0057-1536x864.jpg",1536,864,true],"2048x2048":["https:\/\/portal.pi.gov.br\/pc\/wp-content\/uploads\/sites\/42\/2023\/06\/IMG-20230626-WA0057.jpg",1600,900,false],"homepage-slider":["https:\/\/portal.pi.gov.br\/pc\/wp-content\/uploads\/sites\/42\/2023\/06\/IMG-20230626-WA0057-1270x500.jpg",1270,500,true],"homepage-slider-small":["https:\/\/portal.pi.gov.br\/pc\/wp-content\/uploads\/sites\/42\/2023\/06\/IMG-20230626-WA0057-947x500.jpg",947,500,true],"page-top":["https:\/\/portal.pi.gov.br\/pc\/wp-content\/uploads\/sites\/42\/2023\/06\/IMG-20230626-WA0057-947x533.jpg",947,533,true],"page-small":["https:\/\/portal.pi.gov.br\/pc\/wp-content\/uploads\/sites\/42\/2023\/06\/IMG-20230626-WA0057-624x351.jpg",624,351,true],"loop-main":["https:\/\/portal.pi.gov.br\/pc\/wp-content\/uploads\/sites\/42\/2023\/06\/IMG-20230626-WA0057-365x240.jpg",365,240,true],"thumb-gallery-widget":["https:\/\/portal.pi.gov.br\/pc\/wp-content\/uploads\/sites\/42\/2023\/06\/IMG-20230626-WA0057-84x56.jpg",84,56,true]},"post_excerpt_stackable_v2":"<p>A Pol\u00edcia Civil do Piau\u00ed, por meio da Delegacia de Lu\u00eds Correia, realizou nesta segunda-feira (26\/06), a pris\u00e3o em flagrante de duas pessoas naquele munic\u00edpio por tr\u00e1fico de drogas. Policiais civis apreenderam aproximadamente 01 kg (um) de coca\u00edna pura e muni\u00e7\u00f5es de in\u00fameros calibres (32, 38, 44, .40, 9 mm). Um dos presos \u00e9 investigado como principal suspeito de dois homic\u00eddios ocorridos no litoral piauiense. A Pol\u00edcia Civil do Piau\u00ed conta com a colabora\u00e7\u00e3o dos cidad\u00e3os de bem nesta empreitada contra a criminalidade. Para contato, enviem mensagens, v\u00eddeos e \u00e1udios para o n\u00famero (Whatsapp): (86) 99843-5039. Seu sigilo ser\u00e1 inteiramente&hellip;<\/p>\n","category_list_v2":"<a href=\"https:\/\/portal.pi.gov.br\/pc\/category\/noticias\/\" rel=\"category tag\">PC<\/a>","author_info_v2":{"name":"Aline Noleto Silva de Araujo","url":"https:\/\/portal.pi.gov.br\/pc\/author\/alinenoleto\/"},"comments_num_v2":"0 coment\u00e1rio","jetpack_featured_media_url":"https:\/\/portal.pi.gov.br\/pc\/wp-content\/uploads\/sites\/42\/2023\/06\/IMG-20230626-WA0057.jpg","_links":{"self":[{"href":"https:\/\/portal.pi.gov.br\/pc\/wp-json\/wp\/v2\/posts\/4619"}],"collection":[{"href":"https:\/\/portal.pi.gov.br\/pc\/wp-json\/wp\/v2\/posts"}],"about":[{"href":"https:\/\/portal.pi.gov.br\/pc\/wp-json\/wp\/v2\/types\/post"}],"author":[{"embeddable":true,"href":"https:\/\/portal.pi.gov.br\/pc\/wp-json\/wp\/v2\/users\/59"}],"replies":[{"embeddable":true,"href":"https:\/\/portal.pi.gov.br\/pc\/wp-json\/wp\/v2\/comments?post=4619"}],"version-history":[{"count":1,"href":"https:\/\/portal.pi.gov.br\/pc\/wp-json\/wp\/v2\/posts\/4619\/revisions"}],"predecessor-version":[{"id":4622,"href":"https:\/\/portal.pi.gov.br\/pc\/wp-json\/wp\/v2\/posts\/4619\/revisions\/4622"}],"wp:featuredmedia":[{"embeddable":true,"href":"https:\/\/portal.pi.gov.br\/pc\/wp-json\/wp\/v2\/media\/4620"}],"wp:attachment":[{"href":"https:\/\/portal.pi.gov.br\/pc\/wp-json\/wp\/v2\/media?parent=4619"}],"wp:term":[{"taxonomy":"category","embeddable":true,"href":"https:\/\/portal.pi.gov.br\/pc\/wp-json\/wp\/v2\/categories?post=4619"},{"taxonomy":"post_tag","embeddable":true,"href":"https:\/\/portal.pi.gov.br\/pc\/wp-json\/wp\/v2\/tags?post=4619"}],"curies":[{"name":"wp","href":"https:\/\/api.w.org\/{rel}","templated":true}]}}