{"id":4625,"date":"2023-06-28T11:18:47","date_gmt":"2023-06-28T14:18:47","guid":{"rendered":"https:\/\/portal.pi.gov.br\/pc\/?p=4625"},"modified":"2023-06-28T11:30:31","modified_gmt":"2023-06-28T14:30:31","slug":"policia-civil-cumpre-mandados-por-roubos-de-veiculos-na-capital","status":"publish","type":"post","link":"https:\/\/portal.pi.gov.br\/pc\/2023\/06\/28\/policia-civil-cumpre-mandados-por-roubos-de-veiculos-na-capital\/","title":{"rendered":"Pol\u00edcia Civil cumpre mandados por roubos de ve\u00edculos na capital"},"content":{"rendered":"\n<p>A Pol\u00edcia Civil do Piau\u00ed cumpriu nesta quarta-feira (28\/06), mandados de busca, pris\u00e3o preventiva e de apreens\u00e3o de menores, suspeitos de praticarem roubos de ve\u00edculos. A a\u00e7\u00e3o foi coordenada pela POLINTER, com apoio da FEISP.<\/p>\n\n\n\n<figure class=\"wp-block-image size-large\"><img decoding=\"async\" loading=\"lazy\" width=\"1024\" height=\"762\" src=\"https:\/\/portal.pi.gov.br\/pc\/wp-content\/uploads\/sites\/42\/2023\/06\/WhatsApp-Image-2023-06-28-at-11.03.03-1024x762.jpeg\" alt=\"\" class=\"wp-image-4626\" srcset=\"https:\/\/portal.pi.gov.br\/pc\/wp-content\/uploads\/sites\/42\/2023\/06\/WhatsApp-Image-2023-06-28-at-11.03.03-1024x762.jpeg 1024w, https:\/\/portal.pi.gov.br\/pc\/wp-content\/uploads\/sites\/42\/2023\/06\/WhatsApp-Image-2023-06-28-at-11.03.03-300x223.jpeg 300w, https:\/\/portal.pi.gov.br\/pc\/wp-content\/uploads\/sites\/42\/2023\/06\/WhatsApp-Image-2023-06-28-at-11.03.03-768x571.jpeg 768w, https:\/\/portal.pi.gov.br\/pc\/wp-content\/uploads\/sites\/42\/2023\/06\/WhatsApp-Image-2023-06-28-at-11.03.03-420x312.jpeg 420w, https:\/\/portal.pi.gov.br\/pc\/wp-content\/uploads\/sites\/42\/2023\/06\/WhatsApp-Image-2023-06-28-at-11.03.03-540x402.jpeg 540w, https:\/\/portal.pi.gov.br\/pc\/wp-content\/uploads\/sites\/42\/2023\/06\/WhatsApp-Image-2023-06-28-at-11.03.03-780x580.jpeg 780w, https:\/\/portal.pi.gov.br\/pc\/wp-content\/uploads\/sites\/42\/2023\/06\/WhatsApp-Image-2023-06-28-at-11.03.03-947x704.jpeg 947w, https:\/\/portal.pi.gov.br\/pc\/wp-content\/uploads\/sites\/42\/2023\/06\/WhatsApp-Image-2023-06-28-at-11.03.03-624x464.jpeg 624w, https:\/\/portal.pi.gov.br\/pc\/wp-content\/uploads\/sites\/42\/2023\/06\/WhatsApp-Image-2023-06-28-at-11.03.03.jpeg 1280w\" sizes=\"(max-width: 1024px) 100vw, 1024px\" \/><\/figure>\n\n\n<div class=\"wp-block-image\">\n<figure class=\"alignright size-large is-resized\"><img decoding=\"async\" loading=\"lazy\" src=\"https:\/\/portal.pi.gov.br\/pc\/wp-content\/uploads\/sites\/42\/2023\/06\/WhatsApp-Image-2023-06-28-at-11.03.03-1-1-796x1024.jpeg\" alt=\"\" class=\"wp-image-4632\" width=\"324\" height=\"417\" srcset=\"https:\/\/portal.pi.gov.br\/pc\/wp-content\/uploads\/sites\/42\/2023\/06\/WhatsApp-Image-2023-06-28-at-11.03.03-1-1-796x1024.jpeg 796w, https:\/\/portal.pi.gov.br\/pc\/wp-content\/uploads\/sites\/42\/2023\/06\/WhatsApp-Image-2023-06-28-at-11.03.03-1-1-233x300.jpeg 233w, https:\/\/portal.pi.gov.br\/pc\/wp-content\/uploads\/sites\/42\/2023\/06\/WhatsApp-Image-2023-06-28-at-11.03.03-1-1-768x988.jpeg 768w, https:\/\/portal.pi.gov.br\/pc\/wp-content\/uploads\/sites\/42\/2023\/06\/WhatsApp-Image-2023-06-28-at-11.03.03-1-1-326x420.jpeg 326w, https:\/\/portal.pi.gov.br\/pc\/wp-content\/uploads\/sites\/42\/2023\/06\/WhatsApp-Image-2023-06-28-at-11.03.03-1-1-420x540.jpeg 420w, https:\/\/portal.pi.gov.br\/pc\/wp-content\/uploads\/sites\/42\/2023\/06\/WhatsApp-Image-2023-06-28-at-11.03.03-1-1-606x780.jpeg 606w, https:\/\/portal.pi.gov.br\/pc\/wp-content\/uploads\/sites\/42\/2023\/06\/WhatsApp-Image-2023-06-28-at-11.03.03-1-1-624x803.jpeg 624w, https:\/\/portal.pi.gov.br\/pc\/wp-content\/uploads\/sites\/42\/2023\/06\/WhatsApp-Image-2023-06-28-at-11.03.03-1-1.jpeg 893w\" sizes=\"(max-width: 324px) 100vw, 324px\" \/><\/figure><\/div>\n\n\n<p><br>Em mar\u00e7o de 2023, 04 (quatro) nacionais realizaram um roubo de um ve\u00edculo no bairro Ilhotas. Ap\u00f3s investiga\u00e7\u00e3o, os policiais da POLINTER prenderam 03 (tr\u00eas) investigados, sendo um deles maior e apreenderam dois menores de idade mediante mandados judiciais. O quarto investigado j\u00e1 foi identificado e encontra-se foragido.<\/p>\n\n\n\n<p>A POLINTER disponibiliza para DEN\u00daNCIAS, as quais s\u00e3o mantidas em SIGILO ABSOLUTO, o n\u00famero: (86) 99533-3877.<\/p>\n\n\n\n<p><\/p>\n\n\n\n<p><strong><em>Assessoria de Comunica\u00e7\u00e3o da Pol\u00edcia Civil<\/em><\/strong><\/p>\n","protected":false},"excerpt":{"rendered":"<p>A Pol\u00edcia Civil do Piau\u00ed cumpriu nesta quarta-feira (28\/06), mandados de busca, pris\u00e3o preventiva e de apreens\u00e3o de menores, suspeitos de praticarem roubos de ve\u00edculos. A a\u00e7\u00e3o foi coordenada pela [&hellip;]<\/p>\n","protected":false},"author":59,"featured_media":4626,"comment_status":"closed","ping_status":"closed","sticky":false,"template":"","format":"standard","meta":[],"categories":[1],"tags":[],"featured_image_urls":{"full":["https:\/\/portal.pi.gov.br\/pc\/wp-content\/uploads\/sites\/42\/2023\/06\/WhatsApp-Image-2023-06-28-at-11.03.03.jpeg",1280,952,false],"thumbnail":["https:\/\/portal.pi.gov.br\/pc\/wp-content\/uploads\/sites\/42\/2023\/06\/WhatsApp-Image-2023-06-28-at-11.03.03-150x150.jpeg",150,150,true],"medium":["https:\/\/portal.pi.gov.br\/pc\/wp-content\/uploads\/sites\/42\/2023\/06\/WhatsApp-Image-2023-06-28-at-11.03.03-300x223.jpeg",300,223,true],"medium_large":["https:\/\/portal.pi.gov.br\/pc\/wp-content\/uploads\/sites\/42\/2023\/06\/WhatsApp-Image-2023-06-28-at-11.03.03-768x571.jpeg",768,571,true],"large":["https:\/\/portal.pi.gov.br\/pc\/wp-content\/uploads\/sites\/42\/2023\/06\/WhatsApp-Image-2023-06-28-at-11.03.03-1024x762.jpeg",887,660,true],"sgg-420":["https:\/\/portal.pi.gov.br\/pc\/wp-content\/uploads\/sites\/42\/2023\/06\/WhatsApp-Image-2023-06-28-at-11.03.03-420x312.jpeg",420,312,true],"sgg-540":["https:\/\/portal.pi.gov.br\/pc\/wp-content\/uploads\/sites\/42\/2023\/06\/WhatsApp-Image-2023-06-28-at-11.03.03-540x402.jpeg",540,402,true],"sgg-780":["https:\/\/portal.pi.gov.br\/pc\/wp-content\/uploads\/sites\/42\/2023\/06\/WhatsApp-Image-2023-06-28-at-11.03.03-780x580.jpeg",780,580,true],"1536x1536":["https:\/\/portal.pi.gov.br\/pc\/wp-content\/uploads\/sites\/42\/2023\/06\/WhatsApp-Image-2023-06-28-at-11.03.03.jpeg",1280,952,false],"2048x2048":["https:\/\/portal.pi.gov.br\/pc\/wp-content\/uploads\/sites\/42\/2023\/06\/WhatsApp-Image-2023-06-28-at-11.03.03.jpeg",1280,952,false],"homepage-slider":["https:\/\/portal.pi.gov.br\/pc\/wp-content\/uploads\/sites\/42\/2023\/06\/WhatsApp-Image-2023-06-28-at-11.03.03-1270x500.jpeg",1270,500,true],"homepage-slider-small":["https:\/\/portal.pi.gov.br\/pc\/wp-content\/uploads\/sites\/42\/2023\/06\/WhatsApp-Image-2023-06-28-at-11.03.03-947x500.jpeg",947,500,true],"page-top":["https:\/\/portal.pi.gov.br\/pc\/wp-content\/uploads\/sites\/42\/2023\/06\/WhatsApp-Image-2023-06-28-at-11.03.03-947x704.jpeg",947,704,true],"page-small":["https:\/\/portal.pi.gov.br\/pc\/wp-content\/uploads\/sites\/42\/2023\/06\/WhatsApp-Image-2023-06-28-at-11.03.03-624x464.jpeg",624,464,true],"loop-main":["https:\/\/portal.pi.gov.br\/pc\/wp-content\/uploads\/sites\/42\/2023\/06\/WhatsApp-Image-2023-06-28-at-11.03.03-365x240.jpeg",365,240,true],"thumb-gallery-widget":["https:\/\/portal.pi.gov.br\/pc\/wp-content\/uploads\/sites\/42\/2023\/06\/WhatsApp-Image-2023-06-28-at-11.03.03-84x56.jpeg",84,56,true]},"post_excerpt_stackable":"<p>A Pol\u00edcia Civil do Piau\u00ed cumpriu nesta quarta-feira (28\/06), mandados de busca, pris\u00e3o preventiva e de apreens\u00e3o de menores, suspeitos de praticarem roubos de ve\u00edculos. A a\u00e7\u00e3o foi coordenada pela POLINTER, com apoio da FEISP. Em mar\u00e7o de 2023, 04 (quatro) nacionais realizaram um roubo de um ve\u00edculo no bairro Ilhotas. Ap\u00f3s investiga\u00e7\u00e3o, os policiais da POLINTER prenderam 03 (tr\u00eas) investigados, sendo um deles maior e apreenderam dois menores de idade mediante mandados judiciais. O quarto investigado j\u00e1 foi identificado e encontra-se foragido. A POLINTER disponibiliza para DEN\u00daNCIAS, as quais s\u00e3o mantidas em SIGILO ABSOLUTO, o n\u00famero: (86) 99533-3877. Assessoria&hellip;<\/p>\n","category_list":"<a href=\"https:\/\/portal.pi.gov.br\/pc\/category\/noticias\/\" rel=\"category tag\">PC<\/a>","author_info":{"name":"Aline Noleto Silva de Araujo","url":"https:\/\/portal.pi.gov.br\/pc\/author\/alinenoleto\/"},"comments_num":"0 coment\u00e1rio","featured_image_urls_v2":{"full":["https:\/\/portal.pi.gov.br\/pc\/wp-content\/uploads\/sites\/42\/2023\/06\/WhatsApp-Image-2023-06-28-at-11.03.03.jpeg",1280,952,false],"thumbnail":["https:\/\/portal.pi.gov.br\/pc\/wp-content\/uploads\/sites\/42\/2023\/06\/WhatsApp-Image-2023-06-28-at-11.03.03-150x150.jpeg",150,150,true],"medium":["https:\/\/portal.pi.gov.br\/pc\/wp-content\/uploads\/sites\/42\/2023\/06\/WhatsApp-Image-2023-06-28-at-11.03.03-300x223.jpeg",300,223,true],"medium_large":["https:\/\/portal.pi.gov.br\/pc\/wp-content\/uploads\/sites\/42\/2023\/06\/WhatsApp-Image-2023-06-28-at-11.03.03-768x571.jpeg",768,571,true],"large":["https:\/\/portal.pi.gov.br\/pc\/wp-content\/uploads\/sites\/42\/2023\/06\/WhatsApp-Image-2023-06-28-at-11.03.03-1024x762.jpeg",887,660,true],"sgg-420":["https:\/\/portal.pi.gov.br\/pc\/wp-content\/uploads\/sites\/42\/2023\/06\/WhatsApp-Image-2023-06-28-at-11.03.03-420x312.jpeg",420,312,true],"sgg-540":["https:\/\/portal.pi.gov.br\/pc\/wp-content\/uploads\/sites\/42\/2023\/06\/WhatsApp-Image-2023-06-28-at-11.03.03-540x402.jpeg",540,402,true],"sgg-780":["https:\/\/portal.pi.gov.br\/pc\/wp-content\/uploads\/sites\/42\/2023\/06\/WhatsApp-Image-2023-06-28-at-11.03.03-780x580.jpeg",780,580,true],"1536x1536":["https:\/\/portal.pi.gov.br\/pc\/wp-content\/uploads\/sites\/42\/2023\/06\/WhatsApp-Image-2023-06-28-at-11.03.03.jpeg",1280,952,false],"2048x2048":["https:\/\/portal.pi.gov.br\/pc\/wp-content\/uploads\/sites\/42\/2023\/06\/WhatsApp-Image-2023-06-28-at-11.03.03.jpeg",1280,952,false],"homepage-slider":["https:\/\/portal.pi.gov.br\/pc\/wp-content\/uploads\/sites\/42\/2023\/06\/WhatsApp-Image-2023-06-28-at-11.03.03-1270x500.jpeg",1270,500,true],"homepage-slider-small":["https:\/\/portal.pi.gov.br\/pc\/wp-content\/uploads\/sites\/42\/2023\/06\/WhatsApp-Image-2023-06-28-at-11.03.03-947x500.jpeg",947,500,true],"page-top":["https:\/\/portal.pi.gov.br\/pc\/wp-content\/uploads\/sites\/42\/2023\/06\/WhatsApp-Image-2023-06-28-at-11.03.03-947x704.jpeg",947,704,true],"page-small":["https:\/\/portal.pi.gov.br\/pc\/wp-content\/uploads\/sites\/42\/2023\/06\/WhatsApp-Image-2023-06-28-at-11.03.03-624x464.jpeg",624,464,true],"loop-main":["https:\/\/portal.pi.gov.br\/pc\/wp-content\/uploads\/sites\/42\/2023\/06\/WhatsApp-Image-2023-06-28-at-11.03.03-365x240.jpeg",365,240,true],"thumb-gallery-widget":["https:\/\/portal.pi.gov.br\/pc\/wp-content\/uploads\/sites\/42\/2023\/06\/WhatsApp-Image-2023-06-28-at-11.03.03-84x56.jpeg",84,56,true]},"post_excerpt_stackable_v2":"<p>A Pol\u00edcia Civil do Piau\u00ed cumpriu nesta quarta-feira (28\/06), mandados de busca, pris\u00e3o preventiva e de apreens\u00e3o de menores, suspeitos de praticarem roubos de ve\u00edculos. A a\u00e7\u00e3o foi coordenada pela POLINTER, com apoio da FEISP. Em mar\u00e7o de 2023, 04 (quatro) nacionais realizaram um roubo de um ve\u00edculo no bairro Ilhotas. Ap\u00f3s investiga\u00e7\u00e3o, os policiais da POLINTER prenderam 03 (tr\u00eas) investigados, sendo um deles maior e apreenderam dois menores de idade mediante mandados judiciais. O quarto investigado j\u00e1 foi identificado e encontra-se foragido. A POLINTER disponibiliza para DEN\u00daNCIAS, as quais s\u00e3o mantidas em SIGILO ABSOLUTO, o n\u00famero: (86) 99533-3877. Assessoria&hellip;<\/p>\n","category_list_v2":"<a href=\"https:\/\/portal.pi.gov.br\/pc\/category\/noticias\/\" rel=\"category tag\">PC<\/a>","author_info_v2":{"name":"Aline Noleto Silva de Araujo","url":"https:\/\/portal.pi.gov.br\/pc\/author\/alinenoleto\/"},"comments_num_v2":"0 coment\u00e1rio","jetpack_featured_media_url":"https:\/\/portal.pi.gov.br\/pc\/wp-content\/uploads\/sites\/42\/2023\/06\/WhatsApp-Image-2023-06-28-at-11.03.03.jpeg","_links":{"self":[{"href":"https:\/\/portal.pi.gov.br\/pc\/wp-json\/wp\/v2\/posts\/4625"}],"collection":[{"href":"https:\/\/portal.pi.gov.br\/pc\/wp-json\/wp\/v2\/posts"}],"about":[{"href":"https:\/\/portal.pi.gov.br\/pc\/wp-json\/wp\/v2\/types\/post"}],"author":[{"embeddable":true,"href":"https:\/\/portal.pi.gov.br\/pc\/wp-json\/wp\/v2\/users\/59"}],"replies":[{"embeddable":true,"href":"https:\/\/portal.pi.gov.br\/pc\/wp-json\/wp\/v2\/comments?post=4625"}],"version-history":[{"count":3,"href":"https:\/\/portal.pi.gov.br\/pc\/wp-json\/wp\/v2\/posts\/4625\/revisions"}],"predecessor-version":[{"id":4633,"href":"https:\/\/portal.pi.gov.br\/pc\/wp-json\/wp\/v2\/posts\/4625\/revisions\/4633"}],"wp:featuredmedia":[{"embeddable":true,"href":"https:\/\/portal.pi.gov.br\/pc\/wp-json\/wp\/v2\/media\/4626"}],"wp:attachment":[{"href":"https:\/\/portal.pi.gov.br\/pc\/wp-json\/wp\/v2\/media?parent=4625"}],"wp:term":[{"taxonomy":"category","embeddable":true,"href":"https:\/\/portal.pi.gov.br\/pc\/wp-json\/wp\/v2\/categories?post=4625"},{"taxonomy":"post_tag","embeddable":true,"href":"https:\/\/portal.pi.gov.br\/pc\/wp-json\/wp\/v2\/tags?post=4625"}],"curies":[{"name":"wp","href":"https:\/\/api.w.org\/{rel}","templated":true}]}}