{"id":4654,"date":"2023-06-29T18:22:09","date_gmt":"2023-06-29T21:22:09","guid":{"rendered":"https:\/\/portal.pi.gov.br\/pc\/?p=4654"},"modified":"2023-06-29T18:22:10","modified_gmt":"2023-06-29T21:22:10","slug":"policia-civil-prende-autor-de-disparo-contra-tenente-da-pm-pi","status":"publish","type":"post","link":"https:\/\/portal.pi.gov.br\/pc\/2023\/06\/29\/policia-civil-prende-autor-de-disparo-contra-tenente-da-pm-pi\/","title":{"rendered":"Pol\u00edcia Civil prende autor de disparo contra Tenente da PM-PI"},"content":{"rendered":"\n<p>A Pol\u00edcia Civil do Piau\u00ed informa que o nacional de iniciais A.L.A., autor do disparo contra o Tenente da Pol\u00edcia Militar do Piau\u00ed (PM-PI), Madslan Sousa, ocorrido no \u00faltimo dia 27\/06, durante cumprimento de mandado de busca e apreens\u00e3o, se apresentou de forma volunt\u00e1ria a autoridade policial.<\/p>\n\n\n\n<figure class=\"wp-block-image size-large\"><img decoding=\"async\" loading=\"lazy\" width=\"576\" height=\"1024\" src=\"https:\/\/portal.pi.gov.br\/pc\/wp-content\/uploads\/sites\/42\/2023\/06\/IMG-20230629-WA0085-576x1024.jpg\" alt=\"\" class=\"wp-image-4655\" srcset=\"https:\/\/portal.pi.gov.br\/pc\/wp-content\/uploads\/sites\/42\/2023\/06\/IMG-20230629-WA0085-576x1024.jpg 576w, https:\/\/portal.pi.gov.br\/pc\/wp-content\/uploads\/sites\/42\/2023\/06\/IMG-20230629-WA0085-169x300.jpg 169w, https:\/\/portal.pi.gov.br\/pc\/wp-content\/uploads\/sites\/42\/2023\/06\/IMG-20230629-WA0085-768x1365.jpg 768w, https:\/\/portal.pi.gov.br\/pc\/wp-content\/uploads\/sites\/42\/2023\/06\/IMG-20230629-WA0085-236x420.jpg 236w, https:\/\/portal.pi.gov.br\/pc\/wp-content\/uploads\/sites\/42\/2023\/06\/IMG-20230629-WA0085-304x540.jpg 304w, https:\/\/portal.pi.gov.br\/pc\/wp-content\/uploads\/sites\/42\/2023\/06\/IMG-20230629-WA0085-439x780.jpg 439w, https:\/\/portal.pi.gov.br\/pc\/wp-content\/uploads\/sites\/42\/2023\/06\/IMG-20230629-WA0085-864x1536.jpg 864w, https:\/\/portal.pi.gov.br\/pc\/wp-content\/uploads\/sites\/42\/2023\/06\/IMG-20230629-WA0085-624x1109.jpg 624w, https:\/\/portal.pi.gov.br\/pc\/wp-content\/uploads\/sites\/42\/2023\/06\/IMG-20230629-WA0085.jpg 900w\" sizes=\"(max-width: 576px) 100vw, 576px\" \/><\/figure>\n\n\n\n<p>Os termos da apresenta\u00e7\u00e3o foram negociados com o titular da Delegacia de Esperantina (PI), delegado Ayslan Magalh\u00e3es e o advogado do autor.<\/p>\n\n\n\n<p>A pris\u00e3o preventiva foi efetuada na cidade de Madeiro (PI), na tarde desta quinta-feira (29\/06).<\/p>\n\n\n\n<p>O autor responder\u00e1 por tentativa de homic\u00eddio qualificado contra policial militar em servi\u00e7o.<\/p>\n\n\n\n<p>Assessoria de Comunica\u00e7\u00e3o da Pol\u00edcia Civil<\/p>\n","protected":false},"excerpt":{"rendered":"<p>A Pol\u00edcia Civil do Piau\u00ed informa que o nacional de iniciais A.L.A., autor do disparo contra o Tenente da Pol\u00edcia Militar do Piau\u00ed (PM-PI), Madslan Sousa, ocorrido no \u00faltimo dia [&hellip;]<\/p>\n","protected":false},"author":59,"featured_media":4655,"comment_status":"closed","ping_status":"closed","sticky":false,"template":"","format":"standard","meta":[],"categories":[1],"tags":[],"featured_image_urls":{"full":["https:\/\/portal.pi.gov.br\/pc\/wp-content\/uploads\/sites\/42\/2023\/06\/IMG-20230629-WA0085.jpg",900,1600,false],"thumbnail":["https:\/\/portal.pi.gov.br\/pc\/wp-content\/uploads\/sites\/42\/2023\/06\/IMG-20230629-WA0085-150x150.jpg",150,150,true],"medium":["https:\/\/portal.pi.gov.br\/pc\/wp-content\/uploads\/sites\/42\/2023\/06\/IMG-20230629-WA0085-169x300.jpg",169,300,true],"medium_large":["https:\/\/portal.pi.gov.br\/pc\/wp-content\/uploads\/sites\/42\/2023\/06\/IMG-20230629-WA0085-768x1365.jpg",768,1365,true],"large":["https:\/\/portal.pi.gov.br\/pc\/wp-content\/uploads\/sites\/42\/2023\/06\/IMG-20230629-WA0085-576x1024.jpg",576,1024,true],"sgg-420":["https:\/\/portal.pi.gov.br\/pc\/wp-content\/uploads\/sites\/42\/2023\/06\/IMG-20230629-WA0085-236x420.jpg",236,420,true],"sgg-540":["https:\/\/portal.pi.gov.br\/pc\/wp-content\/uploads\/sites\/42\/2023\/06\/IMG-20230629-WA0085-304x540.jpg",304,540,true],"sgg-780":["https:\/\/portal.pi.gov.br\/pc\/wp-content\/uploads\/sites\/42\/2023\/06\/IMG-20230629-WA0085-439x780.jpg",439,780,true],"1536x1536":["https:\/\/portal.pi.gov.br\/pc\/wp-content\/uploads\/sites\/42\/2023\/06\/IMG-20230629-WA0085-864x1536.jpg",864,1536,true],"2048x2048":["https:\/\/portal.pi.gov.br\/pc\/wp-content\/uploads\/sites\/42\/2023\/06\/IMG-20230629-WA0085.jpg",900,1600,false],"homepage-slider":["https:\/\/portal.pi.gov.br\/pc\/wp-content\/uploads\/sites\/42\/2023\/06\/IMG-20230629-WA0085-900x500.jpg",900,500,true],"homepage-slider-small":["https:\/\/portal.pi.gov.br\/pc\/wp-content\/uploads\/sites\/42\/2023\/06\/IMG-20230629-WA0085-900x500.jpg",900,500,true],"page-top":["https:\/\/portal.pi.gov.br\/pc\/wp-content\/uploads\/sites\/42\/2023\/06\/IMG-20230629-WA0085.jpg",900,1600,false],"page-small":["https:\/\/portal.pi.gov.br\/pc\/wp-content\/uploads\/sites\/42\/2023\/06\/IMG-20230629-WA0085-624x1109.jpg",624,1109,true],"loop-main":["https:\/\/portal.pi.gov.br\/pc\/wp-content\/uploads\/sites\/42\/2023\/06\/IMG-20230629-WA0085-365x240.jpg",365,240,true],"thumb-gallery-widget":["https:\/\/portal.pi.gov.br\/pc\/wp-content\/uploads\/sites\/42\/2023\/06\/IMG-20230629-WA0085-84x56.jpg",84,56,true]},"post_excerpt_stackable":"<p>A Pol\u00edcia Civil do Piau\u00ed informa que o nacional de iniciais A.L.A., autor do disparo contra o Tenente da Pol\u00edcia Militar do Piau\u00ed (PM-PI), Madslan Sousa, ocorrido no \u00faltimo dia 27\/06, durante cumprimento de mandado de busca e apreens\u00e3o, se apresentou de forma volunt\u00e1ria a autoridade policial. Os termos da apresenta\u00e7\u00e3o foram negociados com o titular da Delegacia de Esperantina (PI), delegado Ayslan Magalh\u00e3es e o advogado do autor. A pris\u00e3o preventiva foi efetuada na cidade de Madeiro (PI), na tarde desta quinta-feira (29\/06). O autor responder\u00e1 por tentativa de homic\u00eddio qualificado contra policial militar em servi\u00e7o. Assessoria de Comunica\u00e7\u00e3o&hellip;<\/p>\n","category_list":"<a href=\"https:\/\/portal.pi.gov.br\/pc\/category\/noticias\/\" rel=\"category tag\">PC<\/a>","author_info":{"name":"Aline Noleto Silva de Araujo","url":"https:\/\/portal.pi.gov.br\/pc\/author\/alinenoleto\/"},"comments_num":"0 coment\u00e1rio","featured_image_urls_v2":{"full":["https:\/\/portal.pi.gov.br\/pc\/wp-content\/uploads\/sites\/42\/2023\/06\/IMG-20230629-WA0085.jpg",900,1600,false],"thumbnail":["https:\/\/portal.pi.gov.br\/pc\/wp-content\/uploads\/sites\/42\/2023\/06\/IMG-20230629-WA0085-150x150.jpg",150,150,true],"medium":["https:\/\/portal.pi.gov.br\/pc\/wp-content\/uploads\/sites\/42\/2023\/06\/IMG-20230629-WA0085-169x300.jpg",169,300,true],"medium_large":["https:\/\/portal.pi.gov.br\/pc\/wp-content\/uploads\/sites\/42\/2023\/06\/IMG-20230629-WA0085-768x1365.jpg",768,1365,true],"large":["https:\/\/portal.pi.gov.br\/pc\/wp-content\/uploads\/sites\/42\/2023\/06\/IMG-20230629-WA0085-576x1024.jpg",576,1024,true],"sgg-420":["https:\/\/portal.pi.gov.br\/pc\/wp-content\/uploads\/sites\/42\/2023\/06\/IMG-20230629-WA0085-236x420.jpg",236,420,true],"sgg-540":["https:\/\/portal.pi.gov.br\/pc\/wp-content\/uploads\/sites\/42\/2023\/06\/IMG-20230629-WA0085-304x540.jpg",304,540,true],"sgg-780":["https:\/\/portal.pi.gov.br\/pc\/wp-content\/uploads\/sites\/42\/2023\/06\/IMG-20230629-WA0085-439x780.jpg",439,780,true],"1536x1536":["https:\/\/portal.pi.gov.br\/pc\/wp-content\/uploads\/sites\/42\/2023\/06\/IMG-20230629-WA0085-864x1536.jpg",864,1536,true],"2048x2048":["https:\/\/portal.pi.gov.br\/pc\/wp-content\/uploads\/sites\/42\/2023\/06\/IMG-20230629-WA0085.jpg",900,1600,false],"homepage-slider":["https:\/\/portal.pi.gov.br\/pc\/wp-content\/uploads\/sites\/42\/2023\/06\/IMG-20230629-WA0085-900x500.jpg",900,500,true],"homepage-slider-small":["https:\/\/portal.pi.gov.br\/pc\/wp-content\/uploads\/sites\/42\/2023\/06\/IMG-20230629-WA0085-900x500.jpg",900,500,true],"page-top":["https:\/\/portal.pi.gov.br\/pc\/wp-content\/uploads\/sites\/42\/2023\/06\/IMG-20230629-WA0085.jpg",900,1600,false],"page-small":["https:\/\/portal.pi.gov.br\/pc\/wp-content\/uploads\/sites\/42\/2023\/06\/IMG-20230629-WA0085-624x1109.jpg",624,1109,true],"loop-main":["https:\/\/portal.pi.gov.br\/pc\/wp-content\/uploads\/sites\/42\/2023\/06\/IMG-20230629-WA0085-365x240.jpg",365,240,true],"thumb-gallery-widget":["https:\/\/portal.pi.gov.br\/pc\/wp-content\/uploads\/sites\/42\/2023\/06\/IMG-20230629-WA0085-84x56.jpg",84,56,true]},"post_excerpt_stackable_v2":"<p>A Pol\u00edcia Civil do Piau\u00ed informa que o nacional de iniciais A.L.A., autor do disparo contra o Tenente da Pol\u00edcia Militar do Piau\u00ed (PM-PI), Madslan Sousa, ocorrido no \u00faltimo dia 27\/06, durante cumprimento de mandado de busca e apreens\u00e3o, se apresentou de forma volunt\u00e1ria a autoridade policial. Os termos da apresenta\u00e7\u00e3o foram negociados com o titular da Delegacia de Esperantina (PI), delegado Ayslan Magalh\u00e3es e o advogado do autor. A pris\u00e3o preventiva foi efetuada na cidade de Madeiro (PI), na tarde desta quinta-feira (29\/06). O autor responder\u00e1 por tentativa de homic\u00eddio qualificado contra policial militar em servi\u00e7o. Assessoria de Comunica\u00e7\u00e3o&hellip;<\/p>\n","category_list_v2":"<a href=\"https:\/\/portal.pi.gov.br\/pc\/category\/noticias\/\" rel=\"category tag\">PC<\/a>","author_info_v2":{"name":"Aline Noleto Silva de Araujo","url":"https:\/\/portal.pi.gov.br\/pc\/author\/alinenoleto\/"},"comments_num_v2":"0 coment\u00e1rio","jetpack_featured_media_url":"https:\/\/portal.pi.gov.br\/pc\/wp-content\/uploads\/sites\/42\/2023\/06\/IMG-20230629-WA0085.jpg","_links":{"self":[{"href":"https:\/\/portal.pi.gov.br\/pc\/wp-json\/wp\/v2\/posts\/4654"}],"collection":[{"href":"https:\/\/portal.pi.gov.br\/pc\/wp-json\/wp\/v2\/posts"}],"about":[{"href":"https:\/\/portal.pi.gov.br\/pc\/wp-json\/wp\/v2\/types\/post"}],"author":[{"embeddable":true,"href":"https:\/\/portal.pi.gov.br\/pc\/wp-json\/wp\/v2\/users\/59"}],"replies":[{"embeddable":true,"href":"https:\/\/portal.pi.gov.br\/pc\/wp-json\/wp\/v2\/comments?post=4654"}],"version-history":[{"count":1,"href":"https:\/\/portal.pi.gov.br\/pc\/wp-json\/wp\/v2\/posts\/4654\/revisions"}],"predecessor-version":[{"id":4656,"href":"https:\/\/portal.pi.gov.br\/pc\/wp-json\/wp\/v2\/posts\/4654\/revisions\/4656"}],"wp:featuredmedia":[{"embeddable":true,"href":"https:\/\/portal.pi.gov.br\/pc\/wp-json\/wp\/v2\/media\/4655"}],"wp:attachment":[{"href":"https:\/\/portal.pi.gov.br\/pc\/wp-json\/wp\/v2\/media?parent=4654"}],"wp:term":[{"taxonomy":"category","embeddable":true,"href":"https:\/\/portal.pi.gov.br\/pc\/wp-json\/wp\/v2\/categories?post=4654"},{"taxonomy":"post_tag","embeddable":true,"href":"https:\/\/portal.pi.gov.br\/pc\/wp-json\/wp\/v2\/tags?post=4654"}],"curies":[{"name":"wp","href":"https:\/\/api.w.org\/{rel}","templated":true}]}}