{"id":5848,"date":"2023-09-15T15:14:31","date_gmt":"2023-09-15T18:14:31","guid":{"rendered":"https:\/\/portal.pi.gov.br\/pc\/?p=5848"},"modified":"2023-09-15T15:14:46","modified_gmt":"2023-09-15T18:14:46","slug":"policia-civil-prende-suspeito-de-homicidio-em-teresina","status":"publish","type":"post","link":"https:\/\/portal.pi.gov.br\/pc\/2023\/09\/15\/policia-civil-prende-suspeito-de-homicidio-em-teresina\/","title":{"rendered":"Pol\u00edcia Civil prende suspeito de homic\u00eddio em Teresina"},"content":{"rendered":"\n<p>A Pol\u00edcia Civil do Piau\u00ed deu cumprimento, na manh\u00e3 desta sexta-feira (15), ao mandado de pris\u00e3o de um homem com as iniciais V. J. B. C. em sua resid\u00eancia em um condom\u00ednio na zona leste da capital. <\/p>\n\n\n\n<p>O preso \u00e9 suspeito de ser um dos autores dos homic\u00eddios contra as v\u00edtimas M\u00e1rcio Fernandes Lima e Jo\u00e3o Victor de Sousa Rodrigues, ocorrido em julho deste ano, no Povoado Formosa, na estrada da Usina Santana, zona sudeste desta capital. Na ocasi\u00e3o, as v\u00edtimas estavam caminhando nessa estrada quando foram abordadas por um ve\u00edculo de cor prata, momento em que os autores dos homic\u00eddios renderam as v\u00edtimas, torturaram-nas com disparos nas m\u00e3os e, em seguida, executaram-nas.<\/p>\n\n\n<div class=\"wp-block-image\">\n<figure class=\"aligncenter size-large\"><img decoding=\"async\" loading=\"lazy\" width=\"1024\" height=\"634\" src=\"https:\/\/portal.pi.gov.br\/pc\/wp-content\/uploads\/sites\/42\/2023\/09\/Prisao-e-Apreensao-DHPP-15.09.23-1024x634.jpeg\" alt=\"\" class=\"wp-image-5849\" srcset=\"https:\/\/portal.pi.gov.br\/pc\/wp-content\/uploads\/sites\/42\/2023\/09\/Prisao-e-Apreensao-DHPP-15.09.23-1024x634.jpeg 1024w, https:\/\/portal.pi.gov.br\/pc\/wp-content\/uploads\/sites\/42\/2023\/09\/Prisao-e-Apreensao-DHPP-15.09.23-300x186.jpeg 300w, https:\/\/portal.pi.gov.br\/pc\/wp-content\/uploads\/sites\/42\/2023\/09\/Prisao-e-Apreensao-DHPP-15.09.23-768x475.jpeg 768w, https:\/\/portal.pi.gov.br\/pc\/wp-content\/uploads\/sites\/42\/2023\/09\/Prisao-e-Apreensao-DHPP-15.09.23-420x260.jpeg 420w, https:\/\/portal.pi.gov.br\/pc\/wp-content\/uploads\/sites\/42\/2023\/09\/Prisao-e-Apreensao-DHPP-15.09.23-540x334.jpeg 540w, https:\/\/portal.pi.gov.br\/pc\/wp-content\/uploads\/sites\/42\/2023\/09\/Prisao-e-Apreensao-DHPP-15.09.23-780x483.jpeg 780w, https:\/\/portal.pi.gov.br\/pc\/wp-content\/uploads\/sites\/42\/2023\/09\/Prisao-e-Apreensao-DHPP-15.09.23-1536x950.jpeg 1536w, https:\/\/portal.pi.gov.br\/pc\/wp-content\/uploads\/sites\/42\/2023\/09\/Prisao-e-Apreensao-DHPP-15.09.23-947x586.jpeg 947w, https:\/\/portal.pi.gov.br\/pc\/wp-content\/uploads\/sites\/42\/2023\/09\/Prisao-e-Apreensao-DHPP-15.09.23-624x386.jpeg 624w, https:\/\/portal.pi.gov.br\/pc\/wp-content\/uploads\/sites\/42\/2023\/09\/Prisao-e-Apreensao-DHPP-15.09.23.jpeg 1600w\" sizes=\"(max-width: 1024px) 100vw, 1024px\" \/><figcaption class=\"wp-element-caption\">Apreens\u00f5es durante a a\u00e7\u00e3o do DHPP na manh\u00e3 desta sexta (15)<\/figcaption><\/figure><\/div>\n\n\n<p>Tamb\u00e9m foram realizadas buscas no escrit\u00f3rio e na fazenda do suspeito preso, situada pr\u00f3xima onde ocorreram as mortes. No local, foram apreendidas duas espingardas, uma calibre 28 e outra calibre 12, al\u00e9m de 19 muni\u00e7\u00f5es de calibre 12 e nove muni\u00e7\u00f5es da calibre 28.<\/p>\n\n\n\n<p>A a\u00e7\u00e3o desta manh\u00e3 foi feita pelo Departamento de Homic\u00eddios e Prote\u00e7\u00e3o \u00e0 Pessoa (DHPP). De acordo com o coordenador do DHPP, delegado Francisco Costa (Baretta),\u00a0os homic\u00eddios teriam acontecido porque as v\u00edtimas realizaram anteriormente um assalto na fazenda de V. J. B. C., preso hoje. O homem estaria como mandante dos homic\u00eddios, tendo auxiliado o seu caseiro na execu\u00e7\u00e3o do crime bem como na sua fuga.<\/p>\n\n\n\n<p>O DHPP segue disponibilizando o n\u00famero 181 para den\u00fancias an\u00f4nimas.<\/p>\n\n\n\n<p><strong><em>Assessoria de Comunica\u00e7\u00e3o da Pol\u00edcia Civil do Piau\u00ed<\/em><\/strong><\/p>\n","protected":false},"excerpt":{"rendered":"<p>A Pol\u00edcia Civil do Piau\u00ed deu cumprimento, na manh\u00e3 desta sexta-feira (15), ao mandado de pris\u00e3o de um homem com as iniciais V. J. B. C. em sua resid\u00eancia em [&hellip;]<\/p>\n","protected":false},"author":1746,"featured_media":5849,"comment_status":"closed","ping_status":"closed","sticky":false,"template":"","format":"standard","meta":[],"categories":[1],"tags":[],"featured_image_urls":{"full":["https:\/\/portal.pi.gov.br\/pc\/wp-content\/uploads\/sites\/42\/2023\/09\/Prisao-e-Apreensao-DHPP-15.09.23.jpeg",1600,990,false],"thumbnail":["https:\/\/portal.pi.gov.br\/pc\/wp-content\/uploads\/sites\/42\/2023\/09\/Prisao-e-Apreensao-DHPP-15.09.23-150x150.jpeg",150,150,true],"medium":["https:\/\/portal.pi.gov.br\/pc\/wp-content\/uploads\/sites\/42\/2023\/09\/Prisao-e-Apreensao-DHPP-15.09.23-300x186.jpeg",300,186,true],"medium_large":["https:\/\/portal.pi.gov.br\/pc\/wp-content\/uploads\/sites\/42\/2023\/09\/Prisao-e-Apreensao-DHPP-15.09.23-768x475.jpeg",768,475,true],"large":["https:\/\/portal.pi.gov.br\/pc\/wp-content\/uploads\/sites\/42\/2023\/09\/Prisao-e-Apreensao-DHPP-15.09.23-1024x634.jpeg",887,549,true],"sgg-420":["https:\/\/portal.pi.gov.br\/pc\/wp-content\/uploads\/sites\/42\/2023\/09\/Prisao-e-Apreensao-DHPP-15.09.23-420x260.jpeg",420,260,true],"sgg-540":["https:\/\/portal.pi.gov.br\/pc\/wp-content\/uploads\/sites\/42\/2023\/09\/Prisao-e-Apreensao-DHPP-15.09.23-540x334.jpeg",540,334,true],"sgg-780":["https:\/\/portal.pi.gov.br\/pc\/wp-content\/uploads\/sites\/42\/2023\/09\/Prisao-e-Apreensao-DHPP-15.09.23-780x483.jpeg",780,483,true],"1536x1536":["https:\/\/portal.pi.gov.br\/pc\/wp-content\/uploads\/sites\/42\/2023\/09\/Prisao-e-Apreensao-DHPP-15.09.23-1536x950.jpeg",1536,950,true],"2048x2048":["https:\/\/portal.pi.gov.br\/pc\/wp-content\/uploads\/sites\/42\/2023\/09\/Prisao-e-Apreensao-DHPP-15.09.23.jpeg",1600,990,false],"homepage-slider":["https:\/\/portal.pi.gov.br\/pc\/wp-content\/uploads\/sites\/42\/2023\/09\/Prisao-e-Apreensao-DHPP-15.09.23-1270x500.jpeg",1270,500,true],"homepage-slider-small":["https:\/\/portal.pi.gov.br\/pc\/wp-content\/uploads\/sites\/42\/2023\/09\/Prisao-e-Apreensao-DHPP-15.09.23-947x500.jpeg",947,500,true],"page-top":["https:\/\/portal.pi.gov.br\/pc\/wp-content\/uploads\/sites\/42\/2023\/09\/Prisao-e-Apreensao-DHPP-15.09.23-947x586.jpeg",947,586,true],"page-small":["https:\/\/portal.pi.gov.br\/pc\/wp-content\/uploads\/sites\/42\/2023\/09\/Prisao-e-Apreensao-DHPP-15.09.23-624x386.jpeg",624,386,true],"loop-main":["https:\/\/portal.pi.gov.br\/pc\/wp-content\/uploads\/sites\/42\/2023\/09\/Prisao-e-Apreensao-DHPP-15.09.23-365x240.jpeg",365,240,true],"thumb-gallery-widget":["https:\/\/portal.pi.gov.br\/pc\/wp-content\/uploads\/sites\/42\/2023\/09\/Prisao-e-Apreensao-DHPP-15.09.23-84x56.jpeg",84,56,true]},"post_excerpt_stackable":"<p>A Pol\u00edcia Civil do Piau\u00ed deu cumprimento, na manh\u00e3 desta sexta-feira (15), ao mandado de pris\u00e3o de um homem com as iniciais V. J. B. C. em sua resid\u00eancia em um condom\u00ednio na zona leste da capital. O preso \u00e9 suspeito de ser um dos autores dos homic\u00eddios contra as v\u00edtimas M\u00e1rcio Fernandes Lima e Jo\u00e3o Victor de Sousa Rodrigues, ocorrido em julho deste ano, no Povoado Formosa, na estrada da Usina Santana, zona sudeste desta capital. Na ocasi\u00e3o, as v\u00edtimas estavam caminhando nessa estrada quando foram abordadas por um ve\u00edculo de cor prata, momento em que os autores dos&hellip;<\/p>\n","category_list":"<a href=\"https:\/\/portal.pi.gov.br\/pc\/category\/noticias\/\" rel=\"category tag\">PC<\/a>","author_info":{"name":"J\u00e9ssica Lib\u00e2nio","url":"https:\/\/portal.pi.gov.br\/pc\/author\/jessicalibanio\/"},"comments_num":"0 coment\u00e1rio","featured_image_urls_v2":{"full":["https:\/\/portal.pi.gov.br\/pc\/wp-content\/uploads\/sites\/42\/2023\/09\/Prisao-e-Apreensao-DHPP-15.09.23.jpeg",1600,990,false],"thumbnail":["https:\/\/portal.pi.gov.br\/pc\/wp-content\/uploads\/sites\/42\/2023\/09\/Prisao-e-Apreensao-DHPP-15.09.23-150x150.jpeg",150,150,true],"medium":["https:\/\/portal.pi.gov.br\/pc\/wp-content\/uploads\/sites\/42\/2023\/09\/Prisao-e-Apreensao-DHPP-15.09.23-300x186.jpeg",300,186,true],"medium_large":["https:\/\/portal.pi.gov.br\/pc\/wp-content\/uploads\/sites\/42\/2023\/09\/Prisao-e-Apreensao-DHPP-15.09.23-768x475.jpeg",768,475,true],"large":["https:\/\/portal.pi.gov.br\/pc\/wp-content\/uploads\/sites\/42\/2023\/09\/Prisao-e-Apreensao-DHPP-15.09.23-1024x634.jpeg",887,549,true],"sgg-420":["https:\/\/portal.pi.gov.br\/pc\/wp-content\/uploads\/sites\/42\/2023\/09\/Prisao-e-Apreensao-DHPP-15.09.23-420x260.jpeg",420,260,true],"sgg-540":["https:\/\/portal.pi.gov.br\/pc\/wp-content\/uploads\/sites\/42\/2023\/09\/Prisao-e-Apreensao-DHPP-15.09.23-540x334.jpeg",540,334,true],"sgg-780":["https:\/\/portal.pi.gov.br\/pc\/wp-content\/uploads\/sites\/42\/2023\/09\/Prisao-e-Apreensao-DHPP-15.09.23-780x483.jpeg",780,483,true],"1536x1536":["https:\/\/portal.pi.gov.br\/pc\/wp-content\/uploads\/sites\/42\/2023\/09\/Prisao-e-Apreensao-DHPP-15.09.23-1536x950.jpeg",1536,950,true],"2048x2048":["https:\/\/portal.pi.gov.br\/pc\/wp-content\/uploads\/sites\/42\/2023\/09\/Prisao-e-Apreensao-DHPP-15.09.23.jpeg",1600,990,false],"homepage-slider":["https:\/\/portal.pi.gov.br\/pc\/wp-content\/uploads\/sites\/42\/2023\/09\/Prisao-e-Apreensao-DHPP-15.09.23-1270x500.jpeg",1270,500,true],"homepage-slider-small":["https:\/\/portal.pi.gov.br\/pc\/wp-content\/uploads\/sites\/42\/2023\/09\/Prisao-e-Apreensao-DHPP-15.09.23-947x500.jpeg",947,500,true],"page-top":["https:\/\/portal.pi.gov.br\/pc\/wp-content\/uploads\/sites\/42\/2023\/09\/Prisao-e-Apreensao-DHPP-15.09.23-947x586.jpeg",947,586,true],"page-small":["https:\/\/portal.pi.gov.br\/pc\/wp-content\/uploads\/sites\/42\/2023\/09\/Prisao-e-Apreensao-DHPP-15.09.23-624x386.jpeg",624,386,true],"loop-main":["https:\/\/portal.pi.gov.br\/pc\/wp-content\/uploads\/sites\/42\/2023\/09\/Prisao-e-Apreensao-DHPP-15.09.23-365x240.jpeg",365,240,true],"thumb-gallery-widget":["https:\/\/portal.pi.gov.br\/pc\/wp-content\/uploads\/sites\/42\/2023\/09\/Prisao-e-Apreensao-DHPP-15.09.23-84x56.jpeg",84,56,true]},"post_excerpt_stackable_v2":"<p>A Pol\u00edcia Civil do Piau\u00ed deu cumprimento, na manh\u00e3 desta sexta-feira (15), ao mandado de pris\u00e3o de um homem com as iniciais V. J. B. C. em sua resid\u00eancia em um condom\u00ednio na zona leste da capital. O preso \u00e9 suspeito de ser um dos autores dos homic\u00eddios contra as v\u00edtimas M\u00e1rcio Fernandes Lima e Jo\u00e3o Victor de Sousa Rodrigues, ocorrido em julho deste ano, no Povoado Formosa, na estrada da Usina Santana, zona sudeste desta capital. Na ocasi\u00e3o, as v\u00edtimas estavam caminhando nessa estrada quando foram abordadas por um ve\u00edculo de cor prata, momento em que os autores dos&hellip;<\/p>\n","category_list_v2":"<a href=\"https:\/\/portal.pi.gov.br\/pc\/category\/noticias\/\" rel=\"category tag\">PC<\/a>","author_info_v2":{"name":"J\u00e9ssica Lib\u00e2nio","url":"https:\/\/portal.pi.gov.br\/pc\/author\/jessicalibanio\/"},"comments_num_v2":"0 coment\u00e1rio","jetpack_featured_media_url":"https:\/\/portal.pi.gov.br\/pc\/wp-content\/uploads\/sites\/42\/2023\/09\/Prisao-e-Apreensao-DHPP-15.09.23.jpeg","_links":{"self":[{"href":"https:\/\/portal.pi.gov.br\/pc\/wp-json\/wp\/v2\/posts\/5848"}],"collection":[{"href":"https:\/\/portal.pi.gov.br\/pc\/wp-json\/wp\/v2\/posts"}],"about":[{"href":"https:\/\/portal.pi.gov.br\/pc\/wp-json\/wp\/v2\/types\/post"}],"author":[{"embeddable":true,"href":"https:\/\/portal.pi.gov.br\/pc\/wp-json\/wp\/v2\/users\/1746"}],"replies":[{"embeddable":true,"href":"https:\/\/portal.pi.gov.br\/pc\/wp-json\/wp\/v2\/comments?post=5848"}],"version-history":[{"count":2,"href":"https:\/\/portal.pi.gov.br\/pc\/wp-json\/wp\/v2\/posts\/5848\/revisions"}],"predecessor-version":[{"id":5851,"href":"https:\/\/portal.pi.gov.br\/pc\/wp-json\/wp\/v2\/posts\/5848\/revisions\/5851"}],"wp:featuredmedia":[{"embeddable":true,"href":"https:\/\/portal.pi.gov.br\/pc\/wp-json\/wp\/v2\/media\/5849"}],"wp:attachment":[{"href":"https:\/\/portal.pi.gov.br\/pc\/wp-json\/wp\/v2\/media?parent=5848"}],"wp:term":[{"taxonomy":"category","embeddable":true,"href":"https:\/\/portal.pi.gov.br\/pc\/wp-json\/wp\/v2\/categories?post=5848"},{"taxonomy":"post_tag","embeddable":true,"href":"https:\/\/portal.pi.gov.br\/pc\/wp-json\/wp\/v2\/tags?post=5848"}],"curies":[{"name":"wp","href":"https:\/\/api.w.org\/{rel}","templated":true}]}}