{"id":5873,"date":"2023-09-18T14:52:32","date_gmt":"2023-09-18T17:52:32","guid":{"rendered":"https:\/\/portal.pi.gov.br\/pc\/?p=5873"},"modified":"2023-09-18T18:29:12","modified_gmt":"2023-09-18T21:29:12","slug":"policia-civil-prende-suspeito-de-roubo-em-luzilandia","status":"publish","type":"post","link":"https:\/\/portal.pi.gov.br\/pc\/2023\/09\/18\/policia-civil-prende-suspeito-de-roubo-em-luzilandia\/","title":{"rendered":"Pol\u00edcia Civil prende suspeito de roubo em Luzil\u00e2ndia"},"content":{"rendered":"\n<p>A Pol\u00edcia Civil do Piau\u00ed cumpriu mandado de pris\u00e3o em desfavor de um homem com as iniciais C.R.S.A., 20 anos, no Centro de Luzil\u00e2ndia, nesta segunda-feira (18).<\/p>\n\n\n\n<p>O homem \u00e9 natural de Cara\u00fabas, munic\u00edpio tamb\u00e9m no Piau\u00ed, e teve a pris\u00e3o preventiva em raz\u00e3o da pr\u00e1tica do crime de roubo majorado (concurso de agentes e emprego de arma de fogo), de uma motocicleta, na cidade de Joaquim Pires. A pris\u00e3o foi realizada pela Delegacia de Luzil\u00e2ndia e o preso segue \u00e0 disposi\u00e7\u00e3o do Poder Judici\u00e1rio.<\/p>\n\n\n\n<p>Segundo o delegado-titular de Luzil\u00e2ndia, Ant\u00f4nio Alves, a motocicleta j\u00e1 havia sido recuperada pela Pol\u00edcia Militar de Joaquim Pires e devidamente restitu\u00edda \u00e0 v\u00edtima. <\/p>\n\n\n\n<p>Para fazer den\u00fancias an\u00f4nimas acerca de crimes em Luzil\u00e2ndia e nas adjac\u00eancias, a delegacia do munic\u00edpio disp\u00f5e do Whatsapp (85) 99921-3298. Em todo o Piau\u00ed e sobre qualquer crime, a Pol\u00edcia Civil disponibiliza tamb\u00e9m o canal de den\u00fancias an\u00f4nimas em seu site oficial. <\/p>\n\n\n\n<p><strong><em>Assessoria de Comunica\u00e7\u00e3o da Pol\u00edcia Civil do Piau\u00ed<\/em><\/strong><\/p>\n","protected":false},"excerpt":{"rendered":"<p>A Pol\u00edcia Civil do Piau\u00ed cumpriu mandado de pris\u00e3o em desfavor de um homem com as iniciais C.R.S.A., 20 anos, no Centro de Luzil\u00e2ndia, nesta segunda-feira (18). O homem \u00e9 [&hellip;]<\/p>\n","protected":false},"author":1746,"featured_media":5257,"comment_status":"closed","ping_status":"closed","sticky":false,"template":"","format":"standard","meta":[],"categories":[1],"tags":[],"featured_image_urls":{"full":["https:\/\/portal.pi.gov.br\/pc\/wp-content\/uploads\/sites\/42\/2023\/08\/Screenshot_20230803_173211_Chrome-e1695846008975.jpg",968,820,false],"thumbnail":["https:\/\/portal.pi.gov.br\/pc\/wp-content\/uploads\/sites\/42\/2023\/08\/Screenshot_20230803_173211_Chrome-e1695846008975-150x150.jpg",150,150,true],"medium":["https:\/\/portal.pi.gov.br\/pc\/wp-content\/uploads\/sites\/42\/2023\/08\/Screenshot_20230803_173211_Chrome-e1695846008975-300x254.jpg",300,254,true],"medium_large":["https:\/\/portal.pi.gov.br\/pc\/wp-content\/uploads\/sites\/42\/2023\/08\/Screenshot_20230803_173211_Chrome-e1695846008975-768x651.jpg",768,651,true],"large":["https:\/\/portal.pi.gov.br\/pc\/wp-content\/uploads\/sites\/42\/2023\/08\/Screenshot_20230803_173211_Chrome-e1695846008975.jpg",887,751,false],"sgg-420":["https:\/\/portal.pi.gov.br\/pc\/wp-content\/uploads\/sites\/42\/2023\/08\/Screenshot_20230803_173211_Chrome-e1695846008975-420x356.jpg",420,356,true],"sgg-540":["https:\/\/portal.pi.gov.br\/pc\/wp-content\/uploads\/sites\/42\/2023\/08\/Screenshot_20230803_173211_Chrome-e1695846008975-540x457.jpg",540,457,true],"sgg-780":["https:\/\/portal.pi.gov.br\/pc\/wp-content\/uploads\/sites\/42\/2023\/08\/Screenshot_20230803_173211_Chrome-e1695846008975-780x661.jpg",780,661,true],"1536x1536":["https:\/\/portal.pi.gov.br\/pc\/wp-content\/uploads\/sites\/42\/2023\/08\/Screenshot_20230803_173211_Chrome-e1695846008975.jpg",968,820,false],"2048x2048":["https:\/\/portal.pi.gov.br\/pc\/wp-content\/uploads\/sites\/42\/2023\/08\/Screenshot_20230803_173211_Chrome-e1695846008975.jpg",968,820,false],"homepage-slider":["https:\/\/portal.pi.gov.br\/pc\/wp-content\/uploads\/sites\/42\/2023\/08\/Screenshot_20230803_173211_Chrome-e1695846008975-968x500.jpg",968,500,true],"homepage-slider-small":["https:\/\/portal.pi.gov.br\/pc\/wp-content\/uploads\/sites\/42\/2023\/08\/Screenshot_20230803_173211_Chrome-e1695846008975-947x500.jpg",947,500,true],"page-top":["https:\/\/portal.pi.gov.br\/pc\/wp-content\/uploads\/sites\/42\/2023\/08\/Screenshot_20230803_173211_Chrome-e1695846008975-947x802.jpg",947,802,true],"page-small":["https:\/\/portal.pi.gov.br\/pc\/wp-content\/uploads\/sites\/42\/2023\/08\/Screenshot_20230803_173211_Chrome-e1695846008975-624x529.jpg",624,529,true],"loop-main":["https:\/\/portal.pi.gov.br\/pc\/wp-content\/uploads\/sites\/42\/2023\/08\/Screenshot_20230803_173211_Chrome-e1695846008975-365x240.jpg",365,240,true],"thumb-gallery-widget":["https:\/\/portal.pi.gov.br\/pc\/wp-content\/uploads\/sites\/42\/2023\/08\/Screenshot_20230803_173211_Chrome-e1695846008975-84x56.jpg",84,56,true]},"post_excerpt_stackable":"<p>A Pol\u00edcia Civil do Piau\u00ed cumpriu mandado de pris\u00e3o em desfavor de um homem com as iniciais C.R.S.A., 20 anos, no Centro de Luzil\u00e2ndia, nesta segunda-feira (18). O homem \u00e9 natural de Cara\u00fabas, munic\u00edpio tamb\u00e9m no Piau\u00ed, e teve a pris\u00e3o preventiva em raz\u00e3o da pr\u00e1tica do crime de roubo majorado (concurso de agentes e emprego de arma de fogo), de uma motocicleta, na cidade de Joaquim Pires. A pris\u00e3o foi realizada pela Delegacia de Luzil\u00e2ndia e o preso segue \u00e0 disposi\u00e7\u00e3o do Poder Judici\u00e1rio. Segundo o delegado-titular de Luzil\u00e2ndia, Ant\u00f4nio Alves, a motocicleta j\u00e1 havia sido recuperada pela Pol\u00edcia&hellip;<\/p>\n","category_list":"<a href=\"https:\/\/portal.pi.gov.br\/pc\/category\/noticias\/\" rel=\"category tag\">PC<\/a>","author_info":{"name":"J\u00e9ssica Lib\u00e2nio","url":"https:\/\/portal.pi.gov.br\/pc\/author\/jessicalibanio\/"},"comments_num":"0 coment\u00e1rio","featured_image_urls_v2":{"full":["https:\/\/portal.pi.gov.br\/pc\/wp-content\/uploads\/sites\/42\/2023\/08\/Screenshot_20230803_173211_Chrome-e1695846008975.jpg",968,820,false],"thumbnail":["https:\/\/portal.pi.gov.br\/pc\/wp-content\/uploads\/sites\/42\/2023\/08\/Screenshot_20230803_173211_Chrome-e1695846008975-150x150.jpg",150,150,true],"medium":["https:\/\/portal.pi.gov.br\/pc\/wp-content\/uploads\/sites\/42\/2023\/08\/Screenshot_20230803_173211_Chrome-e1695846008975-300x254.jpg",300,254,true],"medium_large":["https:\/\/portal.pi.gov.br\/pc\/wp-content\/uploads\/sites\/42\/2023\/08\/Screenshot_20230803_173211_Chrome-e1695846008975-768x651.jpg",768,651,true],"large":["https:\/\/portal.pi.gov.br\/pc\/wp-content\/uploads\/sites\/42\/2023\/08\/Screenshot_20230803_173211_Chrome-e1695846008975.jpg",887,751,false],"sgg-420":["https:\/\/portal.pi.gov.br\/pc\/wp-content\/uploads\/sites\/42\/2023\/08\/Screenshot_20230803_173211_Chrome-e1695846008975-420x356.jpg",420,356,true],"sgg-540":["https:\/\/portal.pi.gov.br\/pc\/wp-content\/uploads\/sites\/42\/2023\/08\/Screenshot_20230803_173211_Chrome-e1695846008975-540x457.jpg",540,457,true],"sgg-780":["https:\/\/portal.pi.gov.br\/pc\/wp-content\/uploads\/sites\/42\/2023\/08\/Screenshot_20230803_173211_Chrome-e1695846008975-780x661.jpg",780,661,true],"1536x1536":["https:\/\/portal.pi.gov.br\/pc\/wp-content\/uploads\/sites\/42\/2023\/08\/Screenshot_20230803_173211_Chrome-e1695846008975.jpg",968,820,false],"2048x2048":["https:\/\/portal.pi.gov.br\/pc\/wp-content\/uploads\/sites\/42\/2023\/08\/Screenshot_20230803_173211_Chrome-e1695846008975.jpg",968,820,false],"homepage-slider":["https:\/\/portal.pi.gov.br\/pc\/wp-content\/uploads\/sites\/42\/2023\/08\/Screenshot_20230803_173211_Chrome-e1695846008975-968x500.jpg",968,500,true],"homepage-slider-small":["https:\/\/portal.pi.gov.br\/pc\/wp-content\/uploads\/sites\/42\/2023\/08\/Screenshot_20230803_173211_Chrome-e1695846008975-947x500.jpg",947,500,true],"page-top":["https:\/\/portal.pi.gov.br\/pc\/wp-content\/uploads\/sites\/42\/2023\/08\/Screenshot_20230803_173211_Chrome-e1695846008975-947x802.jpg",947,802,true],"page-small":["https:\/\/portal.pi.gov.br\/pc\/wp-content\/uploads\/sites\/42\/2023\/08\/Screenshot_20230803_173211_Chrome-e1695846008975-624x529.jpg",624,529,true],"loop-main":["https:\/\/portal.pi.gov.br\/pc\/wp-content\/uploads\/sites\/42\/2023\/08\/Screenshot_20230803_173211_Chrome-e1695846008975-365x240.jpg",365,240,true],"thumb-gallery-widget":["https:\/\/portal.pi.gov.br\/pc\/wp-content\/uploads\/sites\/42\/2023\/08\/Screenshot_20230803_173211_Chrome-e1695846008975-84x56.jpg",84,56,true]},"post_excerpt_stackable_v2":"<p>A Pol\u00edcia Civil do Piau\u00ed cumpriu mandado de pris\u00e3o em desfavor de um homem com as iniciais C.R.S.A., 20 anos, no Centro de Luzil\u00e2ndia, nesta segunda-feira (18). O homem \u00e9 natural de Cara\u00fabas, munic\u00edpio tamb\u00e9m no Piau\u00ed, e teve a pris\u00e3o preventiva em raz\u00e3o da pr\u00e1tica do crime de roubo majorado (concurso de agentes e emprego de arma de fogo), de uma motocicleta, na cidade de Joaquim Pires. A pris\u00e3o foi realizada pela Delegacia de Luzil\u00e2ndia e o preso segue \u00e0 disposi\u00e7\u00e3o do Poder Judici\u00e1rio. Segundo o delegado-titular de Luzil\u00e2ndia, Ant\u00f4nio Alves, a motocicleta j\u00e1 havia sido recuperada pela Pol\u00edcia&hellip;<\/p>\n","category_list_v2":"<a href=\"https:\/\/portal.pi.gov.br\/pc\/category\/noticias\/\" rel=\"category tag\">PC<\/a>","author_info_v2":{"name":"J\u00e9ssica Lib\u00e2nio","url":"https:\/\/portal.pi.gov.br\/pc\/author\/jessicalibanio\/"},"comments_num_v2":"0 coment\u00e1rio","jetpack_featured_media_url":"https:\/\/portal.pi.gov.br\/pc\/wp-content\/uploads\/sites\/42\/2023\/08\/Screenshot_20230803_173211_Chrome-e1695846008975.jpg","_links":{"self":[{"href":"https:\/\/portal.pi.gov.br\/pc\/wp-json\/wp\/v2\/posts\/5873"}],"collection":[{"href":"https:\/\/portal.pi.gov.br\/pc\/wp-json\/wp\/v2\/posts"}],"about":[{"href":"https:\/\/portal.pi.gov.br\/pc\/wp-json\/wp\/v2\/types\/post"}],"author":[{"embeddable":true,"href":"https:\/\/portal.pi.gov.br\/pc\/wp-json\/wp\/v2\/users\/1746"}],"replies":[{"embeddable":true,"href":"https:\/\/portal.pi.gov.br\/pc\/wp-json\/wp\/v2\/comments?post=5873"}],"version-history":[{"count":3,"href":"https:\/\/portal.pi.gov.br\/pc\/wp-json\/wp\/v2\/posts\/5873\/revisions"}],"predecessor-version":[{"id":5880,"href":"https:\/\/portal.pi.gov.br\/pc\/wp-json\/wp\/v2\/posts\/5873\/revisions\/5880"}],"wp:featuredmedia":[{"embeddable":true,"href":"https:\/\/portal.pi.gov.br\/pc\/wp-json\/wp\/v2\/media\/5257"}],"wp:attachment":[{"href":"https:\/\/portal.pi.gov.br\/pc\/wp-json\/wp\/v2\/media?parent=5873"}],"wp:term":[{"taxonomy":"category","embeddable":true,"href":"https:\/\/portal.pi.gov.br\/pc\/wp-json\/wp\/v2\/categories?post=5873"},{"taxonomy":"post_tag","embeddable":true,"href":"https:\/\/portal.pi.gov.br\/pc\/wp-json\/wp\/v2\/tags?post=5873"}],"curies":[{"name":"wp","href":"https:\/\/api.w.org\/{rel}","templated":true}]}}