{"id":5988,"date":"2023-09-21T15:19:11","date_gmt":"2023-09-21T18:19:11","guid":{"rendered":"https:\/\/portal.pi.gov.br\/pc\/?p=5988"},"modified":"2023-09-21T15:19:34","modified_gmt":"2023-09-21T18:19:34","slug":"policia-civil-prende-suspeito-de-estupro-de-vulneravel-em-uniao-2","status":"publish","type":"post","link":"https:\/\/portal.pi.gov.br\/pc\/2023\/09\/21\/policia-civil-prende-suspeito-de-estupro-de-vulneravel-em-uniao-2\/","title":{"rendered":"Pol\u00edcia Civil prende suspeito de estupro de vulner\u00e1vel em Uni\u00e3o"},"content":{"rendered":"\n<p>A Pol\u00edcia Civil do Piau\u00ed prendeu, na manh\u00e3 desta quinta-feira (21), um homem, de 53 anos, suspeito de crime de estupro de vulner\u00e1vel contra uma crian\u00e7a e uma adolescente em Uni\u00e3o, regi\u00e3o norte do estado.<\/p>\n\n\n\n<p>A a\u00e7\u00e3o foi feita pela Delegacia de Uni\u00e3o. A pris\u00e3o foi de esp\u00e9cie preventiva e tamb\u00e9m ocorreu no munic\u00edpio.<\/p>\n\n\n\n<p>Segundo o delegado Adalberto J\u00fanior, que responde atualmente pela cidade de Uni\u00e3o, o preso \u00e9 av\u00f4 das duas v\u00edtimas, sendo essas uma menina e uma adolescente. As v\u00edtimas denunciaram os crimes \u00e0 m\u00e3e que procurou a pol\u00edcia. &#8220;A m\u00e3e notou diferen\u00e7a no comportamento de uma das filhas, procurou saber o motivo e acabou descobrindo os crimes. O estupro contra a mais velha teria sido iniciado quando ela era ainda crian\u00e7a&#8221;, completou o delegado.<\/p>\n\n\n\n<p><strong><em>Assessoria de Comunica\u00e7\u00e3o da Pol\u00edcia Civil do Piau\u00ed<\/em><\/strong><\/p>\n","protected":false},"excerpt":{"rendered":"<p>A Pol\u00edcia Civil do Piau\u00ed prendeu, na manh\u00e3 desta quinta-feira (21), um homem, de 53 anos, suspeito de crime de estupro de vulner\u00e1vel contra uma crian\u00e7a e uma adolescente em [&hellip;]<\/p>\n","protected":false},"author":1746,"featured_media":5990,"comment_status":"closed","ping_status":"closed","sticky":false,"template":"","format":"standard","meta":[],"categories":[1],"tags":[],"featured_image_urls":{"full":["https:\/\/portal.pi.gov.br\/pc\/wp-content\/uploads\/sites\/42\/2023\/09\/WhatsApp-Image-2023-09-21-at-12.58.44.jpeg",1579,900,false],"thumbnail":["https:\/\/portal.pi.gov.br\/pc\/wp-content\/uploads\/sites\/42\/2023\/09\/WhatsApp-Image-2023-09-21-at-12.58.44-150x150.jpeg",150,150,true],"medium":["https:\/\/portal.pi.gov.br\/pc\/wp-content\/uploads\/sites\/42\/2023\/09\/WhatsApp-Image-2023-09-21-at-12.58.44-300x171.jpeg",300,171,true],"medium_large":["https:\/\/portal.pi.gov.br\/pc\/wp-content\/uploads\/sites\/42\/2023\/09\/WhatsApp-Image-2023-09-21-at-12.58.44-768x438.jpeg",768,438,true],"large":["https:\/\/portal.pi.gov.br\/pc\/wp-content\/uploads\/sites\/42\/2023\/09\/WhatsApp-Image-2023-09-21-at-12.58.44-1024x584.jpeg",887,506,true],"sgg-420":["https:\/\/portal.pi.gov.br\/pc\/wp-content\/uploads\/sites\/42\/2023\/09\/WhatsApp-Image-2023-09-21-at-12.58.44-420x239.jpeg",420,239,true],"sgg-540":["https:\/\/portal.pi.gov.br\/pc\/wp-content\/uploads\/sites\/42\/2023\/09\/WhatsApp-Image-2023-09-21-at-12.58.44-540x308.jpeg",540,308,true],"sgg-780":["https:\/\/portal.pi.gov.br\/pc\/wp-content\/uploads\/sites\/42\/2023\/09\/WhatsApp-Image-2023-09-21-at-12.58.44-780x445.jpeg",780,445,true],"1536x1536":["https:\/\/portal.pi.gov.br\/pc\/wp-content\/uploads\/sites\/42\/2023\/09\/WhatsApp-Image-2023-09-21-at-12.58.44-1536x875.jpeg",1536,875,true],"2048x2048":["https:\/\/portal.pi.gov.br\/pc\/wp-content\/uploads\/sites\/42\/2023\/09\/WhatsApp-Image-2023-09-21-at-12.58.44.jpeg",1579,900,false],"homepage-slider":["https:\/\/portal.pi.gov.br\/pc\/wp-content\/uploads\/sites\/42\/2023\/09\/WhatsApp-Image-2023-09-21-at-12.58.44-1270x500.jpeg",1270,500,true],"homepage-slider-small":["https:\/\/portal.pi.gov.br\/pc\/wp-content\/uploads\/sites\/42\/2023\/09\/WhatsApp-Image-2023-09-21-at-12.58.44-947x500.jpeg",947,500,true],"page-top":["https:\/\/portal.pi.gov.br\/pc\/wp-content\/uploads\/sites\/42\/2023\/09\/WhatsApp-Image-2023-09-21-at-12.58.44-947x540.jpeg",947,540,true],"page-small":["https:\/\/portal.pi.gov.br\/pc\/wp-content\/uploads\/sites\/42\/2023\/09\/WhatsApp-Image-2023-09-21-at-12.58.44-624x356.jpeg",624,356,true],"loop-main":["https:\/\/portal.pi.gov.br\/pc\/wp-content\/uploads\/sites\/42\/2023\/09\/WhatsApp-Image-2023-09-21-at-12.58.44-365x240.jpeg",365,240,true],"thumb-gallery-widget":["https:\/\/portal.pi.gov.br\/pc\/wp-content\/uploads\/sites\/42\/2023\/09\/WhatsApp-Image-2023-09-21-at-12.58.44-84x56.jpeg",84,56,true]},"post_excerpt_stackable":"<p>A Pol\u00edcia Civil do Piau\u00ed prendeu, na manh\u00e3 desta quinta-feira (21), um homem, de 53 anos, suspeito de crime de estupro de vulner\u00e1vel contra uma crian\u00e7a e uma adolescente em Uni\u00e3o, regi\u00e3o norte do estado. A a\u00e7\u00e3o foi feita pela Delegacia de Uni\u00e3o. A pris\u00e3o foi de esp\u00e9cie preventiva e tamb\u00e9m ocorreu no munic\u00edpio. Segundo o delegado Adalberto J\u00fanior, que responde atualmente pela cidade de Uni\u00e3o, o preso \u00e9 av\u00f4 das duas v\u00edtimas, sendo essas uma menina e uma adolescente. As v\u00edtimas denunciaram os crimes \u00e0 m\u00e3e que procurou a pol\u00edcia. &#8220;A m\u00e3e notou diferen\u00e7a no comportamento de uma das&hellip;<\/p>\n","category_list":"<a href=\"https:\/\/portal.pi.gov.br\/pc\/category\/noticias\/\" rel=\"category tag\">PC<\/a>","author_info":{"name":"J\u00e9ssica Lib\u00e2nio","url":"https:\/\/portal.pi.gov.br\/pc\/author\/jessicalibanio\/"},"comments_num":"0 coment\u00e1rio","featured_image_urls_v2":{"full":["https:\/\/portal.pi.gov.br\/pc\/wp-content\/uploads\/sites\/42\/2023\/09\/WhatsApp-Image-2023-09-21-at-12.58.44.jpeg",1579,900,false],"thumbnail":["https:\/\/portal.pi.gov.br\/pc\/wp-content\/uploads\/sites\/42\/2023\/09\/WhatsApp-Image-2023-09-21-at-12.58.44-150x150.jpeg",150,150,true],"medium":["https:\/\/portal.pi.gov.br\/pc\/wp-content\/uploads\/sites\/42\/2023\/09\/WhatsApp-Image-2023-09-21-at-12.58.44-300x171.jpeg",300,171,true],"medium_large":["https:\/\/portal.pi.gov.br\/pc\/wp-content\/uploads\/sites\/42\/2023\/09\/WhatsApp-Image-2023-09-21-at-12.58.44-768x438.jpeg",768,438,true],"large":["https:\/\/portal.pi.gov.br\/pc\/wp-content\/uploads\/sites\/42\/2023\/09\/WhatsApp-Image-2023-09-21-at-12.58.44-1024x584.jpeg",887,506,true],"sgg-420":["https:\/\/portal.pi.gov.br\/pc\/wp-content\/uploads\/sites\/42\/2023\/09\/WhatsApp-Image-2023-09-21-at-12.58.44-420x239.jpeg",420,239,true],"sgg-540":["https:\/\/portal.pi.gov.br\/pc\/wp-content\/uploads\/sites\/42\/2023\/09\/WhatsApp-Image-2023-09-21-at-12.58.44-540x308.jpeg",540,308,true],"sgg-780":["https:\/\/portal.pi.gov.br\/pc\/wp-content\/uploads\/sites\/42\/2023\/09\/WhatsApp-Image-2023-09-21-at-12.58.44-780x445.jpeg",780,445,true],"1536x1536":["https:\/\/portal.pi.gov.br\/pc\/wp-content\/uploads\/sites\/42\/2023\/09\/WhatsApp-Image-2023-09-21-at-12.58.44-1536x875.jpeg",1536,875,true],"2048x2048":["https:\/\/portal.pi.gov.br\/pc\/wp-content\/uploads\/sites\/42\/2023\/09\/WhatsApp-Image-2023-09-21-at-12.58.44.jpeg",1579,900,false],"homepage-slider":["https:\/\/portal.pi.gov.br\/pc\/wp-content\/uploads\/sites\/42\/2023\/09\/WhatsApp-Image-2023-09-21-at-12.58.44-1270x500.jpeg",1270,500,true],"homepage-slider-small":["https:\/\/portal.pi.gov.br\/pc\/wp-content\/uploads\/sites\/42\/2023\/09\/WhatsApp-Image-2023-09-21-at-12.58.44-947x500.jpeg",947,500,true],"page-top":["https:\/\/portal.pi.gov.br\/pc\/wp-content\/uploads\/sites\/42\/2023\/09\/WhatsApp-Image-2023-09-21-at-12.58.44-947x540.jpeg",947,540,true],"page-small":["https:\/\/portal.pi.gov.br\/pc\/wp-content\/uploads\/sites\/42\/2023\/09\/WhatsApp-Image-2023-09-21-at-12.58.44-624x356.jpeg",624,356,true],"loop-main":["https:\/\/portal.pi.gov.br\/pc\/wp-content\/uploads\/sites\/42\/2023\/09\/WhatsApp-Image-2023-09-21-at-12.58.44-365x240.jpeg",365,240,true],"thumb-gallery-widget":["https:\/\/portal.pi.gov.br\/pc\/wp-content\/uploads\/sites\/42\/2023\/09\/WhatsApp-Image-2023-09-21-at-12.58.44-84x56.jpeg",84,56,true]},"post_excerpt_stackable_v2":"<p>A Pol\u00edcia Civil do Piau\u00ed prendeu, na manh\u00e3 desta quinta-feira (21), um homem, de 53 anos, suspeito de crime de estupro de vulner\u00e1vel contra uma crian\u00e7a e uma adolescente em Uni\u00e3o, regi\u00e3o norte do estado. A a\u00e7\u00e3o foi feita pela Delegacia de Uni\u00e3o. A pris\u00e3o foi de esp\u00e9cie preventiva e tamb\u00e9m ocorreu no munic\u00edpio. Segundo o delegado Adalberto J\u00fanior, que responde atualmente pela cidade de Uni\u00e3o, o preso \u00e9 av\u00f4 das duas v\u00edtimas, sendo essas uma menina e uma adolescente. As v\u00edtimas denunciaram os crimes \u00e0 m\u00e3e que procurou a pol\u00edcia. &#8220;A m\u00e3e notou diferen\u00e7a no comportamento de uma das&hellip;<\/p>\n","category_list_v2":"<a href=\"https:\/\/portal.pi.gov.br\/pc\/category\/noticias\/\" rel=\"category tag\">PC<\/a>","author_info_v2":{"name":"J\u00e9ssica Lib\u00e2nio","url":"https:\/\/portal.pi.gov.br\/pc\/author\/jessicalibanio\/"},"comments_num_v2":"0 coment\u00e1rio","jetpack_featured_media_url":"https:\/\/portal.pi.gov.br\/pc\/wp-content\/uploads\/sites\/42\/2023\/09\/WhatsApp-Image-2023-09-21-at-12.58.44.jpeg","_links":{"self":[{"href":"https:\/\/portal.pi.gov.br\/pc\/wp-json\/wp\/v2\/posts\/5988"}],"collection":[{"href":"https:\/\/portal.pi.gov.br\/pc\/wp-json\/wp\/v2\/posts"}],"about":[{"href":"https:\/\/portal.pi.gov.br\/pc\/wp-json\/wp\/v2\/types\/post"}],"author":[{"embeddable":true,"href":"https:\/\/portal.pi.gov.br\/pc\/wp-json\/wp\/v2\/users\/1746"}],"replies":[{"embeddable":true,"href":"https:\/\/portal.pi.gov.br\/pc\/wp-json\/wp\/v2\/comments?post=5988"}],"version-history":[{"count":3,"href":"https:\/\/portal.pi.gov.br\/pc\/wp-json\/wp\/v2\/posts\/5988\/revisions"}],"predecessor-version":[{"id":5992,"href":"https:\/\/portal.pi.gov.br\/pc\/wp-json\/wp\/v2\/posts\/5988\/revisions\/5992"}],"wp:featuredmedia":[{"embeddable":true,"href":"https:\/\/portal.pi.gov.br\/pc\/wp-json\/wp\/v2\/media\/5990"}],"wp:attachment":[{"href":"https:\/\/portal.pi.gov.br\/pc\/wp-json\/wp\/v2\/media?parent=5988"}],"wp:term":[{"taxonomy":"category","embeddable":true,"href":"https:\/\/portal.pi.gov.br\/pc\/wp-json\/wp\/v2\/categories?post=5988"},{"taxonomy":"post_tag","embeddable":true,"href":"https:\/\/portal.pi.gov.br\/pc\/wp-json\/wp\/v2\/tags?post=5988"}],"curies":[{"name":"wp","href":"https:\/\/api.w.org\/{rel}","templated":true}]}}