{"id":6023,"date":"2023-09-22T15:19:52","date_gmt":"2023-09-22T18:19:52","guid":{"rendered":"https:\/\/portal.pi.gov.br\/pc\/?p=6023"},"modified":"2023-09-22T15:41:18","modified_gmt":"2023-09-22T18:41:18","slug":"policia-civil-prende-suspeito-de-matar-o-proprio-pai-na-cidade-de-joaquim-pires","status":"publish","type":"post","link":"https:\/\/portal.pi.gov.br\/pc\/2023\/09\/22\/policia-civil-prende-suspeito-de-matar-o-proprio-pai-na-cidade-de-joaquim-pires\/","title":{"rendered":"Pol\u00edcia Civil prende suspeito de matar o pr\u00f3prio pai na cidade de Joaquim Pires"},"content":{"rendered":"\n<p>A Pol\u00edcia Civil do Piau\u00ed prendeu, na manh\u00e3 desta sexta-feira (22), um homem com as iniciais I.F.D.C., de 28 anos, no munic\u00edpio de Poranga (CE). <\/p>\n\n\n\n<p>O preso \u00e9 natural de Pedro II e \u00e9 o principal suspeito de um parric\u00eddio, ocorrido na zona rural de Joaquim Pires, no \u00faltimo dia 15 de setembro.<\/p>\n\n\n\n<p>A pris\u00e3o foi resultado de uma a\u00e7\u00e3o integrada da Delegacia de Luzil\u00e2ndia com o Grupamento da Pol\u00edcia Militar de Joaquim Pires e do Cear\u00e1. <\/p>\n\n\n\n<p>De acordo com o delegado-titular de Luzil\u00e2ndia, Ant\u00f4nio Alves, a v\u00edtima, pai do preso, foi morta em raz\u00e3o de poss\u00edveis golpes de arma branca, provavelmente uma foice e\/ou enxada). &#8221;Ap\u00f3s a morte, a v\u00edtima foi escondida em uma esp\u00e9cie de &#8216;cova&#8217; no terreno da sua propriedade, na qual o filho estava morando com ele tamb\u00e9m, e teve o corpo parcialmente coberto, ocorrendo ainda crime de oculta\u00e7\u00e3o de cad\u00e1ver&#8221;, completou o delegado.<\/p>\n\n\n\n<p>A pris\u00e3o cumprida foi da esp\u00e9cie tempor\u00e1ria e agora o preso est\u00e1 \u00e0 disposi\u00e7\u00e3o do Poder Judici\u00e1rio.<\/p>\n\n\n\n<p>A Delegacia de Luzil\u00e2ndia disp\u00f5e do contato de WhatsApp (85) 99921-3298 para realiza\u00e7\u00e3o de den\u00fancias an\u00f4nimas e reitera a import\u00e2ncia da colabora\u00e7\u00e3o da sociedade com a seguran\u00e7a p\u00fablica da cidade. <\/p>\n\n\n\n<p><strong><em>Assessoria de Comunica\u00e7\u00e3o da Pol\u00edcia Civil do Piau\u00ed<\/em><\/strong><\/p>\n","protected":false},"excerpt":{"rendered":"<p>A Pol\u00edcia Civil do Piau\u00ed prendeu, na manh\u00e3 desta sexta-feira (22), um homem com as iniciais I.F.D.C., de 28 anos, no munic\u00edpio de Poranga (CE). O preso \u00e9 natural de [&hellip;]<\/p>\n","protected":false},"author":1746,"featured_media":4767,"comment_status":"closed","ping_status":"closed","sticky":false,"template":"","format":"standard","meta":[],"categories":[1],"tags":[],"featured_image_urls":{"full":["https:\/\/portal.pi.gov.br\/pc\/wp-content\/uploads\/sites\/42\/2023\/07\/WhatsApp-Image-2023-07-07-at-07.59.02-e1695406457694.jpeg",963,700,false],"thumbnail":["https:\/\/portal.pi.gov.br\/pc\/wp-content\/uploads\/sites\/42\/2023\/07\/WhatsApp-Image-2023-07-07-at-07.59.02-e1695406457694-150x150.jpeg",150,150,true],"medium":["https:\/\/portal.pi.gov.br\/pc\/wp-content\/uploads\/sites\/42\/2023\/07\/WhatsApp-Image-2023-07-07-at-07.59.02-e1695406457694-300x218.jpeg",300,218,true],"medium_large":["https:\/\/portal.pi.gov.br\/pc\/wp-content\/uploads\/sites\/42\/2023\/07\/WhatsApp-Image-2023-07-07-at-07.59.02-e1695406457694-768x558.jpeg",768,558,true],"large":["https:\/\/portal.pi.gov.br\/pc\/wp-content\/uploads\/sites\/42\/2023\/07\/WhatsApp-Image-2023-07-07-at-07.59.02-1024x768.jpeg",887,665,true],"sgg-420":["https:\/\/portal.pi.gov.br\/pc\/wp-content\/uploads\/sites\/42\/2023\/07\/WhatsApp-Image-2023-07-07-at-07.59.02-e1695406457694-420x305.jpeg",420,305,true],"sgg-540":["https:\/\/portal.pi.gov.br\/pc\/wp-content\/uploads\/sites\/42\/2023\/07\/WhatsApp-Image-2023-07-07-at-07.59.02-e1695406457694-540x393.jpeg",540,393,true],"sgg-780":["https:\/\/portal.pi.gov.br\/pc\/wp-content\/uploads\/sites\/42\/2023\/07\/WhatsApp-Image-2023-07-07-at-07.59.02-e1695406457694-780x567.jpeg",780,567,true],"1536x1536":["https:\/\/portal.pi.gov.br\/pc\/wp-content\/uploads\/sites\/42\/2023\/07\/WhatsApp-Image-2023-07-07-at-07.59.02-e1695406457694.jpeg",963,700,false],"2048x2048":["https:\/\/portal.pi.gov.br\/pc\/wp-content\/uploads\/sites\/42\/2023\/07\/WhatsApp-Image-2023-07-07-at-07.59.02-e1695406457694.jpeg",963,700,false],"homepage-slider":["https:\/\/portal.pi.gov.br\/pc\/wp-content\/uploads\/sites\/42\/2023\/07\/WhatsApp-Image-2023-07-07-at-07.59.02-e1695406457694-963x500.jpeg",963,500,true],"homepage-slider-small":["https:\/\/portal.pi.gov.br\/pc\/wp-content\/uploads\/sites\/42\/2023\/07\/WhatsApp-Image-2023-07-07-at-07.59.02-e1695406457694-947x500.jpeg",947,500,true],"page-top":["https:\/\/portal.pi.gov.br\/pc\/wp-content\/uploads\/sites\/42\/2023\/07\/WhatsApp-Image-2023-07-07-at-07.59.02-e1695406457694-947x688.jpeg",947,688,true],"page-small":["https:\/\/portal.pi.gov.br\/pc\/wp-content\/uploads\/sites\/42\/2023\/07\/WhatsApp-Image-2023-07-07-at-07.59.02-e1695406457694-624x454.jpeg",624,454,true],"loop-main":["https:\/\/portal.pi.gov.br\/pc\/wp-content\/uploads\/sites\/42\/2023\/07\/WhatsApp-Image-2023-07-07-at-07.59.02-e1695406457694-365x240.jpeg",365,240,true],"thumb-gallery-widget":["https:\/\/portal.pi.gov.br\/pc\/wp-content\/uploads\/sites\/42\/2023\/07\/WhatsApp-Image-2023-07-07-at-07.59.02-e1695406457694-84x56.jpeg",84,56,true]},"post_excerpt_stackable":"<p>A Pol\u00edcia Civil do Piau\u00ed prendeu, na manh\u00e3 desta sexta-feira (22), um homem com as iniciais I.F.D.C., de 28 anos, no munic\u00edpio de Poranga (CE). O preso \u00e9 natural de Pedro II e \u00e9 o principal suspeito de um parric\u00eddio, ocorrido na zona rural de Joaquim Pires, no \u00faltimo dia 15 de setembro. A pris\u00e3o foi resultado de uma a\u00e7\u00e3o integrada da Delegacia de Luzil\u00e2ndia com o Grupamento da Pol\u00edcia Militar de Joaquim Pires e do Cear\u00e1. De acordo com o delegado-titular de Luzil\u00e2ndia, Ant\u00f4nio Alves, a v\u00edtima, pai do preso, foi morta em raz\u00e3o de poss\u00edveis golpes de arma&hellip;<\/p>\n","category_list":"<a href=\"https:\/\/portal.pi.gov.br\/pc\/category\/noticias\/\" rel=\"category tag\">PC<\/a>","author_info":{"name":"J\u00e9ssica Lib\u00e2nio","url":"https:\/\/portal.pi.gov.br\/pc\/author\/jessicalibanio\/"},"comments_num":"0 coment\u00e1rio","featured_image_urls_v2":{"full":["https:\/\/portal.pi.gov.br\/pc\/wp-content\/uploads\/sites\/42\/2023\/07\/WhatsApp-Image-2023-07-07-at-07.59.02-e1695406457694.jpeg",963,700,false],"thumbnail":["https:\/\/portal.pi.gov.br\/pc\/wp-content\/uploads\/sites\/42\/2023\/07\/WhatsApp-Image-2023-07-07-at-07.59.02-e1695406457694-150x150.jpeg",150,150,true],"medium":["https:\/\/portal.pi.gov.br\/pc\/wp-content\/uploads\/sites\/42\/2023\/07\/WhatsApp-Image-2023-07-07-at-07.59.02-e1695406457694-300x218.jpeg",300,218,true],"medium_large":["https:\/\/portal.pi.gov.br\/pc\/wp-content\/uploads\/sites\/42\/2023\/07\/WhatsApp-Image-2023-07-07-at-07.59.02-e1695406457694-768x558.jpeg",768,558,true],"large":["https:\/\/portal.pi.gov.br\/pc\/wp-content\/uploads\/sites\/42\/2023\/07\/WhatsApp-Image-2023-07-07-at-07.59.02-1024x768.jpeg",887,665,true],"sgg-420":["https:\/\/portal.pi.gov.br\/pc\/wp-content\/uploads\/sites\/42\/2023\/07\/WhatsApp-Image-2023-07-07-at-07.59.02-e1695406457694-420x305.jpeg",420,305,true],"sgg-540":["https:\/\/portal.pi.gov.br\/pc\/wp-content\/uploads\/sites\/42\/2023\/07\/WhatsApp-Image-2023-07-07-at-07.59.02-e1695406457694-540x393.jpeg",540,393,true],"sgg-780":["https:\/\/portal.pi.gov.br\/pc\/wp-content\/uploads\/sites\/42\/2023\/07\/WhatsApp-Image-2023-07-07-at-07.59.02-e1695406457694-780x567.jpeg",780,567,true],"1536x1536":["https:\/\/portal.pi.gov.br\/pc\/wp-content\/uploads\/sites\/42\/2023\/07\/WhatsApp-Image-2023-07-07-at-07.59.02-e1695406457694.jpeg",963,700,false],"2048x2048":["https:\/\/portal.pi.gov.br\/pc\/wp-content\/uploads\/sites\/42\/2023\/07\/WhatsApp-Image-2023-07-07-at-07.59.02-e1695406457694.jpeg",963,700,false],"homepage-slider":["https:\/\/portal.pi.gov.br\/pc\/wp-content\/uploads\/sites\/42\/2023\/07\/WhatsApp-Image-2023-07-07-at-07.59.02-e1695406457694-963x500.jpeg",963,500,true],"homepage-slider-small":["https:\/\/portal.pi.gov.br\/pc\/wp-content\/uploads\/sites\/42\/2023\/07\/WhatsApp-Image-2023-07-07-at-07.59.02-e1695406457694-947x500.jpeg",947,500,true],"page-top":["https:\/\/portal.pi.gov.br\/pc\/wp-content\/uploads\/sites\/42\/2023\/07\/WhatsApp-Image-2023-07-07-at-07.59.02-e1695406457694-947x688.jpeg",947,688,true],"page-small":["https:\/\/portal.pi.gov.br\/pc\/wp-content\/uploads\/sites\/42\/2023\/07\/WhatsApp-Image-2023-07-07-at-07.59.02-e1695406457694-624x454.jpeg",624,454,true],"loop-main":["https:\/\/portal.pi.gov.br\/pc\/wp-content\/uploads\/sites\/42\/2023\/07\/WhatsApp-Image-2023-07-07-at-07.59.02-e1695406457694-365x240.jpeg",365,240,true],"thumb-gallery-widget":["https:\/\/portal.pi.gov.br\/pc\/wp-content\/uploads\/sites\/42\/2023\/07\/WhatsApp-Image-2023-07-07-at-07.59.02-e1695406457694-84x56.jpeg",84,56,true]},"post_excerpt_stackable_v2":"<p>A Pol\u00edcia Civil do Piau\u00ed prendeu, na manh\u00e3 desta sexta-feira (22), um homem com as iniciais I.F.D.C., de 28 anos, no munic\u00edpio de Poranga (CE). O preso \u00e9 natural de Pedro II e \u00e9 o principal suspeito de um parric\u00eddio, ocorrido na zona rural de Joaquim Pires, no \u00faltimo dia 15 de setembro. A pris\u00e3o foi resultado de uma a\u00e7\u00e3o integrada da Delegacia de Luzil\u00e2ndia com o Grupamento da Pol\u00edcia Militar de Joaquim Pires e do Cear\u00e1. De acordo com o delegado-titular de Luzil\u00e2ndia, Ant\u00f4nio Alves, a v\u00edtima, pai do preso, foi morta em raz\u00e3o de poss\u00edveis golpes de arma&hellip;<\/p>\n","category_list_v2":"<a href=\"https:\/\/portal.pi.gov.br\/pc\/category\/noticias\/\" rel=\"category tag\">PC<\/a>","author_info_v2":{"name":"J\u00e9ssica Lib\u00e2nio","url":"https:\/\/portal.pi.gov.br\/pc\/author\/jessicalibanio\/"},"comments_num_v2":"0 coment\u00e1rio","jetpack_featured_media_url":"https:\/\/portal.pi.gov.br\/pc\/wp-content\/uploads\/sites\/42\/2023\/07\/WhatsApp-Image-2023-07-07-at-07.59.02-e1695406457694.jpeg","_links":{"self":[{"href":"https:\/\/portal.pi.gov.br\/pc\/wp-json\/wp\/v2\/posts\/6023"}],"collection":[{"href":"https:\/\/portal.pi.gov.br\/pc\/wp-json\/wp\/v2\/posts"}],"about":[{"href":"https:\/\/portal.pi.gov.br\/pc\/wp-json\/wp\/v2\/types\/post"}],"author":[{"embeddable":true,"href":"https:\/\/portal.pi.gov.br\/pc\/wp-json\/wp\/v2\/users\/1746"}],"replies":[{"embeddable":true,"href":"https:\/\/portal.pi.gov.br\/pc\/wp-json\/wp\/v2\/comments?post=6023"}],"version-history":[{"count":3,"href":"https:\/\/portal.pi.gov.br\/pc\/wp-json\/wp\/v2\/posts\/6023\/revisions"}],"predecessor-version":[{"id":6031,"href":"https:\/\/portal.pi.gov.br\/pc\/wp-json\/wp\/v2\/posts\/6023\/revisions\/6031"}],"wp:featuredmedia":[{"embeddable":true,"href":"https:\/\/portal.pi.gov.br\/pc\/wp-json\/wp\/v2\/media\/4767"}],"wp:attachment":[{"href":"https:\/\/portal.pi.gov.br\/pc\/wp-json\/wp\/v2\/media?parent=6023"}],"wp:term":[{"taxonomy":"category","embeddable":true,"href":"https:\/\/portal.pi.gov.br\/pc\/wp-json\/wp\/v2\/categories?post=6023"},{"taxonomy":"post_tag","embeddable":true,"href":"https:\/\/portal.pi.gov.br\/pc\/wp-json\/wp\/v2\/tags?post=6023"}],"curies":[{"name":"wp","href":"https:\/\/api.w.org\/{rel}","templated":true}]}}