{"id":6025,"date":"2023-09-22T15:33:31","date_gmt":"2023-09-22T18:33:31","guid":{"rendered":"https:\/\/portal.pi.gov.br\/pc\/?p=6025"},"modified":"2023-09-22T15:38:53","modified_gmt":"2023-09-22T18:38:53","slug":"policia-civil-prende-suspeito-de-roubo-em-parnaiba","status":"publish","type":"post","link":"https:\/\/portal.pi.gov.br\/pc\/2023\/09\/22\/policia-civil-prende-suspeito-de-roubo-em-parnaiba\/","title":{"rendered":"Pol\u00edcia Civil prende suspeito de roubo em Parna\u00edba"},"content":{"rendered":"\n<p>A Pol\u00edcia Civil do Piau\u00ed cumpriu, na manh\u00e3 desta sexta-feira (22), um mandado de pris\u00e3o preventiva de um homem com as iniciais F.A.L., de 27 anos, no bairro S\u00e3o Vicente de Paula, na cidade de Parna\u00edba.<\/p>\n\n\n\n<p>O preso \u00e9 investigado por um crime de roubo ocorrido em Parna\u00edba no ano de 2021. <\/p>\n\n\n\n<p>A a\u00e7\u00e3o foi feita pela 1\u00aa Delegacia Especializada de Crimes Contra o Patrim\u00f4nio (DEPATRI) de Parna\u00edba com o apoio da 2\u00aa DEPATRI do mesmo munic\u00edpio.<\/p>\n\n\n\n<p>Segundo o delegado da 1\u00aa DEPATRI de Parna\u00edba, Abimael Silva, a delegacia continua com as investiga\u00e7\u00f5es das a\u00e7\u00f5es criminosas com o intuito de trazer respostas para a sociedade de Parna\u00edba e aproveita a oportunidade para solicitar \u00e0 popula\u00e7\u00e3o local a realiza\u00e7\u00e3o de den\u00fancias an\u00f4nimas de crimes, medida esta que tem surtido efeito e traz benef\u00edcios a sociedade. <\/p>\n\n\n\n<p>Para denunciar basta clicar neste <a rel=\"noreferrer noopener\" href=\"http:\/\/bit.ly\/denunciapcphb\" target=\"_blank\">link <\/a> e preencher os campos pedidos. A Pol\u00edcia Civil tamb\u00e9m disp\u00f5e de um canal de den\u00fancias an\u00f4nimas no seu site oficial acerca de quaisquer crimes no Piau\u00ed.<\/p>\n\n\n\n<p><strong><em>Assessoria de Comunica\u00e7\u00e3o da Pol\u00edcia Civil do Piau\u00ed<\/em><\/strong><\/p>\n","protected":false},"excerpt":{"rendered":"<p>A Pol\u00edcia Civil do Piau\u00ed cumpriu, na manh\u00e3 desta sexta-feira (22), um mandado de pris\u00e3o preventiva de um homem com as iniciais F.A.L., de 27 anos, no bairro S\u00e3o Vicente [&hellip;]<\/p>\n","protected":false},"author":1746,"featured_media":5748,"comment_status":"closed","ping_status":"closed","sticky":false,"template":"","format":"standard","meta":[],"categories":[1],"tags":[],"featured_image_urls":{"full":["https:\/\/portal.pi.gov.br\/pc\/wp-content\/uploads\/sites\/42\/2023\/09\/viatura-e1773141794935.jpg",1330,961,false],"thumbnail":["https:\/\/portal.pi.gov.br\/pc\/wp-content\/uploads\/sites\/42\/2023\/09\/viatura-e1773141794935-150x150.jpg",150,150,true],"medium":["https:\/\/portal.pi.gov.br\/pc\/wp-content\/uploads\/sites\/42\/2023\/09\/viatura-e1773141794935-300x217.jpg",300,217,true],"medium_large":["https:\/\/portal.pi.gov.br\/pc\/wp-content\/uploads\/sites\/42\/2023\/09\/viatura-e1773141794935-768x555.jpg",768,555,true],"large":["https:\/\/portal.pi.gov.br\/pc\/wp-content\/uploads\/sites\/42\/2023\/09\/viatura-e1773141794935-1024x740.jpg",887,641,true],"sgg-420":["https:\/\/portal.pi.gov.br\/pc\/wp-content\/uploads\/sites\/42\/2023\/09\/viatura-e1773141794935-420x303.jpg",420,303,true],"sgg-540":["https:\/\/portal.pi.gov.br\/pc\/wp-content\/uploads\/sites\/42\/2023\/09\/viatura-e1773141794935-540x390.jpg",540,390,true],"sgg-780":["https:\/\/portal.pi.gov.br\/pc\/wp-content\/uploads\/sites\/42\/2023\/09\/viatura-e1773141794935-780x564.jpg",780,564,true],"1536x1536":["https:\/\/portal.pi.gov.br\/pc\/wp-content\/uploads\/sites\/42\/2023\/09\/viatura-1536x1152.jpg",1536,1152,true],"2048x2048":["https:\/\/portal.pi.gov.br\/pc\/wp-content\/uploads\/sites\/42\/2023\/09\/viatura-e1773141794935.jpg",1330,961,false],"homepage-slider":["https:\/\/portal.pi.gov.br\/pc\/wp-content\/uploads\/sites\/42\/2023\/09\/viatura-e1773141794935-1270x500.jpg",1270,500,true],"homepage-slider-small":["https:\/\/portal.pi.gov.br\/pc\/wp-content\/uploads\/sites\/42\/2023\/09\/viatura-e1773141794935-947x500.jpg",947,500,true],"page-top":["https:\/\/portal.pi.gov.br\/pc\/wp-content\/uploads\/sites\/42\/2023\/09\/viatura-e1773141794935-947x684.jpg",947,684,true],"page-small":["https:\/\/portal.pi.gov.br\/pc\/wp-content\/uploads\/sites\/42\/2023\/09\/viatura-e1773141794935-624x451.jpg",624,451,true],"loop-main":["https:\/\/portal.pi.gov.br\/pc\/wp-content\/uploads\/sites\/42\/2023\/09\/viatura-e1773141794935-365x240.jpg",365,240,true],"thumb-gallery-widget":["https:\/\/portal.pi.gov.br\/pc\/wp-content\/uploads\/sites\/42\/2023\/09\/viatura-e1773141794935-84x56.jpg",84,56,true]},"post_excerpt_stackable":"<p>A Pol\u00edcia Civil do Piau\u00ed cumpriu, na manh\u00e3 desta sexta-feira (22), um mandado de pris\u00e3o preventiva de um homem com as iniciais F.A.L., de 27 anos, no bairro S\u00e3o Vicente de Paula, na cidade de Parna\u00edba. O preso \u00e9 investigado por um crime de roubo ocorrido em Parna\u00edba no ano de 2021. A a\u00e7\u00e3o foi feita pela 1\u00aa Delegacia Especializada de Crimes Contra o Patrim\u00f4nio (DEPATRI) de Parna\u00edba com o apoio da 2\u00aa DEPATRI do mesmo munic\u00edpio. Segundo o delegado da 1\u00aa DEPATRI de Parna\u00edba, Abimael Silva, a delegacia continua com as investiga\u00e7\u00f5es das a\u00e7\u00f5es criminosas com o intuito de&hellip;<\/p>\n","category_list":"<a href=\"https:\/\/portal.pi.gov.br\/pc\/category\/noticias\/\" rel=\"category tag\">PC<\/a>","author_info":{"name":"J\u00e9ssica Lib\u00e2nio","url":"https:\/\/portal.pi.gov.br\/pc\/author\/jessicalibanio\/"},"comments_num":"0 coment\u00e1rio","featured_image_urls_v2":{"full":["https:\/\/portal.pi.gov.br\/pc\/wp-content\/uploads\/sites\/42\/2023\/09\/viatura-e1773141794935.jpg",1330,961,false],"thumbnail":["https:\/\/portal.pi.gov.br\/pc\/wp-content\/uploads\/sites\/42\/2023\/09\/viatura-e1773141794935-150x150.jpg",150,150,true],"medium":["https:\/\/portal.pi.gov.br\/pc\/wp-content\/uploads\/sites\/42\/2023\/09\/viatura-e1773141794935-300x217.jpg",300,217,true],"medium_large":["https:\/\/portal.pi.gov.br\/pc\/wp-content\/uploads\/sites\/42\/2023\/09\/viatura-e1773141794935-768x555.jpg",768,555,true],"large":["https:\/\/portal.pi.gov.br\/pc\/wp-content\/uploads\/sites\/42\/2023\/09\/viatura-e1773141794935-1024x740.jpg",887,641,true],"sgg-420":["https:\/\/portal.pi.gov.br\/pc\/wp-content\/uploads\/sites\/42\/2023\/09\/viatura-e1773141794935-420x303.jpg",420,303,true],"sgg-540":["https:\/\/portal.pi.gov.br\/pc\/wp-content\/uploads\/sites\/42\/2023\/09\/viatura-e1773141794935-540x390.jpg",540,390,true],"sgg-780":["https:\/\/portal.pi.gov.br\/pc\/wp-content\/uploads\/sites\/42\/2023\/09\/viatura-e1773141794935-780x564.jpg",780,564,true],"1536x1536":["https:\/\/portal.pi.gov.br\/pc\/wp-content\/uploads\/sites\/42\/2023\/09\/viatura-1536x1152.jpg",1536,1152,true],"2048x2048":["https:\/\/portal.pi.gov.br\/pc\/wp-content\/uploads\/sites\/42\/2023\/09\/viatura-e1773141794935.jpg",1330,961,false],"homepage-slider":["https:\/\/portal.pi.gov.br\/pc\/wp-content\/uploads\/sites\/42\/2023\/09\/viatura-e1773141794935-1270x500.jpg",1270,500,true],"homepage-slider-small":["https:\/\/portal.pi.gov.br\/pc\/wp-content\/uploads\/sites\/42\/2023\/09\/viatura-e1773141794935-947x500.jpg",947,500,true],"page-top":["https:\/\/portal.pi.gov.br\/pc\/wp-content\/uploads\/sites\/42\/2023\/09\/viatura-e1773141794935-947x684.jpg",947,684,true],"page-small":["https:\/\/portal.pi.gov.br\/pc\/wp-content\/uploads\/sites\/42\/2023\/09\/viatura-e1773141794935-624x451.jpg",624,451,true],"loop-main":["https:\/\/portal.pi.gov.br\/pc\/wp-content\/uploads\/sites\/42\/2023\/09\/viatura-e1773141794935-365x240.jpg",365,240,true],"thumb-gallery-widget":["https:\/\/portal.pi.gov.br\/pc\/wp-content\/uploads\/sites\/42\/2023\/09\/viatura-e1773141794935-84x56.jpg",84,56,true]},"post_excerpt_stackable_v2":"<p>A Pol\u00edcia Civil do Piau\u00ed cumpriu, na manh\u00e3 desta sexta-feira (22), um mandado de pris\u00e3o preventiva de um homem com as iniciais F.A.L., de 27 anos, no bairro S\u00e3o Vicente de Paula, na cidade de Parna\u00edba. O preso \u00e9 investigado por um crime de roubo ocorrido em Parna\u00edba no ano de 2021. A a\u00e7\u00e3o foi feita pela 1\u00aa Delegacia Especializada de Crimes Contra o Patrim\u00f4nio (DEPATRI) de Parna\u00edba com o apoio da 2\u00aa DEPATRI do mesmo munic\u00edpio. Segundo o delegado da 1\u00aa DEPATRI de Parna\u00edba, Abimael Silva, a delegacia continua com as investiga\u00e7\u00f5es das a\u00e7\u00f5es criminosas com o intuito de&hellip;<\/p>\n","category_list_v2":"<a href=\"https:\/\/portal.pi.gov.br\/pc\/category\/noticias\/\" rel=\"category tag\">PC<\/a>","author_info_v2":{"name":"J\u00e9ssica Lib\u00e2nio","url":"https:\/\/portal.pi.gov.br\/pc\/author\/jessicalibanio\/"},"comments_num_v2":"0 coment\u00e1rio","jetpack_featured_media_url":"https:\/\/portal.pi.gov.br\/pc\/wp-content\/uploads\/sites\/42\/2023\/09\/viatura-e1773141794935.jpg","_links":{"self":[{"href":"https:\/\/portal.pi.gov.br\/pc\/wp-json\/wp\/v2\/posts\/6025"}],"collection":[{"href":"https:\/\/portal.pi.gov.br\/pc\/wp-json\/wp\/v2\/posts"}],"about":[{"href":"https:\/\/portal.pi.gov.br\/pc\/wp-json\/wp\/v2\/types\/post"}],"author":[{"embeddable":true,"href":"https:\/\/portal.pi.gov.br\/pc\/wp-json\/wp\/v2\/users\/1746"}],"replies":[{"embeddable":true,"href":"https:\/\/portal.pi.gov.br\/pc\/wp-json\/wp\/v2\/comments?post=6025"}],"version-history":[{"count":3,"href":"https:\/\/portal.pi.gov.br\/pc\/wp-json\/wp\/v2\/posts\/6025\/revisions"}],"predecessor-version":[{"id":6030,"href":"https:\/\/portal.pi.gov.br\/pc\/wp-json\/wp\/v2\/posts\/6025\/revisions\/6030"}],"wp:featuredmedia":[{"embeddable":true,"href":"https:\/\/portal.pi.gov.br\/pc\/wp-json\/wp\/v2\/media\/5748"}],"wp:attachment":[{"href":"https:\/\/portal.pi.gov.br\/pc\/wp-json\/wp\/v2\/media?parent=6025"}],"wp:term":[{"taxonomy":"category","embeddable":true,"href":"https:\/\/portal.pi.gov.br\/pc\/wp-json\/wp\/v2\/categories?post=6025"},{"taxonomy":"post_tag","embeddable":true,"href":"https:\/\/portal.pi.gov.br\/pc\/wp-json\/wp\/v2\/tags?post=6025"}],"curies":[{"name":"wp","href":"https:\/\/api.w.org\/{rel}","templated":true}]}}