{"id":6032,"date":"2023-09-22T16:13:10","date_gmt":"2023-09-22T19:13:10","guid":{"rendered":"https:\/\/portal.pi.gov.br\/pc\/?p=6032"},"modified":"2023-09-22T16:13:11","modified_gmt":"2023-09-22T19:13:11","slug":"policia-civil-prende-suspeito-de-crime-de-feminicidio-ocorrido-em-esperantina","status":"publish","type":"post","link":"https:\/\/portal.pi.gov.br\/pc\/2023\/09\/22\/policia-civil-prende-suspeito-de-crime-de-feminicidio-ocorrido-em-esperantina\/","title":{"rendered":"Pol\u00edcia Civil prende suspeito de crime de feminic\u00eddio ocorrido em Esperantina"},"content":{"rendered":"\n<p>A Pol\u00edcia Civil do Piau\u00ed, no contexto da &#8221;Opera\u00e7\u00e3o Lembrados&#8221;, deu cumprimento ao mandado de pris\u00e3o de um homem com as iniciais F.D.C.S., de 58 anos, no estado de Tocantins. A pris\u00e3o contou com o apoio operacional da 2\u00aa Delegacia de Palmas (TO).<\/p>\n\n\n\n<p>O preso estava foragido desde 2020 quando praticou o crime de feminic\u00eddio contra sua ex-companheira na cidade de Esperantina.  A mulher tinha medidas protetivas de urg\u00eancia em seu favor e teve cinco filhos com o suspeito. <\/p>\n\n\n\n<p>O diretor de Intelig\u00eancia da Pol\u00edcia Civil do Piau\u00ed, delegado Yan Brayner, refor\u00e7a que a Pol\u00edcia Civil do Piau\u00ed, por meio da &#8220;Opera\u00e7\u00e3o Lembrados&#8221;, se compromete a buscar pessoas que est\u00e3o com mandados de pris\u00e3o pendente de cumprimento onde quer que estejam.<\/p>\n\n\n\n<p><strong><em>Assessoria de Comunica\u00e7\u00e3o da Pol\u00edcia Civil do Piau\u00ed<\/em><\/strong><\/p>\n","protected":false},"excerpt":{"rendered":"<p>A Pol\u00edcia Civil do Piau\u00ed, no contexto da &#8221;Opera\u00e7\u00e3o Lembrados&#8221;, deu cumprimento ao mandado de pris\u00e3o de um homem com as iniciais F.D.C.S., de 58 anos, no estado de Tocantins. [&hellip;]<\/p>\n","protected":false},"author":1746,"featured_media":4016,"comment_status":"closed","ping_status":"closed","sticky":false,"template":"","format":"standard","meta":[],"categories":[1],"tags":[],"featured_image_urls":{"full":["https:\/\/portal.pi.gov.br\/pc\/wp-content\/uploads\/sites\/42\/2023\/04\/WhatsApp-Image-2023-04-26-at-21.14.05-e1695409984243.jpeg",1600,460,false],"thumbnail":["https:\/\/portal.pi.gov.br\/pc\/wp-content\/uploads\/sites\/42\/2023\/04\/WhatsApp-Image-2023-04-26-at-21.14.05-e1695409984243-150x150.jpeg",150,150,true],"medium":["https:\/\/portal.pi.gov.br\/pc\/wp-content\/uploads\/sites\/42\/2023\/04\/WhatsApp-Image-2023-04-26-at-21.14.05-e1695409984243-300x86.jpeg",300,86,true],"medium_large":["https:\/\/portal.pi.gov.br\/pc\/wp-content\/uploads\/sites\/42\/2023\/04\/WhatsApp-Image-2023-04-26-at-21.14.05-e1695409984243-768x221.jpeg",768,221,true],"large":["https:\/\/portal.pi.gov.br\/pc\/wp-content\/uploads\/sites\/42\/2023\/04\/WhatsApp-Image-2023-04-26-at-21.14.05-e1695409984243-1024x294.jpeg",887,255,true],"sgg-420":["https:\/\/portal.pi.gov.br\/pc\/wp-content\/uploads\/sites\/42\/2023\/04\/WhatsApp-Image-2023-04-26-at-21.14.05-e1695409984243-420x121.jpeg",420,121,true],"sgg-540":["https:\/\/portal.pi.gov.br\/pc\/wp-content\/uploads\/sites\/42\/2023\/04\/WhatsApp-Image-2023-04-26-at-21.14.05-e1695409984243-540x155.jpeg",540,155,true],"sgg-780":["https:\/\/portal.pi.gov.br\/pc\/wp-content\/uploads\/sites\/42\/2023\/04\/WhatsApp-Image-2023-04-26-at-21.14.05-e1695409984243-780x224.jpeg",780,224,true],"1536x1536":["https:\/\/portal.pi.gov.br\/pc\/wp-content\/uploads\/sites\/42\/2023\/04\/WhatsApp-Image-2023-04-26-at-21.14.05-e1695409984243-1536x442.jpeg",1536,442,true],"2048x2048":["https:\/\/portal.pi.gov.br\/pc\/wp-content\/uploads\/sites\/42\/2023\/04\/WhatsApp-Image-2023-04-26-at-21.14.05-e1695409984243.jpeg",1600,460,false],"homepage-slider":["https:\/\/portal.pi.gov.br\/pc\/wp-content\/uploads\/sites\/42\/2023\/04\/WhatsApp-Image-2023-04-26-at-21.14.05-e1695409984243-1270x460.jpeg",1270,460,true],"homepage-slider-small":["https:\/\/portal.pi.gov.br\/pc\/wp-content\/uploads\/sites\/42\/2023\/04\/WhatsApp-Image-2023-04-26-at-21.14.05-e1695409984243-947x460.jpeg",947,460,true],"page-top":["https:\/\/portal.pi.gov.br\/pc\/wp-content\/uploads\/sites\/42\/2023\/04\/WhatsApp-Image-2023-04-26-at-21.14.05-e1695409984243-947x272.jpeg",947,272,true],"page-small":["https:\/\/portal.pi.gov.br\/pc\/wp-content\/uploads\/sites\/42\/2023\/04\/WhatsApp-Image-2023-04-26-at-21.14.05-e1695409984243-624x179.jpeg",624,179,true],"loop-main":["https:\/\/portal.pi.gov.br\/pc\/wp-content\/uploads\/sites\/42\/2023\/04\/WhatsApp-Image-2023-04-26-at-21.14.05-e1695409984243-365x240.jpeg",365,240,true],"thumb-gallery-widget":["https:\/\/portal.pi.gov.br\/pc\/wp-content\/uploads\/sites\/42\/2023\/04\/WhatsApp-Image-2023-04-26-at-21.14.05-e1695409984243-84x56.jpeg",84,56,true]},"post_excerpt_stackable":"<p>A Pol\u00edcia Civil do Piau\u00ed, no contexto da &#8221;Opera\u00e7\u00e3o Lembrados&#8221;, deu cumprimento ao mandado de pris\u00e3o de um homem com as iniciais F.D.C.S., de 58 anos, no estado de Tocantins. A pris\u00e3o contou com o apoio operacional da 2\u00aa Delegacia de Palmas (TO). O preso estava foragido desde 2020 quando praticou o crime de feminic\u00eddio contra sua ex-companheira na cidade de Esperantina. A mulher tinha medidas protetivas de urg\u00eancia em seu favor e teve cinco filhos com o suspeito. O diretor de Intelig\u00eancia da Pol\u00edcia Civil do Piau\u00ed, delegado Yan Brayner, refor\u00e7a que a Pol\u00edcia Civil do Piau\u00ed, por meio&hellip;<\/p>\n","category_list":"<a href=\"https:\/\/portal.pi.gov.br\/pc\/category\/noticias\/\" rel=\"category tag\">PC<\/a>","author_info":{"name":"J\u00e9ssica Lib\u00e2nio","url":"https:\/\/portal.pi.gov.br\/pc\/author\/jessicalibanio\/"},"comments_num":"0 coment\u00e1rio","featured_image_urls_v2":{"full":["https:\/\/portal.pi.gov.br\/pc\/wp-content\/uploads\/sites\/42\/2023\/04\/WhatsApp-Image-2023-04-26-at-21.14.05-e1695409984243.jpeg",1600,460,false],"thumbnail":["https:\/\/portal.pi.gov.br\/pc\/wp-content\/uploads\/sites\/42\/2023\/04\/WhatsApp-Image-2023-04-26-at-21.14.05-e1695409984243-150x150.jpeg",150,150,true],"medium":["https:\/\/portal.pi.gov.br\/pc\/wp-content\/uploads\/sites\/42\/2023\/04\/WhatsApp-Image-2023-04-26-at-21.14.05-e1695409984243-300x86.jpeg",300,86,true],"medium_large":["https:\/\/portal.pi.gov.br\/pc\/wp-content\/uploads\/sites\/42\/2023\/04\/WhatsApp-Image-2023-04-26-at-21.14.05-e1695409984243-768x221.jpeg",768,221,true],"large":["https:\/\/portal.pi.gov.br\/pc\/wp-content\/uploads\/sites\/42\/2023\/04\/WhatsApp-Image-2023-04-26-at-21.14.05-e1695409984243-1024x294.jpeg",887,255,true],"sgg-420":["https:\/\/portal.pi.gov.br\/pc\/wp-content\/uploads\/sites\/42\/2023\/04\/WhatsApp-Image-2023-04-26-at-21.14.05-e1695409984243-420x121.jpeg",420,121,true],"sgg-540":["https:\/\/portal.pi.gov.br\/pc\/wp-content\/uploads\/sites\/42\/2023\/04\/WhatsApp-Image-2023-04-26-at-21.14.05-e1695409984243-540x155.jpeg",540,155,true],"sgg-780":["https:\/\/portal.pi.gov.br\/pc\/wp-content\/uploads\/sites\/42\/2023\/04\/WhatsApp-Image-2023-04-26-at-21.14.05-e1695409984243-780x224.jpeg",780,224,true],"1536x1536":["https:\/\/portal.pi.gov.br\/pc\/wp-content\/uploads\/sites\/42\/2023\/04\/WhatsApp-Image-2023-04-26-at-21.14.05-e1695409984243-1536x442.jpeg",1536,442,true],"2048x2048":["https:\/\/portal.pi.gov.br\/pc\/wp-content\/uploads\/sites\/42\/2023\/04\/WhatsApp-Image-2023-04-26-at-21.14.05-e1695409984243.jpeg",1600,460,false],"homepage-slider":["https:\/\/portal.pi.gov.br\/pc\/wp-content\/uploads\/sites\/42\/2023\/04\/WhatsApp-Image-2023-04-26-at-21.14.05-e1695409984243-1270x460.jpeg",1270,460,true],"homepage-slider-small":["https:\/\/portal.pi.gov.br\/pc\/wp-content\/uploads\/sites\/42\/2023\/04\/WhatsApp-Image-2023-04-26-at-21.14.05-e1695409984243-947x460.jpeg",947,460,true],"page-top":["https:\/\/portal.pi.gov.br\/pc\/wp-content\/uploads\/sites\/42\/2023\/04\/WhatsApp-Image-2023-04-26-at-21.14.05-e1695409984243-947x272.jpeg",947,272,true],"page-small":["https:\/\/portal.pi.gov.br\/pc\/wp-content\/uploads\/sites\/42\/2023\/04\/WhatsApp-Image-2023-04-26-at-21.14.05-e1695409984243-624x179.jpeg",624,179,true],"loop-main":["https:\/\/portal.pi.gov.br\/pc\/wp-content\/uploads\/sites\/42\/2023\/04\/WhatsApp-Image-2023-04-26-at-21.14.05-e1695409984243-365x240.jpeg",365,240,true],"thumb-gallery-widget":["https:\/\/portal.pi.gov.br\/pc\/wp-content\/uploads\/sites\/42\/2023\/04\/WhatsApp-Image-2023-04-26-at-21.14.05-e1695409984243-84x56.jpeg",84,56,true]},"post_excerpt_stackable_v2":"<p>A Pol\u00edcia Civil do Piau\u00ed, no contexto da &#8221;Opera\u00e7\u00e3o Lembrados&#8221;, deu cumprimento ao mandado de pris\u00e3o de um homem com as iniciais F.D.C.S., de 58 anos, no estado de Tocantins. A pris\u00e3o contou com o apoio operacional da 2\u00aa Delegacia de Palmas (TO). O preso estava foragido desde 2020 quando praticou o crime de feminic\u00eddio contra sua ex-companheira na cidade de Esperantina. A mulher tinha medidas protetivas de urg\u00eancia em seu favor e teve cinco filhos com o suspeito. O diretor de Intelig\u00eancia da Pol\u00edcia Civil do Piau\u00ed, delegado Yan Brayner, refor\u00e7a que a Pol\u00edcia Civil do Piau\u00ed, por meio&hellip;<\/p>\n","category_list_v2":"<a href=\"https:\/\/portal.pi.gov.br\/pc\/category\/noticias\/\" rel=\"category tag\">PC<\/a>","author_info_v2":{"name":"J\u00e9ssica Lib\u00e2nio","url":"https:\/\/portal.pi.gov.br\/pc\/author\/jessicalibanio\/"},"comments_num_v2":"0 coment\u00e1rio","jetpack_featured_media_url":"https:\/\/portal.pi.gov.br\/pc\/wp-content\/uploads\/sites\/42\/2023\/04\/WhatsApp-Image-2023-04-26-at-21.14.05-e1695409984243.jpeg","_links":{"self":[{"href":"https:\/\/portal.pi.gov.br\/pc\/wp-json\/wp\/v2\/posts\/6032"}],"collection":[{"href":"https:\/\/portal.pi.gov.br\/pc\/wp-json\/wp\/v2\/posts"}],"about":[{"href":"https:\/\/portal.pi.gov.br\/pc\/wp-json\/wp\/v2\/types\/post"}],"author":[{"embeddable":true,"href":"https:\/\/portal.pi.gov.br\/pc\/wp-json\/wp\/v2\/users\/1746"}],"replies":[{"embeddable":true,"href":"https:\/\/portal.pi.gov.br\/pc\/wp-json\/wp\/v2\/comments?post=6032"}],"version-history":[{"count":1,"href":"https:\/\/portal.pi.gov.br\/pc\/wp-json\/wp\/v2\/posts\/6032\/revisions"}],"predecessor-version":[{"id":6033,"href":"https:\/\/portal.pi.gov.br\/pc\/wp-json\/wp\/v2\/posts\/6032\/revisions\/6033"}],"wp:featuredmedia":[{"embeddable":true,"href":"https:\/\/portal.pi.gov.br\/pc\/wp-json\/wp\/v2\/media\/4016"}],"wp:attachment":[{"href":"https:\/\/portal.pi.gov.br\/pc\/wp-json\/wp\/v2\/media?parent=6032"}],"wp:term":[{"taxonomy":"category","embeddable":true,"href":"https:\/\/portal.pi.gov.br\/pc\/wp-json\/wp\/v2\/categories?post=6032"},{"taxonomy":"post_tag","embeddable":true,"href":"https:\/\/portal.pi.gov.br\/pc\/wp-json\/wp\/v2\/tags?post=6032"}],"curies":[{"name":"wp","href":"https:\/\/api.w.org\/{rel}","templated":true}]}}