{"id":6039,"date":"2023-09-22T17:42:47","date_gmt":"2023-09-22T20:42:47","guid":{"rendered":"https:\/\/portal.pi.gov.br\/pc\/?p=6039"},"modified":"2023-09-25T17:16:50","modified_gmt":"2023-09-25T20:16:50","slug":"policia-civil-apreende-condenado-por-latrocinio-praticado-no-ceara","status":"publish","type":"post","link":"https:\/\/portal.pi.gov.br\/pc\/2023\/09\/22\/policia-civil-apreende-condenado-por-latrocinio-praticado-no-ceara\/","title":{"rendered":"Pol\u00edcia Civil apreende condenado por latroc\u00ednio praticado no Cear\u00e1"},"content":{"rendered":"\n<p>A Pol\u00edcia Civil do Piau\u00ed deu cumprimento, na manh\u00e3 desta sexta-feira (22), ao mandado de apreens\u00e3o de um homem com as iniciais A.A.F., de 18 anos, na cidade de Lu\u00eds Correia.<\/p>\n\n\n\n<p>A a\u00e7\u00e3o foi feita Delegacia Especializada no Combate \u00e0s Fac\u00e7\u00f5es Criminosas, Homic\u00eddios e Tr\u00e1fico\u00a0de Lu\u00eds Correia com o apoio do Batalh\u00e3o de Pol\u00edcia Militar de Lu\u00eds Correia.<\/p>\n\n\n\n<p>Ele foi condenado no in\u00edcio do ano pela Justi\u00e7a do estado do Cear\u00e1 por ter cometido ato infracional equiparado ao crime de latroc\u00ednio contra um cabo do Ex\u00e9rcito, na zona rural da cidade de Chor\u00f3 (CE). <\/p>\n\n\n\n<p>Conforme o delegado de Lu\u00eds Correia, Jo\u00e3o Filipe Leite, o investigado era adolescente na \u00e9poca do crime. Na ocasi\u00e3o, a v\u00edtima foi surpreendida por dois homens e o ent\u00e3o adolescente que teriam anunciado o roubo. Houve troca de tiros e morreram a v\u00edtima e um dos criminosos. A arma do militar foi roubada.<\/p>\n\n\n\n<p>Ap\u00f3s trabalho conjunto das Pol\u00edcias Civis do Cear\u00e1 e do Piau\u00ed, o outro autor do fato foi localizado e devidamente apreendido. O custodiado se encontra agora \u00e0 disposi\u00e7\u00e3o do Poder Judici\u00e1rio.<\/p>\n\n\n\n<p><strong><em>Assessoria de Comunica\u00e7\u00e3o da Pol\u00edcia Civil do Piau\u00ed<\/em><\/strong><\/p>\n","protected":false},"excerpt":{"rendered":"<p>A Pol\u00edcia Civil do Piau\u00ed deu cumprimento, na manh\u00e3 desta sexta-feira (22), ao mandado de apreens\u00e3o de um homem com as iniciais A.A.F., de 18 anos, na cidade de Lu\u00eds [&hellip;]<\/p>\n","protected":false},"author":1746,"featured_media":6042,"comment_status":"closed","ping_status":"closed","sticky":false,"template":"","format":"standard","meta":[],"categories":[1],"tags":[],"featured_image_urls":{"full":["https:\/\/portal.pi.gov.br\/pc\/wp-content\/uploads\/sites\/42\/2023\/09\/20220207_090737-scaled-e1695415358171.jpg",2560,1811,false],"thumbnail":["https:\/\/portal.pi.gov.br\/pc\/wp-content\/uploads\/sites\/42\/2023\/09\/20220207_090737-scaled-e1695415358171-150x150.jpg",150,150,true],"medium":["https:\/\/portal.pi.gov.br\/pc\/wp-content\/uploads\/sites\/42\/2023\/09\/20220207_090737-scaled-e1695415358171-300x212.jpg",300,212,true],"medium_large":["https:\/\/portal.pi.gov.br\/pc\/wp-content\/uploads\/sites\/42\/2023\/09\/20220207_090737-scaled-e1695415358171-768x543.jpg",768,543,true],"large":["https:\/\/portal.pi.gov.br\/pc\/wp-content\/uploads\/sites\/42\/2023\/09\/20220207_090737-scaled-e1695415358171-1024x724.jpg",887,627,true],"sgg-420":["https:\/\/portal.pi.gov.br\/pc\/wp-content\/uploads\/sites\/42\/2023\/09\/20220207_090737-scaled-e1695415358171-420x297.jpg",420,297,true],"sgg-540":["https:\/\/portal.pi.gov.br\/pc\/wp-content\/uploads\/sites\/42\/2023\/09\/20220207_090737-scaled-e1695415358171-540x382.jpg",540,382,true],"sgg-780":["https:\/\/portal.pi.gov.br\/pc\/wp-content\/uploads\/sites\/42\/2023\/09\/20220207_090737-scaled-e1695415358171-780x552.jpg",780,552,true],"1536x1536":["https:\/\/portal.pi.gov.br\/pc\/wp-content\/uploads\/sites\/42\/2023\/09\/20220207_090737-scaled-e1695415358171-1536x1087.jpg",1536,1087,true],"2048x2048":["https:\/\/portal.pi.gov.br\/pc\/wp-content\/uploads\/sites\/42\/2023\/09\/20220207_090737-scaled-e1695415358171-2048x1449.jpg",2048,1449,true],"homepage-slider":["https:\/\/portal.pi.gov.br\/pc\/wp-content\/uploads\/sites\/42\/2023\/09\/20220207_090737-scaled-e1695415358171-1270x500.jpg",1270,500,true],"homepage-slider-small":["https:\/\/portal.pi.gov.br\/pc\/wp-content\/uploads\/sites\/42\/2023\/09\/20220207_090737-scaled-e1695415358171-947x500.jpg",947,500,true],"page-top":["https:\/\/portal.pi.gov.br\/pc\/wp-content\/uploads\/sites\/42\/2023\/09\/20220207_090737-scaled-e1695415358171-947x670.jpg",947,670,true],"page-small":["https:\/\/portal.pi.gov.br\/pc\/wp-content\/uploads\/sites\/42\/2023\/09\/20220207_090737-scaled-e1695415358171-624x441.jpg",624,441,true],"loop-main":["https:\/\/portal.pi.gov.br\/pc\/wp-content\/uploads\/sites\/42\/2023\/09\/20220207_090737-scaled-e1695415358171-365x240.jpg",365,240,true],"thumb-gallery-widget":["https:\/\/portal.pi.gov.br\/pc\/wp-content\/uploads\/sites\/42\/2023\/09\/20220207_090737-scaled-e1695415358171-84x56.jpg",84,56,true]},"post_excerpt_stackable":"<p>A Pol\u00edcia Civil do Piau\u00ed deu cumprimento, na manh\u00e3 desta sexta-feira (22), ao mandado de apreens\u00e3o de um homem com as iniciais A.A.F., de 18 anos, na cidade de Lu\u00eds Correia. A a\u00e7\u00e3o foi feita Delegacia Especializada no Combate \u00e0s Fac\u00e7\u00f5es Criminosas, Homic\u00eddios e Tr\u00e1fico\u00a0de Lu\u00eds Correia com o apoio do Batalh\u00e3o de Pol\u00edcia Militar de Lu\u00eds Correia. Ele foi condenado no in\u00edcio do ano pela Justi\u00e7a do estado do Cear\u00e1 por ter cometido ato infracional equiparado ao crime de latroc\u00ednio contra um cabo do Ex\u00e9rcito, na zona rural da cidade de Chor\u00f3 (CE). Conforme o delegado de Lu\u00eds Correia,&hellip;<\/p>\n","category_list":"<a href=\"https:\/\/portal.pi.gov.br\/pc\/category\/noticias\/\" rel=\"category tag\">PC<\/a>","author_info":{"name":"J\u00e9ssica Lib\u00e2nio","url":"https:\/\/portal.pi.gov.br\/pc\/author\/jessicalibanio\/"},"comments_num":"0 coment\u00e1rio","featured_image_urls_v2":{"full":["https:\/\/portal.pi.gov.br\/pc\/wp-content\/uploads\/sites\/42\/2023\/09\/20220207_090737-scaled-e1695415358171.jpg",2560,1811,false],"thumbnail":["https:\/\/portal.pi.gov.br\/pc\/wp-content\/uploads\/sites\/42\/2023\/09\/20220207_090737-scaled-e1695415358171-150x150.jpg",150,150,true],"medium":["https:\/\/portal.pi.gov.br\/pc\/wp-content\/uploads\/sites\/42\/2023\/09\/20220207_090737-scaled-e1695415358171-300x212.jpg",300,212,true],"medium_large":["https:\/\/portal.pi.gov.br\/pc\/wp-content\/uploads\/sites\/42\/2023\/09\/20220207_090737-scaled-e1695415358171-768x543.jpg",768,543,true],"large":["https:\/\/portal.pi.gov.br\/pc\/wp-content\/uploads\/sites\/42\/2023\/09\/20220207_090737-scaled-e1695415358171-1024x724.jpg",887,627,true],"sgg-420":["https:\/\/portal.pi.gov.br\/pc\/wp-content\/uploads\/sites\/42\/2023\/09\/20220207_090737-scaled-e1695415358171-420x297.jpg",420,297,true],"sgg-540":["https:\/\/portal.pi.gov.br\/pc\/wp-content\/uploads\/sites\/42\/2023\/09\/20220207_090737-scaled-e1695415358171-540x382.jpg",540,382,true],"sgg-780":["https:\/\/portal.pi.gov.br\/pc\/wp-content\/uploads\/sites\/42\/2023\/09\/20220207_090737-scaled-e1695415358171-780x552.jpg",780,552,true],"1536x1536":["https:\/\/portal.pi.gov.br\/pc\/wp-content\/uploads\/sites\/42\/2023\/09\/20220207_090737-scaled-e1695415358171-1536x1087.jpg",1536,1087,true],"2048x2048":["https:\/\/portal.pi.gov.br\/pc\/wp-content\/uploads\/sites\/42\/2023\/09\/20220207_090737-scaled-e1695415358171-2048x1449.jpg",2048,1449,true],"homepage-slider":["https:\/\/portal.pi.gov.br\/pc\/wp-content\/uploads\/sites\/42\/2023\/09\/20220207_090737-scaled-e1695415358171-1270x500.jpg",1270,500,true],"homepage-slider-small":["https:\/\/portal.pi.gov.br\/pc\/wp-content\/uploads\/sites\/42\/2023\/09\/20220207_090737-scaled-e1695415358171-947x500.jpg",947,500,true],"page-top":["https:\/\/portal.pi.gov.br\/pc\/wp-content\/uploads\/sites\/42\/2023\/09\/20220207_090737-scaled-e1695415358171-947x670.jpg",947,670,true],"page-small":["https:\/\/portal.pi.gov.br\/pc\/wp-content\/uploads\/sites\/42\/2023\/09\/20220207_090737-scaled-e1695415358171-624x441.jpg",624,441,true],"loop-main":["https:\/\/portal.pi.gov.br\/pc\/wp-content\/uploads\/sites\/42\/2023\/09\/20220207_090737-scaled-e1695415358171-365x240.jpg",365,240,true],"thumb-gallery-widget":["https:\/\/portal.pi.gov.br\/pc\/wp-content\/uploads\/sites\/42\/2023\/09\/20220207_090737-scaled-e1695415358171-84x56.jpg",84,56,true]},"post_excerpt_stackable_v2":"<p>A Pol\u00edcia Civil do Piau\u00ed deu cumprimento, na manh\u00e3 desta sexta-feira (22), ao mandado de apreens\u00e3o de um homem com as iniciais A.A.F., de 18 anos, na cidade de Lu\u00eds Correia. A a\u00e7\u00e3o foi feita Delegacia Especializada no Combate \u00e0s Fac\u00e7\u00f5es Criminosas, Homic\u00eddios e Tr\u00e1fico\u00a0de Lu\u00eds Correia com o apoio do Batalh\u00e3o de Pol\u00edcia Militar de Lu\u00eds Correia. Ele foi condenado no in\u00edcio do ano pela Justi\u00e7a do estado do Cear\u00e1 por ter cometido ato infracional equiparado ao crime de latroc\u00ednio contra um cabo do Ex\u00e9rcito, na zona rural da cidade de Chor\u00f3 (CE). Conforme o delegado de Lu\u00eds Correia,&hellip;<\/p>\n","category_list_v2":"<a href=\"https:\/\/portal.pi.gov.br\/pc\/category\/noticias\/\" rel=\"category tag\">PC<\/a>","author_info_v2":{"name":"J\u00e9ssica Lib\u00e2nio","url":"https:\/\/portal.pi.gov.br\/pc\/author\/jessicalibanio\/"},"comments_num_v2":"0 coment\u00e1rio","jetpack_featured_media_url":"https:\/\/portal.pi.gov.br\/pc\/wp-content\/uploads\/sites\/42\/2023\/09\/20220207_090737-scaled-e1695415358171.jpg","_links":{"self":[{"href":"https:\/\/portal.pi.gov.br\/pc\/wp-json\/wp\/v2\/posts\/6039"}],"collection":[{"href":"https:\/\/portal.pi.gov.br\/pc\/wp-json\/wp\/v2\/posts"}],"about":[{"href":"https:\/\/portal.pi.gov.br\/pc\/wp-json\/wp\/v2\/types\/post"}],"author":[{"embeddable":true,"href":"https:\/\/portal.pi.gov.br\/pc\/wp-json\/wp\/v2\/users\/1746"}],"replies":[{"embeddable":true,"href":"https:\/\/portal.pi.gov.br\/pc\/wp-json\/wp\/v2\/comments?post=6039"}],"version-history":[{"count":4,"href":"https:\/\/portal.pi.gov.br\/pc\/wp-json\/wp\/v2\/posts\/6039\/revisions"}],"predecessor-version":[{"id":6085,"href":"https:\/\/portal.pi.gov.br\/pc\/wp-json\/wp\/v2\/posts\/6039\/revisions\/6085"}],"wp:featuredmedia":[{"embeddable":true,"href":"https:\/\/portal.pi.gov.br\/pc\/wp-json\/wp\/v2\/media\/6042"}],"wp:attachment":[{"href":"https:\/\/portal.pi.gov.br\/pc\/wp-json\/wp\/v2\/media?parent=6039"}],"wp:term":[{"taxonomy":"category","embeddable":true,"href":"https:\/\/portal.pi.gov.br\/pc\/wp-json\/wp\/v2\/categories?post=6039"},{"taxonomy":"post_tag","embeddable":true,"href":"https:\/\/portal.pi.gov.br\/pc\/wp-json\/wp\/v2\/tags?post=6039"}],"curies":[{"name":"wp","href":"https:\/\/api.w.org\/{rel}","templated":true}]}}