{"id":6048,"date":"2023-09-22T19:00:21","date_gmt":"2023-09-22T22:00:21","guid":{"rendered":"https:\/\/portal.pi.gov.br\/pc\/?p=6048"},"modified":"2023-09-22T19:00:22","modified_gmt":"2023-09-22T22:00:22","slug":"policia-civil-realiza-buscas-e-prisoes-em-colonia-do-gurgueia","status":"publish","type":"post","link":"https:\/\/portal.pi.gov.br\/pc\/2023\/09\/22\/policia-civil-realiza-buscas-e-prisoes-em-colonia-do-gurgueia\/","title":{"rendered":"Pol\u00edcia Civil realiza buscas e pris\u00f5es em Col\u00f4nia do Gurgueia"},"content":{"rendered":"\n<p>A Pol\u00edcia Civil do Piau\u00ed cumpriu, nesta sexta-feira (22), 11 mandados de busca domiciliar, um mandado de pris\u00e3o preventiva e dois mandados de pris\u00e3o tempor\u00e1ria na cidade de Col\u00f4nia do Gurgueia.<\/p>\n\n\n\n<p>O cumprimento das diversas cautelares foi promovido no \u00e2mbito da &#8220;Opera\u00e7\u00e3o Man\u00e1&#8221;, deflagrada em resposta ao cometimento de crimes de homic\u00eddio, tr\u00e1fico il\u00edcito de entorpecentes e roubo ocorridos na regi\u00e3o.<\/p>\n\n\n\n<figure class=\"wp-block-gallery has-nested-images columns-default is-cropped wp-block-gallery-1 is-layout-flex\">\n<figure class=\"wp-block-image size-large\"><img decoding=\"async\" loading=\"lazy\" width=\"1024\" height=\"768\" data-id=\"6050\"  src=\"https:\/\/portal.pi.gov.br\/pc\/wp-content\/uploads\/sites\/42\/2023\/09\/acao-manoel-emidio-22.09-1-1024x768.jpeg\" alt=\"\" class=\"wp-image-6050\" srcset=\"https:\/\/portal.pi.gov.br\/pc\/wp-content\/uploads\/sites\/42\/2023\/09\/acao-manoel-emidio-22.09-1-1024x768.jpeg 1024w, https:\/\/portal.pi.gov.br\/pc\/wp-content\/uploads\/sites\/42\/2023\/09\/acao-manoel-emidio-22.09-1-300x225.jpeg 300w, https:\/\/portal.pi.gov.br\/pc\/wp-content\/uploads\/sites\/42\/2023\/09\/acao-manoel-emidio-22.09-1-768x576.jpeg 768w, https:\/\/portal.pi.gov.br\/pc\/wp-content\/uploads\/sites\/42\/2023\/09\/acao-manoel-emidio-22.09-1-420x315.jpeg 420w, https:\/\/portal.pi.gov.br\/pc\/wp-content\/uploads\/sites\/42\/2023\/09\/acao-manoel-emidio-22.09-1-540x405.jpeg 540w, https:\/\/portal.pi.gov.br\/pc\/wp-content\/uploads\/sites\/42\/2023\/09\/acao-manoel-emidio-22.09-1-780x585.jpeg 780w, https:\/\/portal.pi.gov.br\/pc\/wp-content\/uploads\/sites\/42\/2023\/09\/acao-manoel-emidio-22.09-1-1536x1152.jpeg 1536w, https:\/\/portal.pi.gov.br\/pc\/wp-content\/uploads\/sites\/42\/2023\/09\/acao-manoel-emidio-22.09-1-947x710.jpeg 947w, https:\/\/portal.pi.gov.br\/pc\/wp-content\/uploads\/sites\/42\/2023\/09\/acao-manoel-emidio-22.09-1-624x468.jpeg 624w, https:\/\/portal.pi.gov.br\/pc\/wp-content\/uploads\/sites\/42\/2023\/09\/acao-manoel-emidio-22.09-1.jpeg 1600w\" sizes=\"(max-width: 1024px) 100vw, 1024px\" \/><figcaption class=\"wp-element-caption\">A\u00e7\u00e3o integrada<\/figcaption><\/figure>\n\n\n\n<figure class=\"wp-block-image size-large\"><img decoding=\"async\" loading=\"lazy\" width=\"1024\" height=\"768\" data-id=\"6051\"  src=\"https:\/\/portal.pi.gov.br\/pc\/wp-content\/uploads\/sites\/42\/2023\/09\/acao-manoel-emidio-22.09-3-1-1024x768.jpeg\" alt=\"\" class=\"wp-image-6051\" srcset=\"https:\/\/portal.pi.gov.br\/pc\/wp-content\/uploads\/sites\/42\/2023\/09\/acao-manoel-emidio-22.09-3-1-1024x768.jpeg 1024w, https:\/\/portal.pi.gov.br\/pc\/wp-content\/uploads\/sites\/42\/2023\/09\/acao-manoel-emidio-22.09-3-1-300x225.jpeg 300w, https:\/\/portal.pi.gov.br\/pc\/wp-content\/uploads\/sites\/42\/2023\/09\/acao-manoel-emidio-22.09-3-1-768x576.jpeg 768w, https:\/\/portal.pi.gov.br\/pc\/wp-content\/uploads\/sites\/42\/2023\/09\/acao-manoel-emidio-22.09-3-1-420x315.jpeg 420w, https:\/\/portal.pi.gov.br\/pc\/wp-content\/uploads\/sites\/42\/2023\/09\/acao-manoel-emidio-22.09-3-1-540x405.jpeg 540w, https:\/\/portal.pi.gov.br\/pc\/wp-content\/uploads\/sites\/42\/2023\/09\/acao-manoel-emidio-22.09-3-1-780x585.jpeg 780w, https:\/\/portal.pi.gov.br\/pc\/wp-content\/uploads\/sites\/42\/2023\/09\/acao-manoel-emidio-22.09-3-1-1536x1152.jpeg 1536w, https:\/\/portal.pi.gov.br\/pc\/wp-content\/uploads\/sites\/42\/2023\/09\/acao-manoel-emidio-22.09-3-1-947x710.jpeg 947w, https:\/\/portal.pi.gov.br\/pc\/wp-content\/uploads\/sites\/42\/2023\/09\/acao-manoel-emidio-22.09-3-1-624x468.jpeg 624w, https:\/\/portal.pi.gov.br\/pc\/wp-content\/uploads\/sites\/42\/2023\/09\/acao-manoel-emidio-22.09-3-1.jpeg 1600w\" sizes=\"(max-width: 1024px) 100vw, 1024px\" \/><figcaption class=\"wp-element-caption\">Cumprimento de mandados<\/figcaption><\/figure>\n\n\n\n<figure class=\"wp-block-image size-large\"><img decoding=\"async\" loading=\"lazy\" width=\"1024\" height=\"768\" data-id=\"6052\"  src=\"https:\/\/portal.pi.gov.br\/pc\/wp-content\/uploads\/sites\/42\/2023\/09\/acao-manoel-emidio-22.09-2-1024x768.jpeg\" alt=\"\" class=\"wp-image-6052\" srcset=\"https:\/\/portal.pi.gov.br\/pc\/wp-content\/uploads\/sites\/42\/2023\/09\/acao-manoel-emidio-22.09-2-1024x768.jpeg 1024w, https:\/\/portal.pi.gov.br\/pc\/wp-content\/uploads\/sites\/42\/2023\/09\/acao-manoel-emidio-22.09-2-300x225.jpeg 300w, https:\/\/portal.pi.gov.br\/pc\/wp-content\/uploads\/sites\/42\/2023\/09\/acao-manoel-emidio-22.09-2-768x576.jpeg 768w, https:\/\/portal.pi.gov.br\/pc\/wp-content\/uploads\/sites\/42\/2023\/09\/acao-manoel-emidio-22.09-2-420x315.jpeg 420w, https:\/\/portal.pi.gov.br\/pc\/wp-content\/uploads\/sites\/42\/2023\/09\/acao-manoel-emidio-22.09-2-540x405.jpeg 540w, https:\/\/portal.pi.gov.br\/pc\/wp-content\/uploads\/sites\/42\/2023\/09\/acao-manoel-emidio-22.09-2-780x585.jpeg 780w, https:\/\/portal.pi.gov.br\/pc\/wp-content\/uploads\/sites\/42\/2023\/09\/acao-manoel-emidio-22.09-2-1536x1152.jpeg 1536w, https:\/\/portal.pi.gov.br\/pc\/wp-content\/uploads\/sites\/42\/2023\/09\/acao-manoel-emidio-22.09-2-947x710.jpeg 947w, https:\/\/portal.pi.gov.br\/pc\/wp-content\/uploads\/sites\/42\/2023\/09\/acao-manoel-emidio-22.09-2-624x468.jpeg 624w, https:\/\/portal.pi.gov.br\/pc\/wp-content\/uploads\/sites\/42\/2023\/09\/acao-manoel-emidio-22.09-2.jpeg 1600w\" sizes=\"(max-width: 1024px) 100vw, 1024px\" \/><figcaption class=\"wp-element-caption\">Apreens\u00f5es feitas<\/figcaption><\/figure>\n<\/figure>\n\n\n\n<p>Um homem com as iniciais J. D. L.D.S., de 25 anos, foi preso de forma preventiva por crime de roubo majorado. Dois homens com as iniciais, E.M.A., de 29 anos, e W.C.S., de 27 anos, foram presos de forma tempor\u00e1ria por serem investigados pelos crimes de tr\u00e1fico de drogas, participa\u00e7\u00e3o em fac\u00e7\u00e3o criminosa e homic\u00eddio qualificado.<\/p>\n\n\n\n<p>Segundo um dos coordenadores da opera\u00e7\u00e3o, delegado Ar\u00e3o Lob\u00e3o, no \u00e2mbito de busca domiciliar na resid\u00eancia de um dos investigados, apreenderam- se subst\u00e2ncias an\u00e1logas aos entorpecentes coca\u00edna e maconha, dinheiro, balan\u00e7a de precis\u00e3o, um rev\u00f3lver e muni\u00e7\u00f5es calibre 38, animais silvestres abatidos e outros itens indicativos da trafic\u00e2ncia.<\/p>\n\n\n\n<p>Al\u00e9m disso, na casa do suspeito preso preventivamente por roubo, tamb\u00e9m foi apreendido um rev\u00f3lver e muni\u00e7\u00f5es.<\/p>\n\n\n\n<p>Os mandados foram cumpridos por meio meio da Delegacia de Pol\u00edcia de Manoel Em\u00eddio em a\u00e7\u00e3o coordenada com a Diretoria de Pol\u00edcia do Interior da Pol\u00edcia Civil do Piau\u00ed e da Superintend\u00eancia de Opera\u00e7\u00f5es Integradas da Secretaria de Seguran\u00e7a P\u00fablica do Piau\u00ed. A a\u00e7\u00e3o contou ainda com o apoio operacional das Delegacias Seccionais de Canto do Buriti, de Uru\u00e7u\u00ed, de Bom Jesus e de Itaueira, da For\u00e7a Estadual Integrada de Seguran\u00e7a P\u00fablica do\u00a0Piau\u00ed, da Pol\u00edcia Militar de Uru\u00e7u\u00ed e do Canil Rone.<\/p>\n\n\n\n<figure class=\"wp-block-video\"><video controls src=\"https:\/\/portal.pi.gov.br\/pc\/wp-content\/uploads\/sites\/42\/2023\/09\/acao-manoel-emidio-22.09-1.mp4\"><\/video><\/figure>\n\n\n\n<p>A Pol\u00edcia Civil refor\u00e7a o compromisso com a popula\u00e7\u00e3o, solicitando que continue a enviar informa\u00e7\u00f5es, inclusive de forma an\u00f4nima, o que pode ser feito atrav\u00e9s do canal de den\u00fancias an\u00f4nimas em seu site oficial.<\/p>\n\n\n\n<p><strong><em>Assessoria de Comunica\u00e7\u00e3o da Pol\u00edcia Civil do Piau\u00ed<\/em><\/strong><\/p>\n","protected":false},"excerpt":{"rendered":"<p>A Pol\u00edcia Civil do Piau\u00ed cumpriu, nesta sexta-feira (22), 11 mandados de busca domiciliar, um mandado de pris\u00e3o preventiva e dois mandados de pris\u00e3o tempor\u00e1ria na cidade de Col\u00f4nia do [&hellip;]<\/p>\n","protected":false},"author":1746,"featured_media":6049,"comment_status":"closed","ping_status":"closed","sticky":false,"template":"","format":"standard","meta":[],"categories":[1],"tags":[],"featured_image_urls":{"full":["https:\/\/portal.pi.gov.br\/pc\/wp-content\/uploads\/sites\/42\/2023\/09\/acao-manoel-emidio-22.09-3.jpeg",1600,1200,false],"thumbnail":["https:\/\/portal.pi.gov.br\/pc\/wp-content\/uploads\/sites\/42\/2023\/09\/acao-manoel-emidio-22.09-3-150x150.jpeg",150,150,true],"medium":["https:\/\/portal.pi.gov.br\/pc\/wp-content\/uploads\/sites\/42\/2023\/09\/acao-manoel-emidio-22.09-3-300x225.jpeg",300,225,true],"medium_large":["https:\/\/portal.pi.gov.br\/pc\/wp-content\/uploads\/sites\/42\/2023\/09\/acao-manoel-emidio-22.09-3-768x576.jpeg",768,576,true],"large":["https:\/\/portal.pi.gov.br\/pc\/wp-content\/uploads\/sites\/42\/2023\/09\/acao-manoel-emidio-22.09-3-1024x768.jpeg",887,665,true],"sgg-420":["https:\/\/portal.pi.gov.br\/pc\/wp-content\/uploads\/sites\/42\/2023\/09\/acao-manoel-emidio-22.09-3-420x315.jpeg",420,315,true],"sgg-540":["https:\/\/portal.pi.gov.br\/pc\/wp-content\/uploads\/sites\/42\/2023\/09\/acao-manoel-emidio-22.09-3-540x405.jpeg",540,405,true],"sgg-780":["https:\/\/portal.pi.gov.br\/pc\/wp-content\/uploads\/sites\/42\/2023\/09\/acao-manoel-emidio-22.09-3-780x585.jpeg",780,585,true],"1536x1536":["https:\/\/portal.pi.gov.br\/pc\/wp-content\/uploads\/sites\/42\/2023\/09\/acao-manoel-emidio-22.09-3-1536x1152.jpeg",1536,1152,true],"2048x2048":["https:\/\/portal.pi.gov.br\/pc\/wp-content\/uploads\/sites\/42\/2023\/09\/acao-manoel-emidio-22.09-3.jpeg",1600,1200,false],"homepage-slider":["https:\/\/portal.pi.gov.br\/pc\/wp-content\/uploads\/sites\/42\/2023\/09\/acao-manoel-emidio-22.09-3-1270x500.jpeg",1270,500,true],"homepage-slider-small":["https:\/\/portal.pi.gov.br\/pc\/wp-content\/uploads\/sites\/42\/2023\/09\/acao-manoel-emidio-22.09-3-947x500.jpeg",947,500,true],"page-top":["https:\/\/portal.pi.gov.br\/pc\/wp-content\/uploads\/sites\/42\/2023\/09\/acao-manoel-emidio-22.09-3-947x710.jpeg",947,710,true],"page-small":["https:\/\/portal.pi.gov.br\/pc\/wp-content\/uploads\/sites\/42\/2023\/09\/acao-manoel-emidio-22.09-3-624x468.jpeg",624,468,true],"loop-main":["https:\/\/portal.pi.gov.br\/pc\/wp-content\/uploads\/sites\/42\/2023\/09\/acao-manoel-emidio-22.09-3-365x240.jpeg",365,240,true],"thumb-gallery-widget":["https:\/\/portal.pi.gov.br\/pc\/wp-content\/uploads\/sites\/42\/2023\/09\/acao-manoel-emidio-22.09-3-84x56.jpeg",84,56,true]},"post_excerpt_stackable":"<p>A Pol\u00edcia Civil do Piau\u00ed cumpriu, nesta sexta-feira (22), 11 mandados de busca domiciliar, um mandado de pris\u00e3o preventiva e dois mandados de pris\u00e3o tempor\u00e1ria na cidade de Col\u00f4nia do Gurgueia. O cumprimento das diversas cautelares foi promovido no \u00e2mbito da &#8220;Opera\u00e7\u00e3o Man\u00e1&#8221;, deflagrada em resposta ao cometimento de crimes de homic\u00eddio, tr\u00e1fico il\u00edcito de entorpecentes e roubo ocorridos na regi\u00e3o. A\u00e7\u00e3o integrada Cumprimento de mandados Apreens\u00f5es feitas Um homem com as iniciais J. D. L.D.S., de 25 anos, foi preso de forma preventiva por crime de roubo majorado. Dois homens com as iniciais, E.M.A., de 29 anos, e W.C.S.,&hellip;<\/p>\n","category_list":"<a href=\"https:\/\/portal.pi.gov.br\/pc\/category\/noticias\/\" rel=\"category tag\">PC<\/a>","author_info":{"name":"J\u00e9ssica Lib\u00e2nio","url":"https:\/\/portal.pi.gov.br\/pc\/author\/jessicalibanio\/"},"comments_num":"0 coment\u00e1rio","featured_image_urls_v2":{"full":["https:\/\/portal.pi.gov.br\/pc\/wp-content\/uploads\/sites\/42\/2023\/09\/acao-manoel-emidio-22.09-3.jpeg",1600,1200,false],"thumbnail":["https:\/\/portal.pi.gov.br\/pc\/wp-content\/uploads\/sites\/42\/2023\/09\/acao-manoel-emidio-22.09-3-150x150.jpeg",150,150,true],"medium":["https:\/\/portal.pi.gov.br\/pc\/wp-content\/uploads\/sites\/42\/2023\/09\/acao-manoel-emidio-22.09-3-300x225.jpeg",300,225,true],"medium_large":["https:\/\/portal.pi.gov.br\/pc\/wp-content\/uploads\/sites\/42\/2023\/09\/acao-manoel-emidio-22.09-3-768x576.jpeg",768,576,true],"large":["https:\/\/portal.pi.gov.br\/pc\/wp-content\/uploads\/sites\/42\/2023\/09\/acao-manoel-emidio-22.09-3-1024x768.jpeg",887,665,true],"sgg-420":["https:\/\/portal.pi.gov.br\/pc\/wp-content\/uploads\/sites\/42\/2023\/09\/acao-manoel-emidio-22.09-3-420x315.jpeg",420,315,true],"sgg-540":["https:\/\/portal.pi.gov.br\/pc\/wp-content\/uploads\/sites\/42\/2023\/09\/acao-manoel-emidio-22.09-3-540x405.jpeg",540,405,true],"sgg-780":["https:\/\/portal.pi.gov.br\/pc\/wp-content\/uploads\/sites\/42\/2023\/09\/acao-manoel-emidio-22.09-3-780x585.jpeg",780,585,true],"1536x1536":["https:\/\/portal.pi.gov.br\/pc\/wp-content\/uploads\/sites\/42\/2023\/09\/acao-manoel-emidio-22.09-3-1536x1152.jpeg",1536,1152,true],"2048x2048":["https:\/\/portal.pi.gov.br\/pc\/wp-content\/uploads\/sites\/42\/2023\/09\/acao-manoel-emidio-22.09-3.jpeg",1600,1200,false],"homepage-slider":["https:\/\/portal.pi.gov.br\/pc\/wp-content\/uploads\/sites\/42\/2023\/09\/acao-manoel-emidio-22.09-3-1270x500.jpeg",1270,500,true],"homepage-slider-small":["https:\/\/portal.pi.gov.br\/pc\/wp-content\/uploads\/sites\/42\/2023\/09\/acao-manoel-emidio-22.09-3-947x500.jpeg",947,500,true],"page-top":["https:\/\/portal.pi.gov.br\/pc\/wp-content\/uploads\/sites\/42\/2023\/09\/acao-manoel-emidio-22.09-3-947x710.jpeg",947,710,true],"page-small":["https:\/\/portal.pi.gov.br\/pc\/wp-content\/uploads\/sites\/42\/2023\/09\/acao-manoel-emidio-22.09-3-624x468.jpeg",624,468,true],"loop-main":["https:\/\/portal.pi.gov.br\/pc\/wp-content\/uploads\/sites\/42\/2023\/09\/acao-manoel-emidio-22.09-3-365x240.jpeg",365,240,true],"thumb-gallery-widget":["https:\/\/portal.pi.gov.br\/pc\/wp-content\/uploads\/sites\/42\/2023\/09\/acao-manoel-emidio-22.09-3-84x56.jpeg",84,56,true]},"post_excerpt_stackable_v2":"<p>A Pol\u00edcia Civil do Piau\u00ed cumpriu, nesta sexta-feira (22), 11 mandados de busca domiciliar, um mandado de pris\u00e3o preventiva e dois mandados de pris\u00e3o tempor\u00e1ria na cidade de Col\u00f4nia do Gurgueia. O cumprimento das diversas cautelares foi promovido no \u00e2mbito da &#8220;Opera\u00e7\u00e3o Man\u00e1&#8221;, deflagrada em resposta ao cometimento de crimes de homic\u00eddio, tr\u00e1fico il\u00edcito de entorpecentes e roubo ocorridos na regi\u00e3o. A\u00e7\u00e3o integrada Cumprimento de mandados Apreens\u00f5es feitas Um homem com as iniciais J. D. L.D.S., de 25 anos, foi preso de forma preventiva por crime de roubo majorado. Dois homens com as iniciais, E.M.A., de 29 anos, e W.C.S.,&hellip;<\/p>\n","category_list_v2":"<a href=\"https:\/\/portal.pi.gov.br\/pc\/category\/noticias\/\" rel=\"category tag\">PC<\/a>","author_info_v2":{"name":"J\u00e9ssica Lib\u00e2nio","url":"https:\/\/portal.pi.gov.br\/pc\/author\/jessicalibanio\/"},"comments_num_v2":"0 coment\u00e1rio","jetpack_featured_media_url":"https:\/\/portal.pi.gov.br\/pc\/wp-content\/uploads\/sites\/42\/2023\/09\/acao-manoel-emidio-22.09-3.jpeg","_links":{"self":[{"href":"https:\/\/portal.pi.gov.br\/pc\/wp-json\/wp\/v2\/posts\/6048"}],"collection":[{"href":"https:\/\/portal.pi.gov.br\/pc\/wp-json\/wp\/v2\/posts"}],"about":[{"href":"https:\/\/portal.pi.gov.br\/pc\/wp-json\/wp\/v2\/types\/post"}],"author":[{"embeddable":true,"href":"https:\/\/portal.pi.gov.br\/pc\/wp-json\/wp\/v2\/users\/1746"}],"replies":[{"embeddable":true,"href":"https:\/\/portal.pi.gov.br\/pc\/wp-json\/wp\/v2\/comments?post=6048"}],"version-history":[{"count":3,"href":"https:\/\/portal.pi.gov.br\/pc\/wp-json\/wp\/v2\/posts\/6048\/revisions"}],"predecessor-version":[{"id":6056,"href":"https:\/\/portal.pi.gov.br\/pc\/wp-json\/wp\/v2\/posts\/6048\/revisions\/6056"}],"wp:featuredmedia":[{"embeddable":true,"href":"https:\/\/portal.pi.gov.br\/pc\/wp-json\/wp\/v2\/media\/6049"}],"wp:attachment":[{"href":"https:\/\/portal.pi.gov.br\/pc\/wp-json\/wp\/v2\/media?parent=6048"}],"wp:term":[{"taxonomy":"category","embeddable":true,"href":"https:\/\/portal.pi.gov.br\/pc\/wp-json\/wp\/v2\/categories?post=6048"},{"taxonomy":"post_tag","embeddable":true,"href":"https:\/\/portal.pi.gov.br\/pc\/wp-json\/wp\/v2\/tags?post=6048"}],"curies":[{"name":"wp","href":"https:\/\/api.w.org\/{rel}","templated":true}]}}