{"id":6057,"date":"2023-09-22T19:21:19","date_gmt":"2023-09-22T22:21:19","guid":{"rendered":"https:\/\/portal.pi.gov.br\/pc\/?p=6057"},"modified":"2023-09-22T19:25:36","modified_gmt":"2023-09-22T22:25:36","slug":"policia-civil-prende-suspeito-de-furto-em-luzilandia","status":"publish","type":"post","link":"https:\/\/portal.pi.gov.br\/pc\/2023\/09\/22\/policia-civil-prende-suspeito-de-furto-em-luzilandia\/","title":{"rendered":"Pol\u00edcia Civil prende suspeito de furto em Luzil\u00e2ndia"},"content":{"rendered":"\n<p>A Pol\u00edcia Civil do Piau\u00ed prendeu, nesta sexta-feira (22), um homem com as iniciais D.N.S.L., de 28 anos, no Povoado Candeeiro, zona rural de Luzil\u00e2ndia. O preso \u00e9 natural de Luzil\u00e2ndia. <\/p>\n\n\n\n<p>Segundo o delegado de Luzil\u00e2ndia, Ant\u00f4nio Alves, a pris\u00e3o foi de esp\u00e9cie preventiva em raz\u00e3o da pr\u00e1tica do crime de furto qualificado, de celulares na cidade.<\/p>\n\n\n\n<p>O preso encontra-se \u00e0 disposi\u00e7\u00e3o do Poder Judici\u00e1rio.<\/p>\n\n\n\n<p><strong><em>Assessoria de Comunica\u00e7\u00e3o da Pol\u00edcia Civil do Piau\u00ed<\/em><\/strong><\/p>\n","protected":false},"excerpt":{"rendered":"<p>A Pol\u00edcia Civil do Piau\u00ed prendeu, nesta sexta-feira (22), um homem com as iniciais D.N.S.L., de 28 anos, no Povoado Candeeiro, zona rural de Luzil\u00e2ndia. O preso \u00e9 natural de [&hellip;]<\/p>\n","protected":false},"author":1746,"featured_media":4911,"comment_status":"closed","ping_status":"closed","sticky":false,"template":"","format":"standard","meta":[],"categories":[1],"tags":[],"featured_image_urls":{"full":["https:\/\/portal.pi.gov.br\/pc\/wp-content\/uploads\/sites\/42\/2023\/07\/WhatsApp-Image-2023-07-14-at-11.06.58-e1695421273504.jpeg",971,891,false],"thumbnail":["https:\/\/portal.pi.gov.br\/pc\/wp-content\/uploads\/sites\/42\/2023\/07\/WhatsApp-Image-2023-07-14-at-11.06.58-e1695421273504-150x150.jpeg",150,150,true],"medium":["https:\/\/portal.pi.gov.br\/pc\/wp-content\/uploads\/sites\/42\/2023\/07\/WhatsApp-Image-2023-07-14-at-11.06.58-e1695421273504-300x275.jpeg",300,275,true],"medium_large":["https:\/\/portal.pi.gov.br\/pc\/wp-content\/uploads\/sites\/42\/2023\/07\/WhatsApp-Image-2023-07-14-at-11.06.58-e1695421273504-768x705.jpeg",768,705,true],"large":["https:\/\/portal.pi.gov.br\/pc\/wp-content\/uploads\/sites\/42\/2023\/07\/WhatsApp-Image-2023-07-14-at-11.06.58-1024x576.jpeg",887,499,true],"sgg-420":["https:\/\/portal.pi.gov.br\/pc\/wp-content\/uploads\/sites\/42\/2023\/07\/WhatsApp-Image-2023-07-14-at-11.06.58-e1695421273504-420x385.jpeg",420,385,true],"sgg-540":["https:\/\/portal.pi.gov.br\/pc\/wp-content\/uploads\/sites\/42\/2023\/07\/WhatsApp-Image-2023-07-14-at-11.06.58-e1695421273504-540x496.jpeg",540,496,true],"sgg-780":["https:\/\/portal.pi.gov.br\/pc\/wp-content\/uploads\/sites\/42\/2023\/07\/WhatsApp-Image-2023-07-14-at-11.06.58-e1695421273504-780x716.jpeg",780,716,true],"1536x1536":["https:\/\/portal.pi.gov.br\/pc\/wp-content\/uploads\/sites\/42\/2023\/07\/WhatsApp-Image-2023-07-14-at-11.06.58-1536x864.jpeg",1536,864,true],"2048x2048":["https:\/\/portal.pi.gov.br\/pc\/wp-content\/uploads\/sites\/42\/2023\/07\/WhatsApp-Image-2023-07-14-at-11.06.58-e1695421273504.jpeg",971,891,false],"homepage-slider":["https:\/\/portal.pi.gov.br\/pc\/wp-content\/uploads\/sites\/42\/2023\/07\/WhatsApp-Image-2023-07-14-at-11.06.58-e1695421273504-971x500.jpeg",971,500,true],"homepage-slider-small":["https:\/\/portal.pi.gov.br\/pc\/wp-content\/uploads\/sites\/42\/2023\/07\/WhatsApp-Image-2023-07-14-at-11.06.58-e1695421273504-947x500.jpeg",947,500,true],"page-top":["https:\/\/portal.pi.gov.br\/pc\/wp-content\/uploads\/sites\/42\/2023\/07\/WhatsApp-Image-2023-07-14-at-11.06.58-e1695421273504-947x869.jpeg",947,869,true],"page-small":["https:\/\/portal.pi.gov.br\/pc\/wp-content\/uploads\/sites\/42\/2023\/07\/WhatsApp-Image-2023-07-14-at-11.06.58-e1695421273504-624x573.jpeg",624,573,true],"loop-main":["https:\/\/portal.pi.gov.br\/pc\/wp-content\/uploads\/sites\/42\/2023\/07\/WhatsApp-Image-2023-07-14-at-11.06.58-e1695421273504-365x240.jpeg",365,240,true],"thumb-gallery-widget":["https:\/\/portal.pi.gov.br\/pc\/wp-content\/uploads\/sites\/42\/2023\/07\/WhatsApp-Image-2023-07-14-at-11.06.58-e1695421273504-84x56.jpeg",84,56,true]},"post_excerpt_stackable":"<p>A Pol\u00edcia Civil do Piau\u00ed prendeu, nesta sexta-feira (22), um homem com as iniciais D.N.S.L., de 28 anos, no Povoado Candeeiro, zona rural de Luzil\u00e2ndia. O preso \u00e9 natural de Luzil\u00e2ndia. Segundo o delegado de Luzil\u00e2ndia, Ant\u00f4nio Alves, a pris\u00e3o foi de esp\u00e9cie preventiva em raz\u00e3o da pr\u00e1tica do crime de furto qualificado, de celulares na cidade. O preso encontra-se \u00e0 disposi\u00e7\u00e3o do Poder Judici\u00e1rio. Assessoria de Comunica\u00e7\u00e3o da Pol\u00edcia Civil do Piau\u00ed<\/p>\n","category_list":"<a href=\"https:\/\/portal.pi.gov.br\/pc\/category\/noticias\/\" rel=\"category tag\">PC<\/a>","author_info":{"name":"J\u00e9ssica Lib\u00e2nio","url":"https:\/\/portal.pi.gov.br\/pc\/author\/jessicalibanio\/"},"comments_num":"0 coment\u00e1rio","featured_image_urls_v2":{"full":["https:\/\/portal.pi.gov.br\/pc\/wp-content\/uploads\/sites\/42\/2023\/07\/WhatsApp-Image-2023-07-14-at-11.06.58-e1695421273504.jpeg",971,891,false],"thumbnail":["https:\/\/portal.pi.gov.br\/pc\/wp-content\/uploads\/sites\/42\/2023\/07\/WhatsApp-Image-2023-07-14-at-11.06.58-e1695421273504-150x150.jpeg",150,150,true],"medium":["https:\/\/portal.pi.gov.br\/pc\/wp-content\/uploads\/sites\/42\/2023\/07\/WhatsApp-Image-2023-07-14-at-11.06.58-e1695421273504-300x275.jpeg",300,275,true],"medium_large":["https:\/\/portal.pi.gov.br\/pc\/wp-content\/uploads\/sites\/42\/2023\/07\/WhatsApp-Image-2023-07-14-at-11.06.58-e1695421273504-768x705.jpeg",768,705,true],"large":["https:\/\/portal.pi.gov.br\/pc\/wp-content\/uploads\/sites\/42\/2023\/07\/WhatsApp-Image-2023-07-14-at-11.06.58-1024x576.jpeg",887,499,true],"sgg-420":["https:\/\/portal.pi.gov.br\/pc\/wp-content\/uploads\/sites\/42\/2023\/07\/WhatsApp-Image-2023-07-14-at-11.06.58-e1695421273504-420x385.jpeg",420,385,true],"sgg-540":["https:\/\/portal.pi.gov.br\/pc\/wp-content\/uploads\/sites\/42\/2023\/07\/WhatsApp-Image-2023-07-14-at-11.06.58-e1695421273504-540x496.jpeg",540,496,true],"sgg-780":["https:\/\/portal.pi.gov.br\/pc\/wp-content\/uploads\/sites\/42\/2023\/07\/WhatsApp-Image-2023-07-14-at-11.06.58-e1695421273504-780x716.jpeg",780,716,true],"1536x1536":["https:\/\/portal.pi.gov.br\/pc\/wp-content\/uploads\/sites\/42\/2023\/07\/WhatsApp-Image-2023-07-14-at-11.06.58-1536x864.jpeg",1536,864,true],"2048x2048":["https:\/\/portal.pi.gov.br\/pc\/wp-content\/uploads\/sites\/42\/2023\/07\/WhatsApp-Image-2023-07-14-at-11.06.58-e1695421273504.jpeg",971,891,false],"homepage-slider":["https:\/\/portal.pi.gov.br\/pc\/wp-content\/uploads\/sites\/42\/2023\/07\/WhatsApp-Image-2023-07-14-at-11.06.58-e1695421273504-971x500.jpeg",971,500,true],"homepage-slider-small":["https:\/\/portal.pi.gov.br\/pc\/wp-content\/uploads\/sites\/42\/2023\/07\/WhatsApp-Image-2023-07-14-at-11.06.58-e1695421273504-947x500.jpeg",947,500,true],"page-top":["https:\/\/portal.pi.gov.br\/pc\/wp-content\/uploads\/sites\/42\/2023\/07\/WhatsApp-Image-2023-07-14-at-11.06.58-e1695421273504-947x869.jpeg",947,869,true],"page-small":["https:\/\/portal.pi.gov.br\/pc\/wp-content\/uploads\/sites\/42\/2023\/07\/WhatsApp-Image-2023-07-14-at-11.06.58-e1695421273504-624x573.jpeg",624,573,true],"loop-main":["https:\/\/portal.pi.gov.br\/pc\/wp-content\/uploads\/sites\/42\/2023\/07\/WhatsApp-Image-2023-07-14-at-11.06.58-e1695421273504-365x240.jpeg",365,240,true],"thumb-gallery-widget":["https:\/\/portal.pi.gov.br\/pc\/wp-content\/uploads\/sites\/42\/2023\/07\/WhatsApp-Image-2023-07-14-at-11.06.58-e1695421273504-84x56.jpeg",84,56,true]},"post_excerpt_stackable_v2":"<p>A Pol\u00edcia Civil do Piau\u00ed prendeu, nesta sexta-feira (22), um homem com as iniciais D.N.S.L., de 28 anos, no Povoado Candeeiro, zona rural de Luzil\u00e2ndia. O preso \u00e9 natural de Luzil\u00e2ndia. Segundo o delegado de Luzil\u00e2ndia, Ant\u00f4nio Alves, a pris\u00e3o foi de esp\u00e9cie preventiva em raz\u00e3o da pr\u00e1tica do crime de furto qualificado, de celulares na cidade. O preso encontra-se \u00e0 disposi\u00e7\u00e3o do Poder Judici\u00e1rio. Assessoria de Comunica\u00e7\u00e3o da Pol\u00edcia Civil do Piau\u00ed<\/p>\n","category_list_v2":"<a href=\"https:\/\/portal.pi.gov.br\/pc\/category\/noticias\/\" rel=\"category tag\">PC<\/a>","author_info_v2":{"name":"J\u00e9ssica Lib\u00e2nio","url":"https:\/\/portal.pi.gov.br\/pc\/author\/jessicalibanio\/"},"comments_num_v2":"0 coment\u00e1rio","jetpack_featured_media_url":"https:\/\/portal.pi.gov.br\/pc\/wp-content\/uploads\/sites\/42\/2023\/07\/WhatsApp-Image-2023-07-14-at-11.06.58-e1695421273504.jpeg","_links":{"self":[{"href":"https:\/\/portal.pi.gov.br\/pc\/wp-json\/wp\/v2\/posts\/6057"}],"collection":[{"href":"https:\/\/portal.pi.gov.br\/pc\/wp-json\/wp\/v2\/posts"}],"about":[{"href":"https:\/\/portal.pi.gov.br\/pc\/wp-json\/wp\/v2\/types\/post"}],"author":[{"embeddable":true,"href":"https:\/\/portal.pi.gov.br\/pc\/wp-json\/wp\/v2\/users\/1746"}],"replies":[{"embeddable":true,"href":"https:\/\/portal.pi.gov.br\/pc\/wp-json\/wp\/v2\/comments?post=6057"}],"version-history":[{"count":2,"href":"https:\/\/portal.pi.gov.br\/pc\/wp-json\/wp\/v2\/posts\/6057\/revisions"}],"predecessor-version":[{"id":6059,"href":"https:\/\/portal.pi.gov.br\/pc\/wp-json\/wp\/v2\/posts\/6057\/revisions\/6059"}],"wp:featuredmedia":[{"embeddable":true,"href":"https:\/\/portal.pi.gov.br\/pc\/wp-json\/wp\/v2\/media\/4911"}],"wp:attachment":[{"href":"https:\/\/portal.pi.gov.br\/pc\/wp-json\/wp\/v2\/media?parent=6057"}],"wp:term":[{"taxonomy":"category","embeddable":true,"href":"https:\/\/portal.pi.gov.br\/pc\/wp-json\/wp\/v2\/categories?post=6057"},{"taxonomy":"post_tag","embeddable":true,"href":"https:\/\/portal.pi.gov.br\/pc\/wp-json\/wp\/v2\/tags?post=6057"}],"curies":[{"name":"wp","href":"https:\/\/api.w.org\/{rel}","templated":true}]}}