{"id":6102,"date":"2023-09-26T16:03:14","date_gmt":"2023-09-26T19:03:14","guid":{"rendered":"https:\/\/portal.pi.gov.br\/pc\/?p=6102"},"modified":"2023-09-26T16:39:17","modified_gmt":"2023-09-26T19:39:17","slug":"policia-civil-faz-prisao-de-suspeito-por-trafico-de-drogas-em-cocal","status":"publish","type":"post","link":"https:\/\/portal.pi.gov.br\/pc\/2023\/09\/26\/policia-civil-faz-prisao-de-suspeito-por-trafico-de-drogas-em-cocal\/","title":{"rendered":"Pol\u00edcia Civil faz pris\u00e3o de suspeito por tr\u00e1fico de drogas em Cocal"},"content":{"rendered":"\n<p>A Pol\u00edcia Civil do Piau\u00ed deu cumprimento, na manh\u00e3 desta ter\u00e7a-feira (26), ao mandado de pris\u00e3o preventiva de um homem com as iniciais H.N.L., de 47 anos, referente ao crime de tr\u00e1fico de drogas.<\/p>\n\n\n\n<p>A pris\u00e3o foi feita por meio da Delegacia de Pol\u00edcia de Cocal com o apoio da Pol\u00edcia Militar tamb\u00e9m do munic\u00edpio.<\/p>\n\n\n\n<p>De acordo com o delegado-titular de Cocal, Mayson Soares, o suspeito estava chegando na cidade de Cocal em um carro e, ap\u00f3s abordagem, a equipe policial encontrou uma grande quantidade de drogas, do tipo coca\u00edna, maconha e crack, dentro do forro da porta traseira do ve\u00edculo, raz\u00e3o pelo qual tamb\u00e9m foi preso em flagrante.<\/p>\n\n\n\n<p>O preso foi conduzido para a Central de Flagrantes de Parna\u00edba para a realiza\u00e7\u00e3o de todo procedimento, onde ficar\u00e1 \u00e0 disposi\u00e7\u00e3o do Poder Judici\u00e1rio.<\/p>\n\n\n\n<p><strong><em>Assessoria de Comunica\u00e7\u00e3o da Pol\u00edcia Civil do Piau\u00ed<\/em><\/strong><\/p>\n","protected":false},"excerpt":{"rendered":"<p>A Pol\u00edcia Civil do Piau\u00ed deu cumprimento, na manh\u00e3 desta ter\u00e7a-feira (26), ao mandado de pris\u00e3o preventiva de um homem com as iniciais H.N.L., de 47 anos, referente ao crime [&hellip;]<\/p>\n","protected":false},"author":1746,"featured_media":6110,"comment_status":"closed","ping_status":"closed","sticky":false,"template":"","format":"standard","meta":[],"categories":[1],"tags":[],"featured_image_urls":{"full":["https:\/\/portal.pi.gov.br\/pc\/wp-content\/uploads\/sites\/42\/2023\/09\/Acao-Cocal-26.09.23-2.jpeg",753,317,false],"thumbnail":["https:\/\/portal.pi.gov.br\/pc\/wp-content\/uploads\/sites\/42\/2023\/09\/Acao-Cocal-26.09.23-2-150x150.jpeg",150,150,true],"medium":["https:\/\/portal.pi.gov.br\/pc\/wp-content\/uploads\/sites\/42\/2023\/09\/Acao-Cocal-26.09.23-2-300x126.jpeg",300,126,true],"medium_large":["https:\/\/portal.pi.gov.br\/pc\/wp-content\/uploads\/sites\/42\/2023\/09\/Acao-Cocal-26.09.23-2.jpeg",753,317,false],"large":["https:\/\/portal.pi.gov.br\/pc\/wp-content\/uploads\/sites\/42\/2023\/09\/Acao-Cocal-26.09.23-2.jpeg",753,317,false],"sgg-420":["https:\/\/portal.pi.gov.br\/pc\/wp-content\/uploads\/sites\/42\/2023\/09\/Acao-Cocal-26.09.23-2-420x177.jpeg",420,177,true],"sgg-540":["https:\/\/portal.pi.gov.br\/pc\/wp-content\/uploads\/sites\/42\/2023\/09\/Acao-Cocal-26.09.23-2-540x227.jpeg",540,227,true],"sgg-780":["https:\/\/portal.pi.gov.br\/pc\/wp-content\/uploads\/sites\/42\/2023\/09\/Acao-Cocal-26.09.23-2.jpeg",753,317,false],"1536x1536":["https:\/\/portal.pi.gov.br\/pc\/wp-content\/uploads\/sites\/42\/2023\/09\/Acao-Cocal-26.09.23-2.jpeg",753,317,false],"2048x2048":["https:\/\/portal.pi.gov.br\/pc\/wp-content\/uploads\/sites\/42\/2023\/09\/Acao-Cocal-26.09.23-2.jpeg",753,317,false],"homepage-slider":["https:\/\/portal.pi.gov.br\/pc\/wp-content\/uploads\/sites\/42\/2023\/09\/Acao-Cocal-26.09.23-2.jpeg",753,317,false],"homepage-slider-small":["https:\/\/portal.pi.gov.br\/pc\/wp-content\/uploads\/sites\/42\/2023\/09\/Acao-Cocal-26.09.23-2.jpeg",753,317,false],"page-top":["https:\/\/portal.pi.gov.br\/pc\/wp-content\/uploads\/sites\/42\/2023\/09\/Acao-Cocal-26.09.23-2.jpeg",753,317,false],"page-small":["https:\/\/portal.pi.gov.br\/pc\/wp-content\/uploads\/sites\/42\/2023\/09\/Acao-Cocal-26.09.23-2-624x263.jpeg",624,263,true],"loop-main":["https:\/\/portal.pi.gov.br\/pc\/wp-content\/uploads\/sites\/42\/2023\/09\/Acao-Cocal-26.09.23-2-365x240.jpeg",365,240,true],"thumb-gallery-widget":["https:\/\/portal.pi.gov.br\/pc\/wp-content\/uploads\/sites\/42\/2023\/09\/Acao-Cocal-26.09.23-2-84x56.jpeg",84,56,true]},"post_excerpt_stackable":"<p>A Pol\u00edcia Civil do Piau\u00ed deu cumprimento, na manh\u00e3 desta ter\u00e7a-feira (26), ao mandado de pris\u00e3o preventiva de um homem com as iniciais H.N.L., de 47 anos, referente ao crime de tr\u00e1fico de drogas. A pris\u00e3o foi feita por meio da Delegacia de Pol\u00edcia de Cocal com o apoio da Pol\u00edcia Militar tamb\u00e9m do munic\u00edpio. De acordo com o delegado-titular de Cocal, Mayson Soares, o suspeito estava chegando na cidade de Cocal em um carro e, ap\u00f3s abordagem, a equipe policial encontrou uma grande quantidade de drogas, do tipo coca\u00edna, maconha e crack, dentro do forro da porta traseira do&hellip;<\/p>\n","category_list":"<a href=\"https:\/\/portal.pi.gov.br\/pc\/category\/noticias\/\" rel=\"category tag\">PC<\/a>","author_info":{"name":"J\u00e9ssica Lib\u00e2nio","url":"https:\/\/portal.pi.gov.br\/pc\/author\/jessicalibanio\/"},"comments_num":"0 coment\u00e1rio","featured_image_urls_v2":{"full":["https:\/\/portal.pi.gov.br\/pc\/wp-content\/uploads\/sites\/42\/2023\/09\/Acao-Cocal-26.09.23-2.jpeg",753,317,false],"thumbnail":["https:\/\/portal.pi.gov.br\/pc\/wp-content\/uploads\/sites\/42\/2023\/09\/Acao-Cocal-26.09.23-2-150x150.jpeg",150,150,true],"medium":["https:\/\/portal.pi.gov.br\/pc\/wp-content\/uploads\/sites\/42\/2023\/09\/Acao-Cocal-26.09.23-2-300x126.jpeg",300,126,true],"medium_large":["https:\/\/portal.pi.gov.br\/pc\/wp-content\/uploads\/sites\/42\/2023\/09\/Acao-Cocal-26.09.23-2.jpeg",753,317,false],"large":["https:\/\/portal.pi.gov.br\/pc\/wp-content\/uploads\/sites\/42\/2023\/09\/Acao-Cocal-26.09.23-2.jpeg",753,317,false],"sgg-420":["https:\/\/portal.pi.gov.br\/pc\/wp-content\/uploads\/sites\/42\/2023\/09\/Acao-Cocal-26.09.23-2-420x177.jpeg",420,177,true],"sgg-540":["https:\/\/portal.pi.gov.br\/pc\/wp-content\/uploads\/sites\/42\/2023\/09\/Acao-Cocal-26.09.23-2-540x227.jpeg",540,227,true],"sgg-780":["https:\/\/portal.pi.gov.br\/pc\/wp-content\/uploads\/sites\/42\/2023\/09\/Acao-Cocal-26.09.23-2.jpeg",753,317,false],"1536x1536":["https:\/\/portal.pi.gov.br\/pc\/wp-content\/uploads\/sites\/42\/2023\/09\/Acao-Cocal-26.09.23-2.jpeg",753,317,false],"2048x2048":["https:\/\/portal.pi.gov.br\/pc\/wp-content\/uploads\/sites\/42\/2023\/09\/Acao-Cocal-26.09.23-2.jpeg",753,317,false],"homepage-slider":["https:\/\/portal.pi.gov.br\/pc\/wp-content\/uploads\/sites\/42\/2023\/09\/Acao-Cocal-26.09.23-2.jpeg",753,317,false],"homepage-slider-small":["https:\/\/portal.pi.gov.br\/pc\/wp-content\/uploads\/sites\/42\/2023\/09\/Acao-Cocal-26.09.23-2.jpeg",753,317,false],"page-top":["https:\/\/portal.pi.gov.br\/pc\/wp-content\/uploads\/sites\/42\/2023\/09\/Acao-Cocal-26.09.23-2.jpeg",753,317,false],"page-small":["https:\/\/portal.pi.gov.br\/pc\/wp-content\/uploads\/sites\/42\/2023\/09\/Acao-Cocal-26.09.23-2-624x263.jpeg",624,263,true],"loop-main":["https:\/\/portal.pi.gov.br\/pc\/wp-content\/uploads\/sites\/42\/2023\/09\/Acao-Cocal-26.09.23-2-365x240.jpeg",365,240,true],"thumb-gallery-widget":["https:\/\/portal.pi.gov.br\/pc\/wp-content\/uploads\/sites\/42\/2023\/09\/Acao-Cocal-26.09.23-2-84x56.jpeg",84,56,true]},"post_excerpt_stackable_v2":"<p>A Pol\u00edcia Civil do Piau\u00ed deu cumprimento, na manh\u00e3 desta ter\u00e7a-feira (26), ao mandado de pris\u00e3o preventiva de um homem com as iniciais H.N.L., de 47 anos, referente ao crime de tr\u00e1fico de drogas. A pris\u00e3o foi feita por meio da Delegacia de Pol\u00edcia de Cocal com o apoio da Pol\u00edcia Militar tamb\u00e9m do munic\u00edpio. De acordo com o delegado-titular de Cocal, Mayson Soares, o suspeito estava chegando na cidade de Cocal em um carro e, ap\u00f3s abordagem, a equipe policial encontrou uma grande quantidade de drogas, do tipo coca\u00edna, maconha e crack, dentro do forro da porta traseira do&hellip;<\/p>\n","category_list_v2":"<a href=\"https:\/\/portal.pi.gov.br\/pc\/category\/noticias\/\" rel=\"category tag\">PC<\/a>","author_info_v2":{"name":"J\u00e9ssica Lib\u00e2nio","url":"https:\/\/portal.pi.gov.br\/pc\/author\/jessicalibanio\/"},"comments_num_v2":"0 coment\u00e1rio","jetpack_featured_media_url":"https:\/\/portal.pi.gov.br\/pc\/wp-content\/uploads\/sites\/42\/2023\/09\/Acao-Cocal-26.09.23-2.jpeg","_links":{"self":[{"href":"https:\/\/portal.pi.gov.br\/pc\/wp-json\/wp\/v2\/posts\/6102"}],"collection":[{"href":"https:\/\/portal.pi.gov.br\/pc\/wp-json\/wp\/v2\/posts"}],"about":[{"href":"https:\/\/portal.pi.gov.br\/pc\/wp-json\/wp\/v2\/types\/post"}],"author":[{"embeddable":true,"href":"https:\/\/portal.pi.gov.br\/pc\/wp-json\/wp\/v2\/users\/1746"}],"replies":[{"embeddable":true,"href":"https:\/\/portal.pi.gov.br\/pc\/wp-json\/wp\/v2\/comments?post=6102"}],"version-history":[{"count":5,"href":"https:\/\/portal.pi.gov.br\/pc\/wp-json\/wp\/v2\/posts\/6102\/revisions"}],"predecessor-version":[{"id":6114,"href":"https:\/\/portal.pi.gov.br\/pc\/wp-json\/wp\/v2\/posts\/6102\/revisions\/6114"}],"wp:featuredmedia":[{"embeddable":true,"href":"https:\/\/portal.pi.gov.br\/pc\/wp-json\/wp\/v2\/media\/6110"}],"wp:attachment":[{"href":"https:\/\/portal.pi.gov.br\/pc\/wp-json\/wp\/v2\/media?parent=6102"}],"wp:term":[{"taxonomy":"category","embeddable":true,"href":"https:\/\/portal.pi.gov.br\/pc\/wp-json\/wp\/v2\/categories?post=6102"},{"taxonomy":"post_tag","embeddable":true,"href":"https:\/\/portal.pi.gov.br\/pc\/wp-json\/wp\/v2\/tags?post=6102"}],"curies":[{"name":"wp","href":"https:\/\/api.w.org\/{rel}","templated":true}]}}