{"id":6133,"date":"2023-09-27T15:58:17","date_gmt":"2023-09-27T18:58:17","guid":{"rendered":"https:\/\/portal.pi.gov.br\/pc\/?p=6133"},"modified":"2023-09-27T15:58:34","modified_gmt":"2023-09-27T18:58:34","slug":"policia-civil-prende-suspeito-de-crime-de-estupro-de-vulneravel-em-luzilandia","status":"publish","type":"post","link":"https:\/\/portal.pi.gov.br\/pc\/2023\/09\/27\/policia-civil-prende-suspeito-de-crime-de-estupro-de-vulneravel-em-luzilandia\/","title":{"rendered":"Pol\u00edcia Civil prende suspeito de crime de estupro de vulner\u00e1vel em Luzil\u00e2ndia"},"content":{"rendered":"\n<p>A Pol\u00edcia Civil do Piau\u00ed prendeu, na manh\u00e3 desta quarta-feira (27), um homem, de 52 anos, no povoado Corredeiras, zona rural de Luzil\u00e2ndia.<\/p>\n\n\n\n<p>O homem, natural de Luzil\u00e2ndia, foi preso devido inqu\u00e9rito que investiga crime de estupro de vulner\u00e1vel. A pris\u00e3o foi de esp\u00e9cie tempor\u00e1ria e realizada pela Delegacia de Luzil\u00e2ndia. <\/p>\n\n\n\n<p>Conforme o delegado-titular de Luzil\u00e2ndia, Ant\u00f4nio Alves, a investiga\u00e7\u00e3o preliminar aponta que o preso abusou sexualmente de sua neta, filha de um filho adotivo, quando a mesma tinha 11 anos. Consta ainda que o suspeito intimidava a v\u00edtima a fim de que os fatos n\u00e3o fossem denunciados.<\/p>\n\n\n\n<p>Agora o preso encontra-se \u00e0 disposi\u00e7\u00e3o do Poder Judici\u00e1rio.<\/p>\n\n\n\n<p>Para colaborar com a seguran\u00e7a p\u00fablica de Luzil\u00e2ndia e das adjac\u00eancias, a popula\u00e7\u00e3o pode fazer den\u00fancias an\u00f4nimas pelo WhatsApp (85) 99921-3298. <\/p>\n\n\n\n<p><strong><em>Assessoria de Comunica\u00e7\u00e3o da Pol\u00edcia Civil do Piau\u00ed<\/em><\/strong><\/p>\n","protected":false},"excerpt":{"rendered":"<p>A Pol\u00edcia Civil do Piau\u00ed prendeu, na manh\u00e3 desta quarta-feira (27), um homem, de 52 anos, no povoado Corredeiras, zona rural de Luzil\u00e2ndia. O homem, natural de Luzil\u00e2ndia, foi preso [&hellip;]<\/p>\n","protected":false},"author":1746,"featured_media":5748,"comment_status":"closed","ping_status":"closed","sticky":false,"template":"","format":"standard","meta":[],"categories":[1],"tags":[],"featured_image_urls":{"full":["https:\/\/portal.pi.gov.br\/pc\/wp-content\/uploads\/sites\/42\/2023\/09\/viatura-e1773141794935.jpg",1330,961,false],"thumbnail":["https:\/\/portal.pi.gov.br\/pc\/wp-content\/uploads\/sites\/42\/2023\/09\/viatura-e1773141794935-150x150.jpg",150,150,true],"medium":["https:\/\/portal.pi.gov.br\/pc\/wp-content\/uploads\/sites\/42\/2023\/09\/viatura-e1773141794935-300x217.jpg",300,217,true],"medium_large":["https:\/\/portal.pi.gov.br\/pc\/wp-content\/uploads\/sites\/42\/2023\/09\/viatura-e1773141794935-768x555.jpg",768,555,true],"large":["https:\/\/portal.pi.gov.br\/pc\/wp-content\/uploads\/sites\/42\/2023\/09\/viatura-e1773141794935-1024x740.jpg",887,641,true],"sgg-420":["https:\/\/portal.pi.gov.br\/pc\/wp-content\/uploads\/sites\/42\/2023\/09\/viatura-e1773141794935-420x303.jpg",420,303,true],"sgg-540":["https:\/\/portal.pi.gov.br\/pc\/wp-content\/uploads\/sites\/42\/2023\/09\/viatura-e1773141794935-540x390.jpg",540,390,true],"sgg-780":["https:\/\/portal.pi.gov.br\/pc\/wp-content\/uploads\/sites\/42\/2023\/09\/viatura-e1773141794935-780x564.jpg",780,564,true],"1536x1536":["https:\/\/portal.pi.gov.br\/pc\/wp-content\/uploads\/sites\/42\/2023\/09\/viatura-1536x1152.jpg",1536,1152,true],"2048x2048":["https:\/\/portal.pi.gov.br\/pc\/wp-content\/uploads\/sites\/42\/2023\/09\/viatura-e1773141794935.jpg",1330,961,false],"homepage-slider":["https:\/\/portal.pi.gov.br\/pc\/wp-content\/uploads\/sites\/42\/2023\/09\/viatura-e1773141794935-1270x500.jpg",1270,500,true],"homepage-slider-small":["https:\/\/portal.pi.gov.br\/pc\/wp-content\/uploads\/sites\/42\/2023\/09\/viatura-e1773141794935-947x500.jpg",947,500,true],"page-top":["https:\/\/portal.pi.gov.br\/pc\/wp-content\/uploads\/sites\/42\/2023\/09\/viatura-e1773141794935-947x684.jpg",947,684,true],"page-small":["https:\/\/portal.pi.gov.br\/pc\/wp-content\/uploads\/sites\/42\/2023\/09\/viatura-e1773141794935-624x451.jpg",624,451,true],"loop-main":["https:\/\/portal.pi.gov.br\/pc\/wp-content\/uploads\/sites\/42\/2023\/09\/viatura-e1773141794935-365x240.jpg",365,240,true],"thumb-gallery-widget":["https:\/\/portal.pi.gov.br\/pc\/wp-content\/uploads\/sites\/42\/2023\/09\/viatura-e1773141794935-84x56.jpg",84,56,true]},"post_excerpt_stackable":"<p>A Pol\u00edcia Civil do Piau\u00ed prendeu, na manh\u00e3 desta quarta-feira (27), um homem, de 52 anos, no povoado Corredeiras, zona rural de Luzil\u00e2ndia. O homem, natural de Luzil\u00e2ndia, foi preso devido inqu\u00e9rito que investiga crime de estupro de vulner\u00e1vel. A pris\u00e3o foi de esp\u00e9cie tempor\u00e1ria e realizada pela Delegacia de Luzil\u00e2ndia. Conforme o delegado-titular de Luzil\u00e2ndia, Ant\u00f4nio Alves, a investiga\u00e7\u00e3o preliminar aponta que o preso abusou sexualmente de sua neta, filha de um filho adotivo, quando a mesma tinha 11 anos. Consta ainda que o suspeito intimidava a v\u00edtima a fim de que os fatos n\u00e3o fossem denunciados. Agora o&hellip;<\/p>\n","category_list":"<a href=\"https:\/\/portal.pi.gov.br\/pc\/category\/noticias\/\" rel=\"category tag\">PC<\/a>","author_info":{"name":"J\u00e9ssica Lib\u00e2nio","url":"https:\/\/portal.pi.gov.br\/pc\/author\/jessicalibanio\/"},"comments_num":"0 coment\u00e1rio","featured_image_urls_v2":{"full":["https:\/\/portal.pi.gov.br\/pc\/wp-content\/uploads\/sites\/42\/2023\/09\/viatura-e1773141794935.jpg",1330,961,false],"thumbnail":["https:\/\/portal.pi.gov.br\/pc\/wp-content\/uploads\/sites\/42\/2023\/09\/viatura-e1773141794935-150x150.jpg",150,150,true],"medium":["https:\/\/portal.pi.gov.br\/pc\/wp-content\/uploads\/sites\/42\/2023\/09\/viatura-e1773141794935-300x217.jpg",300,217,true],"medium_large":["https:\/\/portal.pi.gov.br\/pc\/wp-content\/uploads\/sites\/42\/2023\/09\/viatura-e1773141794935-768x555.jpg",768,555,true],"large":["https:\/\/portal.pi.gov.br\/pc\/wp-content\/uploads\/sites\/42\/2023\/09\/viatura-e1773141794935-1024x740.jpg",887,641,true],"sgg-420":["https:\/\/portal.pi.gov.br\/pc\/wp-content\/uploads\/sites\/42\/2023\/09\/viatura-e1773141794935-420x303.jpg",420,303,true],"sgg-540":["https:\/\/portal.pi.gov.br\/pc\/wp-content\/uploads\/sites\/42\/2023\/09\/viatura-e1773141794935-540x390.jpg",540,390,true],"sgg-780":["https:\/\/portal.pi.gov.br\/pc\/wp-content\/uploads\/sites\/42\/2023\/09\/viatura-e1773141794935-780x564.jpg",780,564,true],"1536x1536":["https:\/\/portal.pi.gov.br\/pc\/wp-content\/uploads\/sites\/42\/2023\/09\/viatura-1536x1152.jpg",1536,1152,true],"2048x2048":["https:\/\/portal.pi.gov.br\/pc\/wp-content\/uploads\/sites\/42\/2023\/09\/viatura-e1773141794935.jpg",1330,961,false],"homepage-slider":["https:\/\/portal.pi.gov.br\/pc\/wp-content\/uploads\/sites\/42\/2023\/09\/viatura-e1773141794935-1270x500.jpg",1270,500,true],"homepage-slider-small":["https:\/\/portal.pi.gov.br\/pc\/wp-content\/uploads\/sites\/42\/2023\/09\/viatura-e1773141794935-947x500.jpg",947,500,true],"page-top":["https:\/\/portal.pi.gov.br\/pc\/wp-content\/uploads\/sites\/42\/2023\/09\/viatura-e1773141794935-947x684.jpg",947,684,true],"page-small":["https:\/\/portal.pi.gov.br\/pc\/wp-content\/uploads\/sites\/42\/2023\/09\/viatura-e1773141794935-624x451.jpg",624,451,true],"loop-main":["https:\/\/portal.pi.gov.br\/pc\/wp-content\/uploads\/sites\/42\/2023\/09\/viatura-e1773141794935-365x240.jpg",365,240,true],"thumb-gallery-widget":["https:\/\/portal.pi.gov.br\/pc\/wp-content\/uploads\/sites\/42\/2023\/09\/viatura-e1773141794935-84x56.jpg",84,56,true]},"post_excerpt_stackable_v2":"<p>A Pol\u00edcia Civil do Piau\u00ed prendeu, na manh\u00e3 desta quarta-feira (27), um homem, de 52 anos, no povoado Corredeiras, zona rural de Luzil\u00e2ndia. O homem, natural de Luzil\u00e2ndia, foi preso devido inqu\u00e9rito que investiga crime de estupro de vulner\u00e1vel. A pris\u00e3o foi de esp\u00e9cie tempor\u00e1ria e realizada pela Delegacia de Luzil\u00e2ndia. Conforme o delegado-titular de Luzil\u00e2ndia, Ant\u00f4nio Alves, a investiga\u00e7\u00e3o preliminar aponta que o preso abusou sexualmente de sua neta, filha de um filho adotivo, quando a mesma tinha 11 anos. Consta ainda que o suspeito intimidava a v\u00edtima a fim de que os fatos n\u00e3o fossem denunciados. Agora o&hellip;<\/p>\n","category_list_v2":"<a href=\"https:\/\/portal.pi.gov.br\/pc\/category\/noticias\/\" rel=\"category tag\">PC<\/a>","author_info_v2":{"name":"J\u00e9ssica Lib\u00e2nio","url":"https:\/\/portal.pi.gov.br\/pc\/author\/jessicalibanio\/"},"comments_num_v2":"0 coment\u00e1rio","jetpack_featured_media_url":"https:\/\/portal.pi.gov.br\/pc\/wp-content\/uploads\/sites\/42\/2023\/09\/viatura-e1773141794935.jpg","_links":{"self":[{"href":"https:\/\/portal.pi.gov.br\/pc\/wp-json\/wp\/v2\/posts\/6133"}],"collection":[{"href":"https:\/\/portal.pi.gov.br\/pc\/wp-json\/wp\/v2\/posts"}],"about":[{"href":"https:\/\/portal.pi.gov.br\/pc\/wp-json\/wp\/v2\/types\/post"}],"author":[{"embeddable":true,"href":"https:\/\/portal.pi.gov.br\/pc\/wp-json\/wp\/v2\/users\/1746"}],"replies":[{"embeddable":true,"href":"https:\/\/portal.pi.gov.br\/pc\/wp-json\/wp\/v2\/comments?post=6133"}],"version-history":[{"count":2,"href":"https:\/\/portal.pi.gov.br\/pc\/wp-json\/wp\/v2\/posts\/6133\/revisions"}],"predecessor-version":[{"id":6135,"href":"https:\/\/portal.pi.gov.br\/pc\/wp-json\/wp\/v2\/posts\/6133\/revisions\/6135"}],"wp:featuredmedia":[{"embeddable":true,"href":"https:\/\/portal.pi.gov.br\/pc\/wp-json\/wp\/v2\/media\/5748"}],"wp:attachment":[{"href":"https:\/\/portal.pi.gov.br\/pc\/wp-json\/wp\/v2\/media?parent=6133"}],"wp:term":[{"taxonomy":"category","embeddable":true,"href":"https:\/\/portal.pi.gov.br\/pc\/wp-json\/wp\/v2\/categories?post=6133"},{"taxonomy":"post_tag","embeddable":true,"href":"https:\/\/portal.pi.gov.br\/pc\/wp-json\/wp\/v2\/tags?post=6133"}],"curies":[{"name":"wp","href":"https:\/\/api.w.org\/{rel}","templated":true}]}}