{"id":6137,"date":"2023-09-27T18:34:35","date_gmt":"2023-09-27T21:34:35","guid":{"rendered":"https:\/\/portal.pi.gov.br\/pc\/?p=6137"},"modified":"2023-09-27T18:35:34","modified_gmt":"2023-09-27T21:35:34","slug":"policia-civil-prende-suspeito-de-estelionato-na-capital-2","status":"publish","type":"post","link":"https:\/\/portal.pi.gov.br\/pc\/2023\/09\/27\/policia-civil-prende-suspeito-de-estelionato-na-capital-2\/","title":{"rendered":"Pol\u00edcia Civil prende suspeito de estelionato na capital"},"content":{"rendered":"\n<p>A Pol\u00edcia Civil do Piau\u00ed deu cumprimento, na tarde desta quarta-feira (27), ao mandado de pris\u00e3o preventiva de um homem com as iniciais J.V.B.D.C.S., de 26 anos, na Delegacia-Geral, no centro de Teresina. O advogado do preso entrou em contato com a pol\u00edcia e foi marcada a apresenta\u00e7\u00e3o do suspeito na Delegacia-Geral.<\/p>\n\n\n\n<p>A pris\u00e3o foi feita pela Diretoria de Pol\u00edcia Metropolitana decorrente da investiga\u00e7\u00e3o da pr\u00e1tica do crime de estelionato em inqu\u00e9rito policial oriundo da 4\u00aa Delegacia de Pol\u00edcia da capital. <\/p>\n\n\n<div class=\"wp-block-image\">\n<figure class=\"aligncenter size-large is-resized\"><img decoding=\"async\" loading=\"lazy\" src=\"https:\/\/portal.pi.gov.br\/pc\/wp-content\/uploads\/sites\/42\/2023\/09\/Prisao-4aDP-27.09.23-1-750x1024.jpeg\" alt=\"\" class=\"wp-image-6139\" width=\"371\" height=\"506\" srcset=\"https:\/\/portal.pi.gov.br\/pc\/wp-content\/uploads\/sites\/42\/2023\/09\/Prisao-4aDP-27.09.23-1-750x1024.jpeg 750w, https:\/\/portal.pi.gov.br\/pc\/wp-content\/uploads\/sites\/42\/2023\/09\/Prisao-4aDP-27.09.23-1-220x300.jpeg 220w, https:\/\/portal.pi.gov.br\/pc\/wp-content\/uploads\/sites\/42\/2023\/09\/Prisao-4aDP-27.09.23-1-768x1048.jpeg 768w, https:\/\/portal.pi.gov.br\/pc\/wp-content\/uploads\/sites\/42\/2023\/09\/Prisao-4aDP-27.09.23-1-308x420.jpeg 308w, https:\/\/portal.pi.gov.br\/pc\/wp-content\/uploads\/sites\/42\/2023\/09\/Prisao-4aDP-27.09.23-1-396x540.jpeg 396w, https:\/\/portal.pi.gov.br\/pc\/wp-content\/uploads\/sites\/42\/2023\/09\/Prisao-4aDP-27.09.23-1-571x780.jpeg 571w, https:\/\/portal.pi.gov.br\/pc\/wp-content\/uploads\/sites\/42\/2023\/09\/Prisao-4aDP-27.09.23-1-1125x1536.jpeg 1125w, https:\/\/portal.pi.gov.br\/pc\/wp-content\/uploads\/sites\/42\/2023\/09\/Prisao-4aDP-27.09.23-1-947x1293.jpeg 947w, https:\/\/portal.pi.gov.br\/pc\/wp-content\/uploads\/sites\/42\/2023\/09\/Prisao-4aDP-27.09.23-1-624x852.jpeg 624w, https:\/\/portal.pi.gov.br\/pc\/wp-content\/uploads\/sites\/42\/2023\/09\/Prisao-4aDP-27.09.23-1.jpeg 1172w\" sizes=\"(max-width: 371px) 100vw, 371px\" \/><figcaption class=\"wp-element-caption\">Pris\u00e3o preventiva na tarde desta quarta-feira (27)<\/figcaption><\/figure><\/div>\n\n\n<p>De acordo com o delegado-titular da 4\u00aa Delegacia de Pol\u00edcia, Leonardo Alexandre, existem ainda outros inqu\u00e9ritos e boletins de ocorr\u00eancias registrados em diversas unidade da capital em nome do investigado. Eventuais v\u00edtimas que ainda n\u00e3o registraram os boletins de ocorr\u00eancia podem procurar qualquer unidade da Pol\u00edcia Civil do Piau\u00ed para fazerem os registros.<\/p>\n\n\n\n<p><strong><em>Assessoria de Comunica\u00e7\u00e3o da Pol\u00edcia Civil do Piau\u00ed<\/em><\/strong><\/p>\n","protected":false},"excerpt":{"rendered":"<p>A Pol\u00edcia Civil do Piau\u00ed deu cumprimento, na tarde desta quarta-feira (27), ao mandado de pris\u00e3o preventiva de um homem com as iniciais J.V.B.D.C.S., de 26 anos, na Delegacia-Geral, no [&hellip;]<\/p>\n","protected":false},"author":1746,"featured_media":6138,"comment_status":"closed","ping_status":"closed","sticky":false,"template":"","format":"standard","meta":[],"categories":[1],"tags":[],"featured_image_urls":{"full":["https:\/\/portal.pi.gov.br\/pc\/wp-content\/uploads\/sites\/42\/2023\/09\/Prisao-4aDP-27.09.23-e1695850529461.jpeg",1172,1004,false],"thumbnail":["https:\/\/portal.pi.gov.br\/pc\/wp-content\/uploads\/sites\/42\/2023\/09\/Prisao-4aDP-27.09.23-e1695850529461-150x150.jpeg",150,150,true],"medium":["https:\/\/portal.pi.gov.br\/pc\/wp-content\/uploads\/sites\/42\/2023\/09\/Prisao-4aDP-27.09.23-e1695850529461-300x257.jpeg",300,257,true],"medium_large":["https:\/\/portal.pi.gov.br\/pc\/wp-content\/uploads\/sites\/42\/2023\/09\/Prisao-4aDP-27.09.23-e1695850529461-768x658.jpeg",768,658,true],"large":["https:\/\/portal.pi.gov.br\/pc\/wp-content\/uploads\/sites\/42\/2023\/09\/Prisao-4aDP-27.09.23-e1695850529461-1024x877.jpeg",887,760,true],"sgg-420":["https:\/\/portal.pi.gov.br\/pc\/wp-content\/uploads\/sites\/42\/2023\/09\/Prisao-4aDP-27.09.23-e1695850529461-420x360.jpeg",420,360,true],"sgg-540":["https:\/\/portal.pi.gov.br\/pc\/wp-content\/uploads\/sites\/42\/2023\/09\/Prisao-4aDP-27.09.23-e1695850529461-540x463.jpeg",540,463,true],"sgg-780":["https:\/\/portal.pi.gov.br\/pc\/wp-content\/uploads\/sites\/42\/2023\/09\/Prisao-4aDP-27.09.23-e1695850529461-780x668.jpeg",780,668,true],"1536x1536":["https:\/\/portal.pi.gov.br\/pc\/wp-content\/uploads\/sites\/42\/2023\/09\/Prisao-4aDP-27.09.23-1125x1536.jpeg",1125,1536,true],"2048x2048":["https:\/\/portal.pi.gov.br\/pc\/wp-content\/uploads\/sites\/42\/2023\/09\/Prisao-4aDP-27.09.23-e1695850529461.jpeg",1172,1004,false],"homepage-slider":["https:\/\/portal.pi.gov.br\/pc\/wp-content\/uploads\/sites\/42\/2023\/09\/Prisao-4aDP-27.09.23-e1695850529461-1172x500.jpeg",1172,500,true],"homepage-slider-small":["https:\/\/portal.pi.gov.br\/pc\/wp-content\/uploads\/sites\/42\/2023\/09\/Prisao-4aDP-27.09.23-e1695850529461-947x500.jpeg",947,500,true],"page-top":["https:\/\/portal.pi.gov.br\/pc\/wp-content\/uploads\/sites\/42\/2023\/09\/Prisao-4aDP-27.09.23-e1695850529461-947x811.jpeg",947,811,true],"page-small":["https:\/\/portal.pi.gov.br\/pc\/wp-content\/uploads\/sites\/42\/2023\/09\/Prisao-4aDP-27.09.23-e1695850529461-624x535.jpeg",624,535,true],"loop-main":["https:\/\/portal.pi.gov.br\/pc\/wp-content\/uploads\/sites\/42\/2023\/09\/Prisao-4aDP-27.09.23-e1695850529461-365x240.jpeg",365,240,true],"thumb-gallery-widget":["https:\/\/portal.pi.gov.br\/pc\/wp-content\/uploads\/sites\/42\/2023\/09\/Prisao-4aDP-27.09.23-e1695850529461-84x56.jpeg",84,56,true]},"post_excerpt_stackable":"<p>A Pol\u00edcia Civil do Piau\u00ed deu cumprimento, na tarde desta quarta-feira (27), ao mandado de pris\u00e3o preventiva de um homem com as iniciais J.V.B.D.C.S., de 26 anos, na Delegacia-Geral, no centro de Teresina. O advogado do preso entrou em contato com a pol\u00edcia e foi marcada a apresenta\u00e7\u00e3o do suspeito na Delegacia-Geral. A pris\u00e3o foi feita pela Diretoria de Pol\u00edcia Metropolitana decorrente da investiga\u00e7\u00e3o da pr\u00e1tica do crime de estelionato em inqu\u00e9rito policial oriundo da 4\u00aa Delegacia de Pol\u00edcia da capital. Pris\u00e3o preventiva na tarde desta quarta-feira (27) De acordo com o delegado-titular da 4\u00aa Delegacia de Pol\u00edcia, Leonardo Alexandre,&hellip;<\/p>\n","category_list":"<a href=\"https:\/\/portal.pi.gov.br\/pc\/category\/noticias\/\" rel=\"category tag\">PC<\/a>","author_info":{"name":"J\u00e9ssica Lib\u00e2nio","url":"https:\/\/portal.pi.gov.br\/pc\/author\/jessicalibanio\/"},"comments_num":"0 coment\u00e1rio","featured_image_urls_v2":{"full":["https:\/\/portal.pi.gov.br\/pc\/wp-content\/uploads\/sites\/42\/2023\/09\/Prisao-4aDP-27.09.23-e1695850529461.jpeg",1172,1004,false],"thumbnail":["https:\/\/portal.pi.gov.br\/pc\/wp-content\/uploads\/sites\/42\/2023\/09\/Prisao-4aDP-27.09.23-e1695850529461-150x150.jpeg",150,150,true],"medium":["https:\/\/portal.pi.gov.br\/pc\/wp-content\/uploads\/sites\/42\/2023\/09\/Prisao-4aDP-27.09.23-e1695850529461-300x257.jpeg",300,257,true],"medium_large":["https:\/\/portal.pi.gov.br\/pc\/wp-content\/uploads\/sites\/42\/2023\/09\/Prisao-4aDP-27.09.23-e1695850529461-768x658.jpeg",768,658,true],"large":["https:\/\/portal.pi.gov.br\/pc\/wp-content\/uploads\/sites\/42\/2023\/09\/Prisao-4aDP-27.09.23-e1695850529461-1024x877.jpeg",887,760,true],"sgg-420":["https:\/\/portal.pi.gov.br\/pc\/wp-content\/uploads\/sites\/42\/2023\/09\/Prisao-4aDP-27.09.23-e1695850529461-420x360.jpeg",420,360,true],"sgg-540":["https:\/\/portal.pi.gov.br\/pc\/wp-content\/uploads\/sites\/42\/2023\/09\/Prisao-4aDP-27.09.23-e1695850529461-540x463.jpeg",540,463,true],"sgg-780":["https:\/\/portal.pi.gov.br\/pc\/wp-content\/uploads\/sites\/42\/2023\/09\/Prisao-4aDP-27.09.23-e1695850529461-780x668.jpeg",780,668,true],"1536x1536":["https:\/\/portal.pi.gov.br\/pc\/wp-content\/uploads\/sites\/42\/2023\/09\/Prisao-4aDP-27.09.23-1125x1536.jpeg",1125,1536,true],"2048x2048":["https:\/\/portal.pi.gov.br\/pc\/wp-content\/uploads\/sites\/42\/2023\/09\/Prisao-4aDP-27.09.23-e1695850529461.jpeg",1172,1004,false],"homepage-slider":["https:\/\/portal.pi.gov.br\/pc\/wp-content\/uploads\/sites\/42\/2023\/09\/Prisao-4aDP-27.09.23-e1695850529461-1172x500.jpeg",1172,500,true],"homepage-slider-small":["https:\/\/portal.pi.gov.br\/pc\/wp-content\/uploads\/sites\/42\/2023\/09\/Prisao-4aDP-27.09.23-e1695850529461-947x500.jpeg",947,500,true],"page-top":["https:\/\/portal.pi.gov.br\/pc\/wp-content\/uploads\/sites\/42\/2023\/09\/Prisao-4aDP-27.09.23-e1695850529461-947x811.jpeg",947,811,true],"page-small":["https:\/\/portal.pi.gov.br\/pc\/wp-content\/uploads\/sites\/42\/2023\/09\/Prisao-4aDP-27.09.23-e1695850529461-624x535.jpeg",624,535,true],"loop-main":["https:\/\/portal.pi.gov.br\/pc\/wp-content\/uploads\/sites\/42\/2023\/09\/Prisao-4aDP-27.09.23-e1695850529461-365x240.jpeg",365,240,true],"thumb-gallery-widget":["https:\/\/portal.pi.gov.br\/pc\/wp-content\/uploads\/sites\/42\/2023\/09\/Prisao-4aDP-27.09.23-e1695850529461-84x56.jpeg",84,56,true]},"post_excerpt_stackable_v2":"<p>A Pol\u00edcia Civil do Piau\u00ed deu cumprimento, na tarde desta quarta-feira (27), ao mandado de pris\u00e3o preventiva de um homem com as iniciais J.V.B.D.C.S., de 26 anos, na Delegacia-Geral, no centro de Teresina. O advogado do preso entrou em contato com a pol\u00edcia e foi marcada a apresenta\u00e7\u00e3o do suspeito na Delegacia-Geral. A pris\u00e3o foi feita pela Diretoria de Pol\u00edcia Metropolitana decorrente da investiga\u00e7\u00e3o da pr\u00e1tica do crime de estelionato em inqu\u00e9rito policial oriundo da 4\u00aa Delegacia de Pol\u00edcia da capital. Pris\u00e3o preventiva na tarde desta quarta-feira (27) De acordo com o delegado-titular da 4\u00aa Delegacia de Pol\u00edcia, Leonardo Alexandre,&hellip;<\/p>\n","category_list_v2":"<a href=\"https:\/\/portal.pi.gov.br\/pc\/category\/noticias\/\" rel=\"category tag\">PC<\/a>","author_info_v2":{"name":"J\u00e9ssica Lib\u00e2nio","url":"https:\/\/portal.pi.gov.br\/pc\/author\/jessicalibanio\/"},"comments_num_v2":"0 coment\u00e1rio","jetpack_featured_media_url":"https:\/\/portal.pi.gov.br\/pc\/wp-content\/uploads\/sites\/42\/2023\/09\/Prisao-4aDP-27.09.23-e1695850529461.jpeg","_links":{"self":[{"href":"https:\/\/portal.pi.gov.br\/pc\/wp-json\/wp\/v2\/posts\/6137"}],"collection":[{"href":"https:\/\/portal.pi.gov.br\/pc\/wp-json\/wp\/v2\/posts"}],"about":[{"href":"https:\/\/portal.pi.gov.br\/pc\/wp-json\/wp\/v2\/types\/post"}],"author":[{"embeddable":true,"href":"https:\/\/portal.pi.gov.br\/pc\/wp-json\/wp\/v2\/users\/1746"}],"replies":[{"embeddable":true,"href":"https:\/\/portal.pi.gov.br\/pc\/wp-json\/wp\/v2\/comments?post=6137"}],"version-history":[{"count":1,"href":"https:\/\/portal.pi.gov.br\/pc\/wp-json\/wp\/v2\/posts\/6137\/revisions"}],"predecessor-version":[{"id":6140,"href":"https:\/\/portal.pi.gov.br\/pc\/wp-json\/wp\/v2\/posts\/6137\/revisions\/6140"}],"wp:featuredmedia":[{"embeddable":true,"href":"https:\/\/portal.pi.gov.br\/pc\/wp-json\/wp\/v2\/media\/6138"}],"wp:attachment":[{"href":"https:\/\/portal.pi.gov.br\/pc\/wp-json\/wp\/v2\/media?parent=6137"}],"wp:term":[{"taxonomy":"category","embeddable":true,"href":"https:\/\/portal.pi.gov.br\/pc\/wp-json\/wp\/v2\/categories?post=6137"},{"taxonomy":"post_tag","embeddable":true,"href":"https:\/\/portal.pi.gov.br\/pc\/wp-json\/wp\/v2\/tags?post=6137"}],"curies":[{"name":"wp","href":"https:\/\/api.w.org\/{rel}","templated":true}]}}