{"id":6149,"date":"2023-09-28T15:48:08","date_gmt":"2023-09-28T18:48:08","guid":{"rendered":"https:\/\/portal.pi.gov.br\/pc\/?p=6149"},"modified":"2023-09-28T15:48:58","modified_gmt":"2023-09-28T18:48:58","slug":"policia-civil-apreende-diversos-aparelhos-furtados-em-teresina","status":"publish","type":"post","link":"https:\/\/portal.pi.gov.br\/pc\/2023\/09\/28\/policia-civil-apreende-diversos-aparelhos-furtados-em-teresina\/","title":{"rendered":"Pol\u00edcia Civil apreende diversos aparelhos furtados em Teresina"},"content":{"rendered":"\n<p>A Pol\u00edcia Civil do Piau\u00ed deu cumprimento, nesta quinta-feira (28), a um mandado de busca e apreens\u00e3o em uma resid\u00eancia localizada no bairro Promorar, zona sul de Teresina, tendo apreendido diversos produtos oriundos de um furto qualificado, tais como uma televis\u00e3o, uma geladeira e uma m\u00e1quina de lavar lou\u00e7as.<\/p>\n\n\n<div class=\"wp-block-image\">\n<figure class=\"aligncenter is-resized\"><img decoding=\"async\" loading=\"lazy\" src=\"https:\/\/portal.pi.gov.br\/pc\/wp-content\/uploads\/sites\/42\/2023\/09\/Prisao-Furto-4aDELEGACIA-1.jpeg\" alt=\"\" class=\"wp-image-6154\" width=\"404\" height=\"539\" srcset=\"https:\/\/portal.pi.gov.br\/pc\/wp-content\/uploads\/sites\/42\/2023\/09\/Prisao-Furto-4aDELEGACIA-1.jpeg 768w, https:\/\/portal.pi.gov.br\/pc\/wp-content\/uploads\/sites\/42\/2023\/09\/Prisao-Furto-4aDELEGACIA-1-225x300.jpeg 225w, https:\/\/portal.pi.gov.br\/pc\/wp-content\/uploads\/sites\/42\/2023\/09\/Prisao-Furto-4aDELEGACIA-1-315x420.jpeg 315w, https:\/\/portal.pi.gov.br\/pc\/wp-content\/uploads\/sites\/42\/2023\/09\/Prisao-Furto-4aDELEGACIA-1-405x540.jpeg 405w, https:\/\/portal.pi.gov.br\/pc\/wp-content\/uploads\/sites\/42\/2023\/09\/Prisao-Furto-4aDELEGACIA-1-585x780.jpeg 585w, https:\/\/portal.pi.gov.br\/pc\/wp-content\/uploads\/sites\/42\/2023\/09\/Prisao-Furto-4aDELEGACIA-1-624x832.jpeg 624w\" sizes=\"(max-width: 404px) 100vw, 404px\" \/><figcaption class=\"wp-element-caption\">Pris\u00e3o e crime aconteceram no bairro Promorar, na capital<\/figcaption><\/figure><\/div>\n\n\n<p>A a\u00e7\u00e3o foi feita pela 4\u00aa Delegacia de Pol\u00edcia que investiga o crime cometido neste m\u00eas, tamb\u00e9m no bairro Promorar. Segundo o delegado-titular, Leonardo Alexandre, uma mulher com as iniciais S.S.B.Q. foi presa pelo crime de recepta\u00e7\u00e3o e conduzida a Central de Flagrantes.<\/p>\n\n\n\n<figure class=\"wp-block-gallery has-nested-images columns-default is-cropped wp-block-gallery-1 is-layout-flex\">\n<figure class=\"wp-block-image size-large\"><img decoding=\"async\" loading=\"lazy\" width=\"768\" height=\"1024\" data-id=\"6155\"  src=\"https:\/\/portal.pi.gov.br\/pc\/wp-content\/uploads\/sites\/42\/2023\/09\/Prisao-Furto-4aDELEGACIA-2-768x1024.jpeg\" alt=\"\" class=\"wp-image-6155\" srcset=\"https:\/\/portal.pi.gov.br\/pc\/wp-content\/uploads\/sites\/42\/2023\/09\/Prisao-Furto-4aDELEGACIA-2-768x1024.jpeg 768w, https:\/\/portal.pi.gov.br\/pc\/wp-content\/uploads\/sites\/42\/2023\/09\/Prisao-Furto-4aDELEGACIA-2-225x300.jpeg 225w, https:\/\/portal.pi.gov.br\/pc\/wp-content\/uploads\/sites\/42\/2023\/09\/Prisao-Furto-4aDELEGACIA-2-315x420.jpeg 315w, https:\/\/portal.pi.gov.br\/pc\/wp-content\/uploads\/sites\/42\/2023\/09\/Prisao-Furto-4aDELEGACIA-2-405x540.jpeg 405w, https:\/\/portal.pi.gov.br\/pc\/wp-content\/uploads\/sites\/42\/2023\/09\/Prisao-Furto-4aDELEGACIA-2-585x780.jpeg 585w, https:\/\/portal.pi.gov.br\/pc\/wp-content\/uploads\/sites\/42\/2023\/09\/Prisao-Furto-4aDELEGACIA-2-1152x1536.jpeg 1152w, https:\/\/portal.pi.gov.br\/pc\/wp-content\/uploads\/sites\/42\/2023\/09\/Prisao-Furto-4aDELEGACIA-2-947x1263.jpeg 947w, https:\/\/portal.pi.gov.br\/pc\/wp-content\/uploads\/sites\/42\/2023\/09\/Prisao-Furto-4aDELEGACIA-2-624x832.jpeg 624w, https:\/\/portal.pi.gov.br\/pc\/wp-content\/uploads\/sites\/42\/2023\/09\/Prisao-Furto-4aDELEGACIA-2.jpeg 1200w\" sizes=\"(max-width: 768px) 100vw, 768px\" \/><\/figure>\n\n\n\n<figure class=\"wp-block-image size-large\"><img decoding=\"async\" loading=\"lazy\" width=\"768\" height=\"1024\" data-id=\"6156\"  src=\"https:\/\/portal.pi.gov.br\/pc\/wp-content\/uploads\/sites\/42\/2023\/09\/Prisao-Furto-4aDELEGACIA-3-768x1024.jpeg\" alt=\"\" class=\"wp-image-6156\" srcset=\"https:\/\/portal.pi.gov.br\/pc\/wp-content\/uploads\/sites\/42\/2023\/09\/Prisao-Furto-4aDELEGACIA-3-768x1024.jpeg 768w, https:\/\/portal.pi.gov.br\/pc\/wp-content\/uploads\/sites\/42\/2023\/09\/Prisao-Furto-4aDELEGACIA-3-225x300.jpeg 225w, https:\/\/portal.pi.gov.br\/pc\/wp-content\/uploads\/sites\/42\/2023\/09\/Prisao-Furto-4aDELEGACIA-3-315x420.jpeg 315w, https:\/\/portal.pi.gov.br\/pc\/wp-content\/uploads\/sites\/42\/2023\/09\/Prisao-Furto-4aDELEGACIA-3-405x540.jpeg 405w, https:\/\/portal.pi.gov.br\/pc\/wp-content\/uploads\/sites\/42\/2023\/09\/Prisao-Furto-4aDELEGACIA-3-585x780.jpeg 585w, https:\/\/portal.pi.gov.br\/pc\/wp-content\/uploads\/sites\/42\/2023\/09\/Prisao-Furto-4aDELEGACIA-3-1152x1536.jpeg 1152w, https:\/\/portal.pi.gov.br\/pc\/wp-content\/uploads\/sites\/42\/2023\/09\/Prisao-Furto-4aDELEGACIA-3-947x1263.jpeg 947w, https:\/\/portal.pi.gov.br\/pc\/wp-content\/uploads\/sites\/42\/2023\/09\/Prisao-Furto-4aDELEGACIA-3-624x832.jpeg 624w, https:\/\/portal.pi.gov.br\/pc\/wp-content\/uploads\/sites\/42\/2023\/09\/Prisao-Furto-4aDELEGACIA-3.jpeg 1200w\" sizes=\"(max-width: 768px) 100vw, 768px\" \/><\/figure>\n<\/figure>\n\n\n\n<p>A Pol\u00edcia Civil informa ainda que os autores do crime de furto j\u00e1 foram identificados e que as provid\u00eancias est\u00e3o sendo tomadas.<\/p>\n\n\n\n<p><strong><em>Assessoria de Comunica\u00e7\u00e3o da Pol\u00edcia Civil do Piau\u00ed<\/em><\/strong><\/p>\n\n\n\n<p><\/p>\n","protected":false},"excerpt":{"rendered":"<p>A Pol\u00edcia Civil do Piau\u00ed deu cumprimento, nesta quinta-feira (28), a um mandado de busca e apreens\u00e3o em uma resid\u00eancia localizada no bairro Promorar, zona sul de Teresina, tendo apreendido [&hellip;]<\/p>\n","protected":false},"author":1746,"featured_media":6150,"comment_status":"closed","ping_status":"closed","sticky":false,"template":"","format":"standard","meta":[],"categories":[1],"tags":[],"featured_image_urls":{"full":["https:\/\/portal.pi.gov.br\/pc\/wp-content\/uploads\/sites\/42\/2023\/09\/13c1df4b-3f2d-4a8b-985b-562e2c1d44a0-e1695926934884.jpeg",768,535,false],"thumbnail":["https:\/\/portal.pi.gov.br\/pc\/wp-content\/uploads\/sites\/42\/2023\/09\/13c1df4b-3f2d-4a8b-985b-562e2c1d44a0-e1695926934884-150x150.jpeg",150,150,true],"medium":["https:\/\/portal.pi.gov.br\/pc\/wp-content\/uploads\/sites\/42\/2023\/09\/13c1df4b-3f2d-4a8b-985b-562e2c1d44a0-e1695926934884-300x209.jpeg",300,209,true],"medium_large":["https:\/\/portal.pi.gov.br\/pc\/wp-content\/uploads\/sites\/42\/2023\/09\/13c1df4b-3f2d-4a8b-985b-562e2c1d44a0-e1695926934884.jpeg",768,535,false],"large":["https:\/\/portal.pi.gov.br\/pc\/wp-content\/uploads\/sites\/42\/2023\/09\/13c1df4b-3f2d-4a8b-985b-562e2c1d44a0-e1695926934884.jpeg",768,535,false],"sgg-420":["https:\/\/portal.pi.gov.br\/pc\/wp-content\/uploads\/sites\/42\/2023\/09\/13c1df4b-3f2d-4a8b-985b-562e2c1d44a0-e1695926934884-420x293.jpeg",420,293,true],"sgg-540":["https:\/\/portal.pi.gov.br\/pc\/wp-content\/uploads\/sites\/42\/2023\/09\/13c1df4b-3f2d-4a8b-985b-562e2c1d44a0-e1695926934884-540x376.jpeg",540,376,true],"sgg-780":["https:\/\/portal.pi.gov.br\/pc\/wp-content\/uploads\/sites\/42\/2023\/09\/13c1df4b-3f2d-4a8b-985b-562e2c1d44a0-585x780.jpeg",585,780,true],"1536x1536":["https:\/\/portal.pi.gov.br\/pc\/wp-content\/uploads\/sites\/42\/2023\/09\/13c1df4b-3f2d-4a8b-985b-562e2c1d44a0-e1695926934884.jpeg",768,535,false],"2048x2048":["https:\/\/portal.pi.gov.br\/pc\/wp-content\/uploads\/sites\/42\/2023\/09\/13c1df4b-3f2d-4a8b-985b-562e2c1d44a0-e1695926934884.jpeg",768,535,false],"homepage-slider":["https:\/\/portal.pi.gov.br\/pc\/wp-content\/uploads\/sites\/42\/2023\/09\/13c1df4b-3f2d-4a8b-985b-562e2c1d44a0-e1695926934884-768x500.jpeg",768,500,true],"homepage-slider-small":["https:\/\/portal.pi.gov.br\/pc\/wp-content\/uploads\/sites\/42\/2023\/09\/13c1df4b-3f2d-4a8b-985b-562e2c1d44a0-e1695926934884-768x500.jpeg",768,500,true],"page-top":["https:\/\/portal.pi.gov.br\/pc\/wp-content\/uploads\/sites\/42\/2023\/09\/13c1df4b-3f2d-4a8b-985b-562e2c1d44a0-e1695926934884.jpeg",768,535,false],"page-small":["https:\/\/portal.pi.gov.br\/pc\/wp-content\/uploads\/sites\/42\/2023\/09\/13c1df4b-3f2d-4a8b-985b-562e2c1d44a0-e1695926934884-624x435.jpeg",624,435,true],"loop-main":["https:\/\/portal.pi.gov.br\/pc\/wp-content\/uploads\/sites\/42\/2023\/09\/13c1df4b-3f2d-4a8b-985b-562e2c1d44a0-e1695926934884-365x240.jpeg",365,240,true],"thumb-gallery-widget":["https:\/\/portal.pi.gov.br\/pc\/wp-content\/uploads\/sites\/42\/2023\/09\/13c1df4b-3f2d-4a8b-985b-562e2c1d44a0-e1695926934884-84x56.jpeg",84,56,true]},"post_excerpt_stackable":"<p>A Pol\u00edcia Civil do Piau\u00ed deu cumprimento, nesta quinta-feira (28), a um mandado de busca e apreens\u00e3o em uma resid\u00eancia localizada no bairro Promorar, zona sul de Teresina, tendo apreendido diversos produtos oriundos de um furto qualificado, tais como uma televis\u00e3o, uma geladeira e uma m\u00e1quina de lavar lou\u00e7as. Pris\u00e3o e crime aconteceram no bairro Promorar, na capital A a\u00e7\u00e3o foi feita pela 4\u00aa Delegacia de Pol\u00edcia que investiga o crime cometido neste m\u00eas, tamb\u00e9m no bairro Promorar. Segundo o delegado-titular, Leonardo Alexandre, uma mulher com as iniciais S.S.B.Q. foi presa pelo crime de recepta\u00e7\u00e3o e conduzida a Central de&hellip;<\/p>\n","category_list":"<a href=\"https:\/\/portal.pi.gov.br\/pc\/category\/noticias\/\" rel=\"category tag\">PC<\/a>","author_info":{"name":"J\u00e9ssica Lib\u00e2nio","url":"https:\/\/portal.pi.gov.br\/pc\/author\/jessicalibanio\/"},"comments_num":"0 coment\u00e1rio","featured_image_urls_v2":{"full":["https:\/\/portal.pi.gov.br\/pc\/wp-content\/uploads\/sites\/42\/2023\/09\/13c1df4b-3f2d-4a8b-985b-562e2c1d44a0-e1695926934884.jpeg",768,535,false],"thumbnail":["https:\/\/portal.pi.gov.br\/pc\/wp-content\/uploads\/sites\/42\/2023\/09\/13c1df4b-3f2d-4a8b-985b-562e2c1d44a0-e1695926934884-150x150.jpeg",150,150,true],"medium":["https:\/\/portal.pi.gov.br\/pc\/wp-content\/uploads\/sites\/42\/2023\/09\/13c1df4b-3f2d-4a8b-985b-562e2c1d44a0-e1695926934884-300x209.jpeg",300,209,true],"medium_large":["https:\/\/portal.pi.gov.br\/pc\/wp-content\/uploads\/sites\/42\/2023\/09\/13c1df4b-3f2d-4a8b-985b-562e2c1d44a0-e1695926934884.jpeg",768,535,false],"large":["https:\/\/portal.pi.gov.br\/pc\/wp-content\/uploads\/sites\/42\/2023\/09\/13c1df4b-3f2d-4a8b-985b-562e2c1d44a0-e1695926934884.jpeg",768,535,false],"sgg-420":["https:\/\/portal.pi.gov.br\/pc\/wp-content\/uploads\/sites\/42\/2023\/09\/13c1df4b-3f2d-4a8b-985b-562e2c1d44a0-e1695926934884-420x293.jpeg",420,293,true],"sgg-540":["https:\/\/portal.pi.gov.br\/pc\/wp-content\/uploads\/sites\/42\/2023\/09\/13c1df4b-3f2d-4a8b-985b-562e2c1d44a0-e1695926934884-540x376.jpeg",540,376,true],"sgg-780":["https:\/\/portal.pi.gov.br\/pc\/wp-content\/uploads\/sites\/42\/2023\/09\/13c1df4b-3f2d-4a8b-985b-562e2c1d44a0-585x780.jpeg",585,780,true],"1536x1536":["https:\/\/portal.pi.gov.br\/pc\/wp-content\/uploads\/sites\/42\/2023\/09\/13c1df4b-3f2d-4a8b-985b-562e2c1d44a0-e1695926934884.jpeg",768,535,false],"2048x2048":["https:\/\/portal.pi.gov.br\/pc\/wp-content\/uploads\/sites\/42\/2023\/09\/13c1df4b-3f2d-4a8b-985b-562e2c1d44a0-e1695926934884.jpeg",768,535,false],"homepage-slider":["https:\/\/portal.pi.gov.br\/pc\/wp-content\/uploads\/sites\/42\/2023\/09\/13c1df4b-3f2d-4a8b-985b-562e2c1d44a0-e1695926934884-768x500.jpeg",768,500,true],"homepage-slider-small":["https:\/\/portal.pi.gov.br\/pc\/wp-content\/uploads\/sites\/42\/2023\/09\/13c1df4b-3f2d-4a8b-985b-562e2c1d44a0-e1695926934884-768x500.jpeg",768,500,true],"page-top":["https:\/\/portal.pi.gov.br\/pc\/wp-content\/uploads\/sites\/42\/2023\/09\/13c1df4b-3f2d-4a8b-985b-562e2c1d44a0-e1695926934884.jpeg",768,535,false],"page-small":["https:\/\/portal.pi.gov.br\/pc\/wp-content\/uploads\/sites\/42\/2023\/09\/13c1df4b-3f2d-4a8b-985b-562e2c1d44a0-e1695926934884-624x435.jpeg",624,435,true],"loop-main":["https:\/\/portal.pi.gov.br\/pc\/wp-content\/uploads\/sites\/42\/2023\/09\/13c1df4b-3f2d-4a8b-985b-562e2c1d44a0-e1695926934884-365x240.jpeg",365,240,true],"thumb-gallery-widget":["https:\/\/portal.pi.gov.br\/pc\/wp-content\/uploads\/sites\/42\/2023\/09\/13c1df4b-3f2d-4a8b-985b-562e2c1d44a0-e1695926934884-84x56.jpeg",84,56,true]},"post_excerpt_stackable_v2":"<p>A Pol\u00edcia Civil do Piau\u00ed deu cumprimento, nesta quinta-feira (28), a um mandado de busca e apreens\u00e3o em uma resid\u00eancia localizada no bairro Promorar, zona sul de Teresina, tendo apreendido diversos produtos oriundos de um furto qualificado, tais como uma televis\u00e3o, uma geladeira e uma m\u00e1quina de lavar lou\u00e7as. Pris\u00e3o e crime aconteceram no bairro Promorar, na capital A a\u00e7\u00e3o foi feita pela 4\u00aa Delegacia de Pol\u00edcia que investiga o crime cometido neste m\u00eas, tamb\u00e9m no bairro Promorar. Segundo o delegado-titular, Leonardo Alexandre, uma mulher com as iniciais S.S.B.Q. foi presa pelo crime de recepta\u00e7\u00e3o e conduzida a Central de&hellip;<\/p>\n","category_list_v2":"<a href=\"https:\/\/portal.pi.gov.br\/pc\/category\/noticias\/\" rel=\"category tag\">PC<\/a>","author_info_v2":{"name":"J\u00e9ssica Lib\u00e2nio","url":"https:\/\/portal.pi.gov.br\/pc\/author\/jessicalibanio\/"},"comments_num_v2":"0 coment\u00e1rio","jetpack_featured_media_url":"https:\/\/portal.pi.gov.br\/pc\/wp-content\/uploads\/sites\/42\/2023\/09\/13c1df4b-3f2d-4a8b-985b-562e2c1d44a0-e1695926934884.jpeg","_links":{"self":[{"href":"https:\/\/portal.pi.gov.br\/pc\/wp-json\/wp\/v2\/posts\/6149"}],"collection":[{"href":"https:\/\/portal.pi.gov.br\/pc\/wp-json\/wp\/v2\/posts"}],"about":[{"href":"https:\/\/portal.pi.gov.br\/pc\/wp-json\/wp\/v2\/types\/post"}],"author":[{"embeddable":true,"href":"https:\/\/portal.pi.gov.br\/pc\/wp-json\/wp\/v2\/users\/1746"}],"replies":[{"embeddable":true,"href":"https:\/\/portal.pi.gov.br\/pc\/wp-json\/wp\/v2\/comments?post=6149"}],"version-history":[{"count":3,"href":"https:\/\/portal.pi.gov.br\/pc\/wp-json\/wp\/v2\/posts\/6149\/revisions"}],"predecessor-version":[{"id":6158,"href":"https:\/\/portal.pi.gov.br\/pc\/wp-json\/wp\/v2\/posts\/6149\/revisions\/6158"}],"wp:featuredmedia":[{"embeddable":true,"href":"https:\/\/portal.pi.gov.br\/pc\/wp-json\/wp\/v2\/media\/6150"}],"wp:attachment":[{"href":"https:\/\/portal.pi.gov.br\/pc\/wp-json\/wp\/v2\/media?parent=6149"}],"wp:term":[{"taxonomy":"category","embeddable":true,"href":"https:\/\/portal.pi.gov.br\/pc\/wp-json\/wp\/v2\/categories?post=6149"},{"taxonomy":"post_tag","embeddable":true,"href":"https:\/\/portal.pi.gov.br\/pc\/wp-json\/wp\/v2\/tags?post=6149"}],"curies":[{"name":"wp","href":"https:\/\/api.w.org\/{rel}","templated":true}]}}