{"id":6171,"date":"2023-09-29T17:45:23","date_gmt":"2023-09-29T20:45:23","guid":{"rendered":"https:\/\/portal.pi.gov.br\/pc\/?p=6171"},"modified":"2023-09-29T17:45:24","modified_gmt":"2023-09-29T20:45:24","slug":"policia-civil-prende-suspeito-de-estupro-de-vulneravel-em-parnaiba","status":"publish","type":"post","link":"https:\/\/portal.pi.gov.br\/pc\/2023\/09\/29\/policia-civil-prende-suspeito-de-estupro-de-vulneravel-em-parnaiba\/","title":{"rendered":"Pol\u00edcia Civil prende suspeito de estupro de vulner\u00e1vel em Parna\u00edba"},"content":{"rendered":"\n<p>A Pol\u00edcia Civil do Piau\u00ed deu cumprimento, ontem, quinta-feira (28), ao mandado de pris\u00e3o preventiva e mandado de busca e apreens\u00e3o contra um homem de 53 anos, no bairro Centro, da cidade de Parna\u00edba.<\/p>\n\n\n\n<p>A a\u00e7\u00e3o foi feita pela 1\u00aa Delegacia Especializada no Atendimento \u00e0 Mulher e aos Grupos Vulner\u00e1veis de Parna\u00edba (DEAMGV) com o apoio da 1\u00aa Delegacia Seccional de Parna\u00edba e do N\u00facleo de Intelig\u00eancia da Pol\u00edcia Civil.<\/p>\n\n\n\n<p>De acordo com a delegada-titular da 1 \u00aa DEAMGV, Ilana Barbosa, a pris\u00e3o se deu ap\u00f3s investiga\u00e7\u00e3o do suposto autor pelo crime estupro de vulner\u00e1vel contra uma crian\u00e7a de 7 anos, aluno do investigado. O crime aconteceu no p\u00e1tio da escola em que o suspeito lecionava no munic\u00edpio de Parna\u00edba. <\/p>\n\n\n\n<p>O preso agora se encontra \u00e0 disposi\u00e7\u00e3o do Poder Judici\u00e1rio.<\/p>\n\n\n\n<p><em><strong>Assessoria de Comunica\u00e7\u00e3o da Pol\u00edcia Civil do Piau\u00ed<\/strong><\/em><\/p>\n","protected":false},"excerpt":{"rendered":"<p>A Pol\u00edcia Civil do Piau\u00ed deu cumprimento, ontem, quinta-feira (28), ao mandado de pris\u00e3o preventiva e mandado de busca e apreens\u00e3o contra um homem de 53 anos, no bairro Centro, [&hellip;]<\/p>\n","protected":false},"author":1746,"featured_media":5277,"comment_status":"closed","ping_status":"closed","sticky":false,"template":"","format":"standard","meta":[],"categories":[1],"tags":[],"featured_image_urls":{"full":["https:\/\/portal.pi.gov.br\/pc\/wp-content\/uploads\/sites\/42\/2023\/08\/PC19_cda98d22bf.jpg",800,600,false],"thumbnail":["https:\/\/portal.pi.gov.br\/pc\/wp-content\/uploads\/sites\/42\/2023\/08\/PC19_cda98d22bf-150x150.jpg",150,150,true],"medium":["https:\/\/portal.pi.gov.br\/pc\/wp-content\/uploads\/sites\/42\/2023\/08\/PC19_cda98d22bf-300x225.jpg",300,225,true],"medium_large":["https:\/\/portal.pi.gov.br\/pc\/wp-content\/uploads\/sites\/42\/2023\/08\/PC19_cda98d22bf-768x576.jpg",768,576,true],"large":["https:\/\/portal.pi.gov.br\/pc\/wp-content\/uploads\/sites\/42\/2023\/08\/PC19_cda98d22bf.jpg",800,600,false],"sgg-420":["https:\/\/portal.pi.gov.br\/pc\/wp-content\/uploads\/sites\/42\/2023\/08\/PC19_cda98d22bf-420x315.jpg",420,315,true],"sgg-540":["https:\/\/portal.pi.gov.br\/pc\/wp-content\/uploads\/sites\/42\/2023\/08\/PC19_cda98d22bf-540x405.jpg",540,405,true],"sgg-780":["https:\/\/portal.pi.gov.br\/pc\/wp-content\/uploads\/sites\/42\/2023\/08\/PC19_cda98d22bf-780x585.jpg",780,585,true],"1536x1536":["https:\/\/portal.pi.gov.br\/pc\/wp-content\/uploads\/sites\/42\/2023\/08\/PC19_cda98d22bf.jpg",800,600,false],"2048x2048":["https:\/\/portal.pi.gov.br\/pc\/wp-content\/uploads\/sites\/42\/2023\/08\/PC19_cda98d22bf.jpg",800,600,false],"homepage-slider":["https:\/\/portal.pi.gov.br\/pc\/wp-content\/uploads\/sites\/42\/2023\/08\/PC19_cda98d22bf-800x500.jpg",800,500,true],"homepage-slider-small":["https:\/\/portal.pi.gov.br\/pc\/wp-content\/uploads\/sites\/42\/2023\/08\/PC19_cda98d22bf-800x500.jpg",800,500,true],"page-top":["https:\/\/portal.pi.gov.br\/pc\/wp-content\/uploads\/sites\/42\/2023\/08\/PC19_cda98d22bf.jpg",800,600,false],"page-small":["https:\/\/portal.pi.gov.br\/pc\/wp-content\/uploads\/sites\/42\/2023\/08\/PC19_cda98d22bf-624x468.jpg",624,468,true],"loop-main":["https:\/\/portal.pi.gov.br\/pc\/wp-content\/uploads\/sites\/42\/2023\/08\/PC19_cda98d22bf-365x240.jpg",365,240,true],"thumb-gallery-widget":["https:\/\/portal.pi.gov.br\/pc\/wp-content\/uploads\/sites\/42\/2023\/08\/PC19_cda98d22bf-84x56.jpg",84,56,true]},"post_excerpt_stackable":"<p>A Pol\u00edcia Civil do Piau\u00ed deu cumprimento, ontem, quinta-feira (28), ao mandado de pris\u00e3o preventiva e mandado de busca e apreens\u00e3o contra um homem de 53 anos, no bairro Centro, da cidade de Parna\u00edba. A a\u00e7\u00e3o foi feita pela 1\u00aa Delegacia Especializada no Atendimento \u00e0 Mulher e aos Grupos Vulner\u00e1veis de Parna\u00edba (DEAMGV) com o apoio da 1\u00aa Delegacia Seccional de Parna\u00edba e do N\u00facleo de Intelig\u00eancia da Pol\u00edcia Civil. De acordo com a delegada-titular da 1 \u00aa DEAMGV, Ilana Barbosa, a pris\u00e3o se deu ap\u00f3s investiga\u00e7\u00e3o do suposto autor pelo crime estupro de vulner\u00e1vel contra uma crian\u00e7a de 7&hellip;<\/p>\n","category_list":"<a href=\"https:\/\/portal.pi.gov.br\/pc\/category\/noticias\/\" rel=\"category tag\">PC<\/a>","author_info":{"name":"J\u00e9ssica Lib\u00e2nio","url":"https:\/\/portal.pi.gov.br\/pc\/author\/jessicalibanio\/"},"comments_num":"0 coment\u00e1rio","featured_image_urls_v2":{"full":["https:\/\/portal.pi.gov.br\/pc\/wp-content\/uploads\/sites\/42\/2023\/08\/PC19_cda98d22bf.jpg",800,600,false],"thumbnail":["https:\/\/portal.pi.gov.br\/pc\/wp-content\/uploads\/sites\/42\/2023\/08\/PC19_cda98d22bf-150x150.jpg",150,150,true],"medium":["https:\/\/portal.pi.gov.br\/pc\/wp-content\/uploads\/sites\/42\/2023\/08\/PC19_cda98d22bf-300x225.jpg",300,225,true],"medium_large":["https:\/\/portal.pi.gov.br\/pc\/wp-content\/uploads\/sites\/42\/2023\/08\/PC19_cda98d22bf-768x576.jpg",768,576,true],"large":["https:\/\/portal.pi.gov.br\/pc\/wp-content\/uploads\/sites\/42\/2023\/08\/PC19_cda98d22bf.jpg",800,600,false],"sgg-420":["https:\/\/portal.pi.gov.br\/pc\/wp-content\/uploads\/sites\/42\/2023\/08\/PC19_cda98d22bf-420x315.jpg",420,315,true],"sgg-540":["https:\/\/portal.pi.gov.br\/pc\/wp-content\/uploads\/sites\/42\/2023\/08\/PC19_cda98d22bf-540x405.jpg",540,405,true],"sgg-780":["https:\/\/portal.pi.gov.br\/pc\/wp-content\/uploads\/sites\/42\/2023\/08\/PC19_cda98d22bf-780x585.jpg",780,585,true],"1536x1536":["https:\/\/portal.pi.gov.br\/pc\/wp-content\/uploads\/sites\/42\/2023\/08\/PC19_cda98d22bf.jpg",800,600,false],"2048x2048":["https:\/\/portal.pi.gov.br\/pc\/wp-content\/uploads\/sites\/42\/2023\/08\/PC19_cda98d22bf.jpg",800,600,false],"homepage-slider":["https:\/\/portal.pi.gov.br\/pc\/wp-content\/uploads\/sites\/42\/2023\/08\/PC19_cda98d22bf-800x500.jpg",800,500,true],"homepage-slider-small":["https:\/\/portal.pi.gov.br\/pc\/wp-content\/uploads\/sites\/42\/2023\/08\/PC19_cda98d22bf-800x500.jpg",800,500,true],"page-top":["https:\/\/portal.pi.gov.br\/pc\/wp-content\/uploads\/sites\/42\/2023\/08\/PC19_cda98d22bf.jpg",800,600,false],"page-small":["https:\/\/portal.pi.gov.br\/pc\/wp-content\/uploads\/sites\/42\/2023\/08\/PC19_cda98d22bf-624x468.jpg",624,468,true],"loop-main":["https:\/\/portal.pi.gov.br\/pc\/wp-content\/uploads\/sites\/42\/2023\/08\/PC19_cda98d22bf-365x240.jpg",365,240,true],"thumb-gallery-widget":["https:\/\/portal.pi.gov.br\/pc\/wp-content\/uploads\/sites\/42\/2023\/08\/PC19_cda98d22bf-84x56.jpg",84,56,true]},"post_excerpt_stackable_v2":"<p>A Pol\u00edcia Civil do Piau\u00ed deu cumprimento, ontem, quinta-feira (28), ao mandado de pris\u00e3o preventiva e mandado de busca e apreens\u00e3o contra um homem de 53 anos, no bairro Centro, da cidade de Parna\u00edba. A a\u00e7\u00e3o foi feita pela 1\u00aa Delegacia Especializada no Atendimento \u00e0 Mulher e aos Grupos Vulner\u00e1veis de Parna\u00edba (DEAMGV) com o apoio da 1\u00aa Delegacia Seccional de Parna\u00edba e do N\u00facleo de Intelig\u00eancia da Pol\u00edcia Civil. De acordo com a delegada-titular da 1 \u00aa DEAMGV, Ilana Barbosa, a pris\u00e3o se deu ap\u00f3s investiga\u00e7\u00e3o do suposto autor pelo crime estupro de vulner\u00e1vel contra uma crian\u00e7a de 7&hellip;<\/p>\n","category_list_v2":"<a href=\"https:\/\/portal.pi.gov.br\/pc\/category\/noticias\/\" rel=\"category tag\">PC<\/a>","author_info_v2":{"name":"J\u00e9ssica Lib\u00e2nio","url":"https:\/\/portal.pi.gov.br\/pc\/author\/jessicalibanio\/"},"comments_num_v2":"0 coment\u00e1rio","jetpack_featured_media_url":"https:\/\/portal.pi.gov.br\/pc\/wp-content\/uploads\/sites\/42\/2023\/08\/PC19_cda98d22bf.jpg","_links":{"self":[{"href":"https:\/\/portal.pi.gov.br\/pc\/wp-json\/wp\/v2\/posts\/6171"}],"collection":[{"href":"https:\/\/portal.pi.gov.br\/pc\/wp-json\/wp\/v2\/posts"}],"about":[{"href":"https:\/\/portal.pi.gov.br\/pc\/wp-json\/wp\/v2\/types\/post"}],"author":[{"embeddable":true,"href":"https:\/\/portal.pi.gov.br\/pc\/wp-json\/wp\/v2\/users\/1746"}],"replies":[{"embeddable":true,"href":"https:\/\/portal.pi.gov.br\/pc\/wp-json\/wp\/v2\/comments?post=6171"}],"version-history":[{"count":2,"href":"https:\/\/portal.pi.gov.br\/pc\/wp-json\/wp\/v2\/posts\/6171\/revisions"}],"predecessor-version":[{"id":6174,"href":"https:\/\/portal.pi.gov.br\/pc\/wp-json\/wp\/v2\/posts\/6171\/revisions\/6174"}],"wp:featuredmedia":[{"embeddable":true,"href":"https:\/\/portal.pi.gov.br\/pc\/wp-json\/wp\/v2\/media\/5277"}],"wp:attachment":[{"href":"https:\/\/portal.pi.gov.br\/pc\/wp-json\/wp\/v2\/media?parent=6171"}],"wp:term":[{"taxonomy":"category","embeddable":true,"href":"https:\/\/portal.pi.gov.br\/pc\/wp-json\/wp\/v2\/categories?post=6171"},{"taxonomy":"post_tag","embeddable":true,"href":"https:\/\/portal.pi.gov.br\/pc\/wp-json\/wp\/v2\/tags?post=6171"}],"curies":[{"name":"wp","href":"https:\/\/api.w.org\/{rel}","templated":true}]}}