{"id":6177,"date":"2023-09-30T12:28:17","date_gmt":"2023-09-30T15:28:17","guid":{"rendered":"https:\/\/portal.pi.gov.br\/pc\/?p=6177"},"modified":"2023-09-30T12:29:01","modified_gmt":"2023-09-30T15:29:01","slug":"policia-civil-realiza-prisao-preventiva-em-campo-maior","status":"publish","type":"post","link":"https:\/\/portal.pi.gov.br\/pc\/2023\/09\/30\/policia-civil-realiza-prisao-preventiva-em-campo-maior\/","title":{"rendered":"Pol\u00edcia Civil realiza pris\u00e3o preventiva em Campo Maior"},"content":{"rendered":"\n<p>A Pol\u00edcia Civil do Piau\u00ed prendeu, na tarde de ontem, sexta-feira (29), um homem com as iniciais F.D.P.C., de 23 anos, em Campo Maior. <\/p>\n\n\n\n<p>A pris\u00e3o foi da esp\u00e9cie preventiva por descumprir medidas protetivas de urg\u00eancia (art. 24-A da Lei Maria da Penha), crime esse praticado em setembro de 2023 tamb\u00e9m em Campo Maior.<\/p>\n\n\n<div class=\"wp-block-image\">\n<figure class=\"aligncenter is-resized\"><img decoding=\"async\" loading=\"lazy\" src=\"https:\/\/portal.pi.gov.br\/pc\/wp-content\/uploads\/sites\/42\/2023\/09\/Prisao-Preventiva-Campo-Maior-29.09.23.jpeg\" alt=\"\" class=\"wp-image-6182\" width=\"546\" height=\"565\" \/><figcaption class=\"wp-element-caption\">Pris\u00e3o preventiva nesta semana em Campo Maior<\/figcaption><\/figure><\/div>\n\n\n<p>A a\u00e7\u00e3o foi feita pela Delegacia Especializada no Atendimento \u00e0 Mulher e aos Grupos Vulner\u00e1veis de Campo Maior.<\/p>\n\n\n\n<p>A Pol\u00edcia Civil refor\u00e7a a import\u00e2ncia da den\u00fancia pelas v\u00edtimas, seja no primeiro ato de viol\u00eancia em contexto dom\u00e9stico e familiar contra a mulher, seja no crime de descumprimento de medidas protetivas.<\/p>\n\n\n\n<p>Em mais essa a\u00e7\u00e3o contra a criminalidade, a Delegacia Seccional de Campo Maior reafirma seu compromisso de bem servir \u00e0 sociedade piauiense.<\/p>\n\n\n\n<p><strong><em>Assessoria de Comunica\u00e7\u00e3o da Pol\u00edcia Civil do Piau\u00ed<\/em><\/strong><\/p>\n","protected":false},"excerpt":{"rendered":"<p>A Pol\u00edcia Civil do Piau\u00ed prendeu, na tarde de ontem, sexta-feira (29), um homem com as iniciais F.D.P.C., de 23 anos, em Campo Maior. A pris\u00e3o foi da esp\u00e9cie preventiva [&hellip;]<\/p>\n","protected":false},"author":1746,"featured_media":6182,"comment_status":"closed","ping_status":"closed","sticky":false,"template":"","format":"standard","meta":[],"categories":[1],"tags":[],"featured_image_urls":{"full":["https:\/\/portal.pi.gov.br\/pc\/wp-content\/uploads\/sites\/42\/2023\/09\/Prisao-Preventiva-Campo-Maior-29.09.23-e1696087735946.jpeg",1235,899,false],"thumbnail":["https:\/\/portal.pi.gov.br\/pc\/wp-content\/uploads\/sites\/42\/2023\/09\/Prisao-Preventiva-Campo-Maior-29.09.23-e1696087735946-150x150.jpeg",150,150,true],"medium":["https:\/\/portal.pi.gov.br\/pc\/wp-content\/uploads\/sites\/42\/2023\/09\/Prisao-Preventiva-Campo-Maior-29.09.23-e1696087735946-300x218.jpeg",300,218,true],"medium_large":["https:\/\/portal.pi.gov.br\/pc\/wp-content\/uploads\/sites\/42\/2023\/09\/Prisao-Preventiva-Campo-Maior-29.09.23-e1696087735946-768x559.jpeg",768,559,true],"large":["https:\/\/portal.pi.gov.br\/pc\/wp-content\/uploads\/sites\/42\/2023\/09\/Prisao-Preventiva-Campo-Maior-29.09.23-e1696087735946-1024x745.jpeg",887,645,true],"sgg-420":["https:\/\/portal.pi.gov.br\/pc\/wp-content\/uploads\/sites\/42\/2023\/09\/Prisao-Preventiva-Campo-Maior-29.09.23-e1696087735946-420x306.jpeg",420,306,true],"sgg-540":["https:\/\/portal.pi.gov.br\/pc\/wp-content\/uploads\/sites\/42\/2023\/09\/Prisao-Preventiva-Campo-Maior-29.09.23-e1696087735946-540x393.jpeg",540,393,true],"sgg-780":["https:\/\/portal.pi.gov.br\/pc\/wp-content\/uploads\/sites\/42\/2023\/09\/Prisao-Preventiva-Campo-Maior-29.09.23-e1696087735946-780x568.jpeg",780,568,true],"1536x1536":["https:\/\/portal.pi.gov.br\/pc\/wp-content\/uploads\/sites\/42\/2023\/09\/Prisao-Preventiva-Campo-Maior-29.09.23-e1696087735946.jpeg",1235,899,false],"2048x2048":["https:\/\/portal.pi.gov.br\/pc\/wp-content\/uploads\/sites\/42\/2023\/09\/Prisao-Preventiva-Campo-Maior-29.09.23-e1696087735946.jpeg",1235,899,false],"homepage-slider":["https:\/\/portal.pi.gov.br\/pc\/wp-content\/uploads\/sites\/42\/2023\/09\/Prisao-Preventiva-Campo-Maior-29.09.23-e1696087735946-1235x500.jpeg",1235,500,true],"homepage-slider-small":["https:\/\/portal.pi.gov.br\/pc\/wp-content\/uploads\/sites\/42\/2023\/09\/Prisao-Preventiva-Campo-Maior-29.09.23-e1696087735946-947x500.jpeg",947,500,true],"page-top":["https:\/\/portal.pi.gov.br\/pc\/wp-content\/uploads\/sites\/42\/2023\/09\/Prisao-Preventiva-Campo-Maior-29.09.23-e1696087735946-947x689.jpeg",947,689,true],"page-small":["https:\/\/portal.pi.gov.br\/pc\/wp-content\/uploads\/sites\/42\/2023\/09\/Prisao-Preventiva-Campo-Maior-29.09.23-e1696087735946-624x454.jpeg",624,454,true],"loop-main":["https:\/\/portal.pi.gov.br\/pc\/wp-content\/uploads\/sites\/42\/2023\/09\/Prisao-Preventiva-Campo-Maior-29.09.23-e1696087735946-365x240.jpeg",365,240,true],"thumb-gallery-widget":["https:\/\/portal.pi.gov.br\/pc\/wp-content\/uploads\/sites\/42\/2023\/09\/Prisao-Preventiva-Campo-Maior-29.09.23-e1696087735946-84x56.jpeg",84,56,true]},"post_excerpt_stackable":"<p>A Pol\u00edcia Civil do Piau\u00ed prendeu, na tarde de ontem, sexta-feira (29), um homem com as iniciais F.D.P.C., de 23 anos, em Campo Maior. A pris\u00e3o foi da esp\u00e9cie preventiva por descumprir medidas protetivas de urg\u00eancia (art. 24-A da Lei Maria da Penha), crime esse praticado em setembro de 2023 tamb\u00e9m em Campo Maior. Pris\u00e3o preventiva nesta semana em Campo Maior A a\u00e7\u00e3o foi feita pela Delegacia Especializada no Atendimento \u00e0 Mulher e aos Grupos Vulner\u00e1veis de Campo Maior. A Pol\u00edcia Civil refor\u00e7a a import\u00e2ncia da den\u00fancia pelas v\u00edtimas, seja no primeiro ato de viol\u00eancia em contexto dom\u00e9stico e familiar&hellip;<\/p>\n","category_list":"<a href=\"https:\/\/portal.pi.gov.br\/pc\/category\/noticias\/\" rel=\"category tag\">PC<\/a>","author_info":{"name":"J\u00e9ssica Lib\u00e2nio","url":"https:\/\/portal.pi.gov.br\/pc\/author\/jessicalibanio\/"},"comments_num":"0 coment\u00e1rio","featured_image_urls_v2":{"full":["https:\/\/portal.pi.gov.br\/pc\/wp-content\/uploads\/sites\/42\/2023\/09\/Prisao-Preventiva-Campo-Maior-29.09.23-e1696087735946.jpeg",1235,899,false],"thumbnail":["https:\/\/portal.pi.gov.br\/pc\/wp-content\/uploads\/sites\/42\/2023\/09\/Prisao-Preventiva-Campo-Maior-29.09.23-e1696087735946-150x150.jpeg",150,150,true],"medium":["https:\/\/portal.pi.gov.br\/pc\/wp-content\/uploads\/sites\/42\/2023\/09\/Prisao-Preventiva-Campo-Maior-29.09.23-e1696087735946-300x218.jpeg",300,218,true],"medium_large":["https:\/\/portal.pi.gov.br\/pc\/wp-content\/uploads\/sites\/42\/2023\/09\/Prisao-Preventiva-Campo-Maior-29.09.23-e1696087735946-768x559.jpeg",768,559,true],"large":["https:\/\/portal.pi.gov.br\/pc\/wp-content\/uploads\/sites\/42\/2023\/09\/Prisao-Preventiva-Campo-Maior-29.09.23-e1696087735946-1024x745.jpeg",887,645,true],"sgg-420":["https:\/\/portal.pi.gov.br\/pc\/wp-content\/uploads\/sites\/42\/2023\/09\/Prisao-Preventiva-Campo-Maior-29.09.23-e1696087735946-420x306.jpeg",420,306,true],"sgg-540":["https:\/\/portal.pi.gov.br\/pc\/wp-content\/uploads\/sites\/42\/2023\/09\/Prisao-Preventiva-Campo-Maior-29.09.23-e1696087735946-540x393.jpeg",540,393,true],"sgg-780":["https:\/\/portal.pi.gov.br\/pc\/wp-content\/uploads\/sites\/42\/2023\/09\/Prisao-Preventiva-Campo-Maior-29.09.23-e1696087735946-780x568.jpeg",780,568,true],"1536x1536":["https:\/\/portal.pi.gov.br\/pc\/wp-content\/uploads\/sites\/42\/2023\/09\/Prisao-Preventiva-Campo-Maior-29.09.23-e1696087735946.jpeg",1235,899,false],"2048x2048":["https:\/\/portal.pi.gov.br\/pc\/wp-content\/uploads\/sites\/42\/2023\/09\/Prisao-Preventiva-Campo-Maior-29.09.23-e1696087735946.jpeg",1235,899,false],"homepage-slider":["https:\/\/portal.pi.gov.br\/pc\/wp-content\/uploads\/sites\/42\/2023\/09\/Prisao-Preventiva-Campo-Maior-29.09.23-e1696087735946-1235x500.jpeg",1235,500,true],"homepage-slider-small":["https:\/\/portal.pi.gov.br\/pc\/wp-content\/uploads\/sites\/42\/2023\/09\/Prisao-Preventiva-Campo-Maior-29.09.23-e1696087735946-947x500.jpeg",947,500,true],"page-top":["https:\/\/portal.pi.gov.br\/pc\/wp-content\/uploads\/sites\/42\/2023\/09\/Prisao-Preventiva-Campo-Maior-29.09.23-e1696087735946-947x689.jpeg",947,689,true],"page-small":["https:\/\/portal.pi.gov.br\/pc\/wp-content\/uploads\/sites\/42\/2023\/09\/Prisao-Preventiva-Campo-Maior-29.09.23-e1696087735946-624x454.jpeg",624,454,true],"loop-main":["https:\/\/portal.pi.gov.br\/pc\/wp-content\/uploads\/sites\/42\/2023\/09\/Prisao-Preventiva-Campo-Maior-29.09.23-e1696087735946-365x240.jpeg",365,240,true],"thumb-gallery-widget":["https:\/\/portal.pi.gov.br\/pc\/wp-content\/uploads\/sites\/42\/2023\/09\/Prisao-Preventiva-Campo-Maior-29.09.23-e1696087735946-84x56.jpeg",84,56,true]},"post_excerpt_stackable_v2":"<p>A Pol\u00edcia Civil do Piau\u00ed prendeu, na tarde de ontem, sexta-feira (29), um homem com as iniciais F.D.P.C., de 23 anos, em Campo Maior. A pris\u00e3o foi da esp\u00e9cie preventiva por descumprir medidas protetivas de urg\u00eancia (art. 24-A da Lei Maria da Penha), crime esse praticado em setembro de 2023 tamb\u00e9m em Campo Maior. Pris\u00e3o preventiva nesta semana em Campo Maior A a\u00e7\u00e3o foi feita pela Delegacia Especializada no Atendimento \u00e0 Mulher e aos Grupos Vulner\u00e1veis de Campo Maior. A Pol\u00edcia Civil refor\u00e7a a import\u00e2ncia da den\u00fancia pelas v\u00edtimas, seja no primeiro ato de viol\u00eancia em contexto dom\u00e9stico e familiar&hellip;<\/p>\n","category_list_v2":"<a href=\"https:\/\/portal.pi.gov.br\/pc\/category\/noticias\/\" rel=\"category tag\">PC<\/a>","author_info_v2":{"name":"J\u00e9ssica Lib\u00e2nio","url":"https:\/\/portal.pi.gov.br\/pc\/author\/jessicalibanio\/"},"comments_num_v2":"0 coment\u00e1rio","jetpack_featured_media_url":"https:\/\/portal.pi.gov.br\/pc\/wp-content\/uploads\/sites\/42\/2023\/09\/Prisao-Preventiva-Campo-Maior-29.09.23-e1696087735946.jpeg","_links":{"self":[{"href":"https:\/\/portal.pi.gov.br\/pc\/wp-json\/wp\/v2\/posts\/6177"}],"collection":[{"href":"https:\/\/portal.pi.gov.br\/pc\/wp-json\/wp\/v2\/posts"}],"about":[{"href":"https:\/\/portal.pi.gov.br\/pc\/wp-json\/wp\/v2\/types\/post"}],"author":[{"embeddable":true,"href":"https:\/\/portal.pi.gov.br\/pc\/wp-json\/wp\/v2\/users\/1746"}],"replies":[{"embeddable":true,"href":"https:\/\/portal.pi.gov.br\/pc\/wp-json\/wp\/v2\/comments?post=6177"}],"version-history":[{"count":1,"href":"https:\/\/portal.pi.gov.br\/pc\/wp-json\/wp\/v2\/posts\/6177\/revisions"}],"predecessor-version":[{"id":6183,"href":"https:\/\/portal.pi.gov.br\/pc\/wp-json\/wp\/v2\/posts\/6177\/revisions\/6183"}],"wp:featuredmedia":[{"embeddable":true,"href":"https:\/\/portal.pi.gov.br\/pc\/wp-json\/wp\/v2\/media\/6182"}],"wp:attachment":[{"href":"https:\/\/portal.pi.gov.br\/pc\/wp-json\/wp\/v2\/media?parent=6177"}],"wp:term":[{"taxonomy":"category","embeddable":true,"href":"https:\/\/portal.pi.gov.br\/pc\/wp-json\/wp\/v2\/categories?post=6177"},{"taxonomy":"post_tag","embeddable":true,"href":"https:\/\/portal.pi.gov.br\/pc\/wp-json\/wp\/v2\/tags?post=6177"}],"curies":[{"name":"wp","href":"https:\/\/api.w.org\/{rel}","templated":true}]}}