{"id":6184,"date":"2023-09-30T12:38:50","date_gmt":"2023-09-30T15:38:50","guid":{"rendered":"https:\/\/portal.pi.gov.br\/pc\/?p=6184"},"modified":"2023-09-30T12:38:51","modified_gmt":"2023-09-30T15:38:51","slug":"policia-civil-faz-prisao-em-flagrante-em-campo-maior","status":"publish","type":"post","link":"https:\/\/portal.pi.gov.br\/pc\/2023\/09\/30\/policia-civil-faz-prisao-em-flagrante-em-campo-maior\/","title":{"rendered":"Pol\u00edcia Civil faz pris\u00e3o em flagrante em Campo Maior"},"content":{"rendered":"\n<p>A Pol\u00edcia Civil do Piau\u00ed prendeu em flagrante, ontem, sexta-feira (29), um homem com as iniciais W.O.P. pela venda de material subtra\u00eddo da empresa Equatorial Energia, em Campo Maior. <\/p>\n\n\n\n<p>A pris\u00e3o foi feita por meio da Delegacia Seccional de Campo Maior e da Delegacia Especializada na Defesa de Bens e Servi\u00e7os P\u00fablicos.<\/p>\n\n\n\n<p>De acordo com o delegado-titular da Delegacia Secccional de Campo Maior, Carlos J\u00fanior, a equipe policial, ap\u00f3s tomar conhecimento de que os referidos bens estavam sendo negociados, diligenciou e logrou \u00eaxito na identifica\u00e7\u00e3o do suposto autor, bem como na apreens\u00e3o do objeto.<\/p>\n\n\n\n<p><strong><em>Assessoria de Comunica\u00e7\u00e3o da Pol\u00edcia Civil do Piau\u00ed<\/em><\/strong><\/p>\n","protected":false},"excerpt":{"rendered":"<p>A Pol\u00edcia Civil do Piau\u00ed prendeu em flagrante, ontem, sexta-feira (29), um homem com as iniciais W.O.P. pela venda de material subtra\u00eddo da empresa Equatorial Energia, em Campo Maior. A [&hellip;]<\/p>\n","protected":false},"author":1746,"featured_media":6145,"comment_status":"closed","ping_status":"closed","sticky":false,"template":"","format":"standard","meta":[],"categories":[1],"tags":[],"featured_image_urls":{"full":["https:\/\/portal.pi.gov.br\/pc\/wp-content\/uploads\/sites\/42\/2023\/09\/algema.jpg",678,381,false],"thumbnail":["https:\/\/portal.pi.gov.br\/pc\/wp-content\/uploads\/sites\/42\/2023\/09\/algema-150x150.jpg",150,150,true],"medium":["https:\/\/portal.pi.gov.br\/pc\/wp-content\/uploads\/sites\/42\/2023\/09\/algema-300x169.jpg",300,169,true],"medium_large":["https:\/\/portal.pi.gov.br\/pc\/wp-content\/uploads\/sites\/42\/2023\/09\/algema.jpg",678,381,false],"large":["https:\/\/portal.pi.gov.br\/pc\/wp-content\/uploads\/sites\/42\/2023\/09\/algema.jpg",678,381,false],"sgg-420":["https:\/\/portal.pi.gov.br\/pc\/wp-content\/uploads\/sites\/42\/2023\/09\/algema-420x236.jpg",420,236,true],"sgg-540":["https:\/\/portal.pi.gov.br\/pc\/wp-content\/uploads\/sites\/42\/2023\/09\/algema-540x303.jpg",540,303,true],"sgg-780":["https:\/\/portal.pi.gov.br\/pc\/wp-content\/uploads\/sites\/42\/2023\/09\/algema.jpg",678,381,false],"1536x1536":["https:\/\/portal.pi.gov.br\/pc\/wp-content\/uploads\/sites\/42\/2023\/09\/algema.jpg",678,381,false],"2048x2048":["https:\/\/portal.pi.gov.br\/pc\/wp-content\/uploads\/sites\/42\/2023\/09\/algema.jpg",678,381,false],"homepage-slider":["https:\/\/portal.pi.gov.br\/pc\/wp-content\/uploads\/sites\/42\/2023\/09\/algema.jpg",678,381,false],"homepage-slider-small":["https:\/\/portal.pi.gov.br\/pc\/wp-content\/uploads\/sites\/42\/2023\/09\/algema.jpg",678,381,false],"page-top":["https:\/\/portal.pi.gov.br\/pc\/wp-content\/uploads\/sites\/42\/2023\/09\/algema.jpg",678,381,false],"page-small":["https:\/\/portal.pi.gov.br\/pc\/wp-content\/uploads\/sites\/42\/2023\/09\/algema-624x351.jpg",624,351,true],"loop-main":["https:\/\/portal.pi.gov.br\/pc\/wp-content\/uploads\/sites\/42\/2023\/09\/algema-365x240.jpg",365,240,true],"thumb-gallery-widget":["https:\/\/portal.pi.gov.br\/pc\/wp-content\/uploads\/sites\/42\/2023\/09\/algema-84x56.jpg",84,56,true]},"post_excerpt_stackable":"<p>A Pol\u00edcia Civil do Piau\u00ed prendeu em flagrante, ontem, sexta-feira (29), um homem com as iniciais W.O.P. pela venda de material subtra\u00eddo da empresa Equatorial Energia, em Campo Maior. A pris\u00e3o foi feita por meio da Delegacia Seccional de Campo Maior e da Delegacia Especializada na Defesa de Bens e Servi\u00e7os P\u00fablicos. De acordo com o delegado-titular da Delegacia Secccional de Campo Maior, Carlos J\u00fanior, a equipe policial, ap\u00f3s tomar conhecimento de que os referidos bens estavam sendo negociados, diligenciou e logrou \u00eaxito na identifica\u00e7\u00e3o do suposto autor, bem como na apreens\u00e3o do objeto. Assessoria de Comunica\u00e7\u00e3o da Pol\u00edcia Civil&hellip;<\/p>\n","category_list":"<a href=\"https:\/\/portal.pi.gov.br\/pc\/category\/noticias\/\" rel=\"category tag\">PC<\/a>","author_info":{"name":"J\u00e9ssica Lib\u00e2nio","url":"https:\/\/portal.pi.gov.br\/pc\/author\/jessicalibanio\/"},"comments_num":"0 coment\u00e1rio","featured_image_urls_v2":{"full":["https:\/\/portal.pi.gov.br\/pc\/wp-content\/uploads\/sites\/42\/2023\/09\/algema.jpg",678,381,false],"thumbnail":["https:\/\/portal.pi.gov.br\/pc\/wp-content\/uploads\/sites\/42\/2023\/09\/algema-150x150.jpg",150,150,true],"medium":["https:\/\/portal.pi.gov.br\/pc\/wp-content\/uploads\/sites\/42\/2023\/09\/algema-300x169.jpg",300,169,true],"medium_large":["https:\/\/portal.pi.gov.br\/pc\/wp-content\/uploads\/sites\/42\/2023\/09\/algema.jpg",678,381,false],"large":["https:\/\/portal.pi.gov.br\/pc\/wp-content\/uploads\/sites\/42\/2023\/09\/algema.jpg",678,381,false],"sgg-420":["https:\/\/portal.pi.gov.br\/pc\/wp-content\/uploads\/sites\/42\/2023\/09\/algema-420x236.jpg",420,236,true],"sgg-540":["https:\/\/portal.pi.gov.br\/pc\/wp-content\/uploads\/sites\/42\/2023\/09\/algema-540x303.jpg",540,303,true],"sgg-780":["https:\/\/portal.pi.gov.br\/pc\/wp-content\/uploads\/sites\/42\/2023\/09\/algema.jpg",678,381,false],"1536x1536":["https:\/\/portal.pi.gov.br\/pc\/wp-content\/uploads\/sites\/42\/2023\/09\/algema.jpg",678,381,false],"2048x2048":["https:\/\/portal.pi.gov.br\/pc\/wp-content\/uploads\/sites\/42\/2023\/09\/algema.jpg",678,381,false],"homepage-slider":["https:\/\/portal.pi.gov.br\/pc\/wp-content\/uploads\/sites\/42\/2023\/09\/algema.jpg",678,381,false],"homepage-slider-small":["https:\/\/portal.pi.gov.br\/pc\/wp-content\/uploads\/sites\/42\/2023\/09\/algema.jpg",678,381,false],"page-top":["https:\/\/portal.pi.gov.br\/pc\/wp-content\/uploads\/sites\/42\/2023\/09\/algema.jpg",678,381,false],"page-small":["https:\/\/portal.pi.gov.br\/pc\/wp-content\/uploads\/sites\/42\/2023\/09\/algema-624x351.jpg",624,351,true],"loop-main":["https:\/\/portal.pi.gov.br\/pc\/wp-content\/uploads\/sites\/42\/2023\/09\/algema-365x240.jpg",365,240,true],"thumb-gallery-widget":["https:\/\/portal.pi.gov.br\/pc\/wp-content\/uploads\/sites\/42\/2023\/09\/algema-84x56.jpg",84,56,true]},"post_excerpt_stackable_v2":"<p>A Pol\u00edcia Civil do Piau\u00ed prendeu em flagrante, ontem, sexta-feira (29), um homem com as iniciais W.O.P. pela venda de material subtra\u00eddo da empresa Equatorial Energia, em Campo Maior. A pris\u00e3o foi feita por meio da Delegacia Seccional de Campo Maior e da Delegacia Especializada na Defesa de Bens e Servi\u00e7os P\u00fablicos. De acordo com o delegado-titular da Delegacia Secccional de Campo Maior, Carlos J\u00fanior, a equipe policial, ap\u00f3s tomar conhecimento de que os referidos bens estavam sendo negociados, diligenciou e logrou \u00eaxito na identifica\u00e7\u00e3o do suposto autor, bem como na apreens\u00e3o do objeto. Assessoria de Comunica\u00e7\u00e3o da Pol\u00edcia Civil&hellip;<\/p>\n","category_list_v2":"<a href=\"https:\/\/portal.pi.gov.br\/pc\/category\/noticias\/\" rel=\"category tag\">PC<\/a>","author_info_v2":{"name":"J\u00e9ssica Lib\u00e2nio","url":"https:\/\/portal.pi.gov.br\/pc\/author\/jessicalibanio\/"},"comments_num_v2":"0 coment\u00e1rio","jetpack_featured_media_url":"https:\/\/portal.pi.gov.br\/pc\/wp-content\/uploads\/sites\/42\/2023\/09\/algema.jpg","_links":{"self":[{"href":"https:\/\/portal.pi.gov.br\/pc\/wp-json\/wp\/v2\/posts\/6184"}],"collection":[{"href":"https:\/\/portal.pi.gov.br\/pc\/wp-json\/wp\/v2\/posts"}],"about":[{"href":"https:\/\/portal.pi.gov.br\/pc\/wp-json\/wp\/v2\/types\/post"}],"author":[{"embeddable":true,"href":"https:\/\/portal.pi.gov.br\/pc\/wp-json\/wp\/v2\/users\/1746"}],"replies":[{"embeddable":true,"href":"https:\/\/portal.pi.gov.br\/pc\/wp-json\/wp\/v2\/comments?post=6184"}],"version-history":[{"count":1,"href":"https:\/\/portal.pi.gov.br\/pc\/wp-json\/wp\/v2\/posts\/6184\/revisions"}],"predecessor-version":[{"id":6185,"href":"https:\/\/portal.pi.gov.br\/pc\/wp-json\/wp\/v2\/posts\/6184\/revisions\/6185"}],"wp:featuredmedia":[{"embeddable":true,"href":"https:\/\/portal.pi.gov.br\/pc\/wp-json\/wp\/v2\/media\/6145"}],"wp:attachment":[{"href":"https:\/\/portal.pi.gov.br\/pc\/wp-json\/wp\/v2\/media?parent=6184"}],"wp:term":[{"taxonomy":"category","embeddable":true,"href":"https:\/\/portal.pi.gov.br\/pc\/wp-json\/wp\/v2\/categories?post=6184"},{"taxonomy":"post_tag","embeddable":true,"href":"https:\/\/portal.pi.gov.br\/pc\/wp-json\/wp\/v2\/tags?post=6184"}],"curies":[{"name":"wp","href":"https:\/\/api.w.org\/{rel}","templated":true}]}}