{"id":6201,"date":"2023-10-01T15:18:46","date_gmt":"2023-10-01T18:18:46","guid":{"rendered":"https:\/\/portal.pi.gov.br\/pc\/?p=6201"},"modified":"2023-10-01T15:23:31","modified_gmt":"2023-10-01T18:23:31","slug":"policia-civil-da-dicas-de-prevencao-e-orienta-denuncias-de-crimes-contra-a-pessoa-idosa","status":"publish","type":"post","link":"https:\/\/portal.pi.gov.br\/pc\/2023\/10\/01\/policia-civil-da-dicas-de-prevencao-e-orienta-denuncias-de-crimes-contra-a-pessoa-idosa\/","title":{"rendered":"Pol\u00edcia Civil d\u00e1 dicas de preven\u00e7\u00e3o e orienta den\u00fancias de crimes contra a pessoa idosa"},"content":{"rendered":"\n<p>Hoje, 01\u00b0 de outubro, \u00e9 comemorado o Dia Internacional da Pessoa Idosa, data para celebrar quem tanto j\u00e1 viveu e cerca a todos de experi\u00eancia e afeto. O dia de hoje serve para lembrar como a pessoa idosa \u00e9 essencial na sociedade e precisa de aten\u00e7\u00e3o e respeito, inclusive no \u00e2mbito da seguran\u00e7a.<\/p>\n\n\n\n<p>Diante dos crimes que acometem a pessoa idosa, a Pol\u00edcia Civil do Piau\u00ed, por meio da Delegacia de Seguran\u00e7a e Prote\u00e7\u00e3o ao Idoso em Teresina, alerta a sociedade piauiense sobre a import\u00e2ncia da preven\u00e7\u00e3o e das den\u00fancias a respeito desses crimes.<\/p>\n\n\n\n<p>Segundo o N\u00facleo de Estat\u00edsticas da Secretaria de Seguran\u00e7a do Piau\u00ed, neste ano, j\u00e1 foram feitos 968 registros de boletins de ocorr\u00eancia. Os principais crimes cometidos s\u00e3o os de viol\u00eancia f\u00edsica e viol\u00eancia patrimonial.<\/p>\n\n\n<div class=\"wp-block-image\">\n<figure class=\"aligncenter\"><img decoding=\"async\" loading=\"lazy\" width=\"2560\" height=\"1707\" src=\"https:\/\/portal.pi.gov.br\/pc\/wp-content\/uploads\/sites\/42\/2023\/10\/Del-Daniela-Barros-scaled.jpeg\" alt=\"\" class=\"wp-image-6202\" srcset=\"https:\/\/portal.pi.gov.br\/pc\/wp-content\/uploads\/sites\/42\/2023\/10\/Del-Daniela-Barros-scaled.jpeg 2560w, https:\/\/portal.pi.gov.br\/pc\/wp-content\/uploads\/sites\/42\/2023\/10\/Del-Daniela-Barros-300x200.jpeg 300w, https:\/\/portal.pi.gov.br\/pc\/wp-content\/uploads\/sites\/42\/2023\/10\/Del-Daniela-Barros-1024x683.jpeg 1024w, https:\/\/portal.pi.gov.br\/pc\/wp-content\/uploads\/sites\/42\/2023\/10\/Del-Daniela-Barros-768x512.jpeg 768w, https:\/\/portal.pi.gov.br\/pc\/wp-content\/uploads\/sites\/42\/2023\/10\/Del-Daniela-Barros-420x280.jpeg 420w, https:\/\/portal.pi.gov.br\/pc\/wp-content\/uploads\/sites\/42\/2023\/10\/Del-Daniela-Barros-540x360.jpeg 540w, https:\/\/portal.pi.gov.br\/pc\/wp-content\/uploads\/sites\/42\/2023\/10\/Del-Daniela-Barros-780x520.jpeg 780w, https:\/\/portal.pi.gov.br\/pc\/wp-content\/uploads\/sites\/42\/2023\/10\/Del-Daniela-Barros-1536x1024.jpeg 1536w, https:\/\/portal.pi.gov.br\/pc\/wp-content\/uploads\/sites\/42\/2023\/10\/Del-Daniela-Barros-2048x1366.jpeg 2048w, https:\/\/portal.pi.gov.br\/pc\/wp-content\/uploads\/sites\/42\/2023\/10\/Del-Daniela-Barros-947x631.jpeg 947w, https:\/\/portal.pi.gov.br\/pc\/wp-content\/uploads\/sites\/42\/2023\/10\/Del-Daniela-Barros-624x416.jpeg 624w, https:\/\/portal.pi.gov.br\/pc\/wp-content\/uploads\/sites\/42\/2023\/10\/Del-Daniela-Barros-84x56.jpeg 84w\" sizes=\"(max-width: 2560px) 100vw, 2560px\" \/><figcaption class=\"wp-element-caption\">Delegada Daniela Barros<\/figcaption><\/figure><\/div>\n\n\n<p>A delegada-titular da Delegacia de Seguran\u00e7a e Prote\u00e7\u00e3o ao Idoso, Daniela Barros, informa que a incid\u00eancia de crimes que envolvem maus -ratos \u00e9 grande, principalmente nos casos de filhos e netos dependentes qu\u00edmicos. Ela refor\u00e7a a necessidade de toda a popula\u00e7\u00e3o trabalhar em prol da seguran\u00e7a da pessoa idosa.<\/p>\n\n\n\n<p>\u201cN\u00e3o hesite em denunciar qualquer caso de viol\u00eancia contra a pessoa idosa. Em muitas situa\u00e7\u00f5es, o idoso tem limita\u00e7\u00f5es f\u00edsicas e at\u00e9 cognitivas, ent\u00e3o ele n\u00e3o pode se deslocar at\u00e9 uma unidade policial para realizar essa den\u00fancia, logo, ele precisa da colabora\u00e7\u00e3o da comunidade para conseguir sair dessa situa\u00e7\u00e3o\u2019\u2019, enfatiza a delegada Daniela Barros.<\/p>\n\n\n<div class=\"wp-block-image\">\n<figure class=\"aligncenter\"><img decoding=\"async\" loading=\"lazy\" width=\"2560\" height=\"1707\" src=\"https:\/\/portal.pi.gov.br\/pc\/wp-content\/uploads\/sites\/42\/2023\/10\/Del-Cassandra-Moares-scaled.jpeg\" alt=\"\" class=\"wp-image-6203\" srcset=\"https:\/\/portal.pi.gov.br\/pc\/wp-content\/uploads\/sites\/42\/2023\/10\/Del-Cassandra-Moares-scaled.jpeg 2560w, https:\/\/portal.pi.gov.br\/pc\/wp-content\/uploads\/sites\/42\/2023\/10\/Del-Cassandra-Moares-300x200.jpeg 300w, https:\/\/portal.pi.gov.br\/pc\/wp-content\/uploads\/sites\/42\/2023\/10\/Del-Cassandra-Moares-1024x683.jpeg 1024w, https:\/\/portal.pi.gov.br\/pc\/wp-content\/uploads\/sites\/42\/2023\/10\/Del-Cassandra-Moares-768x512.jpeg 768w, https:\/\/portal.pi.gov.br\/pc\/wp-content\/uploads\/sites\/42\/2023\/10\/Del-Cassandra-Moares-420x280.jpeg 420w, https:\/\/portal.pi.gov.br\/pc\/wp-content\/uploads\/sites\/42\/2023\/10\/Del-Cassandra-Moares-540x360.jpeg 540w, https:\/\/portal.pi.gov.br\/pc\/wp-content\/uploads\/sites\/42\/2023\/10\/Del-Cassandra-Moares-780x520.jpeg 780w, https:\/\/portal.pi.gov.br\/pc\/wp-content\/uploads\/sites\/42\/2023\/10\/Del-Cassandra-Moares-1536x1024.jpeg 1536w, https:\/\/portal.pi.gov.br\/pc\/wp-content\/uploads\/sites\/42\/2023\/10\/Del-Cassandra-Moares-2048x1366.jpeg 2048w, https:\/\/portal.pi.gov.br\/pc\/wp-content\/uploads\/sites\/42\/2023\/10\/Del-Cassandra-Moares-947x631.jpeg 947w, https:\/\/portal.pi.gov.br\/pc\/wp-content\/uploads\/sites\/42\/2023\/10\/Del-Cassandra-Moares-624x416.jpeg 624w, https:\/\/portal.pi.gov.br\/pc\/wp-content\/uploads\/sites\/42\/2023\/10\/Del-Cassandra-Moares-84x56.jpeg 84w\" sizes=\"(max-width: 2560px) 100vw, 2560px\" \/><figcaption class=\"wp-element-caption\">Delegada Cassandra Moraes<\/figcaption><\/figure><\/div>\n\n\n<p>A delegada-ajunta, Cassandra Moraes, respons\u00e1vel pela investiga\u00e7\u00e3o dos crimes de viol\u00eancia patrimonial, como estelionato, explica que esse tipo de crime aumentou desde a pandemia com um maior acesso \u00e0 internet por parte da pessoa idosa. \u201cTemos que ter muito cuidado com os links que recebemos na internet, principalmente via WhatsApp. Outra coisa \u00e9 desconfiar de liga\u00e7\u00e3o de banco, pois banco n\u00e3o liga para cliente para oferecer empr\u00e9stimo, por exemplo. Al\u00e9m disso, \u00e9 importante ter cuidado com as fotografias na internet devido a biometria facial, pois algu\u00e9m pode usar a fotografia do idoso para se passar por ele e, assim, fazer transa\u00e7\u00f5es banc\u00e1rias em seu nome. Procure sempre algu\u00e9m de confian\u00e7a para tratar desse assunto\u201d, informa a delegada Cassandra Moraes.<\/p>\n\n\n\n<p>Para realizar den\u00fancias, a pessoa pode registrar boletim de ocorr\u00eancia em qualquer unidade policial do estado, pois a den\u00fancia ser\u00e1 encaminhada \u00e0 Delegacia do Idoso. Em Teresina, a den\u00fancia pode ser feita, inclusive, na pr\u00f3pria sede da Delegacia de Seguran\u00e7a e Prote\u00e7\u00e3o ao Idoso, localizada no Complexo de Delegacias Especializadas \u2018\u2019Secret\u00e1rio Carlos L\u00f4bo\u2019\u2019, na Rua Governador Raimundo Artur de Vasconcelos, n\u00famero 955, bairro Marqu\u00eas, zona norte da capital.<\/p>\n\n\n\n<p>Pelo Disque 100, servi\u00e7o de liga\u00e7\u00e3o gratuita do Governo Federal, qualquer pessoa tamb\u00e9m pode realizar den\u00fancia de forma an\u00f4nima informando dados principais como nome, local e tipo de crime. A den\u00fancia seguir\u00e1 tamb\u00e9m para a Pol\u00edcia Civil.<\/p>\n\n\n\n<p><strong><em>Assessoria de Comunica\u00e7\u00e3o da Pol\u00edcia Civil do Piau\u00ed<\/em><\/strong><\/p>\n","protected":false},"excerpt":{"rendered":"<p>Hoje, 01\u00b0 de outubro, \u00e9 comemorado o Dia Internacional da Pessoa Idosa, data para celebrar quem tanto j\u00e1 viveu e cerca a todos de experi\u00eancia e afeto. O dia de [&hellip;]<\/p>\n","protected":false},"author":1746,"featured_media":6204,"comment_status":"closed","ping_status":"closed","sticky":false,"template":"","format":"standard","meta":[],"categories":[1],"tags":[],"featured_image_urls":{"full":["https:\/\/portal.pi.gov.br\/pc\/wp-content\/uploads\/sites\/42\/2023\/10\/Pessoa-idosa-scaled.jpg",2560,1709,false],"thumbnail":["https:\/\/portal.pi.gov.br\/pc\/wp-content\/uploads\/sites\/42\/2023\/10\/Pessoa-idosa-150x150.jpg",150,150,true],"medium":["https:\/\/portal.pi.gov.br\/pc\/wp-content\/uploads\/sites\/42\/2023\/10\/Pessoa-idosa-300x200.jpg",300,200,true],"medium_large":["https:\/\/portal.pi.gov.br\/pc\/wp-content\/uploads\/sites\/42\/2023\/10\/Pessoa-idosa-768x513.jpg",768,513,true],"large":["https:\/\/portal.pi.gov.br\/pc\/wp-content\/uploads\/sites\/42\/2023\/10\/Pessoa-idosa-1024x683.jpg",887,592,true],"sgg-420":["https:\/\/portal.pi.gov.br\/pc\/wp-content\/uploads\/sites\/42\/2023\/10\/Pessoa-idosa-420x280.jpg",420,280,true],"sgg-540":["https:\/\/portal.pi.gov.br\/pc\/wp-content\/uploads\/sites\/42\/2023\/10\/Pessoa-idosa-540x360.jpg",540,360,true],"sgg-780":["https:\/\/portal.pi.gov.br\/pc\/wp-content\/uploads\/sites\/42\/2023\/10\/Pessoa-idosa-780x521.jpg",780,521,true],"1536x1536":["https:\/\/portal.pi.gov.br\/pc\/wp-content\/uploads\/sites\/42\/2023\/10\/Pessoa-idosa-1536x1025.jpg",1536,1025,true],"2048x2048":["https:\/\/portal.pi.gov.br\/pc\/wp-content\/uploads\/sites\/42\/2023\/10\/Pessoa-idosa-2048x1367.jpg",2048,1367,true],"homepage-slider":["https:\/\/portal.pi.gov.br\/pc\/wp-content\/uploads\/sites\/42\/2023\/10\/Pessoa-idosa-1270x500.jpg",1270,500,true],"homepage-slider-small":["https:\/\/portal.pi.gov.br\/pc\/wp-content\/uploads\/sites\/42\/2023\/10\/Pessoa-idosa-947x500.jpg",947,500,true],"page-top":["https:\/\/portal.pi.gov.br\/pc\/wp-content\/uploads\/sites\/42\/2023\/10\/Pessoa-idosa-947x632.jpg",947,632,true],"page-small":["https:\/\/portal.pi.gov.br\/pc\/wp-content\/uploads\/sites\/42\/2023\/10\/Pessoa-idosa-624x416.jpg",624,416,true],"loop-main":["https:\/\/portal.pi.gov.br\/pc\/wp-content\/uploads\/sites\/42\/2023\/10\/Pessoa-idosa-365x240.jpg",365,240,true],"thumb-gallery-widget":["https:\/\/portal.pi.gov.br\/pc\/wp-content\/uploads\/sites\/42\/2023\/10\/Pessoa-idosa-84x56.jpg",84,56,true]},"post_excerpt_stackable":"<p>Hoje, 01\u00b0 de outubro, \u00e9 comemorado o Dia Internacional da Pessoa Idosa, data para celebrar quem tanto j\u00e1 viveu e cerca a todos de experi\u00eancia e afeto. O dia de hoje serve para lembrar como a pessoa idosa \u00e9 essencial na sociedade e precisa de aten\u00e7\u00e3o e respeito, inclusive no \u00e2mbito da seguran\u00e7a. Diante dos crimes que acometem a pessoa idosa, a Pol\u00edcia Civil do Piau\u00ed, por meio da Delegacia de Seguran\u00e7a e Prote\u00e7\u00e3o ao Idoso em Teresina, alerta a sociedade piauiense sobre a import\u00e2ncia da preven\u00e7\u00e3o e das den\u00fancias a respeito desses crimes. Segundo o N\u00facleo de Estat\u00edsticas da&hellip;<\/p>\n","category_list":"<a href=\"https:\/\/portal.pi.gov.br\/pc\/category\/noticias\/\" rel=\"category tag\">PC<\/a>","author_info":{"name":"J\u00e9ssica Lib\u00e2nio","url":"https:\/\/portal.pi.gov.br\/pc\/author\/jessicalibanio\/"},"comments_num":"0 coment\u00e1rio","featured_image_urls_v2":{"full":["https:\/\/portal.pi.gov.br\/pc\/wp-content\/uploads\/sites\/42\/2023\/10\/Pessoa-idosa-scaled.jpg",2560,1709,false],"thumbnail":["https:\/\/portal.pi.gov.br\/pc\/wp-content\/uploads\/sites\/42\/2023\/10\/Pessoa-idosa-150x150.jpg",150,150,true],"medium":["https:\/\/portal.pi.gov.br\/pc\/wp-content\/uploads\/sites\/42\/2023\/10\/Pessoa-idosa-300x200.jpg",300,200,true],"medium_large":["https:\/\/portal.pi.gov.br\/pc\/wp-content\/uploads\/sites\/42\/2023\/10\/Pessoa-idosa-768x513.jpg",768,513,true],"large":["https:\/\/portal.pi.gov.br\/pc\/wp-content\/uploads\/sites\/42\/2023\/10\/Pessoa-idosa-1024x683.jpg",887,592,true],"sgg-420":["https:\/\/portal.pi.gov.br\/pc\/wp-content\/uploads\/sites\/42\/2023\/10\/Pessoa-idosa-420x280.jpg",420,280,true],"sgg-540":["https:\/\/portal.pi.gov.br\/pc\/wp-content\/uploads\/sites\/42\/2023\/10\/Pessoa-idosa-540x360.jpg",540,360,true],"sgg-780":["https:\/\/portal.pi.gov.br\/pc\/wp-content\/uploads\/sites\/42\/2023\/10\/Pessoa-idosa-780x521.jpg",780,521,true],"1536x1536":["https:\/\/portal.pi.gov.br\/pc\/wp-content\/uploads\/sites\/42\/2023\/10\/Pessoa-idosa-1536x1025.jpg",1536,1025,true],"2048x2048":["https:\/\/portal.pi.gov.br\/pc\/wp-content\/uploads\/sites\/42\/2023\/10\/Pessoa-idosa-2048x1367.jpg",2048,1367,true],"homepage-slider":["https:\/\/portal.pi.gov.br\/pc\/wp-content\/uploads\/sites\/42\/2023\/10\/Pessoa-idosa-1270x500.jpg",1270,500,true],"homepage-slider-small":["https:\/\/portal.pi.gov.br\/pc\/wp-content\/uploads\/sites\/42\/2023\/10\/Pessoa-idosa-947x500.jpg",947,500,true],"page-top":["https:\/\/portal.pi.gov.br\/pc\/wp-content\/uploads\/sites\/42\/2023\/10\/Pessoa-idosa-947x632.jpg",947,632,true],"page-small":["https:\/\/portal.pi.gov.br\/pc\/wp-content\/uploads\/sites\/42\/2023\/10\/Pessoa-idosa-624x416.jpg",624,416,true],"loop-main":["https:\/\/portal.pi.gov.br\/pc\/wp-content\/uploads\/sites\/42\/2023\/10\/Pessoa-idosa-365x240.jpg",365,240,true],"thumb-gallery-widget":["https:\/\/portal.pi.gov.br\/pc\/wp-content\/uploads\/sites\/42\/2023\/10\/Pessoa-idosa-84x56.jpg",84,56,true]},"post_excerpt_stackable_v2":"<p>Hoje, 01\u00b0 de outubro, \u00e9 comemorado o Dia Internacional da Pessoa Idosa, data para celebrar quem tanto j\u00e1 viveu e cerca a todos de experi\u00eancia e afeto. O dia de hoje serve para lembrar como a pessoa idosa \u00e9 essencial na sociedade e precisa de aten\u00e7\u00e3o e respeito, inclusive no \u00e2mbito da seguran\u00e7a. Diante dos crimes que acometem a pessoa idosa, a Pol\u00edcia Civil do Piau\u00ed, por meio da Delegacia de Seguran\u00e7a e Prote\u00e7\u00e3o ao Idoso em Teresina, alerta a sociedade piauiense sobre a import\u00e2ncia da preven\u00e7\u00e3o e das den\u00fancias a respeito desses crimes. Segundo o N\u00facleo de Estat\u00edsticas da&hellip;<\/p>\n","category_list_v2":"<a href=\"https:\/\/portal.pi.gov.br\/pc\/category\/noticias\/\" rel=\"category tag\">PC<\/a>","author_info_v2":{"name":"J\u00e9ssica Lib\u00e2nio","url":"https:\/\/portal.pi.gov.br\/pc\/author\/jessicalibanio\/"},"comments_num_v2":"0 coment\u00e1rio","jetpack_featured_media_url":"https:\/\/portal.pi.gov.br\/pc\/wp-content\/uploads\/sites\/42\/2023\/10\/Pessoa-idosa-scaled.jpg","_links":{"self":[{"href":"https:\/\/portal.pi.gov.br\/pc\/wp-json\/wp\/v2\/posts\/6201"}],"collection":[{"href":"https:\/\/portal.pi.gov.br\/pc\/wp-json\/wp\/v2\/posts"}],"about":[{"href":"https:\/\/portal.pi.gov.br\/pc\/wp-json\/wp\/v2\/types\/post"}],"author":[{"embeddable":true,"href":"https:\/\/portal.pi.gov.br\/pc\/wp-json\/wp\/v2\/users\/1746"}],"replies":[{"embeddable":true,"href":"https:\/\/portal.pi.gov.br\/pc\/wp-json\/wp\/v2\/comments?post=6201"}],"version-history":[{"count":2,"href":"https:\/\/portal.pi.gov.br\/pc\/wp-json\/wp\/v2\/posts\/6201\/revisions"}],"predecessor-version":[{"id":6206,"href":"https:\/\/portal.pi.gov.br\/pc\/wp-json\/wp\/v2\/posts\/6201\/revisions\/6206"}],"wp:featuredmedia":[{"embeddable":true,"href":"https:\/\/portal.pi.gov.br\/pc\/wp-json\/wp\/v2\/media\/6204"}],"wp:attachment":[{"href":"https:\/\/portal.pi.gov.br\/pc\/wp-json\/wp\/v2\/media?parent=6201"}],"wp:term":[{"taxonomy":"category","embeddable":true,"href":"https:\/\/portal.pi.gov.br\/pc\/wp-json\/wp\/v2\/categories?post=6201"},{"taxonomy":"post_tag","embeddable":true,"href":"https:\/\/portal.pi.gov.br\/pc\/wp-json\/wp\/v2\/tags?post=6201"}],"curies":[{"name":"wp","href":"https:\/\/api.w.org\/{rel}","templated":true}]}}